{"id":9341,"date":"2024-11-25T00:42:17","date_gmt":"2024-11-25T03:42:17","guid":{"rendered":"https:\/\/nahuelproducciones.com.ar\/radioquijano\/?p=9341"},"modified":"2024-11-25T08:52:10","modified_gmt":"2024-11-25T11:52:10","slug":"chicoana-se-prepara-para-redactar-su-carta-organica-una-oportunidad-historica-para-el-desarrollo-local","status":"publish","type":"post","link":"https:\/\/nahuelproducciones.com.ar\/radioquijano\/chicoana-se-prepara-para-redactar-su-carta-organica-una-oportunidad-historica-para-el-desarrollo-local\/","title":{"rendered":"Chicoana se prepara para redactar su Carta Org\u00e1nica: una oportunidad hist\u00f3rica para el desarrollo local"},"content":{"rendered":"\n<p>En di\u00e1logo con RQ99.9Mhz, el intendente de Chicoana, Esteban Ivetich, anunci\u00f3 que el municipio ya cumple con los requisitos necesarios para convocar a elecciones de municipales convencionales, quienes tendr\u00e1n la tarea de redactar la primera Carta Org\u00e1nica de la localidad. Seg\u00fan el \u00faltimo censo, Chicoana cuenta con una poblaci\u00f3n de 10.500 habitantes, lo que habilita este paso hist\u00f3rico hacia la autonom\u00eda municipal.<\/p>\n\n\n\n<p>La elecci\u00f3n de convencionales municipales est\u00e1 prevista para mayo, coincidiendo con las elecciones legislativas provinciales. \u00abRepresenta una oportunidad para organizar mejor el municipio, de acuerdo con las necesidades locales, sin contravenir las leyes provinciales o nacionales\u00bb, se\u00f1al\u00f3 Ivetich, destacando la importancia de esta normativa como herramienta para el desarrollo econ\u00f3mico y social de Chicoana.<\/p>\n\n\n\n<p>En una reciente reuni\u00f3n con el ministro de Infraestructura, Sergio Camacho, y el ministro de Econom\u00eda y Servicios P\u00fablicos, Roberto Dib Ashur, junto a otros intendentes, se sugiri\u00f3 que los municipios que cumplieran con los requisitos convoquen a sus Concejos Deliberantes para habilitar este proceso democr\u00e1tico.<\/p>\n\n\n\n<p>Ivetich coment\u00f3 que la creaci\u00f3n de la Carta Org\u00e1nica abrir\u00e1 un espacio de debate y participaci\u00f3n ciudadana, adaptado a la realidad de Chicoana. Adem\u00e1s, destac\u00f3 la posibilidad de incluir normativas espec\u00edficas que impulsen el desarrollo econ\u00f3mico, social y la mejora en la administraci\u00f3n local.<\/p>\n\n\n\n<p>Con esta iniciativa, Chicoana se suma al grupo de municipios salte\u00f1os que avanzan hacia un modelo de gesti\u00f3n m\u00e1s participativo y aut\u00f3nomo, fortaleciendo la identidad local y la capacidad de respuesta a las necesidades de sus habitantes.<\/p>\n\n\n\n<p>Escucha la entrevista, donde se tratan tambi\u00e9n otros temas:<\/p>\n\n\n\n<figure class=\"wp-block-audio\"><audio controls src=\"https:\/\/nahuelproducciones.com.ar\/radioquijano\/wp-content\/uploads\/2024\/11\/24-11-2024-INTENDENTE-ESTEVAN-IVETICH-TEMA-ORGANICA.mp3\"><\/audio><\/figure>\n","protected":false},"excerpt":{"rendered":"<p>En di\u00e1logo con RQ99.9Mhz, el intendente de Chicoana, Esteban Ivetich, anunci\u00f3 que el municipio ya cumple con los requisitos necesarios para convocar a elecciones de municipales convencionales, quienes tendr\u00e1n la tarea de redactar la primera Carta Org\u00e1nica de la localidad. Seg\u00fan el \u00faltimo censo, Chicoana cuenta con una poblaci\u00f3n de 10.500 habitantes, lo que habilita [&hellip;]<\/p>\n","protected":false},"author":8,"featured_media":9342,"comment_status":"open","ping_status":"open","sticky":false,"template":"","format":"standard","meta":{"_monsterinsights_skip_tracking":false,"_monsterinsights_sitenote_active":false,"_monsterinsights_sitenote_note":"","_monsterinsights_sitenote_category":0,"footnotes":""},"categories":[16],"tags":[1688,1686,1685,100],"class_list":["post-9341","post","type-post","status-publish","format-standard","has-post-thumbnail","hentry","category-noticias","tag-carta-organica-2","tag-esteban-ivetich","tag-intendente-de-chicoana","tag-municipio-de-campo-quijano"],"yoast_head":"<!-- This site is optimized with the Yoast SEO plugin v20.8 - https:\/\/yoast.com\/wordpress\/plugins\/seo\/ -->\n<title>Chicoana se prepara para redactar su Carta Org\u00e1nica: una oportunidad hist\u00f3rica para el desarrollo local - RQ 99.9<\/title>\n<meta name=\"description\" content=\"La elecci\u00f3n de municipales convencionales est\u00e1 prevista para mayo, coincidiendo con las elecciones legislativas provinciales.\" \/>\n<meta name=\"robots\" content=\"index, follow, max-snippet:-1, max-image-preview:large, max-video-preview:-1\" \/>\n<link rel=\"canonical\" href=\"https:\/\/nahuelproducciones.com.ar\/radioquijano\/chicoana-se-prepara-para-redactar-su-carta-organica-una-oportunidad-historica-para-el-desarrollo-local\/\" \/>\n<meta property=\"og:locale\" content=\"es_ES\" \/>\n<meta property=\"og:type\" content=\"article\" \/>\n<meta property=\"og:title\" content=\"Chicoana se prepara para redactar su Carta Org\u00e1nica: una oportunidad hist\u00f3rica para el desarrollo local - RQ 99.9\" \/>\n<meta property=\"og:description\" content=\"La elecci\u00f3n de municipales convencionales est\u00e1 prevista para mayo, coincidiendo con las elecciones legislativas provinciales.\" \/>\n<meta property=\"og:url\" content=\"https:\/\/nahuelproducciones.com.ar\/radioquijano\/chicoana-se-prepara-para-redactar-su-carta-organica-una-oportunidad-historica-para-el-desarrollo-local\/\" \/>\n<meta property=\"og:site_name\" content=\"RQ 99.9\" \/>\n<meta property=\"article:publisher\" content=\"https:\/\/www.facebook.com\/nahuelproducciones999\/\" \/>\n<meta property=\"article:published_time\" content=\"2024-11-25T03:42:17+00:00\" \/>\n<meta property=\"article:modified_time\" content=\"2024-11-25T11:52:10+00:00\" \/>\n<meta property=\"og:image\" content=\"https:\/\/nahuelproducciones.com.ar\/radioquijano\/wp-content\/uploads\/2024\/11\/468092094_10234351771764682_7904695726203295948_n-e1732506030721.jpg\" \/>\n\t<meta property=\"og:image:width\" content=\"700\" \/>\n\t<meta property=\"og:image:height\" content=\"700\" \/>\n\t<meta property=\"og:image:type\" content=\"image\/jpeg\" \/>\n<meta name=\"author\" content=\"Cecilia Pastrana\" \/>\n<meta name=\"twitter:card\" content=\"summary_large_image\" \/>\n<meta name=\"twitter:creator\" content=\"@nahuproduciones\" \/>\n<meta name=\"twitter:site\" content=\"@nahuproduciones\" \/>\n<meta name=\"twitter:label1\" content=\"Escrito por\" \/>\n\t<meta name=\"twitter:data1\" content=\"Cecilia Pastrana\" \/>\n\t<meta name=\"twitter:label2\" content=\"Tiempo de lectura\" \/>\n\t<meta name=\"twitter:data2\" content=\"2 minutos\" \/>\n<script type=\"application\/ld+json\" class=\"yoast-schema-graph\">{\"@context\":\"https:\/\/schema.org\",\"@graph\":[{\"@type\":\"WebPage\",\"@id\":\"https:\/\/nahuelproducciones.com.ar\/radioquijano\/chicoana-se-prepara-para-redactar-su-carta-organica-una-oportunidad-historica-para-el-desarrollo-local\/\",\"url\":\"https:\/\/nahuelproducciones.com.ar\/radioquijano\/chicoana-se-prepara-para-redactar-su-carta-organica-una-oportunidad-historica-para-el-desarrollo-local\/\",\"name\":\"Chicoana se prepara para redactar su Carta Org\u00e1nica: una oportunidad hist\u00f3rica para el desarrollo local - RQ 99.9\",\"isPartOf\":{\"@id\":\"https:\/\/nahuelproducciones.com.ar\/radioquijano\/#website\"},\"datePublished\":\"2024-11-25T03:42:17+00:00\",\"dateModified\":\"2024-11-25T11:52:10+00:00\",\"author\":{\"@id\":\"https:\/\/nahuelproducciones.com.ar\/radioquijano\/#\/schema\/person\/e8a4f939e2cb487fe6d0c54042c9d32c\"},\"description\":\"La elecci\u00f3n de municipales convencionales est\u00e1 prevista para mayo, coincidiendo con las elecciones legislativas provinciales.\",\"breadcrumb\":{\"@id\":\"https:\/\/nahuelproducciones.com.ar\/radioquijano\/chicoana-se-prepara-para-redactar-su-carta-organica-una-oportunidad-historica-para-el-desarrollo-local\/#breadcrumb\"},\"inLanguage\":\"es\",\"potentialAction\":[{\"@type\":\"ReadAction\",\"target\":[\"https:\/\/nahuelproducciones.com.ar\/radioquijano\/chicoana-se-prepara-para-redactar-su-carta-organica-una-oportunidad-historica-para-el-desarrollo-local\/\"]}]},{\"@type\":\"BreadcrumbList\",\"@id\":\"https:\/\/nahuelproducciones.com.ar\/radioquijano\/chicoana-se-prepara-para-redactar-su-carta-organica-una-oportunidad-historica-para-el-desarrollo-local\/#breadcrumb\",\"itemListElement\":[{\"@type\":\"ListItem\",\"position\":1,\"name\":\"Portada\",\"item\":\"https:\/\/nahuelproducciones.com.ar\/radioquijano\/\"},{\"@type\":\"ListItem\",\"position\":2,\"name\":\"Chicoana se prepara para redactar su Carta Org\u00e1nica: una oportunidad hist\u00f3rica para el desarrollo local\"}]},{\"@type\":\"WebSite\",\"@id\":\"https:\/\/nahuelproducciones.com.ar\/radioquijano\/#website\",\"url\":\"https:\/\/nahuelproducciones.com.ar\/radioquijano\/\",\"name\":\"RQ 99.9\",\"description\":\"Radio Quijano 99.9 MHz\",\"potentialAction\":[{\"@type\":\"SearchAction\",\"target\":{\"@type\":\"EntryPoint\",\"urlTemplate\":\"https:\/\/nahuelproducciones.com.ar\/radioquijano\/?s={search_term_string}\"},\"query-input\":\"required name=search_term_string\"}],\"inLanguage\":\"es\"},{\"@type\":\"Person\",\"@id\":\"https:\/\/nahuelproducciones.com.ar\/radioquijano\/#\/schema\/person\/e8a4f939e2cb487fe6d0c54042c9d32c\",\"name\":\"Cecilia Pastrana\",\"image\":{\"@type\":\"ImageObject\",\"inLanguage\":\"es\",\"@id\":\"https:\/\/nahuelproducciones.com.ar\/radioquijano\/#\/schema\/person\/image\/\",\"url\":\"https:\/\/secure.gravatar.com\/avatar\/661a3ef63a8488d4f2794ed44af8cf71420f7e106f3072c40125114df5157749?s=96&d=mm&r=g\",\"contentUrl\":\"https:\/\/secure.gravatar.com\/avatar\/661a3ef63a8488d4f2794ed44af8cf71420f7e106f3072c40125114df5157749?s=96&d=mm&r=g\",\"caption\":\"Cecilia Pastrana\"},\"sameAs\":[\"cecy\"],\"url\":\"https:\/\/nahuelproducciones.com.ar\/radioquijano\/author\/cecy\/\"}]}<\/script>\n<!-- \/ Yoast SEO plugin. -->","yoast_head_json":{"title":"Chicoana se prepara para redactar su Carta Org\u00e1nica: una oportunidad hist\u00f3rica para el desarrollo local - RQ 99.9","description":"La elecci\u00f3n de municipales convencionales est\u00e1 prevista para mayo, coincidiendo con las elecciones legislativas provinciales.","robots":{"index":"index","follow":"follow","max-snippet":"max-snippet:-1","max-image-preview":"max-image-preview:large","max-video-preview":"max-video-preview:-1"},"canonical":"https:\/\/nahuelproducciones.com.ar\/radioquijano\/chicoana-se-prepara-para-redactar-su-carta-organica-una-oportunidad-historica-para-el-desarrollo-local\/","og_locale":"es_ES","og_type":"article","og_title":"Chicoana se prepara para redactar su Carta Org\u00e1nica: una oportunidad hist\u00f3rica para el desarrollo local - RQ 99.9","og_description":"La elecci\u00f3n de municipales convencionales est\u00e1 prevista para mayo, coincidiendo con las elecciones legislativas provinciales.","og_url":"https:\/\/nahuelproducciones.com.ar\/radioquijano\/chicoana-se-prepara-para-redactar-su-carta-organica-una-oportunidad-historica-para-el-desarrollo-local\/","og_site_name":"RQ 99.9","article_publisher":"https:\/\/www.facebook.com\/nahuelproducciones999\/","article_published_time":"2024-11-25T03:42:17+00:00","article_modified_time":"2024-11-25T11:52:10+00:00","og_image":[{"width":700,"height":700,"url":"https:\/\/nahuelproducciones.com.ar\/radioquijano\/wp-content\/uploads\/2024\/11\/468092094_10234351771764682_7904695726203295948_n-e1732506030721.jpg","type":"image\/jpeg"}],"author":"Cecilia Pastrana","twitter_card":"summary_large_image","twitter_creator":"@nahuproduciones","twitter_site":"@nahuproduciones","twitter_misc":{"Escrito por":"Cecilia Pastrana","Tiempo de lectura":"2 minutos"},"schema":{"@context":"https:\/\/schema.org","@graph":[{"@type":"WebPage","@id":"https:\/\/nahuelproducciones.com.ar\/radioquijano\/chicoana-se-prepara-para-redactar-su-carta-organica-una-oportunidad-historica-para-el-desarrollo-local\/","url":"https:\/\/nahuelproducciones.com.ar\/radioquijano\/chicoana-se-prepara-para-redactar-su-carta-organica-una-oportunidad-historica-para-el-desarrollo-local\/","name":"Chicoana se prepara para redactar su Carta Org\u00e1nica: una oportunidad hist\u00f3rica para el desarrollo local - RQ 99.9","isPartOf":{"@id":"https:\/\/nahuelproducciones.com.ar\/radioquijano\/#website"},"datePublished":"2024-11-25T03:42:17+00:00","dateModified":"2024-11-25T11:52:10+00:00","author":{"@id":"https:\/\/nahuelproducciones.com.ar\/radioquijano\/#\/schema\/person\/e8a4f939e2cb487fe6d0c54042c9d32c"},"description":"La elecci\u00f3n de municipales convencionales est\u00e1 prevista para mayo, coincidiendo con las elecciones legislativas provinciales.","breadcrumb":{"@id":"https:\/\/nahuelproducciones.com.ar\/radioquijano\/chicoana-se-prepara-para-redactar-su-carta-organica-una-oportunidad-historica-para-el-desarrollo-local\/#breadcrumb"},"inLanguage":"es","potentialAction":[{"@type":"ReadAction","target":["https:\/\/nahuelproducciones.com.ar\/radioquijano\/chicoana-se-prepara-para-redactar-su-carta-organica-una-oportunidad-historica-para-el-desarrollo-local\/"]}]},{"@type":"BreadcrumbList","@id":"https:\/\/nahuelproducciones.com.ar\/radioquijano\/chicoana-se-prepara-para-redactar-su-carta-organica-una-oportunidad-historica-para-el-desarrollo-local\/#breadcrumb","itemListElement":[{"@type":"ListItem","position":1,"name":"Portada","item":"https:\/\/nahuelproducciones.com.ar\/radioquijano\/"},{"@type":"ListItem","position":2,"name":"Chicoana se prepara para redactar su Carta Org\u00e1nica: una oportunidad hist\u00f3rica para el desarrollo local"}]},{"@type":"WebSite","@id":"https:\/\/nahuelproducciones.com.ar\/radioquijano\/#website","url":"https:\/\/nahuelproducciones.com.ar\/radioquijano\/","name":"RQ 99.9","description":"Radio Quijano 99.9 MHz","potentialAction":[{"@type":"SearchAction","target":{"@type":"EntryPoint","urlTemplate":"https:\/\/nahuelproducciones.com.ar\/radioquijano\/?s={search_term_string}"},"query-input":"required name=search_term_string"}],"inLanguage":"es"},{"@type":"Person","@id":"https:\/\/nahuelproducciones.com.ar\/radioquijano\/#\/schema\/person\/e8a4f939e2cb487fe6d0c54042c9d32c","name":"Cecilia Pastrana","image":{"@type":"ImageObject","inLanguage":"es","@id":"https:\/\/nahuelproducciones.com.ar\/radioquijano\/#\/schema\/person\/image\/","url":"https:\/\/secure.gravatar.com\/avatar\/661a3ef63a8488d4f2794ed44af8cf71420f7e106f3072c40125114df5157749?s=96&d=mm&r=g","contentUrl":"https:\/\/secure.gravatar.com\/avatar\/661a3ef63a8488d4f2794ed44af8cf71420f7e106f3072c40125114df5157749?s=96&d=mm&r=g","caption":"Cecilia Pastrana"},"sameAs":["cecy"],"url":"https:\/\/nahuelproducciones.com.ar\/radioquijano\/author\/cecy\/"}]}},"_links":{"self":[{"href":"https:\/\/nahuelproducciones.com.ar\/radioquijano\/wp-json\/wp\/v2\/posts\/9341","targetHints":{"allow":["GET"]}}],"collection":[{"href":"https:\/\/nahuelproducciones.com.ar\/radioquijano\/wp-json\/wp\/v2\/posts"}],"about":[{"href":"https:\/\/nahuelproducciones.com.ar\/radioquijano\/wp-json\/wp\/v2\/types\/post"}],"author":[{"embeddable":true,"href":"https:\/\/nahuelproducciones.com.ar\/radioquijano\/wp-json\/wp\/v2\/users\/8"}],"replies":[{"embeddable":true,"href":"https:\/\/nahuelproducciones.com.ar\/radioquijano\/wp-json\/wp\/v2\/comments?post=9341"}],"version-history":[{"count":4,"href":"https:\/\/nahuelproducciones.com.ar\/radioquijano\/wp-json\/wp\/v2\/posts\/9341\/revisions"}],"predecessor-version":[{"id":9350,"href":"https:\/\/nahuelproducciones.com.ar\/radioquijano\/wp-json\/wp\/v2\/posts\/9341\/revisions\/9350"}],"wp:featuredmedia":[{"embeddable":true,"href":"https:\/\/nahuelproducciones.com.ar\/radioquijano\/wp-json\/wp\/v2\/media\/9342"}],"wp:attachment":[{"href":"https:\/\/nahuelproducciones.com.ar\/radioquijano\/wp-json\/wp\/v2\/media?parent=9341"}],"wp:term":[{"taxonomy":"category","embeddable":true,"href":"https:\/\/nahuelproducciones.com.ar\/radioquijano\/wp-json\/wp\/v2\/categories?post=9341"},{"taxonomy":"post_tag","embeddable":true,"href":"https:\/\/nahuelproducciones.com.ar\/radioquijano\/wp-json\/wp\/v2\/tags?post=9341"}],"curies":[{"name":"wp","href":"https:\/\/api.w.org\/{rel}","templated":true}]}}