{"id":9351,"date":"2024-11-25T22:43:00","date_gmt":"2024-11-26T01:43:00","guid":{"rendered":"https:\/\/nahuelproducciones.com.ar\/radioquijano\/?p=9351"},"modified":"2024-11-25T22:43:01","modified_gmt":"2024-11-26T01:43:01","slug":"precaucion-en-las-rutas-rn51-y-rn24-por-tormentas-intensas","status":"publish","type":"post","link":"https:\/\/nahuelproducciones.com.ar\/radioquijano\/precaucion-en-las-rutas-rn51-y-rn24-por-tormentas-intensas\/","title":{"rendered":"Precauci\u00f3n en las Rutas RN\u00b051 y RN\u00b024 por Tormentas Intensas"},"content":{"rendered":"\n<p>El Comit\u00e9 de Emergencia de Campo Quijano informa sobre la necesidad de circular con extrema precauci\u00f3n debido a las condiciones clim\u00e1ticas adversas que afectan la regi\u00f3n. Las intensas lluvias han generado sedimentos sobre la Ruta Nacional N\u00b051, los cuales est\u00e1n siendo retirados por personal especializado.<\/p>\n\n\n\n<p>Por su parte, la Ruta Nacional N\u00b024, a la altura de la Finca El Tr\u00e9bol y camino a Col\u00f3n, tambi\u00e9n presenta complicaciones. Actualmente, \u00fanicamente camiones, colectivos y camionetas altas pueden transitar por estas v\u00edas. En cambio, los autom\u00f3viles est\u00e1n siendo desviados por la circunvalaci\u00f3n, hasta que las condiciones de seguridad mejoren.<\/p>\n\n\n\n<p>El cruce de Col\u00f3n sobre la RN\u00b051 est\u00e1 controlado por un puesto policial que ha restringido el acceso a La Silleta por motivos de seguridad.<\/p>\n\n\n\n<h3 class=\"wp-block-heading\"><strong>Estado del Clima y Recomendaciones<\/strong><\/h3>\n\n\n\n<p>Se espera que las tormentas intensas contin\u00faen durante toda la noche. Las autoridades recomiendan:<\/p>\n\n\n\n<ul class=\"wp-block-list\">\n<li><strong>Evitar circular por las rutas mencionadas si no es estrictamente necesario.<\/strong><\/li>\n\n\n\n<li><strong>Reportar cualquier emergencia al 911.<\/strong><\/li>\n<\/ul>\n\n\n\n<p>El delegado de La Silleta, Lorenzo \u00abPaco\u00bb Vilte en di\u00e1logo telef\u00f3nico con RQ99.9Mhz confirm\u00f3 que las tareas de limpieza y asistencia est\u00e1n en marcha para garantizar el tr\u00e1nsito seguro lo antes posible.<\/p>\n\n\n\n<p>Mant\u00e9ngase informado a trav\u00e9s de los canales oficiales para conocer las actualizaciones sobre el estado de las rutas y las condiciones clim\u00e1ticas.<\/p>\n\n\n\n<p> Escucha la entrevista:<\/p>\n\n\n\n<figure class=\"wp-block-audio\"><audio controls src=\"https:\/\/nahuelproducciones.com.ar\/radioquijano\/wp-content\/uploads\/2024\/11\/25-11-2024-PACO-VILTE-CORTE-DE-RUTA-POR-TORMENTA-.mp3\"><\/audio><\/figure>\n","protected":false},"excerpt":{"rendered":"<p>El Comit\u00e9 de Emergencia de Campo Quijano informa sobre la necesidad de circular con extrema precauci\u00f3n debido a las condiciones clim\u00e1ticas adversas que afectan la regi\u00f3n. Las intensas lluvias han generado sedimentos sobre la Ruta Nacional N\u00b051, los cuales est\u00e1n siendo retirados por personal especializado. Por su parte, la Ruta Nacional N\u00b024, a la altura [&hellip;]<\/p>\n","protected":false},"author":8,"featured_media":9353,"comment_status":"open","ping_status":"open","sticky":false,"template":"","format":"standard","meta":{"_monsterinsights_skip_tracking":false,"_monsterinsights_sitenote_active":false,"_monsterinsights_sitenote_note":"","_monsterinsights_sitenote_category":0,"footnotes":""},"categories":[16],"tags":[77,100],"class_list":["post-9351","post","type-post","status-publish","format-standard","has-post-thumbnail","hentry","category-noticias","tag-la-silleta","tag-municipio-de-campo-quijano"],"yoast_head":"<!-- This site is optimized with the Yoast SEO plugin v20.8 - https:\/\/yoast.com\/wordpress\/plugins\/seo\/ -->\n<title>Precauci\u00f3n en las Rutas RN\u00b051 y RN\u00b024 por Tormentas Intensas - RQ 99.9<\/title>\n<meta name=\"description\" content=\"Evitar circular por las rutas mencionadas si no es estrictamente necesario.Reportar cualquier emergencia al 911.\" \/>\n<meta name=\"robots\" content=\"index, follow, max-snippet:-1, max-image-preview:large, max-video-preview:-1\" \/>\n<link rel=\"canonical\" href=\"https:\/\/nahuelproducciones.com.ar\/radioquijano\/precaucion-en-las-rutas-rn51-y-rn24-por-tormentas-intensas\/\" \/>\n<meta property=\"og:locale\" content=\"es_ES\" \/>\n<meta property=\"og:type\" content=\"article\" \/>\n<meta property=\"og:title\" content=\"Precauci\u00f3n en las Rutas RN\u00b051 y RN\u00b024 por Tormentas Intensas - RQ 99.9\" \/>\n<meta property=\"og:description\" content=\"Evitar circular por las rutas mencionadas si no es estrictamente necesario.Reportar cualquier emergencia al 911.\" \/>\n<meta property=\"og:url\" content=\"https:\/\/nahuelproducciones.com.ar\/radioquijano\/precaucion-en-las-rutas-rn51-y-rn24-por-tormentas-intensas\/\" \/>\n<meta property=\"og:site_name\" content=\"RQ 99.9\" \/>\n<meta property=\"article:publisher\" content=\"https:\/\/www.facebook.com\/nahuelproducciones999\/\" \/>\n<meta property=\"article:published_time\" content=\"2024-11-26T01:43:00+00:00\" \/>\n<meta property=\"article:modified_time\" content=\"2024-11-26T01:43:01+00:00\" \/>\n<meta property=\"og:image\" content=\"https:\/\/nahuelproducciones.com.ar\/radioquijano\/wp-content\/uploads\/2024\/11\/20-de-febrero-3-e1732585366959.png\" \/>\n\t<meta property=\"og:image:width\" content=\"700\" \/>\n\t<meta property=\"og:image:height\" content=\"700\" \/>\n\t<meta property=\"og:image:type\" content=\"image\/png\" \/>\n<meta name=\"author\" content=\"Cecilia Pastrana\" \/>\n<meta name=\"twitter:card\" content=\"summary_large_image\" \/>\n<meta name=\"twitter:creator\" content=\"@nahuproduciones\" \/>\n<meta name=\"twitter:site\" content=\"@nahuproduciones\" \/>\n<meta name=\"twitter:label1\" content=\"Escrito por\" \/>\n\t<meta name=\"twitter:data1\" content=\"Cecilia Pastrana\" \/>\n\t<meta name=\"twitter:label2\" content=\"Tiempo de lectura\" \/>\n\t<meta name=\"twitter:data2\" content=\"1 minuto\" \/>\n<script type=\"application\/ld+json\" class=\"yoast-schema-graph\">{\"@context\":\"https:\/\/schema.org\",\"@graph\":[{\"@type\":\"WebPage\",\"@id\":\"https:\/\/nahuelproducciones.com.ar\/radioquijano\/precaucion-en-las-rutas-rn51-y-rn24-por-tormentas-intensas\/\",\"url\":\"https:\/\/nahuelproducciones.com.ar\/radioquijano\/precaucion-en-las-rutas-rn51-y-rn24-por-tormentas-intensas\/\",\"name\":\"Precauci\u00f3n en las Rutas RN\u00b051 y RN\u00b024 por Tormentas Intensas - RQ 99.9\",\"isPartOf\":{\"@id\":\"https:\/\/nahuelproducciones.com.ar\/radioquijano\/#website\"},\"datePublished\":\"2024-11-26T01:43:00+00:00\",\"dateModified\":\"2024-11-26T01:43:01+00:00\",\"author\":{\"@id\":\"https:\/\/nahuelproducciones.com.ar\/radioquijano\/#\/schema\/person\/e8a4f939e2cb487fe6d0c54042c9d32c\"},\"description\":\"Evitar circular por las rutas mencionadas si no es estrictamente necesario.Reportar cualquier emergencia al 911.\",\"breadcrumb\":{\"@id\":\"https:\/\/nahuelproducciones.com.ar\/radioquijano\/precaucion-en-las-rutas-rn51-y-rn24-por-tormentas-intensas\/#breadcrumb\"},\"inLanguage\":\"es\",\"potentialAction\":[{\"@type\":\"ReadAction\",\"target\":[\"https:\/\/nahuelproducciones.com.ar\/radioquijano\/precaucion-en-las-rutas-rn51-y-rn24-por-tormentas-intensas\/\"]}]},{\"@type\":\"BreadcrumbList\",\"@id\":\"https:\/\/nahuelproducciones.com.ar\/radioquijano\/precaucion-en-las-rutas-rn51-y-rn24-por-tormentas-intensas\/#breadcrumb\",\"itemListElement\":[{\"@type\":\"ListItem\",\"position\":1,\"name\":\"Portada\",\"item\":\"https:\/\/nahuelproducciones.com.ar\/radioquijano\/\"},{\"@type\":\"ListItem\",\"position\":2,\"name\":\"Precauci\u00f3n en las Rutas RN\u00b051 y RN\u00b024 por Tormentas Intensas\"}]},{\"@type\":\"WebSite\",\"@id\":\"https:\/\/nahuelproducciones.com.ar\/radioquijano\/#website\",\"url\":\"https:\/\/nahuelproducciones.com.ar\/radioquijano\/\",\"name\":\"RQ 99.9\",\"description\":\"Radio Quijano 99.9 MHz\",\"potentialAction\":[{\"@type\":\"SearchAction\",\"target\":{\"@type\":\"EntryPoint\",\"urlTemplate\":\"https:\/\/nahuelproducciones.com.ar\/radioquijano\/?s={search_term_string}\"},\"query-input\":\"required name=search_term_string\"}],\"inLanguage\":\"es\"},{\"@type\":\"Person\",\"@id\":\"https:\/\/nahuelproducciones.com.ar\/radioquijano\/#\/schema\/person\/e8a4f939e2cb487fe6d0c54042c9d32c\",\"name\":\"Cecilia Pastrana\",\"image\":{\"@type\":\"ImageObject\",\"inLanguage\":\"es\",\"@id\":\"https:\/\/nahuelproducciones.com.ar\/radioquijano\/#\/schema\/person\/image\/\",\"url\":\"https:\/\/secure.gravatar.com\/avatar\/661a3ef63a8488d4f2794ed44af8cf71420f7e106f3072c40125114df5157749?s=96&d=mm&r=g\",\"contentUrl\":\"https:\/\/secure.gravatar.com\/avatar\/661a3ef63a8488d4f2794ed44af8cf71420f7e106f3072c40125114df5157749?s=96&d=mm&r=g\",\"caption\":\"Cecilia Pastrana\"},\"sameAs\":[\"cecy\"],\"url\":\"https:\/\/nahuelproducciones.com.ar\/radioquijano\/author\/cecy\/\"}]}<\/script>\n<!-- \/ Yoast SEO plugin. -->","yoast_head_json":{"title":"Precauci\u00f3n en las Rutas RN\u00b051 y RN\u00b024 por Tormentas Intensas - RQ 99.9","description":"Evitar circular por las rutas mencionadas si no es estrictamente necesario.Reportar cualquier emergencia al 911.","robots":{"index":"index","follow":"follow","max-snippet":"max-snippet:-1","max-image-preview":"max-image-preview:large","max-video-preview":"max-video-preview:-1"},"canonical":"https:\/\/nahuelproducciones.com.ar\/radioquijano\/precaucion-en-las-rutas-rn51-y-rn24-por-tormentas-intensas\/","og_locale":"es_ES","og_type":"article","og_title":"Precauci\u00f3n en las Rutas RN\u00b051 y RN\u00b024 por Tormentas Intensas - RQ 99.9","og_description":"Evitar circular por las rutas mencionadas si no es estrictamente necesario.Reportar cualquier emergencia al 911.","og_url":"https:\/\/nahuelproducciones.com.ar\/radioquijano\/precaucion-en-las-rutas-rn51-y-rn24-por-tormentas-intensas\/","og_site_name":"RQ 99.9","article_publisher":"https:\/\/www.facebook.com\/nahuelproducciones999\/","article_published_time":"2024-11-26T01:43:00+00:00","article_modified_time":"2024-11-26T01:43:01+00:00","og_image":[{"width":700,"height":700,"url":"https:\/\/nahuelproducciones.com.ar\/radioquijano\/wp-content\/uploads\/2024\/11\/20-de-febrero-3-e1732585366959.png","type":"image\/png"}],"author":"Cecilia Pastrana","twitter_card":"summary_large_image","twitter_creator":"@nahuproduciones","twitter_site":"@nahuproduciones","twitter_misc":{"Escrito por":"Cecilia Pastrana","Tiempo de lectura":"1 minuto"},"schema":{"@context":"https:\/\/schema.org","@graph":[{"@type":"WebPage","@id":"https:\/\/nahuelproducciones.com.ar\/radioquijano\/precaucion-en-las-rutas-rn51-y-rn24-por-tormentas-intensas\/","url":"https:\/\/nahuelproducciones.com.ar\/radioquijano\/precaucion-en-las-rutas-rn51-y-rn24-por-tormentas-intensas\/","name":"Precauci\u00f3n en las Rutas RN\u00b051 y RN\u00b024 por Tormentas Intensas - RQ 99.9","isPartOf":{"@id":"https:\/\/nahuelproducciones.com.ar\/radioquijano\/#website"},"datePublished":"2024-11-26T01:43:00+00:00","dateModified":"2024-11-26T01:43:01+00:00","author":{"@id":"https:\/\/nahuelproducciones.com.ar\/radioquijano\/#\/schema\/person\/e8a4f939e2cb487fe6d0c54042c9d32c"},"description":"Evitar circular por las rutas mencionadas si no es estrictamente necesario.Reportar cualquier emergencia al 911.","breadcrumb":{"@id":"https:\/\/nahuelproducciones.com.ar\/radioquijano\/precaucion-en-las-rutas-rn51-y-rn24-por-tormentas-intensas\/#breadcrumb"},"inLanguage":"es","potentialAction":[{"@type":"ReadAction","target":["https:\/\/nahuelproducciones.com.ar\/radioquijano\/precaucion-en-las-rutas-rn51-y-rn24-por-tormentas-intensas\/"]}]},{"@type":"BreadcrumbList","@id":"https:\/\/nahuelproducciones.com.ar\/radioquijano\/precaucion-en-las-rutas-rn51-y-rn24-por-tormentas-intensas\/#breadcrumb","itemListElement":[{"@type":"ListItem","position":1,"name":"Portada","item":"https:\/\/nahuelproducciones.com.ar\/radioquijano\/"},{"@type":"ListItem","position":2,"name":"Precauci\u00f3n en las Rutas RN\u00b051 y RN\u00b024 por Tormentas Intensas"}]},{"@type":"WebSite","@id":"https:\/\/nahuelproducciones.com.ar\/radioquijano\/#website","url":"https:\/\/nahuelproducciones.com.ar\/radioquijano\/","name":"RQ 99.9","description":"Radio Quijano 99.9 MHz","potentialAction":[{"@type":"SearchAction","target":{"@type":"EntryPoint","urlTemplate":"https:\/\/nahuelproducciones.com.ar\/radioquijano\/?s={search_term_string}"},"query-input":"required name=search_term_string"}],"inLanguage":"es"},{"@type":"Person","@id":"https:\/\/nahuelproducciones.com.ar\/radioquijano\/#\/schema\/person\/e8a4f939e2cb487fe6d0c54042c9d32c","name":"Cecilia Pastrana","image":{"@type":"ImageObject","inLanguage":"es","@id":"https:\/\/nahuelproducciones.com.ar\/radioquijano\/#\/schema\/person\/image\/","url":"https:\/\/secure.gravatar.com\/avatar\/661a3ef63a8488d4f2794ed44af8cf71420f7e106f3072c40125114df5157749?s=96&d=mm&r=g","contentUrl":"https:\/\/secure.gravatar.com\/avatar\/661a3ef63a8488d4f2794ed44af8cf71420f7e106f3072c40125114df5157749?s=96&d=mm&r=g","caption":"Cecilia Pastrana"},"sameAs":["cecy"],"url":"https:\/\/nahuelproducciones.com.ar\/radioquijano\/author\/cecy\/"}]}},"_links":{"self":[{"href":"https:\/\/nahuelproducciones.com.ar\/radioquijano\/wp-json\/wp\/v2\/posts\/9351","targetHints":{"allow":["GET"]}}],"collection":[{"href":"https:\/\/nahuelproducciones.com.ar\/radioquijano\/wp-json\/wp\/v2\/posts"}],"about":[{"href":"https:\/\/nahuelproducciones.com.ar\/radioquijano\/wp-json\/wp\/v2\/types\/post"}],"author":[{"embeddable":true,"href":"https:\/\/nahuelproducciones.com.ar\/radioquijano\/wp-json\/wp\/v2\/users\/8"}],"replies":[{"embeddable":true,"href":"https:\/\/nahuelproducciones.com.ar\/radioquijano\/wp-json\/wp\/v2\/comments?post=9351"}],"version-history":[{"count":1,"href":"https:\/\/nahuelproducciones.com.ar\/radioquijano\/wp-json\/wp\/v2\/posts\/9351\/revisions"}],"predecessor-version":[{"id":9354,"href":"https:\/\/nahuelproducciones.com.ar\/radioquijano\/wp-json\/wp\/v2\/posts\/9351\/revisions\/9354"}],"wp:featuredmedia":[{"embeddable":true,"href":"https:\/\/nahuelproducciones.com.ar\/radioquijano\/wp-json\/wp\/v2\/media\/9353"}],"wp:attachment":[{"href":"https:\/\/nahuelproducciones.com.ar\/radioquijano\/wp-json\/wp\/v2\/media?parent=9351"}],"wp:term":[{"taxonomy":"category","embeddable":true,"href":"https:\/\/nahuelproducciones.com.ar\/radioquijano\/wp-json\/wp\/v2\/categories?post=9351"},{"taxonomy":"post_tag","embeddable":true,"href":"https:\/\/nahuelproducciones.com.ar\/radioquijano\/wp-json\/wp\/v2\/tags?post=9351"}],"curies":[{"name":"wp","href":"https:\/\/api.w.org\/{rel}","templated":true}]}}