{"id":9355,"date":"2024-11-26T09:10:31","date_gmt":"2024-11-26T12:10:31","guid":{"rendered":"https:\/\/nahuelproducciones.com.ar\/radioquijano\/?p=9355"},"modified":"2024-11-26T09:12:43","modified_gmt":"2024-11-26T12:12:43","slug":"fuerte-temporal-en-el-valle-de-lerma-acciones-rapidas-y-coordinadas","status":"publish","type":"post","link":"https:\/\/nahuelproducciones.com.ar\/radioquijano\/fuerte-temporal-en-el-valle-de-lerma-acciones-rapidas-y-coordinadas\/","title":{"rendered":"Fuerte temporal en el Valle de Lerma: Acciones r\u00e1pidas y coordinadas"},"content":{"rendered":"\n<p>En la madrugada de hoy, el Valle de Lerma vivi\u00f3 un intenso temporal de lluvias que llev\u00f3 a pasar de alerta amarilla a naranja en poco tiempo. Espec\u00edficamente en La Silleta, se registr\u00f3 un acumulado de aproximadamente 80 mm, con precipitaciones de entre 28 y 30 mm en un corto per\u00edodo, lo que provoc\u00f3 un aumento considerable en el caudal de arroyos y canales.<\/p>\n\n\n\n<h3 class=\"wp-block-heading\">Operativo de emergencia en La Silleta<\/h3>\n\n\n\n<p>Durante la medianoche, diversas fuerzas de seguridad y organismos locales trabajaron coordinadamente para mitigar los efectos del temporal. Bomberos voluntarios de La Silleta, personal de tr\u00e1nsito, equipos de electricidad de la delegaci\u00f3n y trabajadores de obras p\u00fablicas de Campo Quijano realizaron tareas de limpieza de sedimentos sobre la Ruta Nacional 51, logrando mantenerla transitable con precauci\u00f3n.<\/p>\n\n\n\n<p>Afortunadamente, no se reportaron \u00e1rboles ca\u00eddos, veh\u00edculos varados ni ingreso de agua en viviendas. Sin embargo, se registr\u00f3 la ca\u00edda de un poste de alumbrado p\u00fablico en el patio de una vivienda, sin ocasionar heridos ni la necesidad de evacuaciones.<\/p>\n\n\n\n<h3 class=\"wp-block-heading\">Evaluaci\u00f3n y trabajo continuo en puntos cr\u00edticos<\/h3>\n\n\n\n<p>El operativo tambi\u00e9n incluy\u00f3 la supervisi\u00f3n de 12 puntos cr\u00edticos en la zona, como Leopoldo Romers, Portal Justo Juez, Finca Chorolque, Barrio Canal, Villa Lola Sur, 12 Viviendas, Los Robles, Villa El Dique, Mollar 2 y la Ruta Nacional 51. Estas \u00e1reas, que suelen verse afectadas durante las lluvias, han mostrado avances significativos gracias a los trabajos preventivos realizados previamente.<\/p>\n\n\n\n<p>El temporal evidenci\u00f3 que las primeras lluvias suelen arrastrar material acumulado durante el a\u00f1o, lo que permite identificar y ajustar las medidas tomadas en los cauces. Seg\u00fan el personal t\u00e9cnico, estos tienden a variar de una temporada a otra, haciendo fundamental la constante observaci\u00f3n y correcci\u00f3n.<\/p>\n\n\n\n<h3 class=\"wp-block-heading\">Presencia del Ejecutivo Municipal<\/h3>\n\n\n\n<p>El ejecutivo municipal estuvo presente en las zonas afectadas, supervisando y evaluando en terreno las tareas realizadas. Este compromiso refleja una gesti\u00f3n activa y consciente de las necesidades de las comunidades ante emergencias clim\u00e1ticas.<\/p>\n\n\n\n<p>Los equipos seguir\u00e1n trabajando para garantizar la seguridad de los habitantes y mantener transitables las v\u00edas principales. Se recomienda a la poblaci\u00f3n circular con precauci\u00f3n y reportar cualquier anomal\u00eda a las autoridades locales.<\/p>\n\n\n\n<p>Este temporal, aunque desafiante, ha demostrado la eficacia del trabajo coordinado y la planificaci\u00f3n preventiva en Campo Quijano y sus alrededores.<\/p>\n\n\n\n<p>Informa: El Delegado de La Silleta, Lorenzo \u00abPaco\u00bb Vilte&nbsp;.<\/p>\n\n\n\n<p>Imagen del Perfil de Facebook de la Municipalidad de Campo Quijano<\/p>\n","protected":false},"excerpt":{"rendered":"<p>En la madrugada de hoy, el Valle de Lerma vivi\u00f3 un intenso temporal de lluvias que llev\u00f3 a pasar de alerta amarilla a naranja en poco tiempo. Espec\u00edficamente en La Silleta, se registr\u00f3 un acumulado de aproximadamente 80 mm, con precipitaciones de entre 28 y 30 mm en un corto per\u00edodo, lo que provoc\u00f3 un [&hellip;]<\/p>\n","protected":false},"author":8,"featured_media":9356,"comment_status":"open","ping_status":"open","sticky":false,"template":"","format":"standard","meta":{"_monsterinsights_skip_tracking":false,"_monsterinsights_sitenote_active":false,"_monsterinsights_sitenote_note":"","_monsterinsights_sitenote_category":0,"footnotes":""},"categories":[16],"tags":[77,100,333],"class_list":["post-9355","post","type-post","status-publish","format-standard","has-post-thumbnail","hentry","category-noticias","tag-la-silleta","tag-municipio-de-campo-quijano","tag-tormenta"],"yoast_head":"<!-- This site is optimized with the Yoast SEO plugin v20.8 - https:\/\/yoast.com\/wordpress\/plugins\/seo\/ -->\n<title>Fuerte temporal en el Valle de Lerma: Acciones r\u00e1pidas y coordinadas - RQ 99.9<\/title>\n<meta name=\"description\" content=\"Ruta Nacional 51 transitable con precauci\u00f3n.\" \/>\n<meta name=\"robots\" content=\"index, follow, max-snippet:-1, max-image-preview:large, max-video-preview:-1\" \/>\n<link rel=\"canonical\" href=\"https:\/\/nahuelproducciones.com.ar\/radioquijano\/fuerte-temporal-en-el-valle-de-lerma-acciones-rapidas-y-coordinadas\/\" \/>\n<meta property=\"og:locale\" content=\"es_ES\" \/>\n<meta property=\"og:type\" content=\"article\" \/>\n<meta property=\"og:title\" content=\"Fuerte temporal en el Valle de Lerma: Acciones r\u00e1pidas y coordinadas - RQ 99.9\" \/>\n<meta property=\"og:description\" content=\"Ruta Nacional 51 transitable con precauci\u00f3n.\" \/>\n<meta property=\"og:url\" content=\"https:\/\/nahuelproducciones.com.ar\/radioquijano\/fuerte-temporal-en-el-valle-de-lerma-acciones-rapidas-y-coordinadas\/\" \/>\n<meta property=\"og:site_name\" content=\"RQ 99.9\" \/>\n<meta property=\"article:publisher\" content=\"https:\/\/www.facebook.com\/nahuelproducciones999\/\" \/>\n<meta property=\"article:published_time\" content=\"2024-11-26T12:10:31+00:00\" \/>\n<meta property=\"article:modified_time\" content=\"2024-11-26T12:12:43+00:00\" \/>\n<meta property=\"og:image\" content=\"https:\/\/nahuelproducciones.com.ar\/radioquijano\/wp-content\/uploads\/2024\/11\/337387678_518707177124989_3054487437556316565_n-e1732622919150.jpg\" \/>\n\t<meta property=\"og:image:width\" content=\"700\" \/>\n\t<meta property=\"og:image:height\" content=\"525\" \/>\n\t<meta property=\"og:image:type\" content=\"image\/jpeg\" \/>\n<meta name=\"author\" content=\"Cecilia Pastrana\" \/>\n<meta name=\"twitter:card\" content=\"summary_large_image\" \/>\n<meta name=\"twitter:creator\" content=\"@nahuproduciones\" \/>\n<meta name=\"twitter:site\" content=\"@nahuproduciones\" \/>\n<meta name=\"twitter:label1\" content=\"Escrito por\" \/>\n\t<meta name=\"twitter:data1\" content=\"Cecilia Pastrana\" \/>\n\t<meta name=\"twitter:label2\" content=\"Tiempo de lectura\" \/>\n\t<meta name=\"twitter:data2\" content=\"2 minutos\" \/>\n<script type=\"application\/ld+json\" class=\"yoast-schema-graph\">{\"@context\":\"https:\/\/schema.org\",\"@graph\":[{\"@type\":\"WebPage\",\"@id\":\"https:\/\/nahuelproducciones.com.ar\/radioquijano\/fuerte-temporal-en-el-valle-de-lerma-acciones-rapidas-y-coordinadas\/\",\"url\":\"https:\/\/nahuelproducciones.com.ar\/radioquijano\/fuerte-temporal-en-el-valle-de-lerma-acciones-rapidas-y-coordinadas\/\",\"name\":\"Fuerte temporal en el Valle de Lerma: Acciones r\u00e1pidas y coordinadas - RQ 99.9\",\"isPartOf\":{\"@id\":\"https:\/\/nahuelproducciones.com.ar\/radioquijano\/#website\"},\"datePublished\":\"2024-11-26T12:10:31+00:00\",\"dateModified\":\"2024-11-26T12:12:43+00:00\",\"author\":{\"@id\":\"https:\/\/nahuelproducciones.com.ar\/radioquijano\/#\/schema\/person\/e8a4f939e2cb487fe6d0c54042c9d32c\"},\"description\":\"Ruta Nacional 51 transitable con precauci\u00f3n.\",\"breadcrumb\":{\"@id\":\"https:\/\/nahuelproducciones.com.ar\/radioquijano\/fuerte-temporal-en-el-valle-de-lerma-acciones-rapidas-y-coordinadas\/#breadcrumb\"},\"inLanguage\":\"es\",\"potentialAction\":[{\"@type\":\"ReadAction\",\"target\":[\"https:\/\/nahuelproducciones.com.ar\/radioquijano\/fuerte-temporal-en-el-valle-de-lerma-acciones-rapidas-y-coordinadas\/\"]}]},{\"@type\":\"BreadcrumbList\",\"@id\":\"https:\/\/nahuelproducciones.com.ar\/radioquijano\/fuerte-temporal-en-el-valle-de-lerma-acciones-rapidas-y-coordinadas\/#breadcrumb\",\"itemListElement\":[{\"@type\":\"ListItem\",\"position\":1,\"name\":\"Portada\",\"item\":\"https:\/\/nahuelproducciones.com.ar\/radioquijano\/\"},{\"@type\":\"ListItem\",\"position\":2,\"name\":\"Fuerte temporal en el Valle de Lerma: Acciones r\u00e1pidas y coordinadas\"}]},{\"@type\":\"WebSite\",\"@id\":\"https:\/\/nahuelproducciones.com.ar\/radioquijano\/#website\",\"url\":\"https:\/\/nahuelproducciones.com.ar\/radioquijano\/\",\"name\":\"RQ 99.9\",\"description\":\"Radio Quijano 99.9 MHz\",\"potentialAction\":[{\"@type\":\"SearchAction\",\"target\":{\"@type\":\"EntryPoint\",\"urlTemplate\":\"https:\/\/nahuelproducciones.com.ar\/radioquijano\/?s={search_term_string}\"},\"query-input\":\"required name=search_term_string\"}],\"inLanguage\":\"es\"},{\"@type\":\"Person\",\"@id\":\"https:\/\/nahuelproducciones.com.ar\/radioquijano\/#\/schema\/person\/e8a4f939e2cb487fe6d0c54042c9d32c\",\"name\":\"Cecilia Pastrana\",\"image\":{\"@type\":\"ImageObject\",\"inLanguage\":\"es\",\"@id\":\"https:\/\/nahuelproducciones.com.ar\/radioquijano\/#\/schema\/person\/image\/\",\"url\":\"https:\/\/secure.gravatar.com\/avatar\/661a3ef63a8488d4f2794ed44af8cf71420f7e106f3072c40125114df5157749?s=96&d=mm&r=g\",\"contentUrl\":\"https:\/\/secure.gravatar.com\/avatar\/661a3ef63a8488d4f2794ed44af8cf71420f7e106f3072c40125114df5157749?s=96&d=mm&r=g\",\"caption\":\"Cecilia Pastrana\"},\"sameAs\":[\"cecy\"],\"url\":\"https:\/\/nahuelproducciones.com.ar\/radioquijano\/author\/cecy\/\"}]}<\/script>\n<!-- \/ Yoast SEO plugin. -->","yoast_head_json":{"title":"Fuerte temporal en el Valle de Lerma: Acciones r\u00e1pidas y coordinadas - RQ 99.9","description":"Ruta Nacional 51 transitable con precauci\u00f3n.","robots":{"index":"index","follow":"follow","max-snippet":"max-snippet:-1","max-image-preview":"max-image-preview:large","max-video-preview":"max-video-preview:-1"},"canonical":"https:\/\/nahuelproducciones.com.ar\/radioquijano\/fuerte-temporal-en-el-valle-de-lerma-acciones-rapidas-y-coordinadas\/","og_locale":"es_ES","og_type":"article","og_title":"Fuerte temporal en el Valle de Lerma: Acciones r\u00e1pidas y coordinadas - RQ 99.9","og_description":"Ruta Nacional 51 transitable con precauci\u00f3n.","og_url":"https:\/\/nahuelproducciones.com.ar\/radioquijano\/fuerte-temporal-en-el-valle-de-lerma-acciones-rapidas-y-coordinadas\/","og_site_name":"RQ 99.9","article_publisher":"https:\/\/www.facebook.com\/nahuelproducciones999\/","article_published_time":"2024-11-26T12:10:31+00:00","article_modified_time":"2024-11-26T12:12:43+00:00","og_image":[{"width":700,"height":525,"url":"https:\/\/nahuelproducciones.com.ar\/radioquijano\/wp-content\/uploads\/2024\/11\/337387678_518707177124989_3054487437556316565_n-e1732622919150.jpg","type":"image\/jpeg"}],"author":"Cecilia Pastrana","twitter_card":"summary_large_image","twitter_creator":"@nahuproduciones","twitter_site":"@nahuproduciones","twitter_misc":{"Escrito por":"Cecilia Pastrana","Tiempo de lectura":"2 minutos"},"schema":{"@context":"https:\/\/schema.org","@graph":[{"@type":"WebPage","@id":"https:\/\/nahuelproducciones.com.ar\/radioquijano\/fuerte-temporal-en-el-valle-de-lerma-acciones-rapidas-y-coordinadas\/","url":"https:\/\/nahuelproducciones.com.ar\/radioquijano\/fuerte-temporal-en-el-valle-de-lerma-acciones-rapidas-y-coordinadas\/","name":"Fuerte temporal en el Valle de Lerma: Acciones r\u00e1pidas y coordinadas - RQ 99.9","isPartOf":{"@id":"https:\/\/nahuelproducciones.com.ar\/radioquijano\/#website"},"datePublished":"2024-11-26T12:10:31+00:00","dateModified":"2024-11-26T12:12:43+00:00","author":{"@id":"https:\/\/nahuelproducciones.com.ar\/radioquijano\/#\/schema\/person\/e8a4f939e2cb487fe6d0c54042c9d32c"},"description":"Ruta Nacional 51 transitable con precauci\u00f3n.","breadcrumb":{"@id":"https:\/\/nahuelproducciones.com.ar\/radioquijano\/fuerte-temporal-en-el-valle-de-lerma-acciones-rapidas-y-coordinadas\/#breadcrumb"},"inLanguage":"es","potentialAction":[{"@type":"ReadAction","target":["https:\/\/nahuelproducciones.com.ar\/radioquijano\/fuerte-temporal-en-el-valle-de-lerma-acciones-rapidas-y-coordinadas\/"]}]},{"@type":"BreadcrumbList","@id":"https:\/\/nahuelproducciones.com.ar\/radioquijano\/fuerte-temporal-en-el-valle-de-lerma-acciones-rapidas-y-coordinadas\/#breadcrumb","itemListElement":[{"@type":"ListItem","position":1,"name":"Portada","item":"https:\/\/nahuelproducciones.com.ar\/radioquijano\/"},{"@type":"ListItem","position":2,"name":"Fuerte temporal en el Valle de Lerma: Acciones r\u00e1pidas y coordinadas"}]},{"@type":"WebSite","@id":"https:\/\/nahuelproducciones.com.ar\/radioquijano\/#website","url":"https:\/\/nahuelproducciones.com.ar\/radioquijano\/","name":"RQ 99.9","description":"Radio Quijano 99.9 MHz","potentialAction":[{"@type":"SearchAction","target":{"@type":"EntryPoint","urlTemplate":"https:\/\/nahuelproducciones.com.ar\/radioquijano\/?s={search_term_string}"},"query-input":"required name=search_term_string"}],"inLanguage":"es"},{"@type":"Person","@id":"https:\/\/nahuelproducciones.com.ar\/radioquijano\/#\/schema\/person\/e8a4f939e2cb487fe6d0c54042c9d32c","name":"Cecilia Pastrana","image":{"@type":"ImageObject","inLanguage":"es","@id":"https:\/\/nahuelproducciones.com.ar\/radioquijano\/#\/schema\/person\/image\/","url":"https:\/\/secure.gravatar.com\/avatar\/661a3ef63a8488d4f2794ed44af8cf71420f7e106f3072c40125114df5157749?s=96&d=mm&r=g","contentUrl":"https:\/\/secure.gravatar.com\/avatar\/661a3ef63a8488d4f2794ed44af8cf71420f7e106f3072c40125114df5157749?s=96&d=mm&r=g","caption":"Cecilia Pastrana"},"sameAs":["cecy"],"url":"https:\/\/nahuelproducciones.com.ar\/radioquijano\/author\/cecy\/"}]}},"_links":{"self":[{"href":"https:\/\/nahuelproducciones.com.ar\/radioquijano\/wp-json\/wp\/v2\/posts\/9355","targetHints":{"allow":["GET"]}}],"collection":[{"href":"https:\/\/nahuelproducciones.com.ar\/radioquijano\/wp-json\/wp\/v2\/posts"}],"about":[{"href":"https:\/\/nahuelproducciones.com.ar\/radioquijano\/wp-json\/wp\/v2\/types\/post"}],"author":[{"embeddable":true,"href":"https:\/\/nahuelproducciones.com.ar\/radioquijano\/wp-json\/wp\/v2\/users\/8"}],"replies":[{"embeddable":true,"href":"https:\/\/nahuelproducciones.com.ar\/radioquijano\/wp-json\/wp\/v2\/comments?post=9355"}],"version-history":[{"count":2,"href":"https:\/\/nahuelproducciones.com.ar\/radioquijano\/wp-json\/wp\/v2\/posts\/9355\/revisions"}],"predecessor-version":[{"id":9358,"href":"https:\/\/nahuelproducciones.com.ar\/radioquijano\/wp-json\/wp\/v2\/posts\/9355\/revisions\/9358"}],"wp:featuredmedia":[{"embeddable":true,"href":"https:\/\/nahuelproducciones.com.ar\/radioquijano\/wp-json\/wp\/v2\/media\/9356"}],"wp:attachment":[{"href":"https:\/\/nahuelproducciones.com.ar\/radioquijano\/wp-json\/wp\/v2\/media?parent=9355"}],"wp:term":[{"taxonomy":"category","embeddable":true,"href":"https:\/\/nahuelproducciones.com.ar\/radioquijano\/wp-json\/wp\/v2\/categories?post=9355"},{"taxonomy":"post_tag","embeddable":true,"href":"https:\/\/nahuelproducciones.com.ar\/radioquijano\/wp-json\/wp\/v2\/tags?post=9355"}],"curies":[{"name":"wp","href":"https:\/\/api.w.org\/{rel}","templated":true}]}}