{"id":9359,"date":"2024-11-27T08:24:24","date_gmt":"2024-11-27T11:24:24","guid":{"rendered":"https:\/\/nahuelproducciones.com.ar\/radioquijano\/?p=9359"},"modified":"2024-11-27T08:24:25","modified_gmt":"2024-11-27T11:24:25","slug":"charla-informativa-y-jornada-de-salud-integral-en-campo-quijano-promoviendo-el-cuidado-de-la-salud","status":"publish","type":"post","link":"https:\/\/nahuelproducciones.com.ar\/radioquijano\/charla-informativa-y-jornada-de-salud-integral-en-campo-quijano-promoviendo-el-cuidado-de-la-salud\/","title":{"rendered":"Charla informativa y Jornada de salud integral en Campo Quijano: Promoviendo el cuidado de la salud"},"content":{"rendered":"\n<p>La comunidad de Campo Quijano est\u00e1 invitada a participar en dos importantes actividades destinadas a la prevenci\u00f3n y cuidado de la salud, organizadas por profesionales locales.<\/p>\n\n\n\n<p>El <strong>martes 26 de noviembre<\/strong> , a las 14:00 horas, se llevar\u00e1 a cabo una <strong>charla informativa en el Puesto Sanitario \u00abEl Portal\u00bb<\/strong> . Este encuentro estar\u00e1 a cargo de la enfermera universitaria Claudia Taritolay y la licenciada Nicole Del Veccio, obstetra, quienes abordar\u00e1n temas fundamentales relacionados con la salud sexual y reproductiva, el autocuidado y el autoexamen mamario. Adem\u00e1s, los profesionales responder\u00e1n a las inquietudes de los asistentes, fomentando un espacio de di\u00e1logo e informaci\u00f3n.<\/p>\n\n\n\n<p>El <strong>mi\u00e9rcoles 27 de noviembre<\/strong> , el Hospital Dr. Francisco Herrera de Campo Quijano ser\u00e1 sede de una <strong>Jornada de Salud Integral<\/strong> . De 08:00 a 12:00 y de 13:00 a 16:00 horas, se ofrecer\u00e1n servicios gratuitos y sin necesidad de turno, como:<\/p>\n\n\n\n<ul class=\"wp-block-list\">\n<li>Toma de Papanicolaou.<\/li>\n\n\n\n<li>Testeo r\u00e1pido para VIH y s\u00edfilis.<\/li>\n\n\n\n<li>Consejer\u00eda en planificaci\u00f3n familiar y entrega de m\u00e9todos anticonceptivos.<\/li>\n<\/ul>\n\n\n\n<p>La jornada tambi\u00e9n incluye un espacio de encuentro exclusivo para mujeres, donde se conversar\u00e1 sobre la importancia del Papanicolaou, la salud sexual y reproductiva, el autoexamen mamario y otras pr\u00e1cticas de autocuidado esenciales para la prevenci\u00f3n de enfermedades.<\/p>\n\n\n\n<p>Estas actividades, promovidas en la radio local RQ 99.9 Mhz, resaltan la importancia de la prevenci\u00f3n como herramienta fundamental para cuidar la salud. El Hospital Dr . Francisco Herrera invita a toda la comunidad a participar y aprovechar estos espacios de atenci\u00f3n e informaci\u00f3n gratuita.<\/p>\n\n\n\n<p><strong>\u00abTu salud importa, cu\u00eddala\u00bb<\/strong> , es el mensaje clave de esta iniciativa, que busca fortalecer el acceso a la salud y el bienestar en Campo Quijano.<\/p>\n\n\n\n<p>Escucha la entrevista:<\/p>\n\n\n\n<figure class=\"wp-block-audio\"><audio controls src=\"https:\/\/nahuelproducciones.com.ar\/radioquijano\/wp-content\/uploads\/2024\/11\/25-11-2024-INVITA-A-CHARLA-Y-A-CUIDADOS-EN-EL-HOSP.-DR-FCO-HERRERA.-CLAUDIA-TARITOLAY-Y-Lic.-Nicole-Del-Veccio.-Obstetra.-De-Buenos-Aires-realizando-su-rotacion-como-Residente.mp3\"><\/audio><\/figure>\n\n\n<div class=\"wp-block-image\">\n<figure class=\"aligncenter size-large is-resized\"><img loading=\"lazy\" decoding=\"async\" src=\"https:\/\/nahuelproducciones.com.ar\/radioquijano\/wp-content\/uploads\/2024\/11\/WhatsApp-Image-2024-11-22-at-12.33.35-PM-684x1024.jpeg\" alt=\"\" class=\"wp-image-9362\" width=\"234\" height=\"351\" srcset=\"https:\/\/nahuelproducciones.com.ar\/radioquijano\/wp-content\/uploads\/2024\/11\/WhatsApp-Image-2024-11-22-at-12.33.35-PM-684x1024.jpeg 684w, https:\/\/nahuelproducciones.com.ar\/radioquijano\/wp-content\/uploads\/2024\/11\/WhatsApp-Image-2024-11-22-at-12.33.35-PM-200x300.jpeg 200w, https:\/\/nahuelproducciones.com.ar\/radioquijano\/wp-content\/uploads\/2024\/11\/WhatsApp-Image-2024-11-22-at-12.33.35-PM-768x1151.jpeg 768w, https:\/\/nahuelproducciones.com.ar\/radioquijano\/wp-content\/uploads\/2024\/11\/WhatsApp-Image-2024-11-22-at-12.33.35-PM-1025x1536.jpeg 1025w, https:\/\/nahuelproducciones.com.ar\/radioquijano\/wp-content\/uploads\/2024\/11\/WhatsApp-Image-2024-11-22-at-12.33.35-PM-150x225.jpeg 150w, https:\/\/nahuelproducciones.com.ar\/radioquijano\/wp-content\/uploads\/2024\/11\/WhatsApp-Image-2024-11-22-at-12.33.35-PM.jpeg 1068w\" sizes=\"auto, (max-width: 234px) 100vw, 234px\" \/><\/figure><\/div>","protected":false},"excerpt":{"rendered":"<p>La comunidad de Campo Quijano est\u00e1 invitada a participar en dos importantes actividades destinadas a la prevenci\u00f3n y cuidado de la salud, organizadas por profesionales locales. El martes 26 de noviembre , a las 14:00 horas, se llevar\u00e1 a cabo una charla informativa en el Puesto Sanitario \u00abEl Portal\u00bb . Este encuentro estar\u00e1 a cargo [&hellip;]<\/p>\n","protected":false},"author":8,"featured_media":9360,"comment_status":"open","ping_status":"open","sticky":false,"template":"","format":"standard","meta":{"_monsterinsights_skip_tracking":false,"_monsterinsights_sitenote_active":false,"_monsterinsights_sitenote_note":"","_monsterinsights_sitenote_category":0,"footnotes":""},"categories":[16],"tags":[374,100],"class_list":["post-9359","post","type-post","status-publish","format-standard","has-post-thumbnail","hentry","category-noticias","tag-hospital-dr-francisco-herrera","tag-municipio-de-campo-quijano"],"yoast_head":"<!-- This site is optimized with the Yoast SEO plugin v20.8 - https:\/\/yoast.com\/wordpress\/plugins\/seo\/ -->\n<title>Charla informativa y Jornada de salud integral en Campo Quijano: Promoviendo el cuidado de la salud - RQ 99.9<\/title>\n<meta name=\"description\" content=\"&quot;Tu salud importa, cu\u00eddala&quot; , es el mensaje clave de esta iniciativa, que busca fortalecer el acceso a la salud y el bienestar en Campo Quijano.\" \/>\n<meta name=\"robots\" content=\"index, follow, max-snippet:-1, max-image-preview:large, max-video-preview:-1\" \/>\n<link rel=\"canonical\" href=\"https:\/\/nahuelproducciones.com.ar\/radioquijano\/charla-informativa-y-jornada-de-salud-integral-en-campo-quijano-promoviendo-el-cuidado-de-la-salud\/\" \/>\n<meta property=\"og:locale\" content=\"es_ES\" \/>\n<meta property=\"og:type\" content=\"article\" \/>\n<meta property=\"og:title\" content=\"Charla informativa y Jornada de salud integral en Campo Quijano: Promoviendo el cuidado de la salud - RQ 99.9\" \/>\n<meta property=\"og:description\" content=\"&quot;Tu salud importa, cu\u00eddala&quot; , es el mensaje clave de esta iniciativa, que busca fortalecer el acceso a la salud y el bienestar en Campo Quijano.\" \/>\n<meta property=\"og:url\" content=\"https:\/\/nahuelproducciones.com.ar\/radioquijano\/charla-informativa-y-jornada-de-salud-integral-en-campo-quijano-promoviendo-el-cuidado-de-la-salud\/\" \/>\n<meta property=\"og:site_name\" content=\"RQ 99.9\" \/>\n<meta property=\"article:publisher\" content=\"https:\/\/www.facebook.com\/nahuelproducciones999\/\" \/>\n<meta property=\"article:published_time\" content=\"2024-11-27T11:24:24+00:00\" \/>\n<meta property=\"article:modified_time\" content=\"2024-11-27T11:24:25+00:00\" \/>\n<meta property=\"og:image\" content=\"https:\/\/nahuelproducciones.com.ar\/radioquijano\/wp-content\/uploads\/2024\/11\/WhatsApp-Image-2024-11-22-at-12.33.34-PM-e1732706483194.jpeg\" \/>\n\t<meta property=\"og:image:width\" content=\"700\" \/>\n\t<meta property=\"og:image:height\" content=\"944\" \/>\n\t<meta property=\"og:image:type\" content=\"image\/jpeg\" \/>\n<meta name=\"author\" content=\"Cecilia Pastrana\" \/>\n<meta name=\"twitter:card\" content=\"summary_large_image\" \/>\n<meta name=\"twitter:creator\" content=\"@nahuproduciones\" \/>\n<meta name=\"twitter:site\" content=\"@nahuproduciones\" \/>\n<meta name=\"twitter:label1\" content=\"Escrito por\" \/>\n\t<meta name=\"twitter:data1\" content=\"Cecilia Pastrana\" \/>\n\t<meta name=\"twitter:label2\" content=\"Tiempo de lectura\" \/>\n\t<meta name=\"twitter:data2\" content=\"2 minutos\" \/>\n<script type=\"application\/ld+json\" class=\"yoast-schema-graph\">{\"@context\":\"https:\/\/schema.org\",\"@graph\":[{\"@type\":\"WebPage\",\"@id\":\"https:\/\/nahuelproducciones.com.ar\/radioquijano\/charla-informativa-y-jornada-de-salud-integral-en-campo-quijano-promoviendo-el-cuidado-de-la-salud\/\",\"url\":\"https:\/\/nahuelproducciones.com.ar\/radioquijano\/charla-informativa-y-jornada-de-salud-integral-en-campo-quijano-promoviendo-el-cuidado-de-la-salud\/\",\"name\":\"Charla informativa y Jornada de salud integral en Campo Quijano: Promoviendo el cuidado de la salud - RQ 99.9\",\"isPartOf\":{\"@id\":\"https:\/\/nahuelproducciones.com.ar\/radioquijano\/#website\"},\"datePublished\":\"2024-11-27T11:24:24+00:00\",\"dateModified\":\"2024-11-27T11:24:25+00:00\",\"author\":{\"@id\":\"https:\/\/nahuelproducciones.com.ar\/radioquijano\/#\/schema\/person\/e8a4f939e2cb487fe6d0c54042c9d32c\"},\"description\":\"\\\"Tu salud importa, cu\u00eddala\\\" , es el mensaje clave de esta iniciativa, que busca fortalecer el acceso a la salud y el bienestar en Campo Quijano.\",\"breadcrumb\":{\"@id\":\"https:\/\/nahuelproducciones.com.ar\/radioquijano\/charla-informativa-y-jornada-de-salud-integral-en-campo-quijano-promoviendo-el-cuidado-de-la-salud\/#breadcrumb\"},\"inLanguage\":\"es\",\"potentialAction\":[{\"@type\":\"ReadAction\",\"target\":[\"https:\/\/nahuelproducciones.com.ar\/radioquijano\/charla-informativa-y-jornada-de-salud-integral-en-campo-quijano-promoviendo-el-cuidado-de-la-salud\/\"]}]},{\"@type\":\"BreadcrumbList\",\"@id\":\"https:\/\/nahuelproducciones.com.ar\/radioquijano\/charla-informativa-y-jornada-de-salud-integral-en-campo-quijano-promoviendo-el-cuidado-de-la-salud\/#breadcrumb\",\"itemListElement\":[{\"@type\":\"ListItem\",\"position\":1,\"name\":\"Portada\",\"item\":\"https:\/\/nahuelproducciones.com.ar\/radioquijano\/\"},{\"@type\":\"ListItem\",\"position\":2,\"name\":\"Charla informativa y Jornada de salud integral en Campo Quijano: Promoviendo el cuidado de la salud\"}]},{\"@type\":\"WebSite\",\"@id\":\"https:\/\/nahuelproducciones.com.ar\/radioquijano\/#website\",\"url\":\"https:\/\/nahuelproducciones.com.ar\/radioquijano\/\",\"name\":\"RQ 99.9\",\"description\":\"Radio Quijano 99.9 MHz\",\"potentialAction\":[{\"@type\":\"SearchAction\",\"target\":{\"@type\":\"EntryPoint\",\"urlTemplate\":\"https:\/\/nahuelproducciones.com.ar\/radioquijano\/?s={search_term_string}\"},\"query-input\":\"required name=search_term_string\"}],\"inLanguage\":\"es\"},{\"@type\":\"Person\",\"@id\":\"https:\/\/nahuelproducciones.com.ar\/radioquijano\/#\/schema\/person\/e8a4f939e2cb487fe6d0c54042c9d32c\",\"name\":\"Cecilia Pastrana\",\"image\":{\"@type\":\"ImageObject\",\"inLanguage\":\"es\",\"@id\":\"https:\/\/nahuelproducciones.com.ar\/radioquijano\/#\/schema\/person\/image\/\",\"url\":\"https:\/\/secure.gravatar.com\/avatar\/661a3ef63a8488d4f2794ed44af8cf71420f7e106f3072c40125114df5157749?s=96&d=mm&r=g\",\"contentUrl\":\"https:\/\/secure.gravatar.com\/avatar\/661a3ef63a8488d4f2794ed44af8cf71420f7e106f3072c40125114df5157749?s=96&d=mm&r=g\",\"caption\":\"Cecilia Pastrana\"},\"sameAs\":[\"cecy\"],\"url\":\"https:\/\/nahuelproducciones.com.ar\/radioquijano\/author\/cecy\/\"}]}<\/script>\n<!-- \/ Yoast SEO plugin. -->","yoast_head_json":{"title":"Charla informativa y Jornada de salud integral en Campo Quijano: Promoviendo el cuidado de la salud - RQ 99.9","description":"\"Tu salud importa, cu\u00eddala\" , es el mensaje clave de esta iniciativa, que busca fortalecer el acceso a la salud y el bienestar en Campo Quijano.","robots":{"index":"index","follow":"follow","max-snippet":"max-snippet:-1","max-image-preview":"max-image-preview:large","max-video-preview":"max-video-preview:-1"},"canonical":"https:\/\/nahuelproducciones.com.ar\/radioquijano\/charla-informativa-y-jornada-de-salud-integral-en-campo-quijano-promoviendo-el-cuidado-de-la-salud\/","og_locale":"es_ES","og_type":"article","og_title":"Charla informativa y Jornada de salud integral en Campo Quijano: Promoviendo el cuidado de la salud - RQ 99.9","og_description":"\"Tu salud importa, cu\u00eddala\" , es el mensaje clave de esta iniciativa, que busca fortalecer el acceso a la salud y el bienestar en Campo Quijano.","og_url":"https:\/\/nahuelproducciones.com.ar\/radioquijano\/charla-informativa-y-jornada-de-salud-integral-en-campo-quijano-promoviendo-el-cuidado-de-la-salud\/","og_site_name":"RQ 99.9","article_publisher":"https:\/\/www.facebook.com\/nahuelproducciones999\/","article_published_time":"2024-11-27T11:24:24+00:00","article_modified_time":"2024-11-27T11:24:25+00:00","og_image":[{"width":700,"height":944,"url":"https:\/\/nahuelproducciones.com.ar\/radioquijano\/wp-content\/uploads\/2024\/11\/WhatsApp-Image-2024-11-22-at-12.33.34-PM-e1732706483194.jpeg","type":"image\/jpeg"}],"author":"Cecilia Pastrana","twitter_card":"summary_large_image","twitter_creator":"@nahuproduciones","twitter_site":"@nahuproduciones","twitter_misc":{"Escrito por":"Cecilia Pastrana","Tiempo de lectura":"2 minutos"},"schema":{"@context":"https:\/\/schema.org","@graph":[{"@type":"WebPage","@id":"https:\/\/nahuelproducciones.com.ar\/radioquijano\/charla-informativa-y-jornada-de-salud-integral-en-campo-quijano-promoviendo-el-cuidado-de-la-salud\/","url":"https:\/\/nahuelproducciones.com.ar\/radioquijano\/charla-informativa-y-jornada-de-salud-integral-en-campo-quijano-promoviendo-el-cuidado-de-la-salud\/","name":"Charla informativa y Jornada de salud integral en Campo Quijano: Promoviendo el cuidado de la salud - RQ 99.9","isPartOf":{"@id":"https:\/\/nahuelproducciones.com.ar\/radioquijano\/#website"},"datePublished":"2024-11-27T11:24:24+00:00","dateModified":"2024-11-27T11:24:25+00:00","author":{"@id":"https:\/\/nahuelproducciones.com.ar\/radioquijano\/#\/schema\/person\/e8a4f939e2cb487fe6d0c54042c9d32c"},"description":"\"Tu salud importa, cu\u00eddala\" , es el mensaje clave de esta iniciativa, que busca fortalecer el acceso a la salud y el bienestar en Campo Quijano.","breadcrumb":{"@id":"https:\/\/nahuelproducciones.com.ar\/radioquijano\/charla-informativa-y-jornada-de-salud-integral-en-campo-quijano-promoviendo-el-cuidado-de-la-salud\/#breadcrumb"},"inLanguage":"es","potentialAction":[{"@type":"ReadAction","target":["https:\/\/nahuelproducciones.com.ar\/radioquijano\/charla-informativa-y-jornada-de-salud-integral-en-campo-quijano-promoviendo-el-cuidado-de-la-salud\/"]}]},{"@type":"BreadcrumbList","@id":"https:\/\/nahuelproducciones.com.ar\/radioquijano\/charla-informativa-y-jornada-de-salud-integral-en-campo-quijano-promoviendo-el-cuidado-de-la-salud\/#breadcrumb","itemListElement":[{"@type":"ListItem","position":1,"name":"Portada","item":"https:\/\/nahuelproducciones.com.ar\/radioquijano\/"},{"@type":"ListItem","position":2,"name":"Charla informativa y Jornada de salud integral en Campo Quijano: Promoviendo el cuidado de la salud"}]},{"@type":"WebSite","@id":"https:\/\/nahuelproducciones.com.ar\/radioquijano\/#website","url":"https:\/\/nahuelproducciones.com.ar\/radioquijano\/","name":"RQ 99.9","description":"Radio Quijano 99.9 MHz","potentialAction":[{"@type":"SearchAction","target":{"@type":"EntryPoint","urlTemplate":"https:\/\/nahuelproducciones.com.ar\/radioquijano\/?s={search_term_string}"},"query-input":"required name=search_term_string"}],"inLanguage":"es"},{"@type":"Person","@id":"https:\/\/nahuelproducciones.com.ar\/radioquijano\/#\/schema\/person\/e8a4f939e2cb487fe6d0c54042c9d32c","name":"Cecilia Pastrana","image":{"@type":"ImageObject","inLanguage":"es","@id":"https:\/\/nahuelproducciones.com.ar\/radioquijano\/#\/schema\/person\/image\/","url":"https:\/\/secure.gravatar.com\/avatar\/661a3ef63a8488d4f2794ed44af8cf71420f7e106f3072c40125114df5157749?s=96&d=mm&r=g","contentUrl":"https:\/\/secure.gravatar.com\/avatar\/661a3ef63a8488d4f2794ed44af8cf71420f7e106f3072c40125114df5157749?s=96&d=mm&r=g","caption":"Cecilia Pastrana"},"sameAs":["cecy"],"url":"https:\/\/nahuelproducciones.com.ar\/radioquijano\/author\/cecy\/"}]}},"_links":{"self":[{"href":"https:\/\/nahuelproducciones.com.ar\/radioquijano\/wp-json\/wp\/v2\/posts\/9359","targetHints":{"allow":["GET"]}}],"collection":[{"href":"https:\/\/nahuelproducciones.com.ar\/radioquijano\/wp-json\/wp\/v2\/posts"}],"about":[{"href":"https:\/\/nahuelproducciones.com.ar\/radioquijano\/wp-json\/wp\/v2\/types\/post"}],"author":[{"embeddable":true,"href":"https:\/\/nahuelproducciones.com.ar\/radioquijano\/wp-json\/wp\/v2\/users\/8"}],"replies":[{"embeddable":true,"href":"https:\/\/nahuelproducciones.com.ar\/radioquijano\/wp-json\/wp\/v2\/comments?post=9359"}],"version-history":[{"count":1,"href":"https:\/\/nahuelproducciones.com.ar\/radioquijano\/wp-json\/wp\/v2\/posts\/9359\/revisions"}],"predecessor-version":[{"id":9363,"href":"https:\/\/nahuelproducciones.com.ar\/radioquijano\/wp-json\/wp\/v2\/posts\/9359\/revisions\/9363"}],"wp:featuredmedia":[{"embeddable":true,"href":"https:\/\/nahuelproducciones.com.ar\/radioquijano\/wp-json\/wp\/v2\/media\/9360"}],"wp:attachment":[{"href":"https:\/\/nahuelproducciones.com.ar\/radioquijano\/wp-json\/wp\/v2\/media?parent=9359"}],"wp:term":[{"taxonomy":"category","embeddable":true,"href":"https:\/\/nahuelproducciones.com.ar\/radioquijano\/wp-json\/wp\/v2\/categories?post=9359"},{"taxonomy":"post_tag","embeddable":true,"href":"https:\/\/nahuelproducciones.com.ar\/radioquijano\/wp-json\/wp\/v2\/tags?post=9359"}],"curies":[{"name":"wp","href":"https:\/\/api.w.org\/{rel}","templated":true}]}}