{"id":9380,"date":"2024-12-03T07:33:35","date_gmt":"2024-12-03T10:33:35","guid":{"rendered":"https:\/\/nahuelproducciones.com.ar\/radioquijano\/?p=9380"},"modified":"2024-12-03T07:33:37","modified_gmt":"2024-12-03T10:33:37","slug":"campo-quijano-cierra-su-temporada-deportiva-con-un-evento-especial-en-la-plaza-24-de-septiembre","status":"publish","type":"post","link":"https:\/\/nahuelproducciones.com.ar\/radioquijano\/campo-quijano-cierra-su-temporada-deportiva-con-un-evento-especial-en-la-plaza-24-de-septiembre\/","title":{"rendered":"Campo Quijano cierra su temporada deportiva con un evento especial en la plaza 24 de Septiembre"},"content":{"rendered":"\n<p>Este s\u00e1bado 7 de diciembre, la Municipalidad de Campo Quijano coronar\u00e1 el cierre de la temporada deportiva con un evento que promete diversi\u00f3n, sonrisas y compa\u00f1erismo. Desde las 9:00 horas, vecinos y visitantes est\u00e1n invitados a congregarse en la emblem\u00e1tica plaza 24 de Septiembre para disfrutar del encuentro que marcar\u00e1 el final de las actividades de los playones deportivos y el programa de senderismo infantil.<\/p>\n\n\n\n<p>La jornada celebrar\u00e1 el esfuerzo, la participaci\u00f3n y los logros compartidos durante esta \u00abaventura deportiva\u00bb, como fue definido por los organizadores. Ni\u00f1os, j\u00f3venes y adultos que formaron parte de las iniciativas impulsadas desde el municipio tendr\u00e1n la oportunidad de despedirse de la temporada en un ambiente de alegr\u00eda y amistad.<\/p>\n\n\n\n<p>La Municipalidad expres\u00f3 su agradecimiento en su perfil oficial de Facebook, destacando el \u00e9xito de esta etapa y anunciando que ya est\u00e1n trabajando en la planificaci\u00f3n de la pr\u00f3xima temporada, que promete nuevas actividades y desaf\u00edos deportivos para la comunidad.<\/p>\n\n\n\n<p>Este evento no solo clausura un a\u00f1o de logros deportivos, sino que tambi\u00e9n refuerza el compromiso del municipio con la promoci\u00f3n de h\u00e1bitos saludables y la construcci\u00f3n de espacios de encuentro para todas las edades. \u00a1La invitaci\u00f3n est\u00e1 hecha!<\/p>\n","protected":false},"excerpt":{"rendered":"<p>Este s\u00e1bado 7 de diciembre, la Municipalidad de Campo Quijano coronar\u00e1 el cierre de la temporada deportiva con un evento que promete diversi\u00f3n, sonrisas y compa\u00f1erismo. Desde las 9:00 horas, vecinos y visitantes est\u00e1n invitados a congregarse en la emblem\u00e1tica plaza 24 de Septiembre para disfrutar del encuentro que marcar\u00e1 el final de las actividades [&hellip;]<\/p>\n","protected":false},"author":8,"featured_media":9381,"comment_status":"open","ping_status":"open","sticky":false,"template":"","format":"standard","meta":{"_monsterinsights_skip_tracking":false,"_monsterinsights_sitenote_active":false,"_monsterinsights_sitenote_note":"","_monsterinsights_sitenote_category":0,"footnotes":""},"categories":[16],"tags":[251,100,1691],"class_list":["post-9380","post","type-post","status-publish","format-standard","has-post-thumbnail","hentry","category-noticias","tag-direccion-de-deportes-de-campo-quijano","tag-municipio-de-campo-quijano","tag-playones-deportivos"],"yoast_head":"<!-- This site is optimized with the Yoast SEO plugin v20.8 - https:\/\/yoast.com\/wordpress\/plugins\/seo\/ -->\n<title>Campo Quijano cierra su temporada deportiva con un evento especial en la plaza 24 de Septiembre - RQ 99.9<\/title>\n<meta name=\"description\" content=\"El s\u00e1bado 7 de diciembre a partir de las 9.00 horas en la plaza 24 de Septiembre.\" \/>\n<meta name=\"robots\" content=\"index, follow, max-snippet:-1, max-image-preview:large, max-video-preview:-1\" \/>\n<link rel=\"canonical\" href=\"https:\/\/nahuelproducciones.com.ar\/radioquijano\/campo-quijano-cierra-su-temporada-deportiva-con-un-evento-especial-en-la-plaza-24-de-septiembre\/\" \/>\n<meta property=\"og:locale\" content=\"es_ES\" \/>\n<meta property=\"og:type\" content=\"article\" \/>\n<meta property=\"og:title\" content=\"Campo Quijano cierra su temporada deportiva con un evento especial en la plaza 24 de Septiembre - RQ 99.9\" \/>\n<meta property=\"og:description\" content=\"El s\u00e1bado 7 de diciembre a partir de las 9.00 horas en la plaza 24 de Septiembre.\" \/>\n<meta property=\"og:url\" content=\"https:\/\/nahuelproducciones.com.ar\/radioquijano\/campo-quijano-cierra-su-temporada-deportiva-con-un-evento-especial-en-la-plaza-24-de-septiembre\/\" \/>\n<meta property=\"og:site_name\" content=\"RQ 99.9\" \/>\n<meta property=\"article:publisher\" content=\"https:\/\/www.facebook.com\/nahuelproducciones999\/\" \/>\n<meta property=\"article:published_time\" content=\"2024-12-03T10:33:35+00:00\" \/>\n<meta property=\"article:modified_time\" content=\"2024-12-03T10:33:37+00:00\" \/>\n<meta property=\"og:image\" content=\"https:\/\/nahuelproducciones.com.ar\/radioquijano\/wp-content\/uploads\/2024\/12\/468877090_986098463546564_2611593372859217601_n-e1733221956558.jpg\" \/>\n\t<meta property=\"og:image:width\" content=\"700\" \/>\n\t<meta property=\"og:image:height\" content=\"875\" \/>\n\t<meta property=\"og:image:type\" content=\"image\/jpeg\" \/>\n<meta name=\"author\" content=\"Cecilia Pastrana\" \/>\n<meta name=\"twitter:card\" content=\"summary_large_image\" \/>\n<meta name=\"twitter:creator\" content=\"@nahuproduciones\" \/>\n<meta name=\"twitter:site\" content=\"@nahuproduciones\" \/>\n<meta name=\"twitter:label1\" content=\"Escrito por\" \/>\n\t<meta name=\"twitter:data1\" content=\"Cecilia Pastrana\" \/>\n\t<meta name=\"twitter:label2\" content=\"Tiempo de lectura\" \/>\n\t<meta name=\"twitter:data2\" content=\"1 minuto\" \/>\n<script type=\"application\/ld+json\" class=\"yoast-schema-graph\">{\"@context\":\"https:\/\/schema.org\",\"@graph\":[{\"@type\":\"WebPage\",\"@id\":\"https:\/\/nahuelproducciones.com.ar\/radioquijano\/campo-quijano-cierra-su-temporada-deportiva-con-un-evento-especial-en-la-plaza-24-de-septiembre\/\",\"url\":\"https:\/\/nahuelproducciones.com.ar\/radioquijano\/campo-quijano-cierra-su-temporada-deportiva-con-un-evento-especial-en-la-plaza-24-de-septiembre\/\",\"name\":\"Campo Quijano cierra su temporada deportiva con un evento especial en la plaza 24 de Septiembre - RQ 99.9\",\"isPartOf\":{\"@id\":\"https:\/\/nahuelproducciones.com.ar\/radioquijano\/#website\"},\"datePublished\":\"2024-12-03T10:33:35+00:00\",\"dateModified\":\"2024-12-03T10:33:37+00:00\",\"author\":{\"@id\":\"https:\/\/nahuelproducciones.com.ar\/radioquijano\/#\/schema\/person\/e8a4f939e2cb487fe6d0c54042c9d32c\"},\"description\":\"El s\u00e1bado 7 de diciembre a partir de las 9.00 horas en la plaza 24 de Septiembre.\",\"breadcrumb\":{\"@id\":\"https:\/\/nahuelproducciones.com.ar\/radioquijano\/campo-quijano-cierra-su-temporada-deportiva-con-un-evento-especial-en-la-plaza-24-de-septiembre\/#breadcrumb\"},\"inLanguage\":\"es\",\"potentialAction\":[{\"@type\":\"ReadAction\",\"target\":[\"https:\/\/nahuelproducciones.com.ar\/radioquijano\/campo-quijano-cierra-su-temporada-deportiva-con-un-evento-especial-en-la-plaza-24-de-septiembre\/\"]}]},{\"@type\":\"BreadcrumbList\",\"@id\":\"https:\/\/nahuelproducciones.com.ar\/radioquijano\/campo-quijano-cierra-su-temporada-deportiva-con-un-evento-especial-en-la-plaza-24-de-septiembre\/#breadcrumb\",\"itemListElement\":[{\"@type\":\"ListItem\",\"position\":1,\"name\":\"Portada\",\"item\":\"https:\/\/nahuelproducciones.com.ar\/radioquijano\/\"},{\"@type\":\"ListItem\",\"position\":2,\"name\":\"Campo Quijano cierra su temporada deportiva con un evento especial en la plaza 24 de Septiembre\"}]},{\"@type\":\"WebSite\",\"@id\":\"https:\/\/nahuelproducciones.com.ar\/radioquijano\/#website\",\"url\":\"https:\/\/nahuelproducciones.com.ar\/radioquijano\/\",\"name\":\"RQ 99.9\",\"description\":\"Radio Quijano 99.9 MHz\",\"potentialAction\":[{\"@type\":\"SearchAction\",\"target\":{\"@type\":\"EntryPoint\",\"urlTemplate\":\"https:\/\/nahuelproducciones.com.ar\/radioquijano\/?s={search_term_string}\"},\"query-input\":\"required name=search_term_string\"}],\"inLanguage\":\"es\"},{\"@type\":\"Person\",\"@id\":\"https:\/\/nahuelproducciones.com.ar\/radioquijano\/#\/schema\/person\/e8a4f939e2cb487fe6d0c54042c9d32c\",\"name\":\"Cecilia Pastrana\",\"image\":{\"@type\":\"ImageObject\",\"inLanguage\":\"es\",\"@id\":\"https:\/\/nahuelproducciones.com.ar\/radioquijano\/#\/schema\/person\/image\/\",\"url\":\"https:\/\/secure.gravatar.com\/avatar\/661a3ef63a8488d4f2794ed44af8cf71420f7e106f3072c40125114df5157749?s=96&d=mm&r=g\",\"contentUrl\":\"https:\/\/secure.gravatar.com\/avatar\/661a3ef63a8488d4f2794ed44af8cf71420f7e106f3072c40125114df5157749?s=96&d=mm&r=g\",\"caption\":\"Cecilia Pastrana\"},\"sameAs\":[\"cecy\"],\"url\":\"https:\/\/nahuelproducciones.com.ar\/radioquijano\/author\/cecy\/\"}]}<\/script>\n<!-- \/ Yoast SEO plugin. -->","yoast_head_json":{"title":"Campo Quijano cierra su temporada deportiva con un evento especial en la plaza 24 de Septiembre - RQ 99.9","description":"El s\u00e1bado 7 de diciembre a partir de las 9.00 horas en la plaza 24 de Septiembre.","robots":{"index":"index","follow":"follow","max-snippet":"max-snippet:-1","max-image-preview":"max-image-preview:large","max-video-preview":"max-video-preview:-1"},"canonical":"https:\/\/nahuelproducciones.com.ar\/radioquijano\/campo-quijano-cierra-su-temporada-deportiva-con-un-evento-especial-en-la-plaza-24-de-septiembre\/","og_locale":"es_ES","og_type":"article","og_title":"Campo Quijano cierra su temporada deportiva con un evento especial en la plaza 24 de Septiembre - RQ 99.9","og_description":"El s\u00e1bado 7 de diciembre a partir de las 9.00 horas en la plaza 24 de Septiembre.","og_url":"https:\/\/nahuelproducciones.com.ar\/radioquijano\/campo-quijano-cierra-su-temporada-deportiva-con-un-evento-especial-en-la-plaza-24-de-septiembre\/","og_site_name":"RQ 99.9","article_publisher":"https:\/\/www.facebook.com\/nahuelproducciones999\/","article_published_time":"2024-12-03T10:33:35+00:00","article_modified_time":"2024-12-03T10:33:37+00:00","og_image":[{"width":700,"height":875,"url":"https:\/\/nahuelproducciones.com.ar\/radioquijano\/wp-content\/uploads\/2024\/12\/468877090_986098463546564_2611593372859217601_n-e1733221956558.jpg","type":"image\/jpeg"}],"author":"Cecilia Pastrana","twitter_card":"summary_large_image","twitter_creator":"@nahuproduciones","twitter_site":"@nahuproduciones","twitter_misc":{"Escrito por":"Cecilia Pastrana","Tiempo de lectura":"1 minuto"},"schema":{"@context":"https:\/\/schema.org","@graph":[{"@type":"WebPage","@id":"https:\/\/nahuelproducciones.com.ar\/radioquijano\/campo-quijano-cierra-su-temporada-deportiva-con-un-evento-especial-en-la-plaza-24-de-septiembre\/","url":"https:\/\/nahuelproducciones.com.ar\/radioquijano\/campo-quijano-cierra-su-temporada-deportiva-con-un-evento-especial-en-la-plaza-24-de-septiembre\/","name":"Campo Quijano cierra su temporada deportiva con un evento especial en la plaza 24 de Septiembre - RQ 99.9","isPartOf":{"@id":"https:\/\/nahuelproducciones.com.ar\/radioquijano\/#website"},"datePublished":"2024-12-03T10:33:35+00:00","dateModified":"2024-12-03T10:33:37+00:00","author":{"@id":"https:\/\/nahuelproducciones.com.ar\/radioquijano\/#\/schema\/person\/e8a4f939e2cb487fe6d0c54042c9d32c"},"description":"El s\u00e1bado 7 de diciembre a partir de las 9.00 horas en la plaza 24 de Septiembre.","breadcrumb":{"@id":"https:\/\/nahuelproducciones.com.ar\/radioquijano\/campo-quijano-cierra-su-temporada-deportiva-con-un-evento-especial-en-la-plaza-24-de-septiembre\/#breadcrumb"},"inLanguage":"es","potentialAction":[{"@type":"ReadAction","target":["https:\/\/nahuelproducciones.com.ar\/radioquijano\/campo-quijano-cierra-su-temporada-deportiva-con-un-evento-especial-en-la-plaza-24-de-septiembre\/"]}]},{"@type":"BreadcrumbList","@id":"https:\/\/nahuelproducciones.com.ar\/radioquijano\/campo-quijano-cierra-su-temporada-deportiva-con-un-evento-especial-en-la-plaza-24-de-septiembre\/#breadcrumb","itemListElement":[{"@type":"ListItem","position":1,"name":"Portada","item":"https:\/\/nahuelproducciones.com.ar\/radioquijano\/"},{"@type":"ListItem","position":2,"name":"Campo Quijano cierra su temporada deportiva con un evento especial en la plaza 24 de Septiembre"}]},{"@type":"WebSite","@id":"https:\/\/nahuelproducciones.com.ar\/radioquijano\/#website","url":"https:\/\/nahuelproducciones.com.ar\/radioquijano\/","name":"RQ 99.9","description":"Radio Quijano 99.9 MHz","potentialAction":[{"@type":"SearchAction","target":{"@type":"EntryPoint","urlTemplate":"https:\/\/nahuelproducciones.com.ar\/radioquijano\/?s={search_term_string}"},"query-input":"required name=search_term_string"}],"inLanguage":"es"},{"@type":"Person","@id":"https:\/\/nahuelproducciones.com.ar\/radioquijano\/#\/schema\/person\/e8a4f939e2cb487fe6d0c54042c9d32c","name":"Cecilia Pastrana","image":{"@type":"ImageObject","inLanguage":"es","@id":"https:\/\/nahuelproducciones.com.ar\/radioquijano\/#\/schema\/person\/image\/","url":"https:\/\/secure.gravatar.com\/avatar\/661a3ef63a8488d4f2794ed44af8cf71420f7e106f3072c40125114df5157749?s=96&d=mm&r=g","contentUrl":"https:\/\/secure.gravatar.com\/avatar\/661a3ef63a8488d4f2794ed44af8cf71420f7e106f3072c40125114df5157749?s=96&d=mm&r=g","caption":"Cecilia Pastrana"},"sameAs":["cecy"],"url":"https:\/\/nahuelproducciones.com.ar\/radioquijano\/author\/cecy\/"}]}},"_links":{"self":[{"href":"https:\/\/nahuelproducciones.com.ar\/radioquijano\/wp-json\/wp\/v2\/posts\/9380","targetHints":{"allow":["GET"]}}],"collection":[{"href":"https:\/\/nahuelproducciones.com.ar\/radioquijano\/wp-json\/wp\/v2\/posts"}],"about":[{"href":"https:\/\/nahuelproducciones.com.ar\/radioquijano\/wp-json\/wp\/v2\/types\/post"}],"author":[{"embeddable":true,"href":"https:\/\/nahuelproducciones.com.ar\/radioquijano\/wp-json\/wp\/v2\/users\/8"}],"replies":[{"embeddable":true,"href":"https:\/\/nahuelproducciones.com.ar\/radioquijano\/wp-json\/wp\/v2\/comments?post=9380"}],"version-history":[{"count":1,"href":"https:\/\/nahuelproducciones.com.ar\/radioquijano\/wp-json\/wp\/v2\/posts\/9380\/revisions"}],"predecessor-version":[{"id":9382,"href":"https:\/\/nahuelproducciones.com.ar\/radioquijano\/wp-json\/wp\/v2\/posts\/9380\/revisions\/9382"}],"wp:featuredmedia":[{"embeddable":true,"href":"https:\/\/nahuelproducciones.com.ar\/radioquijano\/wp-json\/wp\/v2\/media\/9381"}],"wp:attachment":[{"href":"https:\/\/nahuelproducciones.com.ar\/radioquijano\/wp-json\/wp\/v2\/media?parent=9380"}],"wp:term":[{"taxonomy":"category","embeddable":true,"href":"https:\/\/nahuelproducciones.com.ar\/radioquijano\/wp-json\/wp\/v2\/categories?post=9380"},{"taxonomy":"post_tag","embeddable":true,"href":"https:\/\/nahuelproducciones.com.ar\/radioquijano\/wp-json\/wp\/v2\/tags?post=9380"}],"curies":[{"name":"wp","href":"https:\/\/api.w.org\/{rel}","templated":true}]}}