{"id":9406,"date":"2024-12-06T09:15:11","date_gmt":"2024-12-06T12:15:11","guid":{"rendered":"https:\/\/nahuelproducciones.com.ar\/radioquijano\/?p=9406"},"modified":"2024-12-06T09:15:13","modified_gmt":"2024-12-06T12:15:13","slug":"la-silleta-se-prepara-para-encender-el-arbol-de-los-deseos","status":"publish","type":"post","link":"https:\/\/nahuelproducciones.com.ar\/radioquijano\/la-silleta-se-prepara-para-encender-el-arbol-de-los-deseos\/","title":{"rendered":"La Silleta se prepara para encender el \u00c1rbol de los Deseos"},"content":{"rendered":"\n<p>La comunidad de La Silleta se llena de esp\u00edritu navide\u00f1o mientras ultiman detalles para el encendido del \u00ab\u00c1rbol de los Deseos\u00bb, una actividad que invita a vecinos y visitantes a compartir frases y deseos para estas fiestas.<\/p>\n\n\n\n<p>El evento central se llevar\u00e1 a cabo el pr\u00f3ximo <strong>8 de diciembre a las 19:00 horas<\/strong> , en la delegaci\u00f3n municipal, bajo la coordinaci\u00f3n del delegado Lorenzo \u00abPaco\u00bb Vilte, quien expres\u00f3 su entusiasmo: <em>\u00abEsperamos que todos se sumen a esta propuesta que celebra la uni\u00f3n y los buenos deseos en estas fiestas\u00bb<\/em> .<\/p>\n\n\n\n<p>Hasta el mismo d\u00eda del encendido, a las 18:00 horas, se recibir\u00e1n adornos navide\u00f1os confeccionados con materiales reciclados, promoviendo as\u00ed una celebraci\u00f3n m\u00e1s sostenible y creativa. Adem\u00e1s, quienes deseen participar con villancicos tendr\u00e1n la oportunidad de sumarse al evento y aportar m\u00fasica y alegr\u00eda a la jornada.<\/p>\n\n\n\n<p>El \u00c1rbol de los Deseos es una iniciativa que busca reforzar los lazos comunitarios y ofrecer un espacio para expresar esperanzas y sue\u00f1os para el a\u00f1o venidero. Se invita a toda la comunidad a ser parte de esta celebraci\u00f3n especial.<\/p>\n","protected":false},"excerpt":{"rendered":"<p>La comunidad de La Silleta se llena de esp\u00edritu navide\u00f1o mientras ultiman detalles para el encendido del \u00ab\u00c1rbol de los Deseos\u00bb, una actividad que invita a vecinos y visitantes a compartir frases y deseos para estas fiestas. El evento central se llevar\u00e1 a cabo el pr\u00f3ximo 8 de diciembre a las 19:00 horas , en [&hellip;]<\/p>\n","protected":false},"author":8,"featured_media":9407,"comment_status":"open","ping_status":"open","sticky":false,"template":"","format":"standard","meta":{"_monsterinsights_skip_tracking":false,"_monsterinsights_sitenote_active":false,"_monsterinsights_sitenote_note":"","_monsterinsights_sitenote_category":0,"footnotes":""},"categories":[16],"tags":[1693,1404,100],"class_list":["post-9406","post","type-post","status-publish","format-standard","has-post-thumbnail","hentry","category-noticias","tag-arbol-de-los-deseos","tag-delegado-de-la-silleta-sr-lorenzo-paco-raul-dario-vilte","tag-municipio-de-campo-quijano"],"yoast_head":"<!-- This site is optimized with the Yoast SEO plugin v20.8 - https:\/\/yoast.com\/wordpress\/plugins\/seo\/ -->\n<title>La Silleta se prepara para encender el \u00c1rbol de los Deseos - RQ 99.9<\/title>\n<meta name=\"description\" content=\"Hasta el d\u00eda 8 de diciembre a 18:00 hs pueden dejar los mensajes con sus deseos o adornos reciclados.\" \/>\n<meta name=\"robots\" content=\"index, follow, max-snippet:-1, max-image-preview:large, max-video-preview:-1\" \/>\n<link rel=\"canonical\" href=\"https:\/\/nahuelproducciones.com.ar\/radioquijano\/la-silleta-se-prepara-para-encender-el-arbol-de-los-deseos\/\" \/>\n<meta property=\"og:locale\" content=\"es_ES\" \/>\n<meta property=\"og:type\" content=\"article\" \/>\n<meta property=\"og:title\" content=\"La Silleta se prepara para encender el \u00c1rbol de los Deseos - RQ 99.9\" \/>\n<meta property=\"og:description\" content=\"Hasta el d\u00eda 8 de diciembre a 18:00 hs pueden dejar los mensajes con sus deseos o adornos reciclados.\" \/>\n<meta property=\"og:url\" content=\"https:\/\/nahuelproducciones.com.ar\/radioquijano\/la-silleta-se-prepara-para-encender-el-arbol-de-los-deseos\/\" \/>\n<meta property=\"og:site_name\" content=\"RQ 99.9\" \/>\n<meta property=\"article:publisher\" content=\"https:\/\/www.facebook.com\/nahuelproducciones999\/\" \/>\n<meta property=\"article:published_time\" content=\"2024-12-06T12:15:11+00:00\" \/>\n<meta property=\"article:modified_time\" content=\"2024-12-06T12:15:13+00:00\" \/>\n<meta property=\"og:image\" content=\"https:\/\/nahuelproducciones.com.ar\/radioquijano\/wp-content\/uploads\/2024\/12\/a6090aaa-f5fb-4845-b0f7-01622e79b9b9-e1733487304937.jpg\" \/>\n\t<meta property=\"og:image:width\" content=\"700\" \/>\n\t<meta property=\"og:image:height\" content=\"1244\" \/>\n\t<meta property=\"og:image:type\" content=\"image\/jpeg\" \/>\n<meta name=\"author\" content=\"Cecilia Pastrana\" \/>\n<meta name=\"twitter:card\" content=\"summary_large_image\" \/>\n<meta name=\"twitter:creator\" content=\"@nahuproduciones\" \/>\n<meta name=\"twitter:site\" content=\"@nahuproduciones\" \/>\n<meta name=\"twitter:label1\" content=\"Escrito por\" \/>\n\t<meta name=\"twitter:data1\" content=\"Cecilia Pastrana\" \/>\n\t<meta name=\"twitter:label2\" content=\"Tiempo de lectura\" \/>\n\t<meta name=\"twitter:data2\" content=\"1 minuto\" \/>\n<script type=\"application\/ld+json\" class=\"yoast-schema-graph\">{\"@context\":\"https:\/\/schema.org\",\"@graph\":[{\"@type\":\"WebPage\",\"@id\":\"https:\/\/nahuelproducciones.com.ar\/radioquijano\/la-silleta-se-prepara-para-encender-el-arbol-de-los-deseos\/\",\"url\":\"https:\/\/nahuelproducciones.com.ar\/radioquijano\/la-silleta-se-prepara-para-encender-el-arbol-de-los-deseos\/\",\"name\":\"La Silleta se prepara para encender el \u00c1rbol de los Deseos - RQ 99.9\",\"isPartOf\":{\"@id\":\"https:\/\/nahuelproducciones.com.ar\/radioquijano\/#website\"},\"datePublished\":\"2024-12-06T12:15:11+00:00\",\"dateModified\":\"2024-12-06T12:15:13+00:00\",\"author\":{\"@id\":\"https:\/\/nahuelproducciones.com.ar\/radioquijano\/#\/schema\/person\/e8a4f939e2cb487fe6d0c54042c9d32c\"},\"description\":\"Hasta el d\u00eda 8 de diciembre a 18:00 hs pueden dejar los mensajes con sus deseos o adornos reciclados.\",\"breadcrumb\":{\"@id\":\"https:\/\/nahuelproducciones.com.ar\/radioquijano\/la-silleta-se-prepara-para-encender-el-arbol-de-los-deseos\/#breadcrumb\"},\"inLanguage\":\"es\",\"potentialAction\":[{\"@type\":\"ReadAction\",\"target\":[\"https:\/\/nahuelproducciones.com.ar\/radioquijano\/la-silleta-se-prepara-para-encender-el-arbol-de-los-deseos\/\"]}]},{\"@type\":\"BreadcrumbList\",\"@id\":\"https:\/\/nahuelproducciones.com.ar\/radioquijano\/la-silleta-se-prepara-para-encender-el-arbol-de-los-deseos\/#breadcrumb\",\"itemListElement\":[{\"@type\":\"ListItem\",\"position\":1,\"name\":\"Portada\",\"item\":\"https:\/\/nahuelproducciones.com.ar\/radioquijano\/\"},{\"@type\":\"ListItem\",\"position\":2,\"name\":\"La Silleta se prepara para encender el \u00c1rbol de los Deseos\"}]},{\"@type\":\"WebSite\",\"@id\":\"https:\/\/nahuelproducciones.com.ar\/radioquijano\/#website\",\"url\":\"https:\/\/nahuelproducciones.com.ar\/radioquijano\/\",\"name\":\"RQ 99.9\",\"description\":\"Radio Quijano 99.9 MHz\",\"potentialAction\":[{\"@type\":\"SearchAction\",\"target\":{\"@type\":\"EntryPoint\",\"urlTemplate\":\"https:\/\/nahuelproducciones.com.ar\/radioquijano\/?s={search_term_string}\"},\"query-input\":\"required name=search_term_string\"}],\"inLanguage\":\"es\"},{\"@type\":\"Person\",\"@id\":\"https:\/\/nahuelproducciones.com.ar\/radioquijano\/#\/schema\/person\/e8a4f939e2cb487fe6d0c54042c9d32c\",\"name\":\"Cecilia Pastrana\",\"image\":{\"@type\":\"ImageObject\",\"inLanguage\":\"es\",\"@id\":\"https:\/\/nahuelproducciones.com.ar\/radioquijano\/#\/schema\/person\/image\/\",\"url\":\"https:\/\/secure.gravatar.com\/avatar\/661a3ef63a8488d4f2794ed44af8cf71420f7e106f3072c40125114df5157749?s=96&d=mm&r=g\",\"contentUrl\":\"https:\/\/secure.gravatar.com\/avatar\/661a3ef63a8488d4f2794ed44af8cf71420f7e106f3072c40125114df5157749?s=96&d=mm&r=g\",\"caption\":\"Cecilia Pastrana\"},\"sameAs\":[\"cecy\"],\"url\":\"https:\/\/nahuelproducciones.com.ar\/radioquijano\/author\/cecy\/\"}]}<\/script>\n<!-- \/ Yoast SEO plugin. -->","yoast_head_json":{"title":"La Silleta se prepara para encender el \u00c1rbol de los Deseos - RQ 99.9","description":"Hasta el d\u00eda 8 de diciembre a 18:00 hs pueden dejar los mensajes con sus deseos o adornos reciclados.","robots":{"index":"index","follow":"follow","max-snippet":"max-snippet:-1","max-image-preview":"max-image-preview:large","max-video-preview":"max-video-preview:-1"},"canonical":"https:\/\/nahuelproducciones.com.ar\/radioquijano\/la-silleta-se-prepara-para-encender-el-arbol-de-los-deseos\/","og_locale":"es_ES","og_type":"article","og_title":"La Silleta se prepara para encender el \u00c1rbol de los Deseos - RQ 99.9","og_description":"Hasta el d\u00eda 8 de diciembre a 18:00 hs pueden dejar los mensajes con sus deseos o adornos reciclados.","og_url":"https:\/\/nahuelproducciones.com.ar\/radioquijano\/la-silleta-se-prepara-para-encender-el-arbol-de-los-deseos\/","og_site_name":"RQ 99.9","article_publisher":"https:\/\/www.facebook.com\/nahuelproducciones999\/","article_published_time":"2024-12-06T12:15:11+00:00","article_modified_time":"2024-12-06T12:15:13+00:00","og_image":[{"width":700,"height":1244,"url":"https:\/\/nahuelproducciones.com.ar\/radioquijano\/wp-content\/uploads\/2024\/12\/a6090aaa-f5fb-4845-b0f7-01622e79b9b9-e1733487304937.jpg","type":"image\/jpeg"}],"author":"Cecilia Pastrana","twitter_card":"summary_large_image","twitter_creator":"@nahuproduciones","twitter_site":"@nahuproduciones","twitter_misc":{"Escrito por":"Cecilia Pastrana","Tiempo de lectura":"1 minuto"},"schema":{"@context":"https:\/\/schema.org","@graph":[{"@type":"WebPage","@id":"https:\/\/nahuelproducciones.com.ar\/radioquijano\/la-silleta-se-prepara-para-encender-el-arbol-de-los-deseos\/","url":"https:\/\/nahuelproducciones.com.ar\/radioquijano\/la-silleta-se-prepara-para-encender-el-arbol-de-los-deseos\/","name":"La Silleta se prepara para encender el \u00c1rbol de los Deseos - RQ 99.9","isPartOf":{"@id":"https:\/\/nahuelproducciones.com.ar\/radioquijano\/#website"},"datePublished":"2024-12-06T12:15:11+00:00","dateModified":"2024-12-06T12:15:13+00:00","author":{"@id":"https:\/\/nahuelproducciones.com.ar\/radioquijano\/#\/schema\/person\/e8a4f939e2cb487fe6d0c54042c9d32c"},"description":"Hasta el d\u00eda 8 de diciembre a 18:00 hs pueden dejar los mensajes con sus deseos o adornos reciclados.","breadcrumb":{"@id":"https:\/\/nahuelproducciones.com.ar\/radioquijano\/la-silleta-se-prepara-para-encender-el-arbol-de-los-deseos\/#breadcrumb"},"inLanguage":"es","potentialAction":[{"@type":"ReadAction","target":["https:\/\/nahuelproducciones.com.ar\/radioquijano\/la-silleta-se-prepara-para-encender-el-arbol-de-los-deseos\/"]}]},{"@type":"BreadcrumbList","@id":"https:\/\/nahuelproducciones.com.ar\/radioquijano\/la-silleta-se-prepara-para-encender-el-arbol-de-los-deseos\/#breadcrumb","itemListElement":[{"@type":"ListItem","position":1,"name":"Portada","item":"https:\/\/nahuelproducciones.com.ar\/radioquijano\/"},{"@type":"ListItem","position":2,"name":"La Silleta se prepara para encender el \u00c1rbol de los Deseos"}]},{"@type":"WebSite","@id":"https:\/\/nahuelproducciones.com.ar\/radioquijano\/#website","url":"https:\/\/nahuelproducciones.com.ar\/radioquijano\/","name":"RQ 99.9","description":"Radio Quijano 99.9 MHz","potentialAction":[{"@type":"SearchAction","target":{"@type":"EntryPoint","urlTemplate":"https:\/\/nahuelproducciones.com.ar\/radioquijano\/?s={search_term_string}"},"query-input":"required name=search_term_string"}],"inLanguage":"es"},{"@type":"Person","@id":"https:\/\/nahuelproducciones.com.ar\/radioquijano\/#\/schema\/person\/e8a4f939e2cb487fe6d0c54042c9d32c","name":"Cecilia Pastrana","image":{"@type":"ImageObject","inLanguage":"es","@id":"https:\/\/nahuelproducciones.com.ar\/radioquijano\/#\/schema\/person\/image\/","url":"https:\/\/secure.gravatar.com\/avatar\/661a3ef63a8488d4f2794ed44af8cf71420f7e106f3072c40125114df5157749?s=96&d=mm&r=g","contentUrl":"https:\/\/secure.gravatar.com\/avatar\/661a3ef63a8488d4f2794ed44af8cf71420f7e106f3072c40125114df5157749?s=96&d=mm&r=g","caption":"Cecilia Pastrana"},"sameAs":["cecy"],"url":"https:\/\/nahuelproducciones.com.ar\/radioquijano\/author\/cecy\/"}]}},"_links":{"self":[{"href":"https:\/\/nahuelproducciones.com.ar\/radioquijano\/wp-json\/wp\/v2\/posts\/9406","targetHints":{"allow":["GET"]}}],"collection":[{"href":"https:\/\/nahuelproducciones.com.ar\/radioquijano\/wp-json\/wp\/v2\/posts"}],"about":[{"href":"https:\/\/nahuelproducciones.com.ar\/radioquijano\/wp-json\/wp\/v2\/types\/post"}],"author":[{"embeddable":true,"href":"https:\/\/nahuelproducciones.com.ar\/radioquijano\/wp-json\/wp\/v2\/users\/8"}],"replies":[{"embeddable":true,"href":"https:\/\/nahuelproducciones.com.ar\/radioquijano\/wp-json\/wp\/v2\/comments?post=9406"}],"version-history":[{"count":1,"href":"https:\/\/nahuelproducciones.com.ar\/radioquijano\/wp-json\/wp\/v2\/posts\/9406\/revisions"}],"predecessor-version":[{"id":9408,"href":"https:\/\/nahuelproducciones.com.ar\/radioquijano\/wp-json\/wp\/v2\/posts\/9406\/revisions\/9408"}],"wp:featuredmedia":[{"embeddable":true,"href":"https:\/\/nahuelproducciones.com.ar\/radioquijano\/wp-json\/wp\/v2\/media\/9407"}],"wp:attachment":[{"href":"https:\/\/nahuelproducciones.com.ar\/radioquijano\/wp-json\/wp\/v2\/media?parent=9406"}],"wp:term":[{"taxonomy":"category","embeddable":true,"href":"https:\/\/nahuelproducciones.com.ar\/radioquijano\/wp-json\/wp\/v2\/categories?post=9406"},{"taxonomy":"post_tag","embeddable":true,"href":"https:\/\/nahuelproducciones.com.ar\/radioquijano\/wp-json\/wp\/v2\/tags?post=9406"}],"curies":[{"name":"wp","href":"https:\/\/api.w.org\/{rel}","templated":true}]}}