{"id":9413,"date":"2024-12-06T11:38:22","date_gmt":"2024-12-06T14:38:22","guid":{"rendered":"https:\/\/nahuelproducciones.com.ar\/radioquijano\/?p=9413"},"modified":"2024-12-06T11:38:23","modified_gmt":"2024-12-06T14:38:23","slug":"invitacion-a-la-peregrinacion-y-misa-en-honor-a-la-virgen-inmaculada-concepcion","status":"publish","type":"post","link":"https:\/\/nahuelproducciones.com.ar\/radioquijano\/invitacion-a-la-peregrinacion-y-misa-en-honor-a-la-virgen-inmaculada-concepcion\/","title":{"rendered":"Invitaci\u00f3n a la Peregrinaci\u00f3n y Misa en Honor a la Virgen Inmaculada Concepci\u00f3n"},"content":{"rendered":"\n<p>La comunidad de la <strong>Gruta Virgen de Luj\u00e1n<\/strong> , ubicada en el Barrio San Antonio, sobre la Ruta 51, kil\u00f3metro 10, en <strong>La Silleta<\/strong> , invita a participar de una peregrinaci\u00f3n y misa especial en honor a la <strong>Virgen Inmaculada Concepci\u00f3n<\/strong> .<\/p>\n\n\n\n<p>El evento se llevar\u00e1 a cabo el pr\u00f3ximo <strong>s\u00e1bado 7 de diciembre<\/strong> . La peregrinaci\u00f3n partir\u00e1 desde la <strong>Capilla de Luj\u00e1n<\/strong> a las 18:00 horas, dirigi\u00e9ndose hacia La Silleta, donde los fieles ser\u00e1n recibidos a las 20:00 horas en la gruta de la Virgen.<\/p>\n\n\n\n<p>La jornada incluye una <strong>celebraci\u00f3n de la Misa<\/strong> y una procesi\u00f3n con <strong>misachicos<\/strong> , una tradici\u00f3n que refleja la devoci\u00f3n popular a trav\u00e9s del acompa\u00f1amiento de im\u00e1genes religiosas familiares.<\/p>\n\n\n\n<p>Se invita a las familias y fieles a unirse con sus im\u00e1genes para compartir este momento de fe y uni\u00f3n comunitaria.<\/p>\n\n\n\n<p>La comunidad espera vivir una noche de espiritualidad y celebraci\u00f3n en honor a la Virgen Inmaculada Concepci\u00f3n, uniendo corazones en la oraci\u00f3n y la tradici\u00f3n.<\/p>\n\n\n\n<p><\/p>\n","protected":false},"excerpt":{"rendered":"<p>La comunidad de la Gruta Virgen de Luj\u00e1n , ubicada en el Barrio San Antonio, sobre la Ruta 51, kil\u00f3metro 10, en La Silleta , invita a participar de una peregrinaci\u00f3n y misa especial en honor a la Virgen Inmaculada Concepci\u00f3n . El evento se llevar\u00e1 a cabo el pr\u00f3ximo s\u00e1bado 7 de diciembre . [&hellip;]<\/p>\n","protected":false},"author":8,"featured_media":9414,"comment_status":"open","ping_status":"open","sticky":false,"template":"","format":"standard","meta":{"_monsterinsights_skip_tracking":false,"_monsterinsights_sitenote_active":false,"_monsterinsights_sitenote_note":"","_monsterinsights_sitenote_category":0,"footnotes":""},"categories":[16],"tags":[1695,77,100],"class_list":["post-9413","post","type-post","status-publish","format-standard","has-post-thumbnail","hentry","category-noticias","tag-gruta-virgen-de-lujan","tag-la-silleta","tag-municipio-de-campo-quijano"],"yoast_head":"<!-- This site is optimized with the Yoast SEO plugin v20.8 - https:\/\/yoast.com\/wordpress\/plugins\/seo\/ -->\n<title>Invitaci\u00f3n a la Peregrinaci\u00f3n y Misa en Honor a la Virgen Inmaculada Concepci\u00f3n - RQ 99.9<\/title>\n<meta name=\"description\" content=\"La peregrinaci\u00f3n partir\u00e1 desde la Capilla de Luj\u00e1n a las 18:00 horas el s\u00e1bado 7 de diciembre .\" \/>\n<meta name=\"robots\" content=\"index, follow, max-snippet:-1, max-image-preview:large, max-video-preview:-1\" \/>\n<link rel=\"canonical\" href=\"https:\/\/nahuelproducciones.com.ar\/radioquijano\/invitacion-a-la-peregrinacion-y-misa-en-honor-a-la-virgen-inmaculada-concepcion\/\" \/>\n<meta property=\"og:locale\" content=\"es_ES\" \/>\n<meta property=\"og:type\" content=\"article\" \/>\n<meta property=\"og:title\" content=\"Invitaci\u00f3n a la Peregrinaci\u00f3n y Misa en Honor a la Virgen Inmaculada Concepci\u00f3n - RQ 99.9\" \/>\n<meta property=\"og:description\" content=\"La peregrinaci\u00f3n partir\u00e1 desde la Capilla de Luj\u00e1n a las 18:00 horas el s\u00e1bado 7 de diciembre .\" \/>\n<meta property=\"og:url\" content=\"https:\/\/nahuelproducciones.com.ar\/radioquijano\/invitacion-a-la-peregrinacion-y-misa-en-honor-a-la-virgen-inmaculada-concepcion\/\" \/>\n<meta property=\"og:site_name\" content=\"RQ 99.9\" \/>\n<meta property=\"article:publisher\" content=\"https:\/\/www.facebook.com\/nahuelproducciones999\/\" \/>\n<meta property=\"article:published_time\" content=\"2024-12-06T14:38:22+00:00\" \/>\n<meta property=\"article:modified_time\" content=\"2024-12-06T14:38:23+00:00\" \/>\n<meta property=\"og:image\" content=\"https:\/\/nahuelproducciones.com.ar\/radioquijano\/wp-content\/uploads\/2024\/12\/469101564_907598341501865_7362369791712941926_n-e1733495829814.jpg\" \/>\n\t<meta property=\"og:image:width\" content=\"700\" \/>\n\t<meta property=\"og:image:height\" content=\"1194\" \/>\n\t<meta property=\"og:image:type\" content=\"image\/jpeg\" \/>\n<meta name=\"author\" content=\"Cecilia Pastrana\" \/>\n<meta name=\"twitter:card\" content=\"summary_large_image\" \/>\n<meta name=\"twitter:creator\" content=\"@nahuproduciones\" \/>\n<meta name=\"twitter:site\" content=\"@nahuproduciones\" \/>\n<meta name=\"twitter:label1\" content=\"Escrito por\" \/>\n\t<meta name=\"twitter:data1\" content=\"Cecilia Pastrana\" \/>\n\t<meta name=\"twitter:label2\" content=\"Tiempo de lectura\" \/>\n\t<meta name=\"twitter:data2\" content=\"1 minuto\" \/>\n<script type=\"application\/ld+json\" class=\"yoast-schema-graph\">{\"@context\":\"https:\/\/schema.org\",\"@graph\":[{\"@type\":\"WebPage\",\"@id\":\"https:\/\/nahuelproducciones.com.ar\/radioquijano\/invitacion-a-la-peregrinacion-y-misa-en-honor-a-la-virgen-inmaculada-concepcion\/\",\"url\":\"https:\/\/nahuelproducciones.com.ar\/radioquijano\/invitacion-a-la-peregrinacion-y-misa-en-honor-a-la-virgen-inmaculada-concepcion\/\",\"name\":\"Invitaci\u00f3n a la Peregrinaci\u00f3n y Misa en Honor a la Virgen Inmaculada Concepci\u00f3n - RQ 99.9\",\"isPartOf\":{\"@id\":\"https:\/\/nahuelproducciones.com.ar\/radioquijano\/#website\"},\"datePublished\":\"2024-12-06T14:38:22+00:00\",\"dateModified\":\"2024-12-06T14:38:23+00:00\",\"author\":{\"@id\":\"https:\/\/nahuelproducciones.com.ar\/radioquijano\/#\/schema\/person\/e8a4f939e2cb487fe6d0c54042c9d32c\"},\"description\":\"La peregrinaci\u00f3n partir\u00e1 desde la Capilla de Luj\u00e1n a las 18:00 horas el s\u00e1bado 7 de diciembre .\",\"breadcrumb\":{\"@id\":\"https:\/\/nahuelproducciones.com.ar\/radioquijano\/invitacion-a-la-peregrinacion-y-misa-en-honor-a-la-virgen-inmaculada-concepcion\/#breadcrumb\"},\"inLanguage\":\"es\",\"potentialAction\":[{\"@type\":\"ReadAction\",\"target\":[\"https:\/\/nahuelproducciones.com.ar\/radioquijano\/invitacion-a-la-peregrinacion-y-misa-en-honor-a-la-virgen-inmaculada-concepcion\/\"]}]},{\"@type\":\"BreadcrumbList\",\"@id\":\"https:\/\/nahuelproducciones.com.ar\/radioquijano\/invitacion-a-la-peregrinacion-y-misa-en-honor-a-la-virgen-inmaculada-concepcion\/#breadcrumb\",\"itemListElement\":[{\"@type\":\"ListItem\",\"position\":1,\"name\":\"Portada\",\"item\":\"https:\/\/nahuelproducciones.com.ar\/radioquijano\/\"},{\"@type\":\"ListItem\",\"position\":2,\"name\":\"Invitaci\u00f3n a la Peregrinaci\u00f3n y Misa en Honor a la Virgen Inmaculada Concepci\u00f3n\"}]},{\"@type\":\"WebSite\",\"@id\":\"https:\/\/nahuelproducciones.com.ar\/radioquijano\/#website\",\"url\":\"https:\/\/nahuelproducciones.com.ar\/radioquijano\/\",\"name\":\"RQ 99.9\",\"description\":\"Radio Quijano 99.9 MHz\",\"potentialAction\":[{\"@type\":\"SearchAction\",\"target\":{\"@type\":\"EntryPoint\",\"urlTemplate\":\"https:\/\/nahuelproducciones.com.ar\/radioquijano\/?s={search_term_string}\"},\"query-input\":\"required name=search_term_string\"}],\"inLanguage\":\"es\"},{\"@type\":\"Person\",\"@id\":\"https:\/\/nahuelproducciones.com.ar\/radioquijano\/#\/schema\/person\/e8a4f939e2cb487fe6d0c54042c9d32c\",\"name\":\"Cecilia Pastrana\",\"image\":{\"@type\":\"ImageObject\",\"inLanguage\":\"es\",\"@id\":\"https:\/\/nahuelproducciones.com.ar\/radioquijano\/#\/schema\/person\/image\/\",\"url\":\"https:\/\/secure.gravatar.com\/avatar\/661a3ef63a8488d4f2794ed44af8cf71420f7e106f3072c40125114df5157749?s=96&d=mm&r=g\",\"contentUrl\":\"https:\/\/secure.gravatar.com\/avatar\/661a3ef63a8488d4f2794ed44af8cf71420f7e106f3072c40125114df5157749?s=96&d=mm&r=g\",\"caption\":\"Cecilia Pastrana\"},\"sameAs\":[\"cecy\"],\"url\":\"https:\/\/nahuelproducciones.com.ar\/radioquijano\/author\/cecy\/\"}]}<\/script>\n<!-- \/ Yoast SEO plugin. -->","yoast_head_json":{"title":"Invitaci\u00f3n a la Peregrinaci\u00f3n y Misa en Honor a la Virgen Inmaculada Concepci\u00f3n - RQ 99.9","description":"La peregrinaci\u00f3n partir\u00e1 desde la Capilla de Luj\u00e1n a las 18:00 horas el s\u00e1bado 7 de diciembre .","robots":{"index":"index","follow":"follow","max-snippet":"max-snippet:-1","max-image-preview":"max-image-preview:large","max-video-preview":"max-video-preview:-1"},"canonical":"https:\/\/nahuelproducciones.com.ar\/radioquijano\/invitacion-a-la-peregrinacion-y-misa-en-honor-a-la-virgen-inmaculada-concepcion\/","og_locale":"es_ES","og_type":"article","og_title":"Invitaci\u00f3n a la Peregrinaci\u00f3n y Misa en Honor a la Virgen Inmaculada Concepci\u00f3n - RQ 99.9","og_description":"La peregrinaci\u00f3n partir\u00e1 desde la Capilla de Luj\u00e1n a las 18:00 horas el s\u00e1bado 7 de diciembre .","og_url":"https:\/\/nahuelproducciones.com.ar\/radioquijano\/invitacion-a-la-peregrinacion-y-misa-en-honor-a-la-virgen-inmaculada-concepcion\/","og_site_name":"RQ 99.9","article_publisher":"https:\/\/www.facebook.com\/nahuelproducciones999\/","article_published_time":"2024-12-06T14:38:22+00:00","article_modified_time":"2024-12-06T14:38:23+00:00","og_image":[{"width":700,"height":1194,"url":"https:\/\/nahuelproducciones.com.ar\/radioquijano\/wp-content\/uploads\/2024\/12\/469101564_907598341501865_7362369791712941926_n-e1733495829814.jpg","type":"image\/jpeg"}],"author":"Cecilia Pastrana","twitter_card":"summary_large_image","twitter_creator":"@nahuproduciones","twitter_site":"@nahuproduciones","twitter_misc":{"Escrito por":"Cecilia Pastrana","Tiempo de lectura":"1 minuto"},"schema":{"@context":"https:\/\/schema.org","@graph":[{"@type":"WebPage","@id":"https:\/\/nahuelproducciones.com.ar\/radioquijano\/invitacion-a-la-peregrinacion-y-misa-en-honor-a-la-virgen-inmaculada-concepcion\/","url":"https:\/\/nahuelproducciones.com.ar\/radioquijano\/invitacion-a-la-peregrinacion-y-misa-en-honor-a-la-virgen-inmaculada-concepcion\/","name":"Invitaci\u00f3n a la Peregrinaci\u00f3n y Misa en Honor a la Virgen Inmaculada Concepci\u00f3n - RQ 99.9","isPartOf":{"@id":"https:\/\/nahuelproducciones.com.ar\/radioquijano\/#website"},"datePublished":"2024-12-06T14:38:22+00:00","dateModified":"2024-12-06T14:38:23+00:00","author":{"@id":"https:\/\/nahuelproducciones.com.ar\/radioquijano\/#\/schema\/person\/e8a4f939e2cb487fe6d0c54042c9d32c"},"description":"La peregrinaci\u00f3n partir\u00e1 desde la Capilla de Luj\u00e1n a las 18:00 horas el s\u00e1bado 7 de diciembre .","breadcrumb":{"@id":"https:\/\/nahuelproducciones.com.ar\/radioquijano\/invitacion-a-la-peregrinacion-y-misa-en-honor-a-la-virgen-inmaculada-concepcion\/#breadcrumb"},"inLanguage":"es","potentialAction":[{"@type":"ReadAction","target":["https:\/\/nahuelproducciones.com.ar\/radioquijano\/invitacion-a-la-peregrinacion-y-misa-en-honor-a-la-virgen-inmaculada-concepcion\/"]}]},{"@type":"BreadcrumbList","@id":"https:\/\/nahuelproducciones.com.ar\/radioquijano\/invitacion-a-la-peregrinacion-y-misa-en-honor-a-la-virgen-inmaculada-concepcion\/#breadcrumb","itemListElement":[{"@type":"ListItem","position":1,"name":"Portada","item":"https:\/\/nahuelproducciones.com.ar\/radioquijano\/"},{"@type":"ListItem","position":2,"name":"Invitaci\u00f3n a la Peregrinaci\u00f3n y Misa en Honor a la Virgen Inmaculada Concepci\u00f3n"}]},{"@type":"WebSite","@id":"https:\/\/nahuelproducciones.com.ar\/radioquijano\/#website","url":"https:\/\/nahuelproducciones.com.ar\/radioquijano\/","name":"RQ 99.9","description":"Radio Quijano 99.9 MHz","potentialAction":[{"@type":"SearchAction","target":{"@type":"EntryPoint","urlTemplate":"https:\/\/nahuelproducciones.com.ar\/radioquijano\/?s={search_term_string}"},"query-input":"required name=search_term_string"}],"inLanguage":"es"},{"@type":"Person","@id":"https:\/\/nahuelproducciones.com.ar\/radioquijano\/#\/schema\/person\/e8a4f939e2cb487fe6d0c54042c9d32c","name":"Cecilia Pastrana","image":{"@type":"ImageObject","inLanguage":"es","@id":"https:\/\/nahuelproducciones.com.ar\/radioquijano\/#\/schema\/person\/image\/","url":"https:\/\/secure.gravatar.com\/avatar\/661a3ef63a8488d4f2794ed44af8cf71420f7e106f3072c40125114df5157749?s=96&d=mm&r=g","contentUrl":"https:\/\/secure.gravatar.com\/avatar\/661a3ef63a8488d4f2794ed44af8cf71420f7e106f3072c40125114df5157749?s=96&d=mm&r=g","caption":"Cecilia Pastrana"},"sameAs":["cecy"],"url":"https:\/\/nahuelproducciones.com.ar\/radioquijano\/author\/cecy\/"}]}},"_links":{"self":[{"href":"https:\/\/nahuelproducciones.com.ar\/radioquijano\/wp-json\/wp\/v2\/posts\/9413","targetHints":{"allow":["GET"]}}],"collection":[{"href":"https:\/\/nahuelproducciones.com.ar\/radioquijano\/wp-json\/wp\/v2\/posts"}],"about":[{"href":"https:\/\/nahuelproducciones.com.ar\/radioquijano\/wp-json\/wp\/v2\/types\/post"}],"author":[{"embeddable":true,"href":"https:\/\/nahuelproducciones.com.ar\/radioquijano\/wp-json\/wp\/v2\/users\/8"}],"replies":[{"embeddable":true,"href":"https:\/\/nahuelproducciones.com.ar\/radioquijano\/wp-json\/wp\/v2\/comments?post=9413"}],"version-history":[{"count":1,"href":"https:\/\/nahuelproducciones.com.ar\/radioquijano\/wp-json\/wp\/v2\/posts\/9413\/revisions"}],"predecessor-version":[{"id":9415,"href":"https:\/\/nahuelproducciones.com.ar\/radioquijano\/wp-json\/wp\/v2\/posts\/9413\/revisions\/9415"}],"wp:featuredmedia":[{"embeddable":true,"href":"https:\/\/nahuelproducciones.com.ar\/radioquijano\/wp-json\/wp\/v2\/media\/9414"}],"wp:attachment":[{"href":"https:\/\/nahuelproducciones.com.ar\/radioquijano\/wp-json\/wp\/v2\/media?parent=9413"}],"wp:term":[{"taxonomy":"category","embeddable":true,"href":"https:\/\/nahuelproducciones.com.ar\/radioquijano\/wp-json\/wp\/v2\/categories?post=9413"},{"taxonomy":"post_tag","embeddable":true,"href":"https:\/\/nahuelproducciones.com.ar\/radioquijano\/wp-json\/wp\/v2\/tags?post=9413"}],"curies":[{"name":"wp","href":"https:\/\/api.w.org\/{rel}","templated":true}]}}