{"id":9425,"date":"2024-12-09T23:03:43","date_gmt":"2024-12-10T02:03:43","guid":{"rendered":"https:\/\/nahuelproducciones.com.ar\/radioquijano\/?p=9425"},"modified":"2024-12-09T23:09:00","modified_gmt":"2024-12-10T02:09:00","slug":"avanza-la-modernizacion-de-la-plaza-martin-fierro-en-campo-quijano","status":"publish","type":"post","link":"https:\/\/nahuelproducciones.com.ar\/radioquijano\/avanza-la-modernizacion-de-la-plaza-martin-fierro-en-campo-quijano\/","title":{"rendered":"Avanza la modernizaci\u00f3n de la Plaza Mart\u00edn Fierro en Campo Quijano"},"content":{"rendered":"\n<p>Campo Quijano est\u00e1 a punto de dar un gran paso hacia la transformaci\u00f3n de sus espacios p\u00fablicos. La primera etapa de la modernizaci\u00f3n de la Plaza Mart\u00edn Fierro se encuentra en su tramo final y promete convertirse en un lugar ic\u00f3nico para el encuentro y la recreaci\u00f3n de los vecinos y visitantes.<\/p>\n\n\n\n<p>El proyecto incluye la instalaci\u00f3n de <strong>juegos inclusivos y adaptados<\/strong> , dise\u00f1ados para que todos los ni\u00f1os puedan disfrutar plenamente de este espacio, sin importar sus capacidades. Adem\u00e1s, el sector ser\u00e1 renovado con un nuevo parquizado que ofrecer\u00e1 un entorno ideal para las reuniones familiares y de amigos, convirti\u00e9ndose en un espacio pensado para la integraci\u00f3n y el disfrute.<\/p>\n\n\n\n<p>Esta obra es fruto de un esfuerzo conjunto entre el intendente, <strong>Ingeniero Lino Yonar<\/strong> , y el <strong>Gobierno de la Provincia de Salta<\/strong> , quienes trabajan para promover el desarrollo local a trav\u00e9s de la creaci\u00f3n de espacios p\u00fablicos accesibles, modernos y funcionales.<\/p>\n\n\n\n<p>\u201cEstamos construyendo el municipio que todos queremos, con espacios p\u00fablicos que reflejen la inclusi\u00f3n y el progreso. La Plaza Mart\u00edn Fierro ser\u00e1 un s\u00edmbolo de estos valores para Campo Quijano\u201d, destac\u00f3 Yonar.<\/p>\n\n\n\n<p>Con esta obra, Campo Quijano avanza hacia un futuro m\u00e1s inclusivo y sostenible, reafirmando su compromiso con el bienestar de los vecinos y con la promoci\u00f3n del turismo en la regi\u00f3n. La Municipalidad mostr\u00f3 im\u00e1genes del avance en su perfil oficial de Facebook.<\/p>\n\n\n\n<figure class=\"wp-block-gallery has-nested-images columns-default is-cropped wp-block-gallery-1 is-layout-flex wp-block-gallery-is-layout-flex\">\n<figure class=\"wp-block-image size-full\"><img loading=\"lazy\" decoding=\"async\" width=\"600\" height=\"338\" data-id=\"9437\" src=\"https:\/\/nahuelproducciones.com.ar\/radioquijano\/wp-content\/uploads\/2024\/12\/469680087_991132499709827_8271959158228559491_n-2.jpg\" alt=\"\" class=\"wp-image-9437\" srcset=\"https:\/\/nahuelproducciones.com.ar\/radioquijano\/wp-content\/uploads\/2024\/12\/469680087_991132499709827_8271959158228559491_n-2.jpg 600w, https:\/\/nahuelproducciones.com.ar\/radioquijano\/wp-content\/uploads\/2024\/12\/469680087_991132499709827_8271959158228559491_n-2-300x169.jpg 300w, https:\/\/nahuelproducciones.com.ar\/radioquijano\/wp-content\/uploads\/2024\/12\/469680087_991132499709827_8271959158228559491_n-2-150x85.jpg 150w\" sizes=\"auto, (max-width: 600px) 100vw, 600px\" \/><\/figure>\n\n\n\n<figure class=\"wp-block-image size-large\"><img loading=\"lazy\" decoding=\"async\" width=\"768\" height=\"1024\" data-id=\"9428\" src=\"https:\/\/nahuelproducciones.com.ar\/radioquijano\/wp-content\/uploads\/2024\/12\/469813706_991132596376484_7733555236214489178_n-768x1024.jpg\" alt=\"\" class=\"wp-image-9428\" srcset=\"https:\/\/nahuelproducciones.com.ar\/radioquijano\/wp-content\/uploads\/2024\/12\/469813706_991132596376484_7733555236214489178_n-768x1024.jpg 768w, https:\/\/nahuelproducciones.com.ar\/radioquijano\/wp-content\/uploads\/2024\/12\/469813706_991132596376484_7733555236214489178_n-225x300.jpg 225w, https:\/\/nahuelproducciones.com.ar\/radioquijano\/wp-content\/uploads\/2024\/12\/469813706_991132596376484_7733555236214489178_n-640x853.jpg 640w, https:\/\/nahuelproducciones.com.ar\/radioquijano\/wp-content\/uploads\/2024\/12\/469813706_991132596376484_7733555236214489178_n-150x200.jpg 150w, https:\/\/nahuelproducciones.com.ar\/radioquijano\/wp-content\/uploads\/2024\/12\/469813706_991132596376484_7733555236214489178_n.jpg 1080w\" sizes=\"auto, (max-width: 768px) 100vw, 768px\" \/><\/figure>\n\n\n\n<figure class=\"wp-block-image size-large\"><img loading=\"lazy\" decoding=\"async\" width=\"1024\" height=\"576\" data-id=\"9427\" src=\"https:\/\/nahuelproducciones.com.ar\/radioquijano\/wp-content\/uploads\/2024\/12\/469900535_991132699709807_2494139125261688694_n-1024x576.jpg\" alt=\"\" class=\"wp-image-9427\" srcset=\"https:\/\/nahuelproducciones.com.ar\/radioquijano\/wp-content\/uploads\/2024\/12\/469900535_991132699709807_2494139125261688694_n-1024x576.jpg 1024w, https:\/\/nahuelproducciones.com.ar\/radioquijano\/wp-content\/uploads\/2024\/12\/469900535_991132699709807_2494139125261688694_n-300x169.jpg 300w, https:\/\/nahuelproducciones.com.ar\/radioquijano\/wp-content\/uploads\/2024\/12\/469900535_991132699709807_2494139125261688694_n-768x432.jpg 768w, https:\/\/nahuelproducciones.com.ar\/radioquijano\/wp-content\/uploads\/2024\/12\/469900535_991132699709807_2494139125261688694_n-150x84.jpg 150w, https:\/\/nahuelproducciones.com.ar\/radioquijano\/wp-content\/uploads\/2024\/12\/469900535_991132699709807_2494139125261688694_n.jpg 1080w\" sizes=\"auto, (max-width: 1024px) 100vw, 1024px\" \/><\/figure>\n\n\n\n<figure class=\"wp-block-image size-large\"><img loading=\"lazy\" decoding=\"async\" width=\"1024\" height=\"768\" data-id=\"9429\" src=\"https:\/\/nahuelproducciones.com.ar\/radioquijano\/wp-content\/uploads\/2024\/12\/469984279_991132753043135_2490607536641543439_n-1024x768.jpg\" alt=\"\" class=\"wp-image-9429\" srcset=\"https:\/\/nahuelproducciones.com.ar\/radioquijano\/wp-content\/uploads\/2024\/12\/469984279_991132753043135_2490607536641543439_n-1024x768.jpg 1024w, https:\/\/nahuelproducciones.com.ar\/radioquijano\/wp-content\/uploads\/2024\/12\/469984279_991132753043135_2490607536641543439_n-300x225.jpg 300w, https:\/\/nahuelproducciones.com.ar\/radioquijano\/wp-content\/uploads\/2024\/12\/469984279_991132753043135_2490607536641543439_n-768x576.jpg 768w, https:\/\/nahuelproducciones.com.ar\/radioquijano\/wp-content\/uploads\/2024\/12\/469984279_991132753043135_2490607536641543439_n-150x113.jpg 150w, https:\/\/nahuelproducciones.com.ar\/radioquijano\/wp-content\/uploads\/2024\/12\/469984279_991132753043135_2490607536641543439_n.jpg 1080w\" sizes=\"auto, (max-width: 1024px) 100vw, 1024px\" \/><\/figure>\n\n\n\n<figure class=\"wp-block-image size-large\"><img loading=\"lazy\" decoding=\"async\" width=\"768\" height=\"1024\" data-id=\"9433\" src=\"https:\/\/nahuelproducciones.com.ar\/radioquijano\/wp-content\/uploads\/2024\/12\/469900658_991132626376481_7266945966061153856_n-1-768x1024.jpg\" alt=\"\" class=\"wp-image-9433\" srcset=\"https:\/\/nahuelproducciones.com.ar\/radioquijano\/wp-content\/uploads\/2024\/12\/469900658_991132626376481_7266945966061153856_n-1-768x1024.jpg 768w, https:\/\/nahuelproducciones.com.ar\/radioquijano\/wp-content\/uploads\/2024\/12\/469900658_991132626376481_7266945966061153856_n-1-225x300.jpg 225w, https:\/\/nahuelproducciones.com.ar\/radioquijano\/wp-content\/uploads\/2024\/12\/469900658_991132626376481_7266945966061153856_n-1-640x853.jpg 640w, https:\/\/nahuelproducciones.com.ar\/radioquijano\/wp-content\/uploads\/2024\/12\/469900658_991132626376481_7266945966061153856_n-1-150x200.jpg 150w, https:\/\/nahuelproducciones.com.ar\/radioquijano\/wp-content\/uploads\/2024\/12\/469900658_991132626376481_7266945966061153856_n-1.jpg 1080w\" sizes=\"auto, (max-width: 768px) 100vw, 768px\" \/><\/figure>\n<\/figure>\n","protected":false},"excerpt":{"rendered":"<p>Campo Quijano est\u00e1 a punto de dar un gran paso hacia la transformaci\u00f3n de sus espacios p\u00fablicos. La primera etapa de la modernizaci\u00f3n de la Plaza Mart\u00edn Fierro se encuentra en su tramo final y promete convertirse en un lugar ic\u00f3nico para el encuentro y la recreaci\u00f3n de los vecinos y visitantes. El proyecto incluye [&hellip;]<\/p>\n","protected":false},"author":8,"featured_media":9432,"comment_status":"open","ping_status":"open","sticky":false,"template":"","format":"standard","meta":{"_monsterinsights_skip_tracking":false,"_monsterinsights_sitenote_active":false,"_monsterinsights_sitenote_note":"","_monsterinsights_sitenote_category":0,"footnotes":""},"categories":[16],"tags":[100,281],"class_list":["post-9425","post","type-post","status-publish","format-standard","has-post-thumbnail","hentry","category-noticias","tag-municipio-de-campo-quijano","tag-plaza-martin-fierro-2"],"yoast_head":"<!-- This site is optimized with the Yoast SEO plugin v20.8 - https:\/\/yoast.com\/wordpress\/plugins\/seo\/ -->\n<title>Avanza la modernizaci\u00f3n de la Plaza Mart\u00edn Fierro en Campo Quijano - RQ 99.9<\/title>\n<meta name=\"description\" content=\"Espacios p\u00fablicos modernos y accesibles para todos.\" \/>\n<meta name=\"robots\" content=\"index, follow, max-snippet:-1, max-image-preview:large, max-video-preview:-1\" \/>\n<link rel=\"canonical\" href=\"https:\/\/nahuelproducciones.com.ar\/radioquijano\/avanza-la-modernizacion-de-la-plaza-martin-fierro-en-campo-quijano\/\" \/>\n<meta property=\"og:locale\" content=\"es_ES\" \/>\n<meta property=\"og:type\" content=\"article\" \/>\n<meta property=\"og:title\" content=\"Avanza la modernizaci\u00f3n de la Plaza Mart\u00edn Fierro en Campo Quijano - RQ 99.9\" \/>\n<meta property=\"og:description\" content=\"Espacios p\u00fablicos modernos y accesibles para todos.\" \/>\n<meta property=\"og:url\" content=\"https:\/\/nahuelproducciones.com.ar\/radioquijano\/avanza-la-modernizacion-de-la-plaza-martin-fierro-en-campo-quijano\/\" \/>\n<meta property=\"og:site_name\" content=\"RQ 99.9\" \/>\n<meta property=\"article:publisher\" content=\"https:\/\/www.facebook.com\/nahuelproducciones999\/\" \/>\n<meta property=\"article:published_time\" content=\"2024-12-10T02:03:43+00:00\" \/>\n<meta property=\"article:modified_time\" content=\"2024-12-10T02:09:00+00:00\" \/>\n<meta property=\"og:image\" content=\"https:\/\/nahuelproducciones.com.ar\/radioquijano\/wp-content\/uploads\/2024\/12\/469900535_991132699709807_2494139125261688694_n-1-e1733796459338.jpg\" \/>\n\t<meta property=\"og:image:width\" content=\"700\" \/>\n\t<meta property=\"og:image:height\" content=\"394\" \/>\n\t<meta property=\"og:image:type\" content=\"image\/jpeg\" \/>\n<meta name=\"author\" content=\"Cecilia Pastrana\" \/>\n<meta name=\"twitter:card\" content=\"summary_large_image\" \/>\n<meta name=\"twitter:creator\" content=\"@nahuproduciones\" \/>\n<meta name=\"twitter:site\" content=\"@nahuproduciones\" \/>\n<meta name=\"twitter:label1\" content=\"Escrito por\" \/>\n\t<meta name=\"twitter:data1\" content=\"Cecilia Pastrana\" \/>\n\t<meta name=\"twitter:label2\" content=\"Tiempo de lectura\" \/>\n\t<meta name=\"twitter:data2\" content=\"3 minutos\" \/>\n<script type=\"application\/ld+json\" class=\"yoast-schema-graph\">{\"@context\":\"https:\/\/schema.org\",\"@graph\":[{\"@type\":\"WebPage\",\"@id\":\"https:\/\/nahuelproducciones.com.ar\/radioquijano\/avanza-la-modernizacion-de-la-plaza-martin-fierro-en-campo-quijano\/\",\"url\":\"https:\/\/nahuelproducciones.com.ar\/radioquijano\/avanza-la-modernizacion-de-la-plaza-martin-fierro-en-campo-quijano\/\",\"name\":\"Avanza la modernizaci\u00f3n de la Plaza Mart\u00edn Fierro en Campo Quijano - RQ 99.9\",\"isPartOf\":{\"@id\":\"https:\/\/nahuelproducciones.com.ar\/radioquijano\/#website\"},\"datePublished\":\"2024-12-10T02:03:43+00:00\",\"dateModified\":\"2024-12-10T02:09:00+00:00\",\"author\":{\"@id\":\"https:\/\/nahuelproducciones.com.ar\/radioquijano\/#\/schema\/person\/e8a4f939e2cb487fe6d0c54042c9d32c\"},\"description\":\"Espacios p\u00fablicos modernos y accesibles para todos.\",\"breadcrumb\":{\"@id\":\"https:\/\/nahuelproducciones.com.ar\/radioquijano\/avanza-la-modernizacion-de-la-plaza-martin-fierro-en-campo-quijano\/#breadcrumb\"},\"inLanguage\":\"es\",\"potentialAction\":[{\"@type\":\"ReadAction\",\"target\":[\"https:\/\/nahuelproducciones.com.ar\/radioquijano\/avanza-la-modernizacion-de-la-plaza-martin-fierro-en-campo-quijano\/\"]}]},{\"@type\":\"BreadcrumbList\",\"@id\":\"https:\/\/nahuelproducciones.com.ar\/radioquijano\/avanza-la-modernizacion-de-la-plaza-martin-fierro-en-campo-quijano\/#breadcrumb\",\"itemListElement\":[{\"@type\":\"ListItem\",\"position\":1,\"name\":\"Portada\",\"item\":\"https:\/\/nahuelproducciones.com.ar\/radioquijano\/\"},{\"@type\":\"ListItem\",\"position\":2,\"name\":\"Avanza la modernizaci\u00f3n de la Plaza Mart\u00edn Fierro en Campo Quijano\"}]},{\"@type\":\"WebSite\",\"@id\":\"https:\/\/nahuelproducciones.com.ar\/radioquijano\/#website\",\"url\":\"https:\/\/nahuelproducciones.com.ar\/radioquijano\/\",\"name\":\"RQ 99.9\",\"description\":\"Radio Quijano 99.9 MHz\",\"potentialAction\":[{\"@type\":\"SearchAction\",\"target\":{\"@type\":\"EntryPoint\",\"urlTemplate\":\"https:\/\/nahuelproducciones.com.ar\/radioquijano\/?s={search_term_string}\"},\"query-input\":\"required name=search_term_string\"}],\"inLanguage\":\"es\"},{\"@type\":\"Person\",\"@id\":\"https:\/\/nahuelproducciones.com.ar\/radioquijano\/#\/schema\/person\/e8a4f939e2cb487fe6d0c54042c9d32c\",\"name\":\"Cecilia Pastrana\",\"image\":{\"@type\":\"ImageObject\",\"inLanguage\":\"es\",\"@id\":\"https:\/\/nahuelproducciones.com.ar\/radioquijano\/#\/schema\/person\/image\/\",\"url\":\"https:\/\/secure.gravatar.com\/avatar\/661a3ef63a8488d4f2794ed44af8cf71420f7e106f3072c40125114df5157749?s=96&d=mm&r=g\",\"contentUrl\":\"https:\/\/secure.gravatar.com\/avatar\/661a3ef63a8488d4f2794ed44af8cf71420f7e106f3072c40125114df5157749?s=96&d=mm&r=g\",\"caption\":\"Cecilia Pastrana\"},\"sameAs\":[\"cecy\"],\"url\":\"https:\/\/nahuelproducciones.com.ar\/radioquijano\/author\/cecy\/\"}]}<\/script>\n<!-- \/ Yoast SEO plugin. -->","yoast_head_json":{"title":"Avanza la modernizaci\u00f3n de la Plaza Mart\u00edn Fierro en Campo Quijano - RQ 99.9","description":"Espacios p\u00fablicos modernos y accesibles para todos.","robots":{"index":"index","follow":"follow","max-snippet":"max-snippet:-1","max-image-preview":"max-image-preview:large","max-video-preview":"max-video-preview:-1"},"canonical":"https:\/\/nahuelproducciones.com.ar\/radioquijano\/avanza-la-modernizacion-de-la-plaza-martin-fierro-en-campo-quijano\/","og_locale":"es_ES","og_type":"article","og_title":"Avanza la modernizaci\u00f3n de la Plaza Mart\u00edn Fierro en Campo Quijano - RQ 99.9","og_description":"Espacios p\u00fablicos modernos y accesibles para todos.","og_url":"https:\/\/nahuelproducciones.com.ar\/radioquijano\/avanza-la-modernizacion-de-la-plaza-martin-fierro-en-campo-quijano\/","og_site_name":"RQ 99.9","article_publisher":"https:\/\/www.facebook.com\/nahuelproducciones999\/","article_published_time":"2024-12-10T02:03:43+00:00","article_modified_time":"2024-12-10T02:09:00+00:00","og_image":[{"width":700,"height":394,"url":"https:\/\/nahuelproducciones.com.ar\/radioquijano\/wp-content\/uploads\/2024\/12\/469900535_991132699709807_2494139125261688694_n-1-e1733796459338.jpg","type":"image\/jpeg"}],"author":"Cecilia Pastrana","twitter_card":"summary_large_image","twitter_creator":"@nahuproduciones","twitter_site":"@nahuproduciones","twitter_misc":{"Escrito por":"Cecilia Pastrana","Tiempo de lectura":"3 minutos"},"schema":{"@context":"https:\/\/schema.org","@graph":[{"@type":"WebPage","@id":"https:\/\/nahuelproducciones.com.ar\/radioquijano\/avanza-la-modernizacion-de-la-plaza-martin-fierro-en-campo-quijano\/","url":"https:\/\/nahuelproducciones.com.ar\/radioquijano\/avanza-la-modernizacion-de-la-plaza-martin-fierro-en-campo-quijano\/","name":"Avanza la modernizaci\u00f3n de la Plaza Mart\u00edn Fierro en Campo Quijano - RQ 99.9","isPartOf":{"@id":"https:\/\/nahuelproducciones.com.ar\/radioquijano\/#website"},"datePublished":"2024-12-10T02:03:43+00:00","dateModified":"2024-12-10T02:09:00+00:00","author":{"@id":"https:\/\/nahuelproducciones.com.ar\/radioquijano\/#\/schema\/person\/e8a4f939e2cb487fe6d0c54042c9d32c"},"description":"Espacios p\u00fablicos modernos y accesibles para todos.","breadcrumb":{"@id":"https:\/\/nahuelproducciones.com.ar\/radioquijano\/avanza-la-modernizacion-de-la-plaza-martin-fierro-en-campo-quijano\/#breadcrumb"},"inLanguage":"es","potentialAction":[{"@type":"ReadAction","target":["https:\/\/nahuelproducciones.com.ar\/radioquijano\/avanza-la-modernizacion-de-la-plaza-martin-fierro-en-campo-quijano\/"]}]},{"@type":"BreadcrumbList","@id":"https:\/\/nahuelproducciones.com.ar\/radioquijano\/avanza-la-modernizacion-de-la-plaza-martin-fierro-en-campo-quijano\/#breadcrumb","itemListElement":[{"@type":"ListItem","position":1,"name":"Portada","item":"https:\/\/nahuelproducciones.com.ar\/radioquijano\/"},{"@type":"ListItem","position":2,"name":"Avanza la modernizaci\u00f3n de la Plaza Mart\u00edn Fierro en Campo Quijano"}]},{"@type":"WebSite","@id":"https:\/\/nahuelproducciones.com.ar\/radioquijano\/#website","url":"https:\/\/nahuelproducciones.com.ar\/radioquijano\/","name":"RQ 99.9","description":"Radio Quijano 99.9 MHz","potentialAction":[{"@type":"SearchAction","target":{"@type":"EntryPoint","urlTemplate":"https:\/\/nahuelproducciones.com.ar\/radioquijano\/?s={search_term_string}"},"query-input":"required name=search_term_string"}],"inLanguage":"es"},{"@type":"Person","@id":"https:\/\/nahuelproducciones.com.ar\/radioquijano\/#\/schema\/person\/e8a4f939e2cb487fe6d0c54042c9d32c","name":"Cecilia Pastrana","image":{"@type":"ImageObject","inLanguage":"es","@id":"https:\/\/nahuelproducciones.com.ar\/radioquijano\/#\/schema\/person\/image\/","url":"https:\/\/secure.gravatar.com\/avatar\/661a3ef63a8488d4f2794ed44af8cf71420f7e106f3072c40125114df5157749?s=96&d=mm&r=g","contentUrl":"https:\/\/secure.gravatar.com\/avatar\/661a3ef63a8488d4f2794ed44af8cf71420f7e106f3072c40125114df5157749?s=96&d=mm&r=g","caption":"Cecilia Pastrana"},"sameAs":["cecy"],"url":"https:\/\/nahuelproducciones.com.ar\/radioquijano\/author\/cecy\/"}]}},"_links":{"self":[{"href":"https:\/\/nahuelproducciones.com.ar\/radioquijano\/wp-json\/wp\/v2\/posts\/9425","targetHints":{"allow":["GET"]}}],"collection":[{"href":"https:\/\/nahuelproducciones.com.ar\/radioquijano\/wp-json\/wp\/v2\/posts"}],"about":[{"href":"https:\/\/nahuelproducciones.com.ar\/radioquijano\/wp-json\/wp\/v2\/types\/post"}],"author":[{"embeddable":true,"href":"https:\/\/nahuelproducciones.com.ar\/radioquijano\/wp-json\/wp\/v2\/users\/8"}],"replies":[{"embeddable":true,"href":"https:\/\/nahuelproducciones.com.ar\/radioquijano\/wp-json\/wp\/v2\/comments?post=9425"}],"version-history":[{"count":3,"href":"https:\/\/nahuelproducciones.com.ar\/radioquijano\/wp-json\/wp\/v2\/posts\/9425\/revisions"}],"predecessor-version":[{"id":9440,"href":"https:\/\/nahuelproducciones.com.ar\/radioquijano\/wp-json\/wp\/v2\/posts\/9425\/revisions\/9440"}],"wp:featuredmedia":[{"embeddable":true,"href":"https:\/\/nahuelproducciones.com.ar\/radioquijano\/wp-json\/wp\/v2\/media\/9432"}],"wp:attachment":[{"href":"https:\/\/nahuelproducciones.com.ar\/radioquijano\/wp-json\/wp\/v2\/media?parent=9425"}],"wp:term":[{"taxonomy":"category","embeddable":true,"href":"https:\/\/nahuelproducciones.com.ar\/radioquijano\/wp-json\/wp\/v2\/categories?post=9425"},{"taxonomy":"post_tag","embeddable":true,"href":"https:\/\/nahuelproducciones.com.ar\/radioquijano\/wp-json\/wp\/v2\/tags?post=9425"}],"curies":[{"name":"wp","href":"https:\/\/api.w.org\/{rel}","templated":true}]}}