{"id":9441,"date":"2024-12-10T12:24:34","date_gmt":"2024-12-10T15:24:34","guid":{"rendered":"https:\/\/nahuelproducciones.com.ar\/radioquijano\/?p=9441"},"modified":"2024-12-10T15:01:27","modified_gmt":"2024-12-10T18:01:27","slug":"sesion-preparatoria-en-el-concejo-deliberante-de-campo-quijano-eleccion-de-nuevas-autoridades","status":"publish","type":"post","link":"https:\/\/nahuelproducciones.com.ar\/radioquijano\/sesion-preparatoria-en-el-concejo-deliberante-de-campo-quijano-eleccion-de-nuevas-autoridades\/","title":{"rendered":"Sesi\u00f3n Preparatoria en el Concejo Deliberante de Campo Quijano: Elecci\u00f3n de Nuevas Autoridades"},"content":{"rendered":"\n<p>En la jornada de hoy, martes 10 de diciembre de 2024, el Concejo Deliberante de Campo Quijano celebr\u00f3 su Sesi\u00f3n Preparatoria, durante la cual se llev\u00f3 a cabo la elecci\u00f3n de las autoridades que estar\u00e1n al frente del \u00f3rgano legislativo hasta el 10 de diciembre de 2025.<\/p>\n\n\n\n<p>En un acto marcado por la formalidad y la participaci\u00f3n de los ediles, se definieron los siguientes cargos:<\/p>\n\n\n\n<ul class=\"wp-block-list\">\n<li><strong>Presidente:<\/strong> Patricio Su\u00e1rez<\/li>\n\n\n\n<li><strong>Vicepresidente 1\u00b0:<\/strong> Pablo Orosco<\/li>\n\n\n\n<li><strong>Vicepresidente 2\u00b0:<\/strong> Raquel Ger\u00f3n<\/li>\n<\/ul>\n\n\n\n<p>Asimismo, se design\u00f3 al personal administrativo que brindar\u00e1 soporte t\u00e9cnico y operativo al Concejo Deliberante, quedando conformado de la siguiente manera:<\/p>\n\n\n\n<ul class=\"wp-block-list\">\n<li><strong>Secretario Parlamentario:<\/strong> Jorge Mart\u00edn Salas \u00c1lvarez<\/li>\n\n\n\n<li><strong>Secretaria Administrativa:<\/strong> Diana Elizabeth Salazar<\/li>\n\n\n\n<li><strong>Prosecretario Administrativo:<\/strong> Eduardo Gabriel Alanjay<\/li>\n\n\n\n<li><strong>Auxiliar Administrativo:<\/strong> Andrea Estefan\u00eda Cruz<\/li>\n<\/ul>\n\n\n\n<p>Con esta nueva estructura, el Concejo Deliberante se prepara para afrontar el pr\u00f3ximo per\u00edodo legislativo, con el objetivo de trabajar en pos del desarrollo y bienestar de Campo Quijano. Las autoridades electas destacaron la importancia del di\u00e1logo y la colaboraci\u00f3n para fortalecer las pol\u00edticas p\u00fablicas que impacten positivamente en la comunidad.<\/p>\n\n\n\n<p>La sesi\u00f3n concluy\u00f3 con un llamado a la unidad y al compromiso de todos los sectores representados en el Concejo para construir un futuro m\u00e1s pr\u00f3spero para el municipio.<\/p>\n\n\n\n<p>Imagen extra\u00edda del vivo del perfil de facebook del Concejo Deliberante de Campo Quijano 2024\u00a0<\/p>\n","protected":false},"excerpt":{"rendered":"<p>En la jornada de hoy, martes 10 de diciembre de 2024, el Concejo Deliberante de Campo Quijano celebr\u00f3 su Sesi\u00f3n Preparatoria, durante la cual se llev\u00f3 a cabo la elecci\u00f3n de las autoridades que estar\u00e1n al frente del \u00f3rgano legislativo hasta el 10 de diciembre de 2025. En un acto marcado por la formalidad y [&hellip;]<\/p>\n","protected":false},"author":8,"featured_media":9442,"comment_status":"open","ping_status":"open","sticky":false,"template":"","format":"standard","meta":{"_monsterinsights_skip_tracking":false,"_monsterinsights_sitenote_active":false,"_monsterinsights_sitenote_note":"","_monsterinsights_sitenote_category":0,"footnotes":""},"categories":[16],"tags":[73,36,75,63,84,100],"class_list":["post-9441","post","type-post","status-publish","format-standard","has-post-thumbnail","hentry","category-noticias","tag-ariel-gallardo","tag-campo-quijano","tag-concejo-deliberante-de-campo-quijano","tag-lino-yonar","tag-manuel-cornejo","tag-municipio-de-campo-quijano"],"yoast_head":"<!-- This site is optimized with the Yoast SEO plugin v20.8 - https:\/\/yoast.com\/wordpress\/plugins\/seo\/ -->\n<title>Sesi\u00f3n Preparatoria en el Concejo Deliberante de Campo Quijano: Elecci\u00f3n de Nuevas Autoridades - RQ 99.9<\/title>\n<meta name=\"description\" content=\"Las autoridades estar\u00e1n al frente del \u00f3rgano legislativo hasta el 10 de diciembre de 2025.\" \/>\n<meta name=\"robots\" content=\"index, follow, max-snippet:-1, max-image-preview:large, max-video-preview:-1\" \/>\n<link rel=\"canonical\" href=\"https:\/\/nahuelproducciones.com.ar\/radioquijano\/sesion-preparatoria-en-el-concejo-deliberante-de-campo-quijano-eleccion-de-nuevas-autoridades\/\" \/>\n<meta property=\"og:locale\" content=\"es_ES\" \/>\n<meta property=\"og:type\" content=\"article\" \/>\n<meta property=\"og:title\" content=\"Sesi\u00f3n Preparatoria en el Concejo Deliberante de Campo Quijano: Elecci\u00f3n de Nuevas Autoridades - RQ 99.9\" \/>\n<meta property=\"og:description\" content=\"Las autoridades estar\u00e1n al frente del \u00f3rgano legislativo hasta el 10 de diciembre de 2025.\" \/>\n<meta property=\"og:url\" content=\"https:\/\/nahuelproducciones.com.ar\/radioquijano\/sesion-preparatoria-en-el-concejo-deliberante-de-campo-quijano-eleccion-de-nuevas-autoridades\/\" \/>\n<meta property=\"og:site_name\" content=\"RQ 99.9\" \/>\n<meta property=\"article:publisher\" content=\"https:\/\/www.facebook.com\/nahuelproducciones999\/\" \/>\n<meta property=\"article:published_time\" content=\"2024-12-10T15:24:34+00:00\" \/>\n<meta property=\"article:modified_time\" content=\"2024-12-10T18:01:27+00:00\" \/>\n<meta property=\"og:image\" content=\"https:\/\/nahuelproducciones.com.ar\/radioquijano\/wp-content\/uploads\/2024\/12\/WhatsApp-Image-2024-12-10-at-11.27.53-AM-e1733844202582.jpeg\" \/>\n\t<meta property=\"og:image:width\" content=\"700\" \/>\n\t<meta property=\"og:image:height\" content=\"374\" \/>\n\t<meta property=\"og:image:type\" content=\"image\/jpeg\" \/>\n<meta name=\"author\" content=\"Cecilia Pastrana\" \/>\n<meta name=\"twitter:card\" content=\"summary_large_image\" \/>\n<meta name=\"twitter:creator\" content=\"@nahuproduciones\" \/>\n<meta name=\"twitter:site\" content=\"@nahuproduciones\" \/>\n<meta name=\"twitter:label1\" content=\"Escrito por\" \/>\n\t<meta name=\"twitter:data1\" content=\"Cecilia Pastrana\" \/>\n\t<meta name=\"twitter:label2\" content=\"Tiempo de lectura\" \/>\n\t<meta name=\"twitter:data2\" content=\"1 minuto\" \/>\n<script type=\"application\/ld+json\" class=\"yoast-schema-graph\">{\"@context\":\"https:\/\/schema.org\",\"@graph\":[{\"@type\":\"WebPage\",\"@id\":\"https:\/\/nahuelproducciones.com.ar\/radioquijano\/sesion-preparatoria-en-el-concejo-deliberante-de-campo-quijano-eleccion-de-nuevas-autoridades\/\",\"url\":\"https:\/\/nahuelproducciones.com.ar\/radioquijano\/sesion-preparatoria-en-el-concejo-deliberante-de-campo-quijano-eleccion-de-nuevas-autoridades\/\",\"name\":\"Sesi\u00f3n Preparatoria en el Concejo Deliberante de Campo Quijano: Elecci\u00f3n de Nuevas Autoridades - RQ 99.9\",\"isPartOf\":{\"@id\":\"https:\/\/nahuelproducciones.com.ar\/radioquijano\/#website\"},\"datePublished\":\"2024-12-10T15:24:34+00:00\",\"dateModified\":\"2024-12-10T18:01:27+00:00\",\"author\":{\"@id\":\"https:\/\/nahuelproducciones.com.ar\/radioquijano\/#\/schema\/person\/e8a4f939e2cb487fe6d0c54042c9d32c\"},\"description\":\"Las autoridades estar\u00e1n al frente del \u00f3rgano legislativo hasta el 10 de diciembre de 2025.\",\"breadcrumb\":{\"@id\":\"https:\/\/nahuelproducciones.com.ar\/radioquijano\/sesion-preparatoria-en-el-concejo-deliberante-de-campo-quijano-eleccion-de-nuevas-autoridades\/#breadcrumb\"},\"inLanguage\":\"es\",\"potentialAction\":[{\"@type\":\"ReadAction\",\"target\":[\"https:\/\/nahuelproducciones.com.ar\/radioquijano\/sesion-preparatoria-en-el-concejo-deliberante-de-campo-quijano-eleccion-de-nuevas-autoridades\/\"]}]},{\"@type\":\"BreadcrumbList\",\"@id\":\"https:\/\/nahuelproducciones.com.ar\/radioquijano\/sesion-preparatoria-en-el-concejo-deliberante-de-campo-quijano-eleccion-de-nuevas-autoridades\/#breadcrumb\",\"itemListElement\":[{\"@type\":\"ListItem\",\"position\":1,\"name\":\"Portada\",\"item\":\"https:\/\/nahuelproducciones.com.ar\/radioquijano\/\"},{\"@type\":\"ListItem\",\"position\":2,\"name\":\"Sesi\u00f3n Preparatoria en el Concejo Deliberante de Campo Quijano: Elecci\u00f3n de Nuevas Autoridades\"}]},{\"@type\":\"WebSite\",\"@id\":\"https:\/\/nahuelproducciones.com.ar\/radioquijano\/#website\",\"url\":\"https:\/\/nahuelproducciones.com.ar\/radioquijano\/\",\"name\":\"RQ 99.9\",\"description\":\"Radio Quijano 99.9 MHz\",\"potentialAction\":[{\"@type\":\"SearchAction\",\"target\":{\"@type\":\"EntryPoint\",\"urlTemplate\":\"https:\/\/nahuelproducciones.com.ar\/radioquijano\/?s={search_term_string}\"},\"query-input\":\"required name=search_term_string\"}],\"inLanguage\":\"es\"},{\"@type\":\"Person\",\"@id\":\"https:\/\/nahuelproducciones.com.ar\/radioquijano\/#\/schema\/person\/e8a4f939e2cb487fe6d0c54042c9d32c\",\"name\":\"Cecilia Pastrana\",\"image\":{\"@type\":\"ImageObject\",\"inLanguage\":\"es\",\"@id\":\"https:\/\/nahuelproducciones.com.ar\/radioquijano\/#\/schema\/person\/image\/\",\"url\":\"https:\/\/secure.gravatar.com\/avatar\/661a3ef63a8488d4f2794ed44af8cf71420f7e106f3072c40125114df5157749?s=96&d=mm&r=g\",\"contentUrl\":\"https:\/\/secure.gravatar.com\/avatar\/661a3ef63a8488d4f2794ed44af8cf71420f7e106f3072c40125114df5157749?s=96&d=mm&r=g\",\"caption\":\"Cecilia Pastrana\"},\"sameAs\":[\"cecy\"],\"url\":\"https:\/\/nahuelproducciones.com.ar\/radioquijano\/author\/cecy\/\"}]}<\/script>\n<!-- \/ Yoast SEO plugin. -->","yoast_head_json":{"title":"Sesi\u00f3n Preparatoria en el Concejo Deliberante de Campo Quijano: Elecci\u00f3n de Nuevas Autoridades - RQ 99.9","description":"Las autoridades estar\u00e1n al frente del \u00f3rgano legislativo hasta el 10 de diciembre de 2025.","robots":{"index":"index","follow":"follow","max-snippet":"max-snippet:-1","max-image-preview":"max-image-preview:large","max-video-preview":"max-video-preview:-1"},"canonical":"https:\/\/nahuelproducciones.com.ar\/radioquijano\/sesion-preparatoria-en-el-concejo-deliberante-de-campo-quijano-eleccion-de-nuevas-autoridades\/","og_locale":"es_ES","og_type":"article","og_title":"Sesi\u00f3n Preparatoria en el Concejo Deliberante de Campo Quijano: Elecci\u00f3n de Nuevas Autoridades - RQ 99.9","og_description":"Las autoridades estar\u00e1n al frente del \u00f3rgano legislativo hasta el 10 de diciembre de 2025.","og_url":"https:\/\/nahuelproducciones.com.ar\/radioquijano\/sesion-preparatoria-en-el-concejo-deliberante-de-campo-quijano-eleccion-de-nuevas-autoridades\/","og_site_name":"RQ 99.9","article_publisher":"https:\/\/www.facebook.com\/nahuelproducciones999\/","article_published_time":"2024-12-10T15:24:34+00:00","article_modified_time":"2024-12-10T18:01:27+00:00","og_image":[{"width":700,"height":374,"url":"https:\/\/nahuelproducciones.com.ar\/radioquijano\/wp-content\/uploads\/2024\/12\/WhatsApp-Image-2024-12-10-at-11.27.53-AM-e1733844202582.jpeg","type":"image\/jpeg"}],"author":"Cecilia Pastrana","twitter_card":"summary_large_image","twitter_creator":"@nahuproduciones","twitter_site":"@nahuproduciones","twitter_misc":{"Escrito por":"Cecilia Pastrana","Tiempo de lectura":"1 minuto"},"schema":{"@context":"https:\/\/schema.org","@graph":[{"@type":"WebPage","@id":"https:\/\/nahuelproducciones.com.ar\/radioquijano\/sesion-preparatoria-en-el-concejo-deliberante-de-campo-quijano-eleccion-de-nuevas-autoridades\/","url":"https:\/\/nahuelproducciones.com.ar\/radioquijano\/sesion-preparatoria-en-el-concejo-deliberante-de-campo-quijano-eleccion-de-nuevas-autoridades\/","name":"Sesi\u00f3n Preparatoria en el Concejo Deliberante de Campo Quijano: Elecci\u00f3n de Nuevas Autoridades - RQ 99.9","isPartOf":{"@id":"https:\/\/nahuelproducciones.com.ar\/radioquijano\/#website"},"datePublished":"2024-12-10T15:24:34+00:00","dateModified":"2024-12-10T18:01:27+00:00","author":{"@id":"https:\/\/nahuelproducciones.com.ar\/radioquijano\/#\/schema\/person\/e8a4f939e2cb487fe6d0c54042c9d32c"},"description":"Las autoridades estar\u00e1n al frente del \u00f3rgano legislativo hasta el 10 de diciembre de 2025.","breadcrumb":{"@id":"https:\/\/nahuelproducciones.com.ar\/radioquijano\/sesion-preparatoria-en-el-concejo-deliberante-de-campo-quijano-eleccion-de-nuevas-autoridades\/#breadcrumb"},"inLanguage":"es","potentialAction":[{"@type":"ReadAction","target":["https:\/\/nahuelproducciones.com.ar\/radioquijano\/sesion-preparatoria-en-el-concejo-deliberante-de-campo-quijano-eleccion-de-nuevas-autoridades\/"]}]},{"@type":"BreadcrumbList","@id":"https:\/\/nahuelproducciones.com.ar\/radioquijano\/sesion-preparatoria-en-el-concejo-deliberante-de-campo-quijano-eleccion-de-nuevas-autoridades\/#breadcrumb","itemListElement":[{"@type":"ListItem","position":1,"name":"Portada","item":"https:\/\/nahuelproducciones.com.ar\/radioquijano\/"},{"@type":"ListItem","position":2,"name":"Sesi\u00f3n Preparatoria en el Concejo Deliberante de Campo Quijano: Elecci\u00f3n de Nuevas Autoridades"}]},{"@type":"WebSite","@id":"https:\/\/nahuelproducciones.com.ar\/radioquijano\/#website","url":"https:\/\/nahuelproducciones.com.ar\/radioquijano\/","name":"RQ 99.9","description":"Radio Quijano 99.9 MHz","potentialAction":[{"@type":"SearchAction","target":{"@type":"EntryPoint","urlTemplate":"https:\/\/nahuelproducciones.com.ar\/radioquijano\/?s={search_term_string}"},"query-input":"required name=search_term_string"}],"inLanguage":"es"},{"@type":"Person","@id":"https:\/\/nahuelproducciones.com.ar\/radioquijano\/#\/schema\/person\/e8a4f939e2cb487fe6d0c54042c9d32c","name":"Cecilia Pastrana","image":{"@type":"ImageObject","inLanguage":"es","@id":"https:\/\/nahuelproducciones.com.ar\/radioquijano\/#\/schema\/person\/image\/","url":"https:\/\/secure.gravatar.com\/avatar\/661a3ef63a8488d4f2794ed44af8cf71420f7e106f3072c40125114df5157749?s=96&d=mm&r=g","contentUrl":"https:\/\/secure.gravatar.com\/avatar\/661a3ef63a8488d4f2794ed44af8cf71420f7e106f3072c40125114df5157749?s=96&d=mm&r=g","caption":"Cecilia Pastrana"},"sameAs":["cecy"],"url":"https:\/\/nahuelproducciones.com.ar\/radioquijano\/author\/cecy\/"}]}},"_links":{"self":[{"href":"https:\/\/nahuelproducciones.com.ar\/radioquijano\/wp-json\/wp\/v2\/posts\/9441","targetHints":{"allow":["GET"]}}],"collection":[{"href":"https:\/\/nahuelproducciones.com.ar\/radioquijano\/wp-json\/wp\/v2\/posts"}],"about":[{"href":"https:\/\/nahuelproducciones.com.ar\/radioquijano\/wp-json\/wp\/v2\/types\/post"}],"author":[{"embeddable":true,"href":"https:\/\/nahuelproducciones.com.ar\/radioquijano\/wp-json\/wp\/v2\/users\/8"}],"replies":[{"embeddable":true,"href":"https:\/\/nahuelproducciones.com.ar\/radioquijano\/wp-json\/wp\/v2\/comments?post=9441"}],"version-history":[{"count":1,"href":"https:\/\/nahuelproducciones.com.ar\/radioquijano\/wp-json\/wp\/v2\/posts\/9441\/revisions"}],"predecessor-version":[{"id":9443,"href":"https:\/\/nahuelproducciones.com.ar\/radioquijano\/wp-json\/wp\/v2\/posts\/9441\/revisions\/9443"}],"wp:featuredmedia":[{"embeddable":true,"href":"https:\/\/nahuelproducciones.com.ar\/radioquijano\/wp-json\/wp\/v2\/media\/9442"}],"wp:attachment":[{"href":"https:\/\/nahuelproducciones.com.ar\/radioquijano\/wp-json\/wp\/v2\/media?parent=9441"}],"wp:term":[{"taxonomy":"category","embeddable":true,"href":"https:\/\/nahuelproducciones.com.ar\/radioquijano\/wp-json\/wp\/v2\/categories?post=9441"},{"taxonomy":"post_tag","embeddable":true,"href":"https:\/\/nahuelproducciones.com.ar\/radioquijano\/wp-json\/wp\/v2\/tags?post=9441"}],"curies":[{"name":"wp","href":"https:\/\/api.w.org\/{rel}","templated":true}]}}