{"id":9444,"date":"2024-12-11T17:50:06","date_gmt":"2024-12-11T20:50:06","guid":{"rendered":"https:\/\/nahuelproducciones.com.ar\/radioquijano\/?p=9444"},"modified":"2024-12-11T17:53:11","modified_gmt":"2024-12-11T20:53:11","slug":"denuncian-cursos-irregulares-en-salta-certificados-no-reconocidos-de-la-universidad-de-oncativo","status":"publish","type":"post","link":"https:\/\/nahuelproducciones.com.ar\/radioquijano\/denuncian-cursos-irregulares-en-salta-certificados-no-reconocidos-de-la-universidad-de-oncativo\/","title":{"rendered":"Denuncian Cursos Irregulares en Salta: \u00bfCertificados no reconocidos de la Universidad de Oncativo?"},"content":{"rendered":"\n<p>En la madrugada del 11 de diciembre, durante la 37\u00aa Sesi\u00f3n Ordinaria de la C\u00e1mara de Diputados de la Provincia de Salta, el legislador de La Caldera, Luis Menda\u00f1a revel\u00f3 un preocupante caso que involucra a la \u00abUniversidad Oncativo\u00bb. Seg\u00fan el diputado, esta instituci\u00f3n habr\u00eda emitido certificados de cursos que no cuentan con reconocimiento oficial, afectando a cientos de vecinos que buscaban insertarse en el mercado laboral con estas credenciales.<\/p>\n\n\n\n<p>El caso incluye un convenio entre la Universidad de Oncativo y la Municipalidad de Campo Quijano, a trav\u00e9s del cual se llev\u00f3 adelante el curso de <em>Param\u00e9dico Minero y Manejo de Maquinaria Pesada<\/em> . Este programa, finalizado recientemente, tuvo m\u00e1s de 500 egresados \u200b\u200bque recibieron sus certificados en un acto oficial realizado el jueves 5 de diciembre. El evento cont\u00f3 con la presencia del intendente Lino Yonar, quien adem\u00e1s estamp\u00f3 su firma en los certificados entregados, lo que genera mayor inquietud debido a la posible falta de validez de estos documentos.<\/p>\n\n\n\n<p>\u201cHe recibido con preocupaci\u00f3n quejas de aquellos que recibieron el certificado y fueron en busca de trabajos; y les dijeron que esos certificados no son v\u00e1lidos\u201d, se\u00f1al\u00f3 el diputado Menda\u00f1a. Seg\u00fan una consulta realizada por el legislador ante el Ministerio de Salud P\u00fablica de la Provincia, los cursos ofrecidos, incluidos los de formaci\u00f3n como param\u00e9dico, no cuentan con la autorizaci\u00f3n correspondiente, lo que pone en entredicho su legitimidad.<\/p>\n\n\n\n<p> Existen certificados que est\u00e1n avalados por Jorge \u00abCoco\u00bb Ch\u00e1vez D\u00edaz y Tane Da Souza Correa, actual director de la Agencia de Juventud de la Provincia. \u201cMe preocupa, primero, que est\u00e9 involucrada la provincia porque ya tratamos en la C\u00e1mara un proyecto de ley sobre la necesidad de que cualquier curso que se dicte en esta provincia tenga el aval de educaci\u00f3n y de salud\u201d, remarc\u00f3 Menda\u00f1a en su descargo.<\/p>\n\n\n\n<p>Los certificados que tienen la firma del intendente Yonar y la del Rector Lic. Jorge R Ch\u00e1vez llevan el siguiente texto: \u00abPor haber concluido satisfactoriamente y aprobar el cursado de PARAM\u00c9DICO MINERO. El mismo tuvo una duraci\u00f3n de 3 (tres) meses dictado en el municipio de Campo Quijano.<\/p>\n\n\n\n<p>Avalado por CENESU y Fundaci\u00f3n Futuro Norte .<\/p>\n\n\n\n<p>Campo Quijano, 5 de Diciembre del 2024&#8243;<\/p>\n\n\n\n<h3 class=\"wp-block-heading\">Preocupaci\u00f3n y consecuencias<\/h3>\n\n\n\n<p>Este caso no solo genera incertidumbre entre los egresados, quienes invirtieron tiempo y recursos en su formaci\u00f3n, sino que tambi\u00e9n exponen una aparente falta de supervisi\u00f3n en los convenios celebrados entre instituciones educativas y gobiernos locales. Adem\u00e1s, al tratarse de \u00e1reas sensibles como la atenci\u00f3n prehospitalaria y el manejo de maquinaria pesada, la calidad de la formaci\u00f3n podr\u00eda tener consecuencias directas sobre la seguridad y el bienestar de la comunidad.<\/p>\n\n\n\n<p>El diputado inst\u00f3 a las autoridades provinciales a investigar a fondo la validez de estos certificados y el alcance del convenio firmado por las Municipalidades . Asimismo, subray\u00f3 la importancia de establecer controles m\u00e1s rigurosos sobre la oferta de formaci\u00f3n profesional en Salta, para evitar que situaciones como esta se repitan y para proteger a los ciudadanos que buscan mejorar sus oportunidades laborales.<\/p>\n\n\n\n<p>Por el momento, la comunidad sigue esperando respuestas concretas de las autoridades municipales y provinciales, mientras crece la preocupaci\u00f3n sobre el impacto de estas certificaciones cuestionadas.<\/p>\n\n\n<p><iframe loading=\"lazy\" src=\"https:\/\/www.facebook.com\/plugins\/post.php?href=https%3A%2F%2Fwww.facebook.com%2FGestionLinoFernandoYonar%2Fposts%2Fpfbid02JNW2CouXKM4mbHmXHrSKEVUr9A7nbA139BySs5HPwaSkGSxJsdZjSKeyq9m4DGyJl&#038;show_text=true&#038;width=500\" width=\"500\" height=\"792\" style=\"border:none;overflow:hidden\" scrolling=\"no\" frameborder=\"0\" allowfullscreen=\"true\" allow=\"autoplay; clipboard-write; encrypted-media; picture-in-picture; web-share\"><\/iframe><\/p>\n\n\n\n<figure class=\"wp-block-video\"><video controls src=\"https:\/\/nahuelproducciones.com.ar\/radioquijano\/wp-content\/uploads\/2024\/12\/DIPUTADO-MENDANA-UNIVERSIDAD-DE-ONCATIVO.mp4\"><\/video><\/figure>\n","protected":false},"excerpt":{"rendered":"<p>En la madrugada del 11 de diciembre, durante la 37\u00aa Sesi\u00f3n Ordinaria de la C\u00e1mara de Diputados de la Provincia de Salta, el legislador de La Caldera, Luis Menda\u00f1a revel\u00f3 un preocupante caso que involucra a la \u00abUniversidad Oncativo\u00bb. Seg\u00fan el diputado, esta instituci\u00f3n habr\u00eda emitido certificados de cursos que no cuentan con reconocimiento oficial, [&hellip;]<\/p>\n","protected":false},"author":8,"featured_media":9446,"comment_status":"open","ping_status":"open","sticky":false,"template":"","format":"standard","meta":{"_monsterinsights_skip_tracking":false,"_monsterinsights_sitenote_active":false,"_monsterinsights_sitenote_note":"","_monsterinsights_sitenote_category":0,"footnotes":""},"categories":[16],"tags":[],"class_list":["post-9444","post","type-post","status-publish","format-standard","has-post-thumbnail","hentry","category-noticias"],"yoast_head":"<!-- This site is optimized with the Yoast SEO plugin v20.8 - https:\/\/yoast.com\/wordpress\/plugins\/seo\/ -->\n<title>Denuncian Cursos Irregulares en Salta: \u00bfCertificados no reconocidos de la Universidad de Oncativo? - RQ 99.9<\/title>\n<meta name=\"robots\" content=\"index, follow, max-snippet:-1, max-image-preview:large, max-video-preview:-1\" \/>\n<link rel=\"canonical\" href=\"https:\/\/nahuelproducciones.com.ar\/radioquijano\/denuncian-cursos-irregulares-en-salta-certificados-no-reconocidos-de-la-universidad-de-oncativo\/\" \/>\n<meta property=\"og:locale\" content=\"es_ES\" \/>\n<meta property=\"og:type\" content=\"article\" \/>\n<meta property=\"og:title\" content=\"Denuncian Cursos Irregulares en Salta: \u00bfCertificados no reconocidos de la Universidad de Oncativo? - RQ 99.9\" \/>\n<meta property=\"og:description\" content=\"En la madrugada del 11 de diciembre, durante la 37\u00aa Sesi\u00f3n Ordinaria de la C\u00e1mara de Diputados de la Provincia de Salta, el legislador de La Caldera, Luis Menda\u00f1a revel\u00f3 un preocupante caso que involucra a la \u00abUniversidad Oncativo\u00bb. Seg\u00fan el diputado, esta instituci\u00f3n habr\u00eda emitido certificados de cursos que no cuentan con reconocimiento oficial, [&hellip;]\" \/>\n<meta property=\"og:url\" content=\"https:\/\/nahuelproducciones.com.ar\/radioquijano\/denuncian-cursos-irregulares-en-salta-certificados-no-reconocidos-de-la-universidad-de-oncativo\/\" \/>\n<meta property=\"og:site_name\" content=\"RQ 99.9\" \/>\n<meta property=\"article:publisher\" content=\"https:\/\/www.facebook.com\/nahuelproducciones999\/\" \/>\n<meta property=\"article:published_time\" content=\"2024-12-11T20:50:06+00:00\" \/>\n<meta property=\"article:modified_time\" content=\"2024-12-11T20:53:11+00:00\" \/>\n<meta property=\"og:image\" content=\"https:\/\/nahuelproducciones.com.ar\/radioquijano\/wp-content\/uploads\/2024\/12\/WhatsApp-Image-2024-12-11-at-4.48.04-PM.jpeg\" \/>\n\t<meta property=\"og:image:width\" content=\"590\" \/>\n\t<meta property=\"og:image:height\" content=\"297\" \/>\n\t<meta property=\"og:image:type\" content=\"image\/jpeg\" \/>\n<meta name=\"author\" content=\"Cecilia Pastrana\" \/>\n<meta name=\"twitter:card\" content=\"summary_large_image\" \/>\n<meta name=\"twitter:creator\" content=\"@nahuproduciones\" \/>\n<meta name=\"twitter:site\" content=\"@nahuproduciones\" \/>\n<meta name=\"twitter:label1\" content=\"Escrito por\" \/>\n\t<meta name=\"twitter:data1\" content=\"Cecilia Pastrana\" \/>\n\t<meta name=\"twitter:label2\" content=\"Tiempo de lectura\" \/>\n\t<meta name=\"twitter:data2\" content=\"3 minutos\" \/>\n<script type=\"application\/ld+json\" class=\"yoast-schema-graph\">{\"@context\":\"https:\/\/schema.org\",\"@graph\":[{\"@type\":\"WebPage\",\"@id\":\"https:\/\/nahuelproducciones.com.ar\/radioquijano\/denuncian-cursos-irregulares-en-salta-certificados-no-reconocidos-de-la-universidad-de-oncativo\/\",\"url\":\"https:\/\/nahuelproducciones.com.ar\/radioquijano\/denuncian-cursos-irregulares-en-salta-certificados-no-reconocidos-de-la-universidad-de-oncativo\/\",\"name\":\"Denuncian Cursos Irregulares en Salta: \u00bfCertificados no reconocidos de la Universidad de Oncativo? - RQ 99.9\",\"isPartOf\":{\"@id\":\"https:\/\/nahuelproducciones.com.ar\/radioquijano\/#website\"},\"datePublished\":\"2024-12-11T20:50:06+00:00\",\"dateModified\":\"2024-12-11T20:53:11+00:00\",\"author\":{\"@id\":\"https:\/\/nahuelproducciones.com.ar\/radioquijano\/#\/schema\/person\/e8a4f939e2cb487fe6d0c54042c9d32c\"},\"breadcrumb\":{\"@id\":\"https:\/\/nahuelproducciones.com.ar\/radioquijano\/denuncian-cursos-irregulares-en-salta-certificados-no-reconocidos-de-la-universidad-de-oncativo\/#breadcrumb\"},\"inLanguage\":\"es\",\"potentialAction\":[{\"@type\":\"ReadAction\",\"target\":[\"https:\/\/nahuelproducciones.com.ar\/radioquijano\/denuncian-cursos-irregulares-en-salta-certificados-no-reconocidos-de-la-universidad-de-oncativo\/\"]}]},{\"@type\":\"BreadcrumbList\",\"@id\":\"https:\/\/nahuelproducciones.com.ar\/radioquijano\/denuncian-cursos-irregulares-en-salta-certificados-no-reconocidos-de-la-universidad-de-oncativo\/#breadcrumb\",\"itemListElement\":[{\"@type\":\"ListItem\",\"position\":1,\"name\":\"Portada\",\"item\":\"https:\/\/nahuelproducciones.com.ar\/radioquijano\/\"},{\"@type\":\"ListItem\",\"position\":2,\"name\":\"Denuncian Cursos Irregulares en Salta: \u00bfCertificados no reconocidos de la Universidad de Oncativo?\"}]},{\"@type\":\"WebSite\",\"@id\":\"https:\/\/nahuelproducciones.com.ar\/radioquijano\/#website\",\"url\":\"https:\/\/nahuelproducciones.com.ar\/radioquijano\/\",\"name\":\"RQ 99.9\",\"description\":\"Radio Quijano 99.9 MHz\",\"potentialAction\":[{\"@type\":\"SearchAction\",\"target\":{\"@type\":\"EntryPoint\",\"urlTemplate\":\"https:\/\/nahuelproducciones.com.ar\/radioquijano\/?s={search_term_string}\"},\"query-input\":\"required name=search_term_string\"}],\"inLanguage\":\"es\"},{\"@type\":\"Person\",\"@id\":\"https:\/\/nahuelproducciones.com.ar\/radioquijano\/#\/schema\/person\/e8a4f939e2cb487fe6d0c54042c9d32c\",\"name\":\"Cecilia Pastrana\",\"image\":{\"@type\":\"ImageObject\",\"inLanguage\":\"es\",\"@id\":\"https:\/\/nahuelproducciones.com.ar\/radioquijano\/#\/schema\/person\/image\/\",\"url\":\"https:\/\/secure.gravatar.com\/avatar\/661a3ef63a8488d4f2794ed44af8cf71420f7e106f3072c40125114df5157749?s=96&d=mm&r=g\",\"contentUrl\":\"https:\/\/secure.gravatar.com\/avatar\/661a3ef63a8488d4f2794ed44af8cf71420f7e106f3072c40125114df5157749?s=96&d=mm&r=g\",\"caption\":\"Cecilia Pastrana\"},\"sameAs\":[\"cecy\"],\"url\":\"https:\/\/nahuelproducciones.com.ar\/radioquijano\/author\/cecy\/\"}]}<\/script>\n<!-- \/ Yoast SEO plugin. -->","yoast_head_json":{"title":"Denuncian Cursos Irregulares en Salta: \u00bfCertificados no reconocidos de la Universidad de Oncativo? - RQ 99.9","robots":{"index":"index","follow":"follow","max-snippet":"max-snippet:-1","max-image-preview":"max-image-preview:large","max-video-preview":"max-video-preview:-1"},"canonical":"https:\/\/nahuelproducciones.com.ar\/radioquijano\/denuncian-cursos-irregulares-en-salta-certificados-no-reconocidos-de-la-universidad-de-oncativo\/","og_locale":"es_ES","og_type":"article","og_title":"Denuncian Cursos Irregulares en Salta: \u00bfCertificados no reconocidos de la Universidad de Oncativo? - RQ 99.9","og_description":"En la madrugada del 11 de diciembre, durante la 37\u00aa Sesi\u00f3n Ordinaria de la C\u00e1mara de Diputados de la Provincia de Salta, el legislador de La Caldera, Luis Menda\u00f1a revel\u00f3 un preocupante caso que involucra a la \u00abUniversidad Oncativo\u00bb. Seg\u00fan el diputado, esta instituci\u00f3n habr\u00eda emitido certificados de cursos que no cuentan con reconocimiento oficial, [&hellip;]","og_url":"https:\/\/nahuelproducciones.com.ar\/radioquijano\/denuncian-cursos-irregulares-en-salta-certificados-no-reconocidos-de-la-universidad-de-oncativo\/","og_site_name":"RQ 99.9","article_publisher":"https:\/\/www.facebook.com\/nahuelproducciones999\/","article_published_time":"2024-12-11T20:50:06+00:00","article_modified_time":"2024-12-11T20:53:11+00:00","og_image":[{"width":590,"height":297,"url":"https:\/\/nahuelproducciones.com.ar\/radioquijano\/wp-content\/uploads\/2024\/12\/WhatsApp-Image-2024-12-11-at-4.48.04-PM.jpeg","type":"image\/jpeg"}],"author":"Cecilia Pastrana","twitter_card":"summary_large_image","twitter_creator":"@nahuproduciones","twitter_site":"@nahuproduciones","twitter_misc":{"Escrito por":"Cecilia Pastrana","Tiempo de lectura":"3 minutos"},"schema":{"@context":"https:\/\/schema.org","@graph":[{"@type":"WebPage","@id":"https:\/\/nahuelproducciones.com.ar\/radioquijano\/denuncian-cursos-irregulares-en-salta-certificados-no-reconocidos-de-la-universidad-de-oncativo\/","url":"https:\/\/nahuelproducciones.com.ar\/radioquijano\/denuncian-cursos-irregulares-en-salta-certificados-no-reconocidos-de-la-universidad-de-oncativo\/","name":"Denuncian Cursos Irregulares en Salta: \u00bfCertificados no reconocidos de la Universidad de Oncativo? - RQ 99.9","isPartOf":{"@id":"https:\/\/nahuelproducciones.com.ar\/radioquijano\/#website"},"datePublished":"2024-12-11T20:50:06+00:00","dateModified":"2024-12-11T20:53:11+00:00","author":{"@id":"https:\/\/nahuelproducciones.com.ar\/radioquijano\/#\/schema\/person\/e8a4f939e2cb487fe6d0c54042c9d32c"},"breadcrumb":{"@id":"https:\/\/nahuelproducciones.com.ar\/radioquijano\/denuncian-cursos-irregulares-en-salta-certificados-no-reconocidos-de-la-universidad-de-oncativo\/#breadcrumb"},"inLanguage":"es","potentialAction":[{"@type":"ReadAction","target":["https:\/\/nahuelproducciones.com.ar\/radioquijano\/denuncian-cursos-irregulares-en-salta-certificados-no-reconocidos-de-la-universidad-de-oncativo\/"]}]},{"@type":"BreadcrumbList","@id":"https:\/\/nahuelproducciones.com.ar\/radioquijano\/denuncian-cursos-irregulares-en-salta-certificados-no-reconocidos-de-la-universidad-de-oncativo\/#breadcrumb","itemListElement":[{"@type":"ListItem","position":1,"name":"Portada","item":"https:\/\/nahuelproducciones.com.ar\/radioquijano\/"},{"@type":"ListItem","position":2,"name":"Denuncian Cursos Irregulares en Salta: \u00bfCertificados no reconocidos de la Universidad de Oncativo?"}]},{"@type":"WebSite","@id":"https:\/\/nahuelproducciones.com.ar\/radioquijano\/#website","url":"https:\/\/nahuelproducciones.com.ar\/radioquijano\/","name":"RQ 99.9","description":"Radio Quijano 99.9 MHz","potentialAction":[{"@type":"SearchAction","target":{"@type":"EntryPoint","urlTemplate":"https:\/\/nahuelproducciones.com.ar\/radioquijano\/?s={search_term_string}"},"query-input":"required name=search_term_string"}],"inLanguage":"es"},{"@type":"Person","@id":"https:\/\/nahuelproducciones.com.ar\/radioquijano\/#\/schema\/person\/e8a4f939e2cb487fe6d0c54042c9d32c","name":"Cecilia Pastrana","image":{"@type":"ImageObject","inLanguage":"es","@id":"https:\/\/nahuelproducciones.com.ar\/radioquijano\/#\/schema\/person\/image\/","url":"https:\/\/secure.gravatar.com\/avatar\/661a3ef63a8488d4f2794ed44af8cf71420f7e106f3072c40125114df5157749?s=96&d=mm&r=g","contentUrl":"https:\/\/secure.gravatar.com\/avatar\/661a3ef63a8488d4f2794ed44af8cf71420f7e106f3072c40125114df5157749?s=96&d=mm&r=g","caption":"Cecilia Pastrana"},"sameAs":["cecy"],"url":"https:\/\/nahuelproducciones.com.ar\/radioquijano\/author\/cecy\/"}]}},"_links":{"self":[{"href":"https:\/\/nahuelproducciones.com.ar\/radioquijano\/wp-json\/wp\/v2\/posts\/9444","targetHints":{"allow":["GET"]}}],"collection":[{"href":"https:\/\/nahuelproducciones.com.ar\/radioquijano\/wp-json\/wp\/v2\/posts"}],"about":[{"href":"https:\/\/nahuelproducciones.com.ar\/radioquijano\/wp-json\/wp\/v2\/types\/post"}],"author":[{"embeddable":true,"href":"https:\/\/nahuelproducciones.com.ar\/radioquijano\/wp-json\/wp\/v2\/users\/8"}],"replies":[{"embeddable":true,"href":"https:\/\/nahuelproducciones.com.ar\/radioquijano\/wp-json\/wp\/v2\/comments?post=9444"}],"version-history":[{"count":3,"href":"https:\/\/nahuelproducciones.com.ar\/radioquijano\/wp-json\/wp\/v2\/posts\/9444\/revisions"}],"predecessor-version":[{"id":9451,"href":"https:\/\/nahuelproducciones.com.ar\/radioquijano\/wp-json\/wp\/v2\/posts\/9444\/revisions\/9451"}],"wp:featuredmedia":[{"embeddable":true,"href":"https:\/\/nahuelproducciones.com.ar\/radioquijano\/wp-json\/wp\/v2\/media\/9446"}],"wp:attachment":[{"href":"https:\/\/nahuelproducciones.com.ar\/radioquijano\/wp-json\/wp\/v2\/media?parent=9444"}],"wp:term":[{"taxonomy":"category","embeddable":true,"href":"https:\/\/nahuelproducciones.com.ar\/radioquijano\/wp-json\/wp\/v2\/categories?post=9444"},{"taxonomy":"post_tag","embeddable":true,"href":"https:\/\/nahuelproducciones.com.ar\/radioquijano\/wp-json\/wp\/v2\/tags?post=9444"}],"curies":[{"name":"wp","href":"https:\/\/api.w.org\/{rel}","templated":true}]}}