{"id":9452,"date":"2024-12-12T01:19:45","date_gmt":"2024-12-12T04:19:45","guid":{"rendered":"https:\/\/nahuelproducciones.com.ar\/radioquijano\/?p=9452"},"modified":"2024-12-12T01:19:47","modified_gmt":"2024-12-12T04:19:47","slug":"el-portal-se-une-rifa-solidaria-para-financiar-camaras-de-seguridad-en-el-barrio","status":"publish","type":"post","link":"https:\/\/nahuelproducciones.com.ar\/radioquijano\/el-portal-se-une-rifa-solidaria-para-financiar-camaras-de-seguridad-en-el-barrio\/","title":{"rendered":"El Portal se une: Rifa solidaria para financiar c\u00e1maras de seguridad en el Barrio."},"content":{"rendered":"\n<p>En respuesta al creciente problema de inseguridad que afecta al barrio El Portal, un grupo de vecinos ha tomado la iniciativa de organizar una rifa solidaria con el objetivo de recaudar fondos para la instalaci\u00f3n de c\u00e1maras de seguridad. Este proyecto comunitario busca reforzar la vigilancia en la zona y prevenir futuros delitos.<\/p>\n\n\n\n<p>La inseguridad en El Portal se ha convertido en una preocupaci\u00f3n prioritaria para los vecinos, quienes han sufrido numerosos hechos delictivos. Uno de los casos m\u00e1s recientes es el de Nicol\u00e1s Museda, a quien en noviembre le robaron su motocicleta, herramienta fundamental para su trabajo. Pese a realizar la denuncia policial, no ha logrado recuperarla. Adem\u00e1s, Nicol\u00e1s fue v\u00edctima de una estafa al transferir dinero con la esperanza de que le devolvieran el veh\u00edculo, perdiendo a\u00fan m\u00e1s en el proceso.<\/p>\n\n\n\n<p>Frente a estas situaciones, vecinos, comerciantes y amigos se unieron para donar premios que ser\u00e1n sorteados en la rifa. El sorteo se realizar\u00e1 el pr\u00f3ximo <strong>21 de diciembre<\/strong> , y los interesados \u200b\u200ben colaborar pueden adquirir n\u00fameros llamando al <strong>3874412299<\/strong> .<\/p>\n\n\n\n<p>Los fondos recaudados ser\u00e1n destinados a la compra de c\u00e1maras de seguridad, que se instalar\u00e1n en viviendas particulares, contribuyendo as\u00ed a un servicio de vigilancia integral en el barrio dijo Nico en la entrevista que brind\u00f3 a Radio Quijano 99.9Mhz. <\/p>\n\n\n\n<p>Escucha la entrevista:<\/p>\n\n\n\n<figure class=\"wp-block-audio\"><audio controls src=\"https:\/\/nahuelproducciones.com.ar\/radioquijano\/wp-content\/uploads\/2024\/12\/11-12-2024-NICOLAS-MUSEDA-LEROBAN-MOTO-Y-PONDRAN-CAMARA-EN-SU-BARRIO-EL-PORTAL.mp3\"><\/audio><\/figure>\n","protected":false},"excerpt":{"rendered":"<p>En respuesta al creciente problema de inseguridad que afecta al barrio El Portal, un grupo de vecinos ha tomado la iniciativa de organizar una rifa solidaria con el objetivo de recaudar fondos para la instalaci\u00f3n de c\u00e1maras de seguridad. Este proyecto comunitario busca reforzar la vigilancia en la zona y prevenir futuros delitos. La inseguridad [&hellip;]<\/p>\n","protected":false},"author":8,"featured_media":9454,"comment_status":"open","ping_status":"open","sticky":false,"template":"","format":"standard","meta":{"_monsterinsights_skip_tracking":false,"_monsterinsights_sitenote_active":false,"_monsterinsights_sitenote_note":"","_monsterinsights_sitenote_category":0,"footnotes":""},"categories":[16],"tags":[1701,392,100],"class_list":["post-9452","post","type-post","status-publish","format-standard","has-post-thumbnail","hentry","category-noticias","tag-barrio-el-portal","tag-camaras-de-seguridad","tag-municipio-de-campo-quijano"],"yoast_head":"<!-- This site is optimized with the Yoast SEO plugin v20.8 - https:\/\/yoast.com\/wordpress\/plugins\/seo\/ -->\n<title>El Portal se une: Rifa solidaria para financiar c\u00e1maras de seguridad en el Barrio. - RQ 99.9<\/title>\n<meta name=\"description\" content=\"El sorteo se realizar\u00e1 el pr\u00f3ximo 21 de diciembre , y los interesados \u200b\u200ben colaborar pueden adquirir n\u00fameros llamando al 3874412299 .\" \/>\n<meta name=\"robots\" content=\"index, follow, max-snippet:-1, max-image-preview:large, max-video-preview:-1\" \/>\n<link rel=\"canonical\" href=\"https:\/\/nahuelproducciones.com.ar\/radioquijano\/el-portal-se-une-rifa-solidaria-para-financiar-camaras-de-seguridad-en-el-barrio\/\" \/>\n<meta property=\"og:locale\" content=\"es_ES\" \/>\n<meta property=\"og:type\" content=\"article\" \/>\n<meta property=\"og:title\" content=\"El Portal se une: Rifa solidaria para financiar c\u00e1maras de seguridad en el Barrio. - RQ 99.9\" \/>\n<meta property=\"og:description\" content=\"El sorteo se realizar\u00e1 el pr\u00f3ximo 21 de diciembre , y los interesados \u200b\u200ben colaborar pueden adquirir n\u00fameros llamando al 3874412299 .\" \/>\n<meta property=\"og:url\" content=\"https:\/\/nahuelproducciones.com.ar\/radioquijano\/el-portal-se-une-rifa-solidaria-para-financiar-camaras-de-seguridad-en-el-barrio\/\" \/>\n<meta property=\"og:site_name\" content=\"RQ 99.9\" \/>\n<meta property=\"article:publisher\" content=\"https:\/\/www.facebook.com\/nahuelproducciones999\/\" \/>\n<meta property=\"article:published_time\" content=\"2024-12-12T04:19:45+00:00\" \/>\n<meta property=\"article:modified_time\" content=\"2024-12-12T04:19:47+00:00\" \/>\n<meta property=\"og:image\" content=\"https:\/\/nahuelproducciones.com.ar\/radioquijano\/wp-content\/uploads\/2024\/12\/WhatsApp-Image-2024-12-12-at-1.14.10-AM-e1733977159194.jpeg\" \/>\n\t<meta property=\"og:image:width\" content=\"700\" \/>\n\t<meta property=\"og:image:height\" content=\"521\" \/>\n\t<meta property=\"og:image:type\" content=\"image\/jpeg\" \/>\n<meta name=\"author\" content=\"Cecilia Pastrana\" \/>\n<meta name=\"twitter:card\" content=\"summary_large_image\" \/>\n<meta name=\"twitter:creator\" content=\"@nahuproduciones\" \/>\n<meta name=\"twitter:site\" content=\"@nahuproduciones\" \/>\n<meta name=\"twitter:label1\" content=\"Escrito por\" \/>\n\t<meta name=\"twitter:data1\" content=\"Cecilia Pastrana\" \/>\n\t<meta name=\"twitter:label2\" content=\"Tiempo de lectura\" \/>\n\t<meta name=\"twitter:data2\" content=\"1 minuto\" \/>\n<script type=\"application\/ld+json\" class=\"yoast-schema-graph\">{\"@context\":\"https:\/\/schema.org\",\"@graph\":[{\"@type\":\"WebPage\",\"@id\":\"https:\/\/nahuelproducciones.com.ar\/radioquijano\/el-portal-se-une-rifa-solidaria-para-financiar-camaras-de-seguridad-en-el-barrio\/\",\"url\":\"https:\/\/nahuelproducciones.com.ar\/radioquijano\/el-portal-se-une-rifa-solidaria-para-financiar-camaras-de-seguridad-en-el-barrio\/\",\"name\":\"El Portal se une: Rifa solidaria para financiar c\u00e1maras de seguridad en el Barrio. - RQ 99.9\",\"isPartOf\":{\"@id\":\"https:\/\/nahuelproducciones.com.ar\/radioquijano\/#website\"},\"datePublished\":\"2024-12-12T04:19:45+00:00\",\"dateModified\":\"2024-12-12T04:19:47+00:00\",\"author\":{\"@id\":\"https:\/\/nahuelproducciones.com.ar\/radioquijano\/#\/schema\/person\/e8a4f939e2cb487fe6d0c54042c9d32c\"},\"description\":\"El sorteo se realizar\u00e1 el pr\u00f3ximo 21 de diciembre , y los interesados \u200b\u200ben colaborar pueden adquirir n\u00fameros llamando al 3874412299 .\",\"breadcrumb\":{\"@id\":\"https:\/\/nahuelproducciones.com.ar\/radioquijano\/el-portal-se-une-rifa-solidaria-para-financiar-camaras-de-seguridad-en-el-barrio\/#breadcrumb\"},\"inLanguage\":\"es\",\"potentialAction\":[{\"@type\":\"ReadAction\",\"target\":[\"https:\/\/nahuelproducciones.com.ar\/radioquijano\/el-portal-se-une-rifa-solidaria-para-financiar-camaras-de-seguridad-en-el-barrio\/\"]}]},{\"@type\":\"BreadcrumbList\",\"@id\":\"https:\/\/nahuelproducciones.com.ar\/radioquijano\/el-portal-se-une-rifa-solidaria-para-financiar-camaras-de-seguridad-en-el-barrio\/#breadcrumb\",\"itemListElement\":[{\"@type\":\"ListItem\",\"position\":1,\"name\":\"Portada\",\"item\":\"https:\/\/nahuelproducciones.com.ar\/radioquijano\/\"},{\"@type\":\"ListItem\",\"position\":2,\"name\":\"El Portal se une: Rifa solidaria para financiar c\u00e1maras de seguridad en el Barrio.\"}]},{\"@type\":\"WebSite\",\"@id\":\"https:\/\/nahuelproducciones.com.ar\/radioquijano\/#website\",\"url\":\"https:\/\/nahuelproducciones.com.ar\/radioquijano\/\",\"name\":\"RQ 99.9\",\"description\":\"Radio Quijano 99.9 MHz\",\"potentialAction\":[{\"@type\":\"SearchAction\",\"target\":{\"@type\":\"EntryPoint\",\"urlTemplate\":\"https:\/\/nahuelproducciones.com.ar\/radioquijano\/?s={search_term_string}\"},\"query-input\":\"required name=search_term_string\"}],\"inLanguage\":\"es\"},{\"@type\":\"Person\",\"@id\":\"https:\/\/nahuelproducciones.com.ar\/radioquijano\/#\/schema\/person\/e8a4f939e2cb487fe6d0c54042c9d32c\",\"name\":\"Cecilia Pastrana\",\"image\":{\"@type\":\"ImageObject\",\"inLanguage\":\"es\",\"@id\":\"https:\/\/nahuelproducciones.com.ar\/radioquijano\/#\/schema\/person\/image\/\",\"url\":\"https:\/\/secure.gravatar.com\/avatar\/661a3ef63a8488d4f2794ed44af8cf71420f7e106f3072c40125114df5157749?s=96&d=mm&r=g\",\"contentUrl\":\"https:\/\/secure.gravatar.com\/avatar\/661a3ef63a8488d4f2794ed44af8cf71420f7e106f3072c40125114df5157749?s=96&d=mm&r=g\",\"caption\":\"Cecilia Pastrana\"},\"sameAs\":[\"cecy\"],\"url\":\"https:\/\/nahuelproducciones.com.ar\/radioquijano\/author\/cecy\/\"}]}<\/script>\n<!-- \/ Yoast SEO plugin. -->","yoast_head_json":{"title":"El Portal se une: Rifa solidaria para financiar c\u00e1maras de seguridad en el Barrio. - RQ 99.9","description":"El sorteo se realizar\u00e1 el pr\u00f3ximo 21 de diciembre , y los interesados \u200b\u200ben colaborar pueden adquirir n\u00fameros llamando al 3874412299 .","robots":{"index":"index","follow":"follow","max-snippet":"max-snippet:-1","max-image-preview":"max-image-preview:large","max-video-preview":"max-video-preview:-1"},"canonical":"https:\/\/nahuelproducciones.com.ar\/radioquijano\/el-portal-se-une-rifa-solidaria-para-financiar-camaras-de-seguridad-en-el-barrio\/","og_locale":"es_ES","og_type":"article","og_title":"El Portal se une: Rifa solidaria para financiar c\u00e1maras de seguridad en el Barrio. - RQ 99.9","og_description":"El sorteo se realizar\u00e1 el pr\u00f3ximo 21 de diciembre , y los interesados \u200b\u200ben colaborar pueden adquirir n\u00fameros llamando al 3874412299 .","og_url":"https:\/\/nahuelproducciones.com.ar\/radioquijano\/el-portal-se-une-rifa-solidaria-para-financiar-camaras-de-seguridad-en-el-barrio\/","og_site_name":"RQ 99.9","article_publisher":"https:\/\/www.facebook.com\/nahuelproducciones999\/","article_published_time":"2024-12-12T04:19:45+00:00","article_modified_time":"2024-12-12T04:19:47+00:00","og_image":[{"width":700,"height":521,"url":"https:\/\/nahuelproducciones.com.ar\/radioquijano\/wp-content\/uploads\/2024\/12\/WhatsApp-Image-2024-12-12-at-1.14.10-AM-e1733977159194.jpeg","type":"image\/jpeg"}],"author":"Cecilia Pastrana","twitter_card":"summary_large_image","twitter_creator":"@nahuproduciones","twitter_site":"@nahuproduciones","twitter_misc":{"Escrito por":"Cecilia Pastrana","Tiempo de lectura":"1 minuto"},"schema":{"@context":"https:\/\/schema.org","@graph":[{"@type":"WebPage","@id":"https:\/\/nahuelproducciones.com.ar\/radioquijano\/el-portal-se-une-rifa-solidaria-para-financiar-camaras-de-seguridad-en-el-barrio\/","url":"https:\/\/nahuelproducciones.com.ar\/radioquijano\/el-portal-se-une-rifa-solidaria-para-financiar-camaras-de-seguridad-en-el-barrio\/","name":"El Portal se une: Rifa solidaria para financiar c\u00e1maras de seguridad en el Barrio. - RQ 99.9","isPartOf":{"@id":"https:\/\/nahuelproducciones.com.ar\/radioquijano\/#website"},"datePublished":"2024-12-12T04:19:45+00:00","dateModified":"2024-12-12T04:19:47+00:00","author":{"@id":"https:\/\/nahuelproducciones.com.ar\/radioquijano\/#\/schema\/person\/e8a4f939e2cb487fe6d0c54042c9d32c"},"description":"El sorteo se realizar\u00e1 el pr\u00f3ximo 21 de diciembre , y los interesados \u200b\u200ben colaborar pueden adquirir n\u00fameros llamando al 3874412299 .","breadcrumb":{"@id":"https:\/\/nahuelproducciones.com.ar\/radioquijano\/el-portal-se-une-rifa-solidaria-para-financiar-camaras-de-seguridad-en-el-barrio\/#breadcrumb"},"inLanguage":"es","potentialAction":[{"@type":"ReadAction","target":["https:\/\/nahuelproducciones.com.ar\/radioquijano\/el-portal-se-une-rifa-solidaria-para-financiar-camaras-de-seguridad-en-el-barrio\/"]}]},{"@type":"BreadcrumbList","@id":"https:\/\/nahuelproducciones.com.ar\/radioquijano\/el-portal-se-une-rifa-solidaria-para-financiar-camaras-de-seguridad-en-el-barrio\/#breadcrumb","itemListElement":[{"@type":"ListItem","position":1,"name":"Portada","item":"https:\/\/nahuelproducciones.com.ar\/radioquijano\/"},{"@type":"ListItem","position":2,"name":"El Portal se une: Rifa solidaria para financiar c\u00e1maras de seguridad en el Barrio."}]},{"@type":"WebSite","@id":"https:\/\/nahuelproducciones.com.ar\/radioquijano\/#website","url":"https:\/\/nahuelproducciones.com.ar\/radioquijano\/","name":"RQ 99.9","description":"Radio Quijano 99.9 MHz","potentialAction":[{"@type":"SearchAction","target":{"@type":"EntryPoint","urlTemplate":"https:\/\/nahuelproducciones.com.ar\/radioquijano\/?s={search_term_string}"},"query-input":"required name=search_term_string"}],"inLanguage":"es"},{"@type":"Person","@id":"https:\/\/nahuelproducciones.com.ar\/radioquijano\/#\/schema\/person\/e8a4f939e2cb487fe6d0c54042c9d32c","name":"Cecilia Pastrana","image":{"@type":"ImageObject","inLanguage":"es","@id":"https:\/\/nahuelproducciones.com.ar\/radioquijano\/#\/schema\/person\/image\/","url":"https:\/\/secure.gravatar.com\/avatar\/661a3ef63a8488d4f2794ed44af8cf71420f7e106f3072c40125114df5157749?s=96&d=mm&r=g","contentUrl":"https:\/\/secure.gravatar.com\/avatar\/661a3ef63a8488d4f2794ed44af8cf71420f7e106f3072c40125114df5157749?s=96&d=mm&r=g","caption":"Cecilia Pastrana"},"sameAs":["cecy"],"url":"https:\/\/nahuelproducciones.com.ar\/radioquijano\/author\/cecy\/"}]}},"_links":{"self":[{"href":"https:\/\/nahuelproducciones.com.ar\/radioquijano\/wp-json\/wp\/v2\/posts\/9452","targetHints":{"allow":["GET"]}}],"collection":[{"href":"https:\/\/nahuelproducciones.com.ar\/radioquijano\/wp-json\/wp\/v2\/posts"}],"about":[{"href":"https:\/\/nahuelproducciones.com.ar\/radioquijano\/wp-json\/wp\/v2\/types\/post"}],"author":[{"embeddable":true,"href":"https:\/\/nahuelproducciones.com.ar\/radioquijano\/wp-json\/wp\/v2\/users\/8"}],"replies":[{"embeddable":true,"href":"https:\/\/nahuelproducciones.com.ar\/radioquijano\/wp-json\/wp\/v2\/comments?post=9452"}],"version-history":[{"count":1,"href":"https:\/\/nahuelproducciones.com.ar\/radioquijano\/wp-json\/wp\/v2\/posts\/9452\/revisions"}],"predecessor-version":[{"id":9455,"href":"https:\/\/nahuelproducciones.com.ar\/radioquijano\/wp-json\/wp\/v2\/posts\/9452\/revisions\/9455"}],"wp:featuredmedia":[{"embeddable":true,"href":"https:\/\/nahuelproducciones.com.ar\/radioquijano\/wp-json\/wp\/v2\/media\/9454"}],"wp:attachment":[{"href":"https:\/\/nahuelproducciones.com.ar\/radioquijano\/wp-json\/wp\/v2\/media?parent=9452"}],"wp:term":[{"taxonomy":"category","embeddable":true,"href":"https:\/\/nahuelproducciones.com.ar\/radioquijano\/wp-json\/wp\/v2\/categories?post=9452"},{"taxonomy":"post_tag","embeddable":true,"href":"https:\/\/nahuelproducciones.com.ar\/radioquijano\/wp-json\/wp\/v2\/tags?post=9452"}],"curies":[{"name":"wp","href":"https:\/\/api.w.org\/{rel}","templated":true}]}}