{"id":9465,"date":"2024-12-24T00:24:18","date_gmt":"2024-12-24T03:24:18","guid":{"rendered":"https:\/\/nahuelproducciones.com.ar\/radioquijano\/?p=9465"},"modified":"2024-12-24T00:30:01","modified_gmt":"2024-12-24T03:30:01","slug":"renovacion-en-el-gabinete-municipal-de-campo-quijano","status":"publish","type":"post","link":"https:\/\/nahuelproducciones.com.ar\/radioquijano\/renovacion-en-el-gabinete-municipal-de-campo-quijano\/","title":{"rendered":"Renovaci\u00f3n en el Gabinete Municipal de Campo Quijano"},"content":{"rendered":"\n<p>En una reciente reorganizaci\u00f3n de su equipo de gobierno, el intendente Lino Yonar anunci\u00f3 cambios significativos en el gabinete municipal, que buscan fortalecer la gesti\u00f3n local y optimizar las \u00e1reas clave de desarrollo para Campo Quijano..<\/p>\n\n\n\n<p><strong>Nuevas designaciones en Secretar\u00edas:<\/strong><\/p>\n\n\n\n<ul class=\"wp-block-list\">\n<li><strong>Adri\u00e1n Patricio Castro<\/strong> asume como Secretario de Gobierno Municipal, en reemplazo del Dr. Adri\u00e1n Albornoz.<\/li>\n\n\n\n<li><strong>Gustavo Javier Torres \u00c1lvarez<\/strong> ocupa el cargo de Secretario de Acci\u00f3n y Desarrollo Social, sucediendo a la Profesora Elena Bautista <\/li>\n\n\n\n<li><strong>Emilio Natalio P\u00e1nico<\/strong> es el nuevo Secretario de Infraestructura y Servicios P\u00fablicos, puesto anteriormente desempe\u00f1ado por el Ing. Edgardo Lamas.<\/li>\n<\/ul>\n\n\n\n<p><strong>Cambios en Direcciones:<\/strong><\/p>\n\n\n\n<ul class=\"wp-block-list\">\n<li>La Direcci\u00f3n de Empleo, Capacitaci\u00f3n y Producci\u00f3n, anteriormente fue ocupada por  Armando Nu\u00f1ez, hoy se divide en dos nuevas direcciones:\n<ul class=\"wp-block-list\">\n<li><strong>Armando Luis Nu\u00f1o<\/strong> es designado Director de Formaci\u00f3n y Empleo.<\/li>\n\n\n\n<li><strong>Jesica Paola Gir\u00f3n<\/strong> asume como Directora de Producci\u00f3n y Emprendimiento.<\/li>\n<\/ul>\n<\/li>\n\n\n\n<li>La Direcci\u00f3n de Cultura, encabezada por el Profesor Javier Gonz\u00e1lez, se fusiona con Turismo, bajo la nueva Direcci\u00f3n de Turismo y Cultura,  por <strong>Valeria Rosana Guiti\u00e1n<\/strong>.<\/li>\n\n\n\n<li><strong>Facundo Quintana<\/strong> es nombrado Director de Servicios P\u00fablicos, en reemplazo de Mat\u00edas \u00c1balos.<\/li>\n\n\n\n<li><strong><strong>Isabel Mercedes Farf\u00e1n<\/strong> <\/strong>ocupa la Direcci\u00f3n de Acci\u00f3n Cr\u00edtica,en reemplazo de <strong>Roc\u00edo Mirabal<\/strong>.<\/li>\n\n\n\n<li><strong>Guillermo Javier Arag\u00f3n Acu\u00f1a<\/strong> asume como Director de Prensa Municipal, sucediendo a Noelia Tapia.<\/li>\n<\/ul>\n\n\n\n<blockquote class=\"wp-block-quote is-layout-flow wp-block-quote-is-layout-flow\">\n<p>En el Perfil de facebook de la municipalidad de Campo Quijano su intendente p\u00fablico:<\/p>\n\n\n\n<p>Hoy damos un paso m\u00e1s hacia el futuro que so\u00f1amos para <a href=\"https:\/\/www.facebook.com\/hashtag\/campoquijano?__eep__=6&amp;__cft__[0]=AZVWZAmiPHQ_eUOTn9ge8GkzYCdnLdTOaeC6en8OPEwCHbtyv9MkbR-5KkThBZBd7W-zFYWudUSZiWBEFdZWKu8maeZKoMuVdmuvHYGQz41NvbkIZ-xM7oU-p4iebkEz9M0WQLyS_2hHeKInk8AvoG1vj3a41d7tIszQntuTMPXnydIi2JShFPMqjOBjn2YVJYQ&amp;__tn__=*NK-R\">#CampoQuijano<\/a>.<\/p>\n\n\n\n<p>Con orgullo, presento a los nuevos secretarios y directores que asumen sus responsabilidades en este d\u00eda, hombres y mujeres comprometidos con nuestra comunidad. Estos cambios no solo representan una renovaci\u00f3n en nuestra gesti\u00f3n, sino tambi\u00e9n una oportunidad para redoblar los esfuerzos en cada \u00e1rea, con nuevas ideas y energ\u00edas que nos permitan seguir construyendo el municipio que queremos.<\/p>\n\n\n\n<p>Queridos vecinos, <a><\/a>somos conscientes de los desaf\u00edos que enfrentamos, pero tambi\u00e9n de las enormes oportunidades que tenemos como comunidad.<\/p>\n\n\n\n<p>Este grupo de personas se suman a reforzar nuestra convicci\u00f3n de trabajar por un Campo Quijano inclusivo, moderno y con m\u00e1s oportunidades para todos.<\/p>\n\n\n\n<p>Cuento con cada uno de ustedes, para seguir avanzando juntos. El futuro de nuestro querido pueblo lo hacemos unidos, con esfuerzo, di\u00e1logo y compromiso. \u00a1Sigamos construyendo el lugar que merecemos!.<\/p>\n<\/blockquote>\n\n\n<p><iframe loading=\"lazy\" src=\"https:\/\/www.facebook.com\/plugins\/post.php?href=https%3A%2F%2Fwww.facebook.com%2FGestionLinoFernandoYonar%2Fposts%2Fpfbid023XPMkY4CZ8Y9mF5yXHtPGVjcxni3bTois6KvqWWMVwU7XVtWRQmEcz1hqna4B8Djl&amp;show_text=true&amp;width=500\" width=\"500\" height=\"729\" style=\"border:none;overflow:hidden\" scrolling=\"no\" frameborder=\"0\" allowfullscreen=\"true\" allow=\"autoplay; clipboard-write; encrypted-media; picture-in-picture; web-share\"><\/iframe><\/p>\n","protected":false},"excerpt":{"rendered":"<p>En una reciente reorganizaci\u00f3n de su equipo de gobierno, el intendente Lino Yonar anunci\u00f3 cambios significativos en el gabinete municipal, que buscan fortalecer la gesti\u00f3n local y optimizar las \u00e1reas clave de desarrollo para Campo Quijano.. Nuevas designaciones en Secretar\u00edas: Cambios en Direcciones: En el Perfil de facebook de la municipalidad de Campo Quijano su [&hellip;]<\/p>\n","protected":false},"author":8,"featured_media":9466,"comment_status":"open","ping_status":"open","sticky":false,"template":"","format":"standard","meta":{"_monsterinsights_skip_tracking":false,"_monsterinsights_sitenote_active":false,"_monsterinsights_sitenote_note":"","_monsterinsights_sitenote_category":0,"footnotes":""},"categories":[16],"tags":[63,100,1703],"class_list":["post-9465","post","type-post","status-publish","format-standard","has-post-thumbnail","hentry","category-noticias","tag-lino-yonar","tag-municipio-de-campo-quijano","tag-nuevo-gabinete"],"yoast_head":"<!-- This site is optimized with the Yoast SEO plugin v20.8 - https:\/\/yoast.com\/wordpress\/plugins\/seo\/ -->\n<title>Renovaci\u00f3n en el Gabinete Municipal de Campo Quijano - RQ 99.9<\/title>\n<meta name=\"description\" content=\"buscan fortalecer la gesti\u00f3n local.\" \/>\n<meta name=\"robots\" content=\"index, follow, max-snippet:-1, max-image-preview:large, max-video-preview:-1\" \/>\n<link rel=\"canonical\" href=\"https:\/\/nahuelproducciones.com.ar\/radioquijano\/renovacion-en-el-gabinete-municipal-de-campo-quijano\/\" \/>\n<meta property=\"og:locale\" content=\"es_ES\" \/>\n<meta property=\"og:type\" content=\"article\" \/>\n<meta property=\"og:title\" content=\"Renovaci\u00f3n en el Gabinete Municipal de Campo Quijano - RQ 99.9\" \/>\n<meta property=\"og:description\" content=\"buscan fortalecer la gesti\u00f3n local.\" \/>\n<meta property=\"og:url\" content=\"https:\/\/nahuelproducciones.com.ar\/radioquijano\/renovacion-en-el-gabinete-municipal-de-campo-quijano\/\" \/>\n<meta property=\"og:site_name\" content=\"RQ 99.9\" \/>\n<meta property=\"article:publisher\" content=\"https:\/\/www.facebook.com\/nahuelproducciones999\/\" \/>\n<meta property=\"article:published_time\" content=\"2024-12-24T03:24:18+00:00\" \/>\n<meta property=\"article:modified_time\" content=\"2024-12-24T03:30:01+00:00\" \/>\n<meta property=\"og:image\" content=\"https:\/\/nahuelproducciones.com.ar\/radioquijano\/wp-content\/uploads\/2024\/12\/471364592_1000832622073148_2848142934827431273_n-e1735010592351.jpg\" \/>\n\t<meta property=\"og:image:width\" content=\"700\" \/>\n\t<meta property=\"og:image:height\" content=\"525\" \/>\n\t<meta property=\"og:image:type\" content=\"image\/jpeg\" \/>\n<meta name=\"author\" content=\"Cecilia Pastrana\" \/>\n<meta name=\"twitter:card\" content=\"summary_large_image\" \/>\n<meta name=\"twitter:creator\" content=\"@nahuproduciones\" \/>\n<meta name=\"twitter:site\" content=\"@nahuproduciones\" \/>\n<meta name=\"twitter:label1\" content=\"Escrito por\" \/>\n\t<meta name=\"twitter:data1\" content=\"Cecilia Pastrana\" \/>\n\t<meta name=\"twitter:label2\" content=\"Tiempo de lectura\" \/>\n\t<meta name=\"twitter:data2\" content=\"2 minutos\" \/>\n<script type=\"application\/ld+json\" class=\"yoast-schema-graph\">{\"@context\":\"https:\/\/schema.org\",\"@graph\":[{\"@type\":\"WebPage\",\"@id\":\"https:\/\/nahuelproducciones.com.ar\/radioquijano\/renovacion-en-el-gabinete-municipal-de-campo-quijano\/\",\"url\":\"https:\/\/nahuelproducciones.com.ar\/radioquijano\/renovacion-en-el-gabinete-municipal-de-campo-quijano\/\",\"name\":\"Renovaci\u00f3n en el Gabinete Municipal de Campo Quijano - RQ 99.9\",\"isPartOf\":{\"@id\":\"https:\/\/nahuelproducciones.com.ar\/radioquijano\/#website\"},\"datePublished\":\"2024-12-24T03:24:18+00:00\",\"dateModified\":\"2024-12-24T03:30:01+00:00\",\"author\":{\"@id\":\"https:\/\/nahuelproducciones.com.ar\/radioquijano\/#\/schema\/person\/e8a4f939e2cb487fe6d0c54042c9d32c\"},\"description\":\"buscan fortalecer la gesti\u00f3n local.\",\"breadcrumb\":{\"@id\":\"https:\/\/nahuelproducciones.com.ar\/radioquijano\/renovacion-en-el-gabinete-municipal-de-campo-quijano\/#breadcrumb\"},\"inLanguage\":\"es\",\"potentialAction\":[{\"@type\":\"ReadAction\",\"target\":[\"https:\/\/nahuelproducciones.com.ar\/radioquijano\/renovacion-en-el-gabinete-municipal-de-campo-quijano\/\"]}]},{\"@type\":\"BreadcrumbList\",\"@id\":\"https:\/\/nahuelproducciones.com.ar\/radioquijano\/renovacion-en-el-gabinete-municipal-de-campo-quijano\/#breadcrumb\",\"itemListElement\":[{\"@type\":\"ListItem\",\"position\":1,\"name\":\"Portada\",\"item\":\"https:\/\/nahuelproducciones.com.ar\/radioquijano\/\"},{\"@type\":\"ListItem\",\"position\":2,\"name\":\"Renovaci\u00f3n en el Gabinete Municipal de Campo Quijano\"}]},{\"@type\":\"WebSite\",\"@id\":\"https:\/\/nahuelproducciones.com.ar\/radioquijano\/#website\",\"url\":\"https:\/\/nahuelproducciones.com.ar\/radioquijano\/\",\"name\":\"RQ 99.9\",\"description\":\"Radio Quijano 99.9 MHz\",\"potentialAction\":[{\"@type\":\"SearchAction\",\"target\":{\"@type\":\"EntryPoint\",\"urlTemplate\":\"https:\/\/nahuelproducciones.com.ar\/radioquijano\/?s={search_term_string}\"},\"query-input\":\"required name=search_term_string\"}],\"inLanguage\":\"es\"},{\"@type\":\"Person\",\"@id\":\"https:\/\/nahuelproducciones.com.ar\/radioquijano\/#\/schema\/person\/e8a4f939e2cb487fe6d0c54042c9d32c\",\"name\":\"Cecilia Pastrana\",\"image\":{\"@type\":\"ImageObject\",\"inLanguage\":\"es\",\"@id\":\"https:\/\/nahuelproducciones.com.ar\/radioquijano\/#\/schema\/person\/image\/\",\"url\":\"https:\/\/secure.gravatar.com\/avatar\/661a3ef63a8488d4f2794ed44af8cf71420f7e106f3072c40125114df5157749?s=96&d=mm&r=g\",\"contentUrl\":\"https:\/\/secure.gravatar.com\/avatar\/661a3ef63a8488d4f2794ed44af8cf71420f7e106f3072c40125114df5157749?s=96&d=mm&r=g\",\"caption\":\"Cecilia Pastrana\"},\"sameAs\":[\"cecy\"],\"url\":\"https:\/\/nahuelproducciones.com.ar\/radioquijano\/author\/cecy\/\"}]}<\/script>\n<!-- \/ Yoast SEO plugin. -->","yoast_head_json":{"title":"Renovaci\u00f3n en el Gabinete Municipal de Campo Quijano - RQ 99.9","description":"buscan fortalecer la gesti\u00f3n local.","robots":{"index":"index","follow":"follow","max-snippet":"max-snippet:-1","max-image-preview":"max-image-preview:large","max-video-preview":"max-video-preview:-1"},"canonical":"https:\/\/nahuelproducciones.com.ar\/radioquijano\/renovacion-en-el-gabinete-municipal-de-campo-quijano\/","og_locale":"es_ES","og_type":"article","og_title":"Renovaci\u00f3n en el Gabinete Municipal de Campo Quijano - RQ 99.9","og_description":"buscan fortalecer la gesti\u00f3n local.","og_url":"https:\/\/nahuelproducciones.com.ar\/radioquijano\/renovacion-en-el-gabinete-municipal-de-campo-quijano\/","og_site_name":"RQ 99.9","article_publisher":"https:\/\/www.facebook.com\/nahuelproducciones999\/","article_published_time":"2024-12-24T03:24:18+00:00","article_modified_time":"2024-12-24T03:30:01+00:00","og_image":[{"width":700,"height":525,"url":"https:\/\/nahuelproducciones.com.ar\/radioquijano\/wp-content\/uploads\/2024\/12\/471364592_1000832622073148_2848142934827431273_n-e1735010592351.jpg","type":"image\/jpeg"}],"author":"Cecilia Pastrana","twitter_card":"summary_large_image","twitter_creator":"@nahuproduciones","twitter_site":"@nahuproduciones","twitter_misc":{"Escrito por":"Cecilia Pastrana","Tiempo de lectura":"2 minutos"},"schema":{"@context":"https:\/\/schema.org","@graph":[{"@type":"WebPage","@id":"https:\/\/nahuelproducciones.com.ar\/radioquijano\/renovacion-en-el-gabinete-municipal-de-campo-quijano\/","url":"https:\/\/nahuelproducciones.com.ar\/radioquijano\/renovacion-en-el-gabinete-municipal-de-campo-quijano\/","name":"Renovaci\u00f3n en el Gabinete Municipal de Campo Quijano - RQ 99.9","isPartOf":{"@id":"https:\/\/nahuelproducciones.com.ar\/radioquijano\/#website"},"datePublished":"2024-12-24T03:24:18+00:00","dateModified":"2024-12-24T03:30:01+00:00","author":{"@id":"https:\/\/nahuelproducciones.com.ar\/radioquijano\/#\/schema\/person\/e8a4f939e2cb487fe6d0c54042c9d32c"},"description":"buscan fortalecer la gesti\u00f3n local.","breadcrumb":{"@id":"https:\/\/nahuelproducciones.com.ar\/radioquijano\/renovacion-en-el-gabinete-municipal-de-campo-quijano\/#breadcrumb"},"inLanguage":"es","potentialAction":[{"@type":"ReadAction","target":["https:\/\/nahuelproducciones.com.ar\/radioquijano\/renovacion-en-el-gabinete-municipal-de-campo-quijano\/"]}]},{"@type":"BreadcrumbList","@id":"https:\/\/nahuelproducciones.com.ar\/radioquijano\/renovacion-en-el-gabinete-municipal-de-campo-quijano\/#breadcrumb","itemListElement":[{"@type":"ListItem","position":1,"name":"Portada","item":"https:\/\/nahuelproducciones.com.ar\/radioquijano\/"},{"@type":"ListItem","position":2,"name":"Renovaci\u00f3n en el Gabinete Municipal de Campo Quijano"}]},{"@type":"WebSite","@id":"https:\/\/nahuelproducciones.com.ar\/radioquijano\/#website","url":"https:\/\/nahuelproducciones.com.ar\/radioquijano\/","name":"RQ 99.9","description":"Radio Quijano 99.9 MHz","potentialAction":[{"@type":"SearchAction","target":{"@type":"EntryPoint","urlTemplate":"https:\/\/nahuelproducciones.com.ar\/radioquijano\/?s={search_term_string}"},"query-input":"required name=search_term_string"}],"inLanguage":"es"},{"@type":"Person","@id":"https:\/\/nahuelproducciones.com.ar\/radioquijano\/#\/schema\/person\/e8a4f939e2cb487fe6d0c54042c9d32c","name":"Cecilia Pastrana","image":{"@type":"ImageObject","inLanguage":"es","@id":"https:\/\/nahuelproducciones.com.ar\/radioquijano\/#\/schema\/person\/image\/","url":"https:\/\/secure.gravatar.com\/avatar\/661a3ef63a8488d4f2794ed44af8cf71420f7e106f3072c40125114df5157749?s=96&d=mm&r=g","contentUrl":"https:\/\/secure.gravatar.com\/avatar\/661a3ef63a8488d4f2794ed44af8cf71420f7e106f3072c40125114df5157749?s=96&d=mm&r=g","caption":"Cecilia Pastrana"},"sameAs":["cecy"],"url":"https:\/\/nahuelproducciones.com.ar\/radioquijano\/author\/cecy\/"}]}},"_links":{"self":[{"href":"https:\/\/nahuelproducciones.com.ar\/radioquijano\/wp-json\/wp\/v2\/posts\/9465","targetHints":{"allow":["GET"]}}],"collection":[{"href":"https:\/\/nahuelproducciones.com.ar\/radioquijano\/wp-json\/wp\/v2\/posts"}],"about":[{"href":"https:\/\/nahuelproducciones.com.ar\/radioquijano\/wp-json\/wp\/v2\/types\/post"}],"author":[{"embeddable":true,"href":"https:\/\/nahuelproducciones.com.ar\/radioquijano\/wp-json\/wp\/v2\/users\/8"}],"replies":[{"embeddable":true,"href":"https:\/\/nahuelproducciones.com.ar\/radioquijano\/wp-json\/wp\/v2\/comments?post=9465"}],"version-history":[{"count":2,"href":"https:\/\/nahuelproducciones.com.ar\/radioquijano\/wp-json\/wp\/v2\/posts\/9465\/revisions"}],"predecessor-version":[{"id":9469,"href":"https:\/\/nahuelproducciones.com.ar\/radioquijano\/wp-json\/wp\/v2\/posts\/9465\/revisions\/9469"}],"wp:featuredmedia":[{"embeddable":true,"href":"https:\/\/nahuelproducciones.com.ar\/radioquijano\/wp-json\/wp\/v2\/media\/9466"}],"wp:attachment":[{"href":"https:\/\/nahuelproducciones.com.ar\/radioquijano\/wp-json\/wp\/v2\/media?parent=9465"}],"wp:term":[{"taxonomy":"category","embeddable":true,"href":"https:\/\/nahuelproducciones.com.ar\/radioquijano\/wp-json\/wp\/v2\/categories?post=9465"},{"taxonomy":"post_tag","embeddable":true,"href":"https:\/\/nahuelproducciones.com.ar\/radioquijano\/wp-json\/wp\/v2\/tags?post=9465"}],"curies":[{"name":"wp","href":"https:\/\/api.w.org\/{rel}","templated":true}]}}