{"id":9470,"date":"2024-12-28T13:37:55","date_gmt":"2024-12-28T16:37:55","guid":{"rendered":"https:\/\/nahuelproducciones.com.ar\/radioquijano\/?p=9470"},"modified":"2024-12-28T13:37:56","modified_gmt":"2024-12-28T16:37:56","slug":"campo-quijano-ocho-detenidos-por-la-violenta-agresion-a-dos-hombres","status":"publish","type":"post","link":"https:\/\/nahuelproducciones.com.ar\/radioquijano\/campo-quijano-ocho-detenidos-por-la-violenta-agresion-a-dos-hombres\/","title":{"rendered":"Campo Quijano: Ocho detenidos por la violenta agresi\u00f3n a dos hombres"},"content":{"rendered":"\n<p>El&nbsp;<em><strong>fiscal penal de Rosario de Lerma, Daniel Alejandro Escalante<\/strong><\/em>, imput\u00f3 de forma provisional a cuatro mujeres de 26, 29, 31 y 33 a\u00f1os y cuatro hombres, uno de 19, dos de 24 y uno de 32 a\u00f1os como coautores de los delitos de lesiones graves en ri\u00f1a y abandono de persona agravado por causar grave da\u00f1o en concurso real (dos hechos).<\/p>\n\n\n\n<p>Tras la audiencia de imputaci\u00f3n, el fiscal Escalante solicit\u00f3 al Juzgado de Garant\u00edas interviniente que se mantenga la detenci\u00f3n de los sospechosos, mientras se cumplen numerosas medidas dispuestas para lograr el esclarecimiento de los hechos.<\/p>\n\n\n\n<p>El pasado 9 de diciembre, a la salida de una carpa bailable en la localidad de Campo Quijano, dos hombres resultaron heridos y con grave da\u00f1o para su salud, luego de ser agredidos por un grupo de personas que causaba disturbios en los alrededores.<\/p>\n\n\n\n<p>Los dos lesionados no recibieron asistencia y gracias a la intervenci\u00f3n de ocasionales transe\u00fantes, fueron trasladados y pudieron ser atendidos.<\/p>\n\n\n\n<p>El importante trabajo investigativo de personal del Grupo Investigativo del Sector 82 permiti\u00f3 identificar a los sospechosos, algunos de los cuales pertenecen a un mismo grupo familiar.<\/p>\n\n\n\n<p>Fuente: Ministerio P\u00fablico Fiscal de Salta<\/p>\n","protected":false},"excerpt":{"rendered":"<p>El&nbsp;fiscal penal de Rosario de Lerma, Daniel Alejandro Escalante, imput\u00f3 de forma provisional a cuatro mujeres de 26, 29, 31 y 33 a\u00f1os y cuatro hombres, uno de 19, dos de 24 y uno de 32 a\u00f1os como coautores de los delitos de lesiones graves en ri\u00f1a y abandono de persona agravado por causar grave [&hellip;]<\/p>\n","protected":false},"author":8,"featured_media":9471,"comment_status":"open","ping_status":"open","sticky":false,"template":"","format":"standard","meta":{"_monsterinsights_skip_tracking":false,"_monsterinsights_sitenote_active":false,"_monsterinsights_sitenote_note":"","_monsterinsights_sitenote_category":0,"footnotes":""},"categories":[16],"tags":[1704,100],"class_list":["post-9470","post","type-post","status-publish","format-standard","has-post-thumbnail","hentry","category-noticias","tag-fiscal-escalante","tag-municipio-de-campo-quijano"],"yoast_head":"<!-- This site is optimized with the Yoast SEO plugin v20.8 - https:\/\/yoast.com\/wordpress\/plugins\/seo\/ -->\n<title>Campo Quijano: Ocho detenidos por la violenta agresi\u00f3n a dos hombres - RQ 99.9<\/title>\n<meta name=\"description\" content=\"Los dos hechos ocurrieron el pasado 9 de diciembre a la salida de una carpa bailable, donde un grupo de desconocidos, quienes causaban desorden, agredieron en distintas oportunidades a dos hombres, caus\u00e1ndole lesiones y dej\u00e1ndolos abandonados, sin asistencia. Se solicit\u00f3 que permanezcan detenidos.\" \/>\n<meta name=\"robots\" content=\"index, follow, max-snippet:-1, max-image-preview:large, max-video-preview:-1\" \/>\n<link rel=\"canonical\" href=\"https:\/\/nahuelproducciones.com.ar\/radioquijano\/campo-quijano-ocho-detenidos-por-la-violenta-agresion-a-dos-hombres\/\" \/>\n<meta property=\"og:locale\" content=\"es_ES\" \/>\n<meta property=\"og:type\" content=\"article\" \/>\n<meta property=\"og:title\" content=\"Campo Quijano: Ocho detenidos por la violenta agresi\u00f3n a dos hombres - RQ 99.9\" \/>\n<meta property=\"og:description\" content=\"Los dos hechos ocurrieron el pasado 9 de diciembre a la salida de una carpa bailable, donde un grupo de desconocidos, quienes causaban desorden, agredieron en distintas oportunidades a dos hombres, caus\u00e1ndole lesiones y dej\u00e1ndolos abandonados, sin asistencia. Se solicit\u00f3 que permanezcan detenidos.\" \/>\n<meta property=\"og:url\" content=\"https:\/\/nahuelproducciones.com.ar\/radioquijano\/campo-quijano-ocho-detenidos-por-la-violenta-agresion-a-dos-hombres\/\" \/>\n<meta property=\"og:site_name\" content=\"RQ 99.9\" \/>\n<meta property=\"article:publisher\" content=\"https:\/\/www.facebook.com\/nahuelproducciones999\/\" \/>\n<meta property=\"article:published_time\" content=\"2024-12-28T16:37:55+00:00\" \/>\n<meta property=\"article:modified_time\" content=\"2024-12-28T16:37:56+00:00\" \/>\n<meta property=\"og:image\" content=\"https:\/\/nahuelproducciones.com.ar\/radioquijano\/wp-content\/uploads\/2024\/12\/WhatsApp-Image-2024-12-28-at-1.33.52-PM.jpeg\" \/>\n\t<meta property=\"og:image:width\" content=\"600\" \/>\n\t<meta property=\"og:image:height\" content=\"381\" \/>\n\t<meta property=\"og:image:type\" content=\"image\/jpeg\" \/>\n<meta name=\"author\" content=\"Cecilia Pastrana\" \/>\n<meta name=\"twitter:card\" content=\"summary_large_image\" \/>\n<meta name=\"twitter:creator\" content=\"@nahuproduciones\" \/>\n<meta name=\"twitter:site\" content=\"@nahuproduciones\" \/>\n<meta name=\"twitter:label1\" content=\"Escrito por\" \/>\n\t<meta name=\"twitter:data1\" content=\"Cecilia Pastrana\" \/>\n\t<meta name=\"twitter:label2\" content=\"Tiempo de lectura\" \/>\n\t<meta name=\"twitter:data2\" content=\"1 minuto\" \/>\n<script type=\"application\/ld+json\" class=\"yoast-schema-graph\">{\"@context\":\"https:\/\/schema.org\",\"@graph\":[{\"@type\":\"WebPage\",\"@id\":\"https:\/\/nahuelproducciones.com.ar\/radioquijano\/campo-quijano-ocho-detenidos-por-la-violenta-agresion-a-dos-hombres\/\",\"url\":\"https:\/\/nahuelproducciones.com.ar\/radioquijano\/campo-quijano-ocho-detenidos-por-la-violenta-agresion-a-dos-hombres\/\",\"name\":\"Campo Quijano: Ocho detenidos por la violenta agresi\u00f3n a dos hombres - RQ 99.9\",\"isPartOf\":{\"@id\":\"https:\/\/nahuelproducciones.com.ar\/radioquijano\/#website\"},\"datePublished\":\"2024-12-28T16:37:55+00:00\",\"dateModified\":\"2024-12-28T16:37:56+00:00\",\"author\":{\"@id\":\"https:\/\/nahuelproducciones.com.ar\/radioquijano\/#\/schema\/person\/e8a4f939e2cb487fe6d0c54042c9d32c\"},\"description\":\"Los dos hechos ocurrieron el pasado 9 de diciembre a la salida de una carpa bailable, donde un grupo de desconocidos, quienes causaban desorden, agredieron en distintas oportunidades a dos hombres, caus\u00e1ndole lesiones y dej\u00e1ndolos abandonados, sin asistencia. Se solicit\u00f3 que permanezcan detenidos.\",\"breadcrumb\":{\"@id\":\"https:\/\/nahuelproducciones.com.ar\/radioquijano\/campo-quijano-ocho-detenidos-por-la-violenta-agresion-a-dos-hombres\/#breadcrumb\"},\"inLanguage\":\"es\",\"potentialAction\":[{\"@type\":\"ReadAction\",\"target\":[\"https:\/\/nahuelproducciones.com.ar\/radioquijano\/campo-quijano-ocho-detenidos-por-la-violenta-agresion-a-dos-hombres\/\"]}]},{\"@type\":\"BreadcrumbList\",\"@id\":\"https:\/\/nahuelproducciones.com.ar\/radioquijano\/campo-quijano-ocho-detenidos-por-la-violenta-agresion-a-dos-hombres\/#breadcrumb\",\"itemListElement\":[{\"@type\":\"ListItem\",\"position\":1,\"name\":\"Portada\",\"item\":\"https:\/\/nahuelproducciones.com.ar\/radioquijano\/\"},{\"@type\":\"ListItem\",\"position\":2,\"name\":\"Campo Quijano: Ocho detenidos por la violenta agresi\u00f3n a dos hombres\"}]},{\"@type\":\"WebSite\",\"@id\":\"https:\/\/nahuelproducciones.com.ar\/radioquijano\/#website\",\"url\":\"https:\/\/nahuelproducciones.com.ar\/radioquijano\/\",\"name\":\"RQ 99.9\",\"description\":\"Radio Quijano 99.9 MHz\",\"potentialAction\":[{\"@type\":\"SearchAction\",\"target\":{\"@type\":\"EntryPoint\",\"urlTemplate\":\"https:\/\/nahuelproducciones.com.ar\/radioquijano\/?s={search_term_string}\"},\"query-input\":\"required name=search_term_string\"}],\"inLanguage\":\"es\"},{\"@type\":\"Person\",\"@id\":\"https:\/\/nahuelproducciones.com.ar\/radioquijano\/#\/schema\/person\/e8a4f939e2cb487fe6d0c54042c9d32c\",\"name\":\"Cecilia Pastrana\",\"image\":{\"@type\":\"ImageObject\",\"inLanguage\":\"es\",\"@id\":\"https:\/\/nahuelproducciones.com.ar\/radioquijano\/#\/schema\/person\/image\/\",\"url\":\"https:\/\/secure.gravatar.com\/avatar\/661a3ef63a8488d4f2794ed44af8cf71420f7e106f3072c40125114df5157749?s=96&d=mm&r=g\",\"contentUrl\":\"https:\/\/secure.gravatar.com\/avatar\/661a3ef63a8488d4f2794ed44af8cf71420f7e106f3072c40125114df5157749?s=96&d=mm&r=g\",\"caption\":\"Cecilia Pastrana\"},\"sameAs\":[\"cecy\"],\"url\":\"https:\/\/nahuelproducciones.com.ar\/radioquijano\/author\/cecy\/\"}]}<\/script>\n<!-- \/ Yoast SEO plugin. -->","yoast_head_json":{"title":"Campo Quijano: Ocho detenidos por la violenta agresi\u00f3n a dos hombres - RQ 99.9","description":"Los dos hechos ocurrieron el pasado 9 de diciembre a la salida de una carpa bailable, donde un grupo de desconocidos, quienes causaban desorden, agredieron en distintas oportunidades a dos hombres, caus\u00e1ndole lesiones y dej\u00e1ndolos abandonados, sin asistencia. Se solicit\u00f3 que permanezcan detenidos.","robots":{"index":"index","follow":"follow","max-snippet":"max-snippet:-1","max-image-preview":"max-image-preview:large","max-video-preview":"max-video-preview:-1"},"canonical":"https:\/\/nahuelproducciones.com.ar\/radioquijano\/campo-quijano-ocho-detenidos-por-la-violenta-agresion-a-dos-hombres\/","og_locale":"es_ES","og_type":"article","og_title":"Campo Quijano: Ocho detenidos por la violenta agresi\u00f3n a dos hombres - RQ 99.9","og_description":"Los dos hechos ocurrieron el pasado 9 de diciembre a la salida de una carpa bailable, donde un grupo de desconocidos, quienes causaban desorden, agredieron en distintas oportunidades a dos hombres, caus\u00e1ndole lesiones y dej\u00e1ndolos abandonados, sin asistencia. Se solicit\u00f3 que permanezcan detenidos.","og_url":"https:\/\/nahuelproducciones.com.ar\/radioquijano\/campo-quijano-ocho-detenidos-por-la-violenta-agresion-a-dos-hombres\/","og_site_name":"RQ 99.9","article_publisher":"https:\/\/www.facebook.com\/nahuelproducciones999\/","article_published_time":"2024-12-28T16:37:55+00:00","article_modified_time":"2024-12-28T16:37:56+00:00","og_image":[{"width":600,"height":381,"url":"https:\/\/nahuelproducciones.com.ar\/radioquijano\/wp-content\/uploads\/2024\/12\/WhatsApp-Image-2024-12-28-at-1.33.52-PM.jpeg","type":"image\/jpeg"}],"author":"Cecilia Pastrana","twitter_card":"summary_large_image","twitter_creator":"@nahuproduciones","twitter_site":"@nahuproduciones","twitter_misc":{"Escrito por":"Cecilia Pastrana","Tiempo de lectura":"1 minuto"},"schema":{"@context":"https:\/\/schema.org","@graph":[{"@type":"WebPage","@id":"https:\/\/nahuelproducciones.com.ar\/radioquijano\/campo-quijano-ocho-detenidos-por-la-violenta-agresion-a-dos-hombres\/","url":"https:\/\/nahuelproducciones.com.ar\/radioquijano\/campo-quijano-ocho-detenidos-por-la-violenta-agresion-a-dos-hombres\/","name":"Campo Quijano: Ocho detenidos por la violenta agresi\u00f3n a dos hombres - RQ 99.9","isPartOf":{"@id":"https:\/\/nahuelproducciones.com.ar\/radioquijano\/#website"},"datePublished":"2024-12-28T16:37:55+00:00","dateModified":"2024-12-28T16:37:56+00:00","author":{"@id":"https:\/\/nahuelproducciones.com.ar\/radioquijano\/#\/schema\/person\/e8a4f939e2cb487fe6d0c54042c9d32c"},"description":"Los dos hechos ocurrieron el pasado 9 de diciembre a la salida de una carpa bailable, donde un grupo de desconocidos, quienes causaban desorden, agredieron en distintas oportunidades a dos hombres, caus\u00e1ndole lesiones y dej\u00e1ndolos abandonados, sin asistencia. Se solicit\u00f3 que permanezcan detenidos.","breadcrumb":{"@id":"https:\/\/nahuelproducciones.com.ar\/radioquijano\/campo-quijano-ocho-detenidos-por-la-violenta-agresion-a-dos-hombres\/#breadcrumb"},"inLanguage":"es","potentialAction":[{"@type":"ReadAction","target":["https:\/\/nahuelproducciones.com.ar\/radioquijano\/campo-quijano-ocho-detenidos-por-la-violenta-agresion-a-dos-hombres\/"]}]},{"@type":"BreadcrumbList","@id":"https:\/\/nahuelproducciones.com.ar\/radioquijano\/campo-quijano-ocho-detenidos-por-la-violenta-agresion-a-dos-hombres\/#breadcrumb","itemListElement":[{"@type":"ListItem","position":1,"name":"Portada","item":"https:\/\/nahuelproducciones.com.ar\/radioquijano\/"},{"@type":"ListItem","position":2,"name":"Campo Quijano: Ocho detenidos por la violenta agresi\u00f3n a dos hombres"}]},{"@type":"WebSite","@id":"https:\/\/nahuelproducciones.com.ar\/radioquijano\/#website","url":"https:\/\/nahuelproducciones.com.ar\/radioquijano\/","name":"RQ 99.9","description":"Radio Quijano 99.9 MHz","potentialAction":[{"@type":"SearchAction","target":{"@type":"EntryPoint","urlTemplate":"https:\/\/nahuelproducciones.com.ar\/radioquijano\/?s={search_term_string}"},"query-input":"required name=search_term_string"}],"inLanguage":"es"},{"@type":"Person","@id":"https:\/\/nahuelproducciones.com.ar\/radioquijano\/#\/schema\/person\/e8a4f939e2cb487fe6d0c54042c9d32c","name":"Cecilia Pastrana","image":{"@type":"ImageObject","inLanguage":"es","@id":"https:\/\/nahuelproducciones.com.ar\/radioquijano\/#\/schema\/person\/image\/","url":"https:\/\/secure.gravatar.com\/avatar\/661a3ef63a8488d4f2794ed44af8cf71420f7e106f3072c40125114df5157749?s=96&d=mm&r=g","contentUrl":"https:\/\/secure.gravatar.com\/avatar\/661a3ef63a8488d4f2794ed44af8cf71420f7e106f3072c40125114df5157749?s=96&d=mm&r=g","caption":"Cecilia Pastrana"},"sameAs":["cecy"],"url":"https:\/\/nahuelproducciones.com.ar\/radioquijano\/author\/cecy\/"}]}},"_links":{"self":[{"href":"https:\/\/nahuelproducciones.com.ar\/radioquijano\/wp-json\/wp\/v2\/posts\/9470","targetHints":{"allow":["GET"]}}],"collection":[{"href":"https:\/\/nahuelproducciones.com.ar\/radioquijano\/wp-json\/wp\/v2\/posts"}],"about":[{"href":"https:\/\/nahuelproducciones.com.ar\/radioquijano\/wp-json\/wp\/v2\/types\/post"}],"author":[{"embeddable":true,"href":"https:\/\/nahuelproducciones.com.ar\/radioquijano\/wp-json\/wp\/v2\/users\/8"}],"replies":[{"embeddable":true,"href":"https:\/\/nahuelproducciones.com.ar\/radioquijano\/wp-json\/wp\/v2\/comments?post=9470"}],"version-history":[{"count":1,"href":"https:\/\/nahuelproducciones.com.ar\/radioquijano\/wp-json\/wp\/v2\/posts\/9470\/revisions"}],"predecessor-version":[{"id":9472,"href":"https:\/\/nahuelproducciones.com.ar\/radioquijano\/wp-json\/wp\/v2\/posts\/9470\/revisions\/9472"}],"wp:featuredmedia":[{"embeddable":true,"href":"https:\/\/nahuelproducciones.com.ar\/radioquijano\/wp-json\/wp\/v2\/media\/9471"}],"wp:attachment":[{"href":"https:\/\/nahuelproducciones.com.ar\/radioquijano\/wp-json\/wp\/v2\/media?parent=9470"}],"wp:term":[{"taxonomy":"category","embeddable":true,"href":"https:\/\/nahuelproducciones.com.ar\/radioquijano\/wp-json\/wp\/v2\/categories?post=9470"},{"taxonomy":"post_tag","embeddable":true,"href":"https:\/\/nahuelproducciones.com.ar\/radioquijano\/wp-json\/wp\/v2\/tags?post=9470"}],"curies":[{"name":"wp","href":"https:\/\/api.w.org\/{rel}","templated":true}]}}