{"id":9486,"date":"2025-01-05T22:31:17","date_gmt":"2025-01-06T01:31:17","guid":{"rendered":"https:\/\/nahuelproducciones.com.ar\/radioquijano\/?p=9486"},"modified":"2025-01-05T22:31:19","modified_gmt":"2025-01-06T01:31:19","slug":"campo-quijano-dio-la-bienvenida-a-los-primeros-turistas-de-la-temporada-2025","status":"publish","type":"post","link":"https:\/\/nahuelproducciones.com.ar\/radioquijano\/campo-quijano-dio-la-bienvenida-a-los-primeros-turistas-de-la-temporada-2025\/","title":{"rendered":"Campo Quijano dio la bienvenida a los primeros turistas de la temporada 2025"},"content":{"rendered":"\n<p>Con m\u00fasica, danza y tradiciones, el Portal de los Andes celebr\u00f3 la llegada de los primeros visitantes del a\u00f1o.<\/p>\n\n\n\n<p>En una emotiva jornada realizada en el Paseo Huaytiquina, junto a la hist\u00f3rica locomotora, Campo Quijano recibi\u00f3 a los primeros turistas de la temporada 2025.<\/p>\n\n\n\n<p>En una labor conjunta entre la Direcci\u00f3n de Turismo y Cultura y la Direcci\u00f3n de Tr\u00e1nsito, se detect\u00f3 a los primeros visitantes en el P\u00f3rtico de los Andes, un hito que simboliza la entrada a esta hermosa localidad. Los homenajeados fueron:<\/p>\n\n\n\n<p>M\u00f3nica Barrientos Ramos, de la Ciudad Aut\u00f3noma de Buenos Aires, quien lleg\u00f3 en auto acompa\u00f1ada de su primo juje\u00f1o.<\/p>\n\n\n\n<p>Juan Cruz Romaniuk, tambi\u00e9n de Buenos Aires, que arrib\u00f3 en auto junto a una familia salte\u00f1a amiga.<\/p>\n\n\n\n<p>Paula Papadia y Ezequiel Otero, provenientes de Corrientes, que viajaron en moto.<\/p>\n\n\n\n<p>Los turistas, acompa\u00f1ados por una caravana liderada por los gauchos del Fort\u00edn Rodeo Antenor S\u00e1nchez, fueron recibidos con entusiasmo por la comunidad.<\/p>\n\n\n\n<p>El evento comenz\u00f3 con la bendici\u00f3n del Santo Patrono de Campo Quijano, Santiago Ap\u00f3stol, ceremonia coordinada por el Padre Chauque de la Iglesia local. Previamente, los visitantes recorrieron el Museo del Tren, sumergi\u00e9ndose en la rica historia ferroviaria del municipio.<\/p>\n\n\n\n<p>La celebraci\u00f3n cultural, llevada a cabo al lado de la locomotora, incluy\u00f3 un espect\u00e1culo que destac\u00f3 las tradiciones locales:<\/p>\n\n\n\n<p>Dos parejas del Estudio de Danza y Malambo El Fac\u00f3n deleitaron con su destreza.<\/p>\n\n\n\n<p>La comparsa Los Brujos del Enc\u00f3n llen\u00f3 el ambiente de color y alegr\u00eda.<\/p>\n\n\n\n<p>La voz de Juan Fern\u00e1ndez brind\u00f3 momentos de emoci\u00f3n con sus interpretaciones.<\/p>\n\n\n\n<p>Los presentes disfrutaron de empanadas caseras y compartieron un momento \u00fanico de camarader\u00eda. Adem\u00e1s, los turistas recibieron obsequios de artesanos locales, empresarios, la C\u00e1mara de Comercio y Turismo, y el municipio como gesto de hospitalidad.<\/p>\n\n\n\n<p>La Municipalidad de Campo Quijano reafirm\u00f3 su compromiso de trabajar en conjunto para fortalecer el turismo local y ofrecer experiencias \u00fanicas a quienes eligen visitar el Portal de los Andes.<\/p>\n\n\n\n<figure class=\"wp-block-gallery has-nested-images columns-default is-cropped wp-block-gallery-1 is-layout-flex wp-block-gallery-is-layout-flex\">\n<figure class=\"wp-block-image size-large\"><img loading=\"lazy\" decoding=\"async\" width=\"1024\" height=\"683\" data-id=\"9489\" src=\"https:\/\/nahuelproducciones.com.ar\/radioquijano\/wp-content\/uploads\/2025\/01\/IMG_7230-1024x683-1.webp\" alt=\"\" class=\"wp-image-9489\" srcset=\"https:\/\/nahuelproducciones.com.ar\/radioquijano\/wp-content\/uploads\/2025\/01\/IMG_7230-1024x683-1.webp 1024w, https:\/\/nahuelproducciones.com.ar\/radioquijano\/wp-content\/uploads\/2025\/01\/IMG_7230-1024x683-1-300x200.webp 300w, https:\/\/nahuelproducciones.com.ar\/radioquijano\/wp-content\/uploads\/2025\/01\/IMG_7230-1024x683-1-768x512.webp 768w, https:\/\/nahuelproducciones.com.ar\/radioquijano\/wp-content\/uploads\/2025\/01\/IMG_7230-1024x683-1-150x100.webp 150w\" sizes=\"auto, (max-width: 1024px) 100vw, 1024px\" \/><\/figure>\n\n\n\n<figure class=\"wp-block-image size-large\"><img loading=\"lazy\" decoding=\"async\" width=\"1024\" height=\"712\" data-id=\"9488\" src=\"https:\/\/nahuelproducciones.com.ar\/radioquijano\/wp-content\/uploads\/2025\/01\/IMG_7359-1024x712-1.webp\" alt=\"\" class=\"wp-image-9488\" srcset=\"https:\/\/nahuelproducciones.com.ar\/radioquijano\/wp-content\/uploads\/2025\/01\/IMG_7359-1024x712-1.webp 1024w, https:\/\/nahuelproducciones.com.ar\/radioquijano\/wp-content\/uploads\/2025\/01\/IMG_7359-1024x712-1-300x209.webp 300w, https:\/\/nahuelproducciones.com.ar\/radioquijano\/wp-content\/uploads\/2025\/01\/IMG_7359-1024x712-1-768x534.webp 768w, https:\/\/nahuelproducciones.com.ar\/radioquijano\/wp-content\/uploads\/2025\/01\/IMG_7359-1024x712-1-150x104.webp 150w\" sizes=\"auto, (max-width: 1024px) 100vw, 1024px\" \/><\/figure>\n\n\n\n<figure class=\"wp-block-image size-large\"><img loading=\"lazy\" decoding=\"async\" width=\"683\" height=\"1024\" data-id=\"9490\" src=\"https:\/\/nahuelproducciones.com.ar\/radioquijano\/wp-content\/uploads\/2025\/01\/IMG_7367-768x1151-1-683x1024.webp\" alt=\"\" class=\"wp-image-9490\" srcset=\"https:\/\/nahuelproducciones.com.ar\/radioquijano\/wp-content\/uploads\/2025\/01\/IMG_7367-768x1151-1-683x1024.webp 683w, https:\/\/nahuelproducciones.com.ar\/radioquijano\/wp-content\/uploads\/2025\/01\/IMG_7367-768x1151-1-200x300.webp 200w, https:\/\/nahuelproducciones.com.ar\/radioquijano\/wp-content\/uploads\/2025\/01\/IMG_7367-768x1151-1-150x225.webp 150w, https:\/\/nahuelproducciones.com.ar\/radioquijano\/wp-content\/uploads\/2025\/01\/IMG_7367-768x1151-1.webp 768w\" sizes=\"auto, (max-width: 683px) 100vw, 683px\" \/><\/figure>\n<\/figure>\n\n\n\n<p>Fuente: Prensa Municipal<\/p>\n","protected":false},"excerpt":{"rendered":"<p>Con m\u00fasica, danza y tradiciones, el Portal de los Andes celebr\u00f3 la llegada de los primeros visitantes del a\u00f1o. En una emotiva jornada realizada en el Paseo Huaytiquina, junto a la hist\u00f3rica locomotora, Campo Quijano recibi\u00f3 a los primeros turistas de la temporada 2025. En una labor conjunta entre la Direcci\u00f3n de Turismo y Cultura [&hellip;]<\/p>\n","protected":false},"author":8,"featured_media":9491,"comment_status":"open","ping_status":"open","sticky":false,"template":"","format":"standard","meta":{"_monsterinsights_skip_tracking":false,"_monsterinsights_sitenote_active":false,"_monsterinsights_sitenote_note":"","_monsterinsights_sitenote_category":0,"footnotes":""},"categories":[16],"tags":[36,63,100,1705],"class_list":["post-9486","post","type-post","status-publish","format-standard","has-post-thumbnail","hentry","category-noticias","tag-campo-quijano","tag-lino-yonar","tag-municipio-de-campo-quijano","tag-primer-turista"],"yoast_head":"<!-- This site is optimized with the Yoast SEO plugin v20.8 - https:\/\/yoast.com\/wordpress\/plugins\/seo\/ -->\n<title>Campo Quijano dio la bienvenida a los primeros turistas de la temporada 2025 - RQ 99.9<\/title>\n<meta name=\"description\" content=\"Los turistas recibieron obsequios de artesanos locales, empresarios, la C\u00e1mara de Comercio y Turismo, y el municipio como gesto de hospitalidad.\" \/>\n<meta name=\"robots\" content=\"index, follow, max-snippet:-1, max-image-preview:large, max-video-preview:-1\" \/>\n<link rel=\"canonical\" href=\"https:\/\/nahuelproducciones.com.ar\/radioquijano\/campo-quijano-dio-la-bienvenida-a-los-primeros-turistas-de-la-temporada-2025\/\" \/>\n<meta property=\"og:locale\" content=\"es_ES\" \/>\n<meta property=\"og:type\" content=\"article\" \/>\n<meta property=\"og:title\" content=\"Campo Quijano dio la bienvenida a los primeros turistas de la temporada 2025 - RQ 99.9\" \/>\n<meta property=\"og:description\" content=\"Los turistas recibieron obsequios de artesanos locales, empresarios, la C\u00e1mara de Comercio y Turismo, y el municipio como gesto de hospitalidad.\" \/>\n<meta property=\"og:url\" content=\"https:\/\/nahuelproducciones.com.ar\/radioquijano\/campo-quijano-dio-la-bienvenida-a-los-primeros-turistas-de-la-temporada-2025\/\" \/>\n<meta property=\"og:site_name\" content=\"RQ 99.9\" \/>\n<meta property=\"article:publisher\" content=\"https:\/\/www.facebook.com\/nahuelproducciones999\/\" \/>\n<meta property=\"article:published_time\" content=\"2025-01-06T01:31:17+00:00\" \/>\n<meta property=\"article:modified_time\" content=\"2025-01-06T01:31:19+00:00\" \/>\n<meta property=\"og:image\" content=\"https:\/\/nahuelproducciones.com.ar\/radioquijano\/wp-content\/uploads\/2025\/01\/IMG_7160-1024x682-2-e1736127021954.webp\" \/>\n\t<meta property=\"og:image:width\" content=\"700\" \/>\n\t<meta property=\"og:image:height\" content=\"466\" \/>\n\t<meta property=\"og:image:type\" content=\"image\/webp\" \/>\n<meta name=\"author\" content=\"Cecilia Pastrana\" \/>\n<meta name=\"twitter:card\" content=\"summary_large_image\" \/>\n<meta name=\"twitter:creator\" content=\"@nahuproduciones\" \/>\n<meta name=\"twitter:site\" content=\"@nahuproduciones\" \/>\n<meta name=\"twitter:label1\" content=\"Escrito por\" \/>\n\t<meta name=\"twitter:data1\" content=\"Cecilia Pastrana\" \/>\n\t<meta name=\"twitter:label2\" content=\"Tiempo de lectura\" \/>\n\t<meta name=\"twitter:data2\" content=\"3 minutos\" \/>\n<script type=\"application\/ld+json\" class=\"yoast-schema-graph\">{\"@context\":\"https:\/\/schema.org\",\"@graph\":[{\"@type\":\"WebPage\",\"@id\":\"https:\/\/nahuelproducciones.com.ar\/radioquijano\/campo-quijano-dio-la-bienvenida-a-los-primeros-turistas-de-la-temporada-2025\/\",\"url\":\"https:\/\/nahuelproducciones.com.ar\/radioquijano\/campo-quijano-dio-la-bienvenida-a-los-primeros-turistas-de-la-temporada-2025\/\",\"name\":\"Campo Quijano dio la bienvenida a los primeros turistas de la temporada 2025 - RQ 99.9\",\"isPartOf\":{\"@id\":\"https:\/\/nahuelproducciones.com.ar\/radioquijano\/#website\"},\"datePublished\":\"2025-01-06T01:31:17+00:00\",\"dateModified\":\"2025-01-06T01:31:19+00:00\",\"author\":{\"@id\":\"https:\/\/nahuelproducciones.com.ar\/radioquijano\/#\/schema\/person\/e8a4f939e2cb487fe6d0c54042c9d32c\"},\"description\":\"Los turistas recibieron obsequios de artesanos locales, empresarios, la C\u00e1mara de Comercio y Turismo, y el municipio como gesto de hospitalidad.\",\"breadcrumb\":{\"@id\":\"https:\/\/nahuelproducciones.com.ar\/radioquijano\/campo-quijano-dio-la-bienvenida-a-los-primeros-turistas-de-la-temporada-2025\/#breadcrumb\"},\"inLanguage\":\"es\",\"potentialAction\":[{\"@type\":\"ReadAction\",\"target\":[\"https:\/\/nahuelproducciones.com.ar\/radioquijano\/campo-quijano-dio-la-bienvenida-a-los-primeros-turistas-de-la-temporada-2025\/\"]}]},{\"@type\":\"BreadcrumbList\",\"@id\":\"https:\/\/nahuelproducciones.com.ar\/radioquijano\/campo-quijano-dio-la-bienvenida-a-los-primeros-turistas-de-la-temporada-2025\/#breadcrumb\",\"itemListElement\":[{\"@type\":\"ListItem\",\"position\":1,\"name\":\"Portada\",\"item\":\"https:\/\/nahuelproducciones.com.ar\/radioquijano\/\"},{\"@type\":\"ListItem\",\"position\":2,\"name\":\"Campo Quijano dio la bienvenida a los primeros turistas de la temporada 2025\"}]},{\"@type\":\"WebSite\",\"@id\":\"https:\/\/nahuelproducciones.com.ar\/radioquijano\/#website\",\"url\":\"https:\/\/nahuelproducciones.com.ar\/radioquijano\/\",\"name\":\"RQ 99.9\",\"description\":\"Radio Quijano 99.9 MHz\",\"potentialAction\":[{\"@type\":\"SearchAction\",\"target\":{\"@type\":\"EntryPoint\",\"urlTemplate\":\"https:\/\/nahuelproducciones.com.ar\/radioquijano\/?s={search_term_string}\"},\"query-input\":\"required name=search_term_string\"}],\"inLanguage\":\"es\"},{\"@type\":\"Person\",\"@id\":\"https:\/\/nahuelproducciones.com.ar\/radioquijano\/#\/schema\/person\/e8a4f939e2cb487fe6d0c54042c9d32c\",\"name\":\"Cecilia Pastrana\",\"image\":{\"@type\":\"ImageObject\",\"inLanguage\":\"es\",\"@id\":\"https:\/\/nahuelproducciones.com.ar\/radioquijano\/#\/schema\/person\/image\/\",\"url\":\"https:\/\/secure.gravatar.com\/avatar\/661a3ef63a8488d4f2794ed44af8cf71420f7e106f3072c40125114df5157749?s=96&d=mm&r=g\",\"contentUrl\":\"https:\/\/secure.gravatar.com\/avatar\/661a3ef63a8488d4f2794ed44af8cf71420f7e106f3072c40125114df5157749?s=96&d=mm&r=g\",\"caption\":\"Cecilia Pastrana\"},\"sameAs\":[\"cecy\"],\"url\":\"https:\/\/nahuelproducciones.com.ar\/radioquijano\/author\/cecy\/\"}]}<\/script>\n<!-- \/ Yoast SEO plugin. -->","yoast_head_json":{"title":"Campo Quijano dio la bienvenida a los primeros turistas de la temporada 2025 - RQ 99.9","description":"Los turistas recibieron obsequios de artesanos locales, empresarios, la C\u00e1mara de Comercio y Turismo, y el municipio como gesto de hospitalidad.","robots":{"index":"index","follow":"follow","max-snippet":"max-snippet:-1","max-image-preview":"max-image-preview:large","max-video-preview":"max-video-preview:-1"},"canonical":"https:\/\/nahuelproducciones.com.ar\/radioquijano\/campo-quijano-dio-la-bienvenida-a-los-primeros-turistas-de-la-temporada-2025\/","og_locale":"es_ES","og_type":"article","og_title":"Campo Quijano dio la bienvenida a los primeros turistas de la temporada 2025 - RQ 99.9","og_description":"Los turistas recibieron obsequios de artesanos locales, empresarios, la C\u00e1mara de Comercio y Turismo, y el municipio como gesto de hospitalidad.","og_url":"https:\/\/nahuelproducciones.com.ar\/radioquijano\/campo-quijano-dio-la-bienvenida-a-los-primeros-turistas-de-la-temporada-2025\/","og_site_name":"RQ 99.9","article_publisher":"https:\/\/www.facebook.com\/nahuelproducciones999\/","article_published_time":"2025-01-06T01:31:17+00:00","article_modified_time":"2025-01-06T01:31:19+00:00","og_image":[{"width":700,"height":466,"url":"https:\/\/nahuelproducciones.com.ar\/radioquijano\/wp-content\/uploads\/2025\/01\/IMG_7160-1024x682-2-e1736127021954.webp","type":"image\/webp"}],"author":"Cecilia Pastrana","twitter_card":"summary_large_image","twitter_creator":"@nahuproduciones","twitter_site":"@nahuproduciones","twitter_misc":{"Escrito por":"Cecilia Pastrana","Tiempo de lectura":"3 minutos"},"schema":{"@context":"https:\/\/schema.org","@graph":[{"@type":"WebPage","@id":"https:\/\/nahuelproducciones.com.ar\/radioquijano\/campo-quijano-dio-la-bienvenida-a-los-primeros-turistas-de-la-temporada-2025\/","url":"https:\/\/nahuelproducciones.com.ar\/radioquijano\/campo-quijano-dio-la-bienvenida-a-los-primeros-turistas-de-la-temporada-2025\/","name":"Campo Quijano dio la bienvenida a los primeros turistas de la temporada 2025 - RQ 99.9","isPartOf":{"@id":"https:\/\/nahuelproducciones.com.ar\/radioquijano\/#website"},"datePublished":"2025-01-06T01:31:17+00:00","dateModified":"2025-01-06T01:31:19+00:00","author":{"@id":"https:\/\/nahuelproducciones.com.ar\/radioquijano\/#\/schema\/person\/e8a4f939e2cb487fe6d0c54042c9d32c"},"description":"Los turistas recibieron obsequios de artesanos locales, empresarios, la C\u00e1mara de Comercio y Turismo, y el municipio como gesto de hospitalidad.","breadcrumb":{"@id":"https:\/\/nahuelproducciones.com.ar\/radioquijano\/campo-quijano-dio-la-bienvenida-a-los-primeros-turistas-de-la-temporada-2025\/#breadcrumb"},"inLanguage":"es","potentialAction":[{"@type":"ReadAction","target":["https:\/\/nahuelproducciones.com.ar\/radioquijano\/campo-quijano-dio-la-bienvenida-a-los-primeros-turistas-de-la-temporada-2025\/"]}]},{"@type":"BreadcrumbList","@id":"https:\/\/nahuelproducciones.com.ar\/radioquijano\/campo-quijano-dio-la-bienvenida-a-los-primeros-turistas-de-la-temporada-2025\/#breadcrumb","itemListElement":[{"@type":"ListItem","position":1,"name":"Portada","item":"https:\/\/nahuelproducciones.com.ar\/radioquijano\/"},{"@type":"ListItem","position":2,"name":"Campo Quijano dio la bienvenida a los primeros turistas de la temporada 2025"}]},{"@type":"WebSite","@id":"https:\/\/nahuelproducciones.com.ar\/radioquijano\/#website","url":"https:\/\/nahuelproducciones.com.ar\/radioquijano\/","name":"RQ 99.9","description":"Radio Quijano 99.9 MHz","potentialAction":[{"@type":"SearchAction","target":{"@type":"EntryPoint","urlTemplate":"https:\/\/nahuelproducciones.com.ar\/radioquijano\/?s={search_term_string}"},"query-input":"required name=search_term_string"}],"inLanguage":"es"},{"@type":"Person","@id":"https:\/\/nahuelproducciones.com.ar\/radioquijano\/#\/schema\/person\/e8a4f939e2cb487fe6d0c54042c9d32c","name":"Cecilia Pastrana","image":{"@type":"ImageObject","inLanguage":"es","@id":"https:\/\/nahuelproducciones.com.ar\/radioquijano\/#\/schema\/person\/image\/","url":"https:\/\/secure.gravatar.com\/avatar\/661a3ef63a8488d4f2794ed44af8cf71420f7e106f3072c40125114df5157749?s=96&d=mm&r=g","contentUrl":"https:\/\/secure.gravatar.com\/avatar\/661a3ef63a8488d4f2794ed44af8cf71420f7e106f3072c40125114df5157749?s=96&d=mm&r=g","caption":"Cecilia Pastrana"},"sameAs":["cecy"],"url":"https:\/\/nahuelproducciones.com.ar\/radioquijano\/author\/cecy\/"}]}},"_links":{"self":[{"href":"https:\/\/nahuelproducciones.com.ar\/radioquijano\/wp-json\/wp\/v2\/posts\/9486","targetHints":{"allow":["GET"]}}],"collection":[{"href":"https:\/\/nahuelproducciones.com.ar\/radioquijano\/wp-json\/wp\/v2\/posts"}],"about":[{"href":"https:\/\/nahuelproducciones.com.ar\/radioquijano\/wp-json\/wp\/v2\/types\/post"}],"author":[{"embeddable":true,"href":"https:\/\/nahuelproducciones.com.ar\/radioquijano\/wp-json\/wp\/v2\/users\/8"}],"replies":[{"embeddable":true,"href":"https:\/\/nahuelproducciones.com.ar\/radioquijano\/wp-json\/wp\/v2\/comments?post=9486"}],"version-history":[{"count":1,"href":"https:\/\/nahuelproducciones.com.ar\/radioquijano\/wp-json\/wp\/v2\/posts\/9486\/revisions"}],"predecessor-version":[{"id":9492,"href":"https:\/\/nahuelproducciones.com.ar\/radioquijano\/wp-json\/wp\/v2\/posts\/9486\/revisions\/9492"}],"wp:featuredmedia":[{"embeddable":true,"href":"https:\/\/nahuelproducciones.com.ar\/radioquijano\/wp-json\/wp\/v2\/media\/9491"}],"wp:attachment":[{"href":"https:\/\/nahuelproducciones.com.ar\/radioquijano\/wp-json\/wp\/v2\/media?parent=9486"}],"wp:term":[{"taxonomy":"category","embeddable":true,"href":"https:\/\/nahuelproducciones.com.ar\/radioquijano\/wp-json\/wp\/v2\/categories?post=9486"},{"taxonomy":"post_tag","embeddable":true,"href":"https:\/\/nahuelproducciones.com.ar\/radioquijano\/wp-json\/wp\/v2\/tags?post=9486"}],"curies":[{"name":"wp","href":"https:\/\/api.w.org\/{rel}","templated":true}]}}