{"id":9593,"date":"2025-02-09T21:18:00","date_gmt":"2025-02-10T00:18:00","guid":{"rendered":"https:\/\/nahuelproducciones.com.ar\/radioquijano\/?p=9593"},"modified":"2025-02-09T21:18:02","modified_gmt":"2025-02-10T00:18:02","slug":"un-hombre-murio-ahogado-en-el-dique-las-lomitas","status":"publish","type":"post","link":"https:\/\/nahuelproducciones.com.ar\/radioquijano\/un-hombre-murio-ahogado-en-el-dique-las-lomitas\/","title":{"rendered":"Un hombre muri\u00f3 ahogado en el dique Las lomitas"},"content":{"rendered":"\n<p>El s\u00e1bado 8 de febrero, <strong>un hombre perdi\u00f3 la vida tras ahogarse en el dique de Las Lomitas.\u00a0<\/strong>Seg\u00fan\u00a0<em>DeFrenteSalta, e<\/em>l hecho ocurri\u00f3 cuando la v\u00edctima, junto a dos compa\u00f1eros, se arroj\u00f3 al agua desde el ingreso de la calle G\u00fcemes. Minutos despu\u00e9s, desapareci\u00f3 en una zona profunda, lo que provoc\u00f3 una intensa b\u00fasqueda por parte de la polic\u00eda. \u00a0<\/p>\n\n\n\n<p>A pesar de los esfuerzos iniciales, el hombre no pudo ser localizado de inmediato. Sin embargo, la b\u00fasqueda continu\u00f3 y,\u00a0<strong>alrededor de las 17:55 del s\u00e1bado, los efectivos encontraron el cuerpo sumergido a unos dos metros de profundidad. \u00a0<\/strong>El joven de 33 a\u00f1os fue identificado como Guillermo Alberto Condor\u00ed.<\/p>\n\n\n\n<p>Luego del hallazgo, se dio aviso a las autoridades para coordinar el operativo correspondiente. Tambi\u00e9n se solicit\u00f3 la presencia de una ambulancia en el lugar. \u00a0<\/p>\n\n\n\n<p>El caso est\u00e1 siendo investigado por la fiscal\u00eda a cargo de la Dra. Celina Morales.<\/p>\n\n\n\n<p>Fuente: defrentesalta.com.ar<\/p>\n","protected":false},"excerpt":{"rendered":"<p>El s\u00e1bado 8 de febrero, un hombre perdi\u00f3 la vida tras ahogarse en el dique de Las Lomitas.\u00a0Seg\u00fan\u00a0DeFrenteSalta, el hecho ocurri\u00f3 cuando la v\u00edctima, junto a dos compa\u00f1eros, se arroj\u00f3 al agua desde el ingreso de la calle G\u00fcemes. Minutos despu\u00e9s, desapareci\u00f3 en una zona profunda, lo que provoc\u00f3 una intensa b\u00fasqueda por parte de [&hellip;]<\/p>\n","protected":false},"author":8,"featured_media":9594,"comment_status":"open","ping_status":"open","sticky":false,"template":"","format":"standard","meta":{"_monsterinsights_skip_tracking":false,"_monsterinsights_sitenote_active":false,"_monsterinsights_sitenote_note":"","_monsterinsights_sitenote_category":0,"footnotes":""},"categories":[16],"tags":[36,882,100],"class_list":["post-9593","post","type-post","status-publish","format-standard","has-post-thumbnail","hentry","category-noticias","tag-campo-quijano","tag-dique-las-lomitas","tag-municipio-de-campo-quijano"],"yoast_head":"<!-- This site is optimized with the Yoast SEO plugin v20.8 - https:\/\/yoast.com\/wordpress\/plugins\/seo\/ -->\n<title>Un hombre muri\u00f3 ahogado en el dique Las lomitas - RQ 99.9<\/title>\n<meta name=\"description\" content=\"El caso est\u00e1 siendo investigado por la fiscal\u00eda a cargo de la Dra. Celina Morales.\" \/>\n<meta name=\"robots\" content=\"index, follow, max-snippet:-1, max-image-preview:large, max-video-preview:-1\" \/>\n<link rel=\"canonical\" href=\"https:\/\/nahuelproducciones.com.ar\/radioquijano\/un-hombre-murio-ahogado-en-el-dique-las-lomitas\/\" \/>\n<meta property=\"og:locale\" content=\"es_ES\" \/>\n<meta property=\"og:type\" content=\"article\" \/>\n<meta property=\"og:title\" content=\"Un hombre muri\u00f3 ahogado en el dique Las lomitas - RQ 99.9\" \/>\n<meta property=\"og:description\" content=\"El caso est\u00e1 siendo investigado por la fiscal\u00eda a cargo de la Dra. Celina Morales.\" \/>\n<meta property=\"og:url\" content=\"https:\/\/nahuelproducciones.com.ar\/radioquijano\/un-hombre-murio-ahogado-en-el-dique-las-lomitas\/\" \/>\n<meta property=\"og:site_name\" content=\"RQ 99.9\" \/>\n<meta property=\"article:publisher\" content=\"https:\/\/www.facebook.com\/nahuelproducciones999\/\" \/>\n<meta property=\"article:published_time\" content=\"2025-02-10T00:18:00+00:00\" \/>\n<meta property=\"article:modified_time\" content=\"2025-02-10T00:18:02+00:00\" \/>\n<meta property=\"og:image\" content=\"https:\/\/nahuelproducciones.com.ar\/radioquijano\/wp-content\/uploads\/2025\/02\/83771085.400x300.jpg\" \/>\n\t<meta property=\"og:image:width\" content=\"400\" \/>\n\t<meta property=\"og:image:height\" content=\"300\" \/>\n\t<meta property=\"og:image:type\" content=\"image\/jpeg\" \/>\n<meta name=\"author\" content=\"Cecilia Pastrana\" \/>\n<meta name=\"twitter:card\" content=\"summary_large_image\" \/>\n<meta name=\"twitter:creator\" content=\"@nahuproduciones\" \/>\n<meta name=\"twitter:site\" content=\"@nahuproduciones\" \/>\n<meta name=\"twitter:label1\" content=\"Escrito por\" \/>\n\t<meta name=\"twitter:data1\" content=\"Cecilia Pastrana\" \/>\n\t<meta name=\"twitter:label2\" content=\"Tiempo de lectura\" \/>\n\t<meta name=\"twitter:data2\" content=\"1 minuto\" \/>\n<script type=\"application\/ld+json\" class=\"yoast-schema-graph\">{\"@context\":\"https:\/\/schema.org\",\"@graph\":[{\"@type\":\"WebPage\",\"@id\":\"https:\/\/nahuelproducciones.com.ar\/radioquijano\/un-hombre-murio-ahogado-en-el-dique-las-lomitas\/\",\"url\":\"https:\/\/nahuelproducciones.com.ar\/radioquijano\/un-hombre-murio-ahogado-en-el-dique-las-lomitas\/\",\"name\":\"Un hombre muri\u00f3 ahogado en el dique Las lomitas - RQ 99.9\",\"isPartOf\":{\"@id\":\"https:\/\/nahuelproducciones.com.ar\/radioquijano\/#website\"},\"datePublished\":\"2025-02-10T00:18:00+00:00\",\"dateModified\":\"2025-02-10T00:18:02+00:00\",\"author\":{\"@id\":\"https:\/\/nahuelproducciones.com.ar\/radioquijano\/#\/schema\/person\/e8a4f939e2cb487fe6d0c54042c9d32c\"},\"description\":\"El caso est\u00e1 siendo investigado por la fiscal\u00eda a cargo de la Dra. Celina Morales.\",\"breadcrumb\":{\"@id\":\"https:\/\/nahuelproducciones.com.ar\/radioquijano\/un-hombre-murio-ahogado-en-el-dique-las-lomitas\/#breadcrumb\"},\"inLanguage\":\"es\",\"potentialAction\":[{\"@type\":\"ReadAction\",\"target\":[\"https:\/\/nahuelproducciones.com.ar\/radioquijano\/un-hombre-murio-ahogado-en-el-dique-las-lomitas\/\"]}]},{\"@type\":\"BreadcrumbList\",\"@id\":\"https:\/\/nahuelproducciones.com.ar\/radioquijano\/un-hombre-murio-ahogado-en-el-dique-las-lomitas\/#breadcrumb\",\"itemListElement\":[{\"@type\":\"ListItem\",\"position\":1,\"name\":\"Portada\",\"item\":\"https:\/\/nahuelproducciones.com.ar\/radioquijano\/\"},{\"@type\":\"ListItem\",\"position\":2,\"name\":\"Un hombre muri\u00f3 ahogado en el dique Las lomitas\"}]},{\"@type\":\"WebSite\",\"@id\":\"https:\/\/nahuelproducciones.com.ar\/radioquijano\/#website\",\"url\":\"https:\/\/nahuelproducciones.com.ar\/radioquijano\/\",\"name\":\"RQ 99.9\",\"description\":\"Radio Quijano 99.9 MHz\",\"potentialAction\":[{\"@type\":\"SearchAction\",\"target\":{\"@type\":\"EntryPoint\",\"urlTemplate\":\"https:\/\/nahuelproducciones.com.ar\/radioquijano\/?s={search_term_string}\"},\"query-input\":\"required name=search_term_string\"}],\"inLanguage\":\"es\"},{\"@type\":\"Person\",\"@id\":\"https:\/\/nahuelproducciones.com.ar\/radioquijano\/#\/schema\/person\/e8a4f939e2cb487fe6d0c54042c9d32c\",\"name\":\"Cecilia Pastrana\",\"image\":{\"@type\":\"ImageObject\",\"inLanguage\":\"es\",\"@id\":\"https:\/\/nahuelproducciones.com.ar\/radioquijano\/#\/schema\/person\/image\/\",\"url\":\"https:\/\/secure.gravatar.com\/avatar\/661a3ef63a8488d4f2794ed44af8cf71420f7e106f3072c40125114df5157749?s=96&d=mm&r=g\",\"contentUrl\":\"https:\/\/secure.gravatar.com\/avatar\/661a3ef63a8488d4f2794ed44af8cf71420f7e106f3072c40125114df5157749?s=96&d=mm&r=g\",\"caption\":\"Cecilia Pastrana\"},\"sameAs\":[\"cecy\"],\"url\":\"https:\/\/nahuelproducciones.com.ar\/radioquijano\/author\/cecy\/\"}]}<\/script>\n<!-- \/ Yoast SEO plugin. -->","yoast_head_json":{"title":"Un hombre muri\u00f3 ahogado en el dique Las lomitas - RQ 99.9","description":"El caso est\u00e1 siendo investigado por la fiscal\u00eda a cargo de la Dra. Celina Morales.","robots":{"index":"index","follow":"follow","max-snippet":"max-snippet:-1","max-image-preview":"max-image-preview:large","max-video-preview":"max-video-preview:-1"},"canonical":"https:\/\/nahuelproducciones.com.ar\/radioquijano\/un-hombre-murio-ahogado-en-el-dique-las-lomitas\/","og_locale":"es_ES","og_type":"article","og_title":"Un hombre muri\u00f3 ahogado en el dique Las lomitas - RQ 99.9","og_description":"El caso est\u00e1 siendo investigado por la fiscal\u00eda a cargo de la Dra. Celina Morales.","og_url":"https:\/\/nahuelproducciones.com.ar\/radioquijano\/un-hombre-murio-ahogado-en-el-dique-las-lomitas\/","og_site_name":"RQ 99.9","article_publisher":"https:\/\/www.facebook.com\/nahuelproducciones999\/","article_published_time":"2025-02-10T00:18:00+00:00","article_modified_time":"2025-02-10T00:18:02+00:00","og_image":[{"width":400,"height":300,"url":"https:\/\/nahuelproducciones.com.ar\/radioquijano\/wp-content\/uploads\/2025\/02\/83771085.400x300.jpg","type":"image\/jpeg"}],"author":"Cecilia Pastrana","twitter_card":"summary_large_image","twitter_creator":"@nahuproduciones","twitter_site":"@nahuproduciones","twitter_misc":{"Escrito por":"Cecilia Pastrana","Tiempo de lectura":"1 minuto"},"schema":{"@context":"https:\/\/schema.org","@graph":[{"@type":"WebPage","@id":"https:\/\/nahuelproducciones.com.ar\/radioquijano\/un-hombre-murio-ahogado-en-el-dique-las-lomitas\/","url":"https:\/\/nahuelproducciones.com.ar\/radioquijano\/un-hombre-murio-ahogado-en-el-dique-las-lomitas\/","name":"Un hombre muri\u00f3 ahogado en el dique Las lomitas - RQ 99.9","isPartOf":{"@id":"https:\/\/nahuelproducciones.com.ar\/radioquijano\/#website"},"datePublished":"2025-02-10T00:18:00+00:00","dateModified":"2025-02-10T00:18:02+00:00","author":{"@id":"https:\/\/nahuelproducciones.com.ar\/radioquijano\/#\/schema\/person\/e8a4f939e2cb487fe6d0c54042c9d32c"},"description":"El caso est\u00e1 siendo investigado por la fiscal\u00eda a cargo de la Dra. Celina Morales.","breadcrumb":{"@id":"https:\/\/nahuelproducciones.com.ar\/radioquijano\/un-hombre-murio-ahogado-en-el-dique-las-lomitas\/#breadcrumb"},"inLanguage":"es","potentialAction":[{"@type":"ReadAction","target":["https:\/\/nahuelproducciones.com.ar\/radioquijano\/un-hombre-murio-ahogado-en-el-dique-las-lomitas\/"]}]},{"@type":"BreadcrumbList","@id":"https:\/\/nahuelproducciones.com.ar\/radioquijano\/un-hombre-murio-ahogado-en-el-dique-las-lomitas\/#breadcrumb","itemListElement":[{"@type":"ListItem","position":1,"name":"Portada","item":"https:\/\/nahuelproducciones.com.ar\/radioquijano\/"},{"@type":"ListItem","position":2,"name":"Un hombre muri\u00f3 ahogado en el dique Las lomitas"}]},{"@type":"WebSite","@id":"https:\/\/nahuelproducciones.com.ar\/radioquijano\/#website","url":"https:\/\/nahuelproducciones.com.ar\/radioquijano\/","name":"RQ 99.9","description":"Radio Quijano 99.9 MHz","potentialAction":[{"@type":"SearchAction","target":{"@type":"EntryPoint","urlTemplate":"https:\/\/nahuelproducciones.com.ar\/radioquijano\/?s={search_term_string}"},"query-input":"required name=search_term_string"}],"inLanguage":"es"},{"@type":"Person","@id":"https:\/\/nahuelproducciones.com.ar\/radioquijano\/#\/schema\/person\/e8a4f939e2cb487fe6d0c54042c9d32c","name":"Cecilia Pastrana","image":{"@type":"ImageObject","inLanguage":"es","@id":"https:\/\/nahuelproducciones.com.ar\/radioquijano\/#\/schema\/person\/image\/","url":"https:\/\/secure.gravatar.com\/avatar\/661a3ef63a8488d4f2794ed44af8cf71420f7e106f3072c40125114df5157749?s=96&d=mm&r=g","contentUrl":"https:\/\/secure.gravatar.com\/avatar\/661a3ef63a8488d4f2794ed44af8cf71420f7e106f3072c40125114df5157749?s=96&d=mm&r=g","caption":"Cecilia Pastrana"},"sameAs":["cecy"],"url":"https:\/\/nahuelproducciones.com.ar\/radioquijano\/author\/cecy\/"}]}},"_links":{"self":[{"href":"https:\/\/nahuelproducciones.com.ar\/radioquijano\/wp-json\/wp\/v2\/posts\/9593","targetHints":{"allow":["GET"]}}],"collection":[{"href":"https:\/\/nahuelproducciones.com.ar\/radioquijano\/wp-json\/wp\/v2\/posts"}],"about":[{"href":"https:\/\/nahuelproducciones.com.ar\/radioquijano\/wp-json\/wp\/v2\/types\/post"}],"author":[{"embeddable":true,"href":"https:\/\/nahuelproducciones.com.ar\/radioquijano\/wp-json\/wp\/v2\/users\/8"}],"replies":[{"embeddable":true,"href":"https:\/\/nahuelproducciones.com.ar\/radioquijano\/wp-json\/wp\/v2\/comments?post=9593"}],"version-history":[{"count":1,"href":"https:\/\/nahuelproducciones.com.ar\/radioquijano\/wp-json\/wp\/v2\/posts\/9593\/revisions"}],"predecessor-version":[{"id":9595,"href":"https:\/\/nahuelproducciones.com.ar\/radioquijano\/wp-json\/wp\/v2\/posts\/9593\/revisions\/9595"}],"wp:featuredmedia":[{"embeddable":true,"href":"https:\/\/nahuelproducciones.com.ar\/radioquijano\/wp-json\/wp\/v2\/media\/9594"}],"wp:attachment":[{"href":"https:\/\/nahuelproducciones.com.ar\/radioquijano\/wp-json\/wp\/v2\/media?parent=9593"}],"wp:term":[{"taxonomy":"category","embeddable":true,"href":"https:\/\/nahuelproducciones.com.ar\/radioquijano\/wp-json\/wp\/v2\/categories?post=9593"},{"taxonomy":"post_tag","embeddable":true,"href":"https:\/\/nahuelproducciones.com.ar\/radioquijano\/wp-json\/wp\/v2\/tags?post=9593"}],"curies":[{"name":"wp","href":"https:\/\/api.w.org\/{rel}","templated":true}]}}