{"id":9597,"date":"2025-02-10T00:17:42","date_gmt":"2025-02-10T03:17:42","guid":{"rendered":"https:\/\/nahuelproducciones.com.ar\/radioquijano\/?p=9597"},"modified":"2025-02-10T00:19:27","modified_gmt":"2025-02-10T03:19:27","slug":"conmemoramos-el-240-aniversario-del-natalicio-de-nuestro-gral-martin-miguel-de-guemes","status":"publish","type":"post","link":"https:\/\/nahuelproducciones.com.ar\/radioquijano\/conmemoramos-el-240-aniversario-del-natalicio-de-nuestro-gral-martin-miguel-de-guemes\/","title":{"rendered":"Conmemoramos el 240\u00b0 Aniversario del Natalicio de nuestro Gral. Mart\u00edn Miguel de G\u00fcemes."},"content":{"rendered":"\n<p>El municipio de Campo Quijano record\u00f3 un nuevo Aniversario del Natalicio de nuestro Gral. Mart\u00edn Miguel de G\u00fcemes, h\u00e9roe nacional y uno de los padres de la patria.<\/p>\n\n\n\n<p>El acto en homenaje fue reflejado en el perfil de facebook de <strong>Municipalidad de Campo Quijano<\/strong>, donde expresaron: \u00abRevalorizamos su legado y recordamos con profundo orgullo su entrega y valor en su lucha por la libertad de su pueblo. Con su figura, es el ejemplo que todos debemos seguir.\u00bb<\/p>\n\n\n<p><iframe loading=\"lazy\" src=\"https:\/\/www.facebook.com\/plugins\/post.php?href=https%3A%2F%2Fwww.facebook.com%2FGestionLinoFernandoYonar%2Fposts%2Fpfbid02dEAWyuMbLXtnfvGtxBE6yMQBo1ASieeSk7jWpVQyt8ctp11LwC3PYfJuVJsiGXrQl&#038;show_text=true&#038;width=500\" width=\"500\" height=\"691\" style=\"border:none;overflow:hidden\" scrolling=\"no\" frameborder=\"0\" allowfullscreen=\"true\" allow=\"autoplay; clipboard-write; encrypted-media; picture-in-picture; web-share\"><\/iframe><\/p>\n","protected":false},"excerpt":{"rendered":"<p>El municipio de Campo Quijano record\u00f3 un nuevo Aniversario del Natalicio de nuestro Gral. Mart\u00edn Miguel de G\u00fcemes, h\u00e9roe nacional y uno de los padres de la patria. El acto en homenaje fue reflejado en el perfil de facebook de Municipalidad de Campo Quijano, donde expresaron: \u00abRevalorizamos su legado y recordamos con profundo orgullo su [&hellip;]<\/p>\n","protected":false},"author":8,"featured_media":9598,"comment_status":"open","ping_status":"open","sticky":false,"template":"","format":"standard","meta":{"_monsterinsights_skip_tracking":false,"_monsterinsights_sitenote_active":false,"_monsterinsights_sitenote_note":"","_monsterinsights_sitenote_category":0,"footnotes":""},"categories":[16],"tags":[1714,100],"class_list":["post-9597","post","type-post","status-publish","format-standard","has-post-thumbnail","hentry","category-noticias","tag-gral-martin-miguel-de-guemes","tag-municipio-de-campo-quijano"],"yoast_head":"<!-- This site is optimized with the Yoast SEO plugin v20.8 - https:\/\/yoast.com\/wordpress\/plugins\/seo\/ -->\n<title>Conmemoramos el 240\u00b0 Aniversario del Natalicio de nuestro Gral. Mart\u00edn Miguel de G\u00fcemes. - RQ 99.9<\/title>\n<meta name=\"description\" content=\"\u00a1Que viva nuestro H\u00e9roe Gaucho!\" \/>\n<meta name=\"robots\" content=\"index, follow, max-snippet:-1, max-image-preview:large, max-video-preview:-1\" \/>\n<link rel=\"canonical\" href=\"https:\/\/nahuelproducciones.com.ar\/radioquijano\/conmemoramos-el-240-aniversario-del-natalicio-de-nuestro-gral-martin-miguel-de-guemes\/\" \/>\n<meta property=\"og:locale\" content=\"es_ES\" \/>\n<meta property=\"og:type\" content=\"article\" \/>\n<meta property=\"og:title\" content=\"Conmemoramos el 240\u00b0 Aniversario del Natalicio de nuestro Gral. Mart\u00edn Miguel de G\u00fcemes. - RQ 99.9\" \/>\n<meta property=\"og:description\" content=\"\u00a1Que viva nuestro H\u00e9roe Gaucho!\" \/>\n<meta property=\"og:url\" content=\"https:\/\/nahuelproducciones.com.ar\/radioquijano\/conmemoramos-el-240-aniversario-del-natalicio-de-nuestro-gral-martin-miguel-de-guemes\/\" \/>\n<meta property=\"og:site_name\" content=\"RQ 99.9\" \/>\n<meta property=\"article:publisher\" content=\"https:\/\/www.facebook.com\/nahuelproducciones999\/\" \/>\n<meta property=\"article:published_time\" content=\"2025-02-10T03:17:42+00:00\" \/>\n<meta property=\"article:modified_time\" content=\"2025-02-10T03:19:27+00:00\" \/>\n<meta property=\"og:image\" content=\"https:\/\/nahuelproducciones.com.ar\/radioquijano\/wp-content\/uploads\/2025\/02\/476666813_18067215655878629_7066687977599097699_n-e1739157454473.jpg\" \/>\n\t<meta property=\"og:image:width\" content=\"700\" \/>\n\t<meta property=\"og:image:height\" content=\"700\" \/>\n\t<meta property=\"og:image:type\" content=\"image\/jpeg\" \/>\n<meta name=\"author\" content=\"Cecilia Pastrana\" \/>\n<meta name=\"twitter:card\" content=\"summary_large_image\" \/>\n<meta name=\"twitter:creator\" content=\"@nahuproduciones\" \/>\n<meta name=\"twitter:site\" content=\"@nahuproduciones\" \/>\n<meta name=\"twitter:label1\" content=\"Escrito por\" \/>\n\t<meta name=\"twitter:data1\" content=\"Cecilia Pastrana\" \/>\n\t<meta name=\"twitter:label2\" content=\"Tiempo de lectura\" \/>\n\t<meta name=\"twitter:data2\" content=\"1 minuto\" \/>\n<script type=\"application\/ld+json\" class=\"yoast-schema-graph\">{\"@context\":\"https:\/\/schema.org\",\"@graph\":[{\"@type\":\"WebPage\",\"@id\":\"https:\/\/nahuelproducciones.com.ar\/radioquijano\/conmemoramos-el-240-aniversario-del-natalicio-de-nuestro-gral-martin-miguel-de-guemes\/\",\"url\":\"https:\/\/nahuelproducciones.com.ar\/radioquijano\/conmemoramos-el-240-aniversario-del-natalicio-de-nuestro-gral-martin-miguel-de-guemes\/\",\"name\":\"Conmemoramos el 240\u00b0 Aniversario del Natalicio de nuestro Gral. Mart\u00edn Miguel de G\u00fcemes. - RQ 99.9\",\"isPartOf\":{\"@id\":\"https:\/\/nahuelproducciones.com.ar\/radioquijano\/#website\"},\"datePublished\":\"2025-02-10T03:17:42+00:00\",\"dateModified\":\"2025-02-10T03:19:27+00:00\",\"author\":{\"@id\":\"https:\/\/nahuelproducciones.com.ar\/radioquijano\/#\/schema\/person\/e8a4f939e2cb487fe6d0c54042c9d32c\"},\"description\":\"\u00a1Que viva nuestro H\u00e9roe Gaucho!\",\"breadcrumb\":{\"@id\":\"https:\/\/nahuelproducciones.com.ar\/radioquijano\/conmemoramos-el-240-aniversario-del-natalicio-de-nuestro-gral-martin-miguel-de-guemes\/#breadcrumb\"},\"inLanguage\":\"es\",\"potentialAction\":[{\"@type\":\"ReadAction\",\"target\":[\"https:\/\/nahuelproducciones.com.ar\/radioquijano\/conmemoramos-el-240-aniversario-del-natalicio-de-nuestro-gral-martin-miguel-de-guemes\/\"]}]},{\"@type\":\"BreadcrumbList\",\"@id\":\"https:\/\/nahuelproducciones.com.ar\/radioquijano\/conmemoramos-el-240-aniversario-del-natalicio-de-nuestro-gral-martin-miguel-de-guemes\/#breadcrumb\",\"itemListElement\":[{\"@type\":\"ListItem\",\"position\":1,\"name\":\"Portada\",\"item\":\"https:\/\/nahuelproducciones.com.ar\/radioquijano\/\"},{\"@type\":\"ListItem\",\"position\":2,\"name\":\"Conmemoramos el 240\u00b0 Aniversario del Natalicio de nuestro Gral. Mart\u00edn Miguel de G\u00fcemes.\"}]},{\"@type\":\"WebSite\",\"@id\":\"https:\/\/nahuelproducciones.com.ar\/radioquijano\/#website\",\"url\":\"https:\/\/nahuelproducciones.com.ar\/radioquijano\/\",\"name\":\"RQ 99.9\",\"description\":\"Radio Quijano 99.9 MHz\",\"potentialAction\":[{\"@type\":\"SearchAction\",\"target\":{\"@type\":\"EntryPoint\",\"urlTemplate\":\"https:\/\/nahuelproducciones.com.ar\/radioquijano\/?s={search_term_string}\"},\"query-input\":\"required name=search_term_string\"}],\"inLanguage\":\"es\"},{\"@type\":\"Person\",\"@id\":\"https:\/\/nahuelproducciones.com.ar\/radioquijano\/#\/schema\/person\/e8a4f939e2cb487fe6d0c54042c9d32c\",\"name\":\"Cecilia Pastrana\",\"image\":{\"@type\":\"ImageObject\",\"inLanguage\":\"es\",\"@id\":\"https:\/\/nahuelproducciones.com.ar\/radioquijano\/#\/schema\/person\/image\/\",\"url\":\"https:\/\/secure.gravatar.com\/avatar\/661a3ef63a8488d4f2794ed44af8cf71420f7e106f3072c40125114df5157749?s=96&d=mm&r=g\",\"contentUrl\":\"https:\/\/secure.gravatar.com\/avatar\/661a3ef63a8488d4f2794ed44af8cf71420f7e106f3072c40125114df5157749?s=96&d=mm&r=g\",\"caption\":\"Cecilia Pastrana\"},\"sameAs\":[\"cecy\"],\"url\":\"https:\/\/nahuelproducciones.com.ar\/radioquijano\/author\/cecy\/\"}]}<\/script>\n<!-- \/ Yoast SEO plugin. -->","yoast_head_json":{"title":"Conmemoramos el 240\u00b0 Aniversario del Natalicio de nuestro Gral. Mart\u00edn Miguel de G\u00fcemes. - RQ 99.9","description":"\u00a1Que viva nuestro H\u00e9roe Gaucho!","robots":{"index":"index","follow":"follow","max-snippet":"max-snippet:-1","max-image-preview":"max-image-preview:large","max-video-preview":"max-video-preview:-1"},"canonical":"https:\/\/nahuelproducciones.com.ar\/radioquijano\/conmemoramos-el-240-aniversario-del-natalicio-de-nuestro-gral-martin-miguel-de-guemes\/","og_locale":"es_ES","og_type":"article","og_title":"Conmemoramos el 240\u00b0 Aniversario del Natalicio de nuestro Gral. Mart\u00edn Miguel de G\u00fcemes. - RQ 99.9","og_description":"\u00a1Que viva nuestro H\u00e9roe Gaucho!","og_url":"https:\/\/nahuelproducciones.com.ar\/radioquijano\/conmemoramos-el-240-aniversario-del-natalicio-de-nuestro-gral-martin-miguel-de-guemes\/","og_site_name":"RQ 99.9","article_publisher":"https:\/\/www.facebook.com\/nahuelproducciones999\/","article_published_time":"2025-02-10T03:17:42+00:00","article_modified_time":"2025-02-10T03:19:27+00:00","og_image":[{"width":700,"height":700,"url":"https:\/\/nahuelproducciones.com.ar\/radioquijano\/wp-content\/uploads\/2025\/02\/476666813_18067215655878629_7066687977599097699_n-e1739157454473.jpg","type":"image\/jpeg"}],"author":"Cecilia Pastrana","twitter_card":"summary_large_image","twitter_creator":"@nahuproduciones","twitter_site":"@nahuproduciones","twitter_misc":{"Escrito por":"Cecilia Pastrana","Tiempo de lectura":"1 minuto"},"schema":{"@context":"https:\/\/schema.org","@graph":[{"@type":"WebPage","@id":"https:\/\/nahuelproducciones.com.ar\/radioquijano\/conmemoramos-el-240-aniversario-del-natalicio-de-nuestro-gral-martin-miguel-de-guemes\/","url":"https:\/\/nahuelproducciones.com.ar\/radioquijano\/conmemoramos-el-240-aniversario-del-natalicio-de-nuestro-gral-martin-miguel-de-guemes\/","name":"Conmemoramos el 240\u00b0 Aniversario del Natalicio de nuestro Gral. Mart\u00edn Miguel de G\u00fcemes. - RQ 99.9","isPartOf":{"@id":"https:\/\/nahuelproducciones.com.ar\/radioquijano\/#website"},"datePublished":"2025-02-10T03:17:42+00:00","dateModified":"2025-02-10T03:19:27+00:00","author":{"@id":"https:\/\/nahuelproducciones.com.ar\/radioquijano\/#\/schema\/person\/e8a4f939e2cb487fe6d0c54042c9d32c"},"description":"\u00a1Que viva nuestro H\u00e9roe Gaucho!","breadcrumb":{"@id":"https:\/\/nahuelproducciones.com.ar\/radioquijano\/conmemoramos-el-240-aniversario-del-natalicio-de-nuestro-gral-martin-miguel-de-guemes\/#breadcrumb"},"inLanguage":"es","potentialAction":[{"@type":"ReadAction","target":["https:\/\/nahuelproducciones.com.ar\/radioquijano\/conmemoramos-el-240-aniversario-del-natalicio-de-nuestro-gral-martin-miguel-de-guemes\/"]}]},{"@type":"BreadcrumbList","@id":"https:\/\/nahuelproducciones.com.ar\/radioquijano\/conmemoramos-el-240-aniversario-del-natalicio-de-nuestro-gral-martin-miguel-de-guemes\/#breadcrumb","itemListElement":[{"@type":"ListItem","position":1,"name":"Portada","item":"https:\/\/nahuelproducciones.com.ar\/radioquijano\/"},{"@type":"ListItem","position":2,"name":"Conmemoramos el 240\u00b0 Aniversario del Natalicio de nuestro Gral. Mart\u00edn Miguel de G\u00fcemes."}]},{"@type":"WebSite","@id":"https:\/\/nahuelproducciones.com.ar\/radioquijano\/#website","url":"https:\/\/nahuelproducciones.com.ar\/radioquijano\/","name":"RQ 99.9","description":"Radio Quijano 99.9 MHz","potentialAction":[{"@type":"SearchAction","target":{"@type":"EntryPoint","urlTemplate":"https:\/\/nahuelproducciones.com.ar\/radioquijano\/?s={search_term_string}"},"query-input":"required name=search_term_string"}],"inLanguage":"es"},{"@type":"Person","@id":"https:\/\/nahuelproducciones.com.ar\/radioquijano\/#\/schema\/person\/e8a4f939e2cb487fe6d0c54042c9d32c","name":"Cecilia Pastrana","image":{"@type":"ImageObject","inLanguage":"es","@id":"https:\/\/nahuelproducciones.com.ar\/radioquijano\/#\/schema\/person\/image\/","url":"https:\/\/secure.gravatar.com\/avatar\/661a3ef63a8488d4f2794ed44af8cf71420f7e106f3072c40125114df5157749?s=96&d=mm&r=g","contentUrl":"https:\/\/secure.gravatar.com\/avatar\/661a3ef63a8488d4f2794ed44af8cf71420f7e106f3072c40125114df5157749?s=96&d=mm&r=g","caption":"Cecilia Pastrana"},"sameAs":["cecy"],"url":"https:\/\/nahuelproducciones.com.ar\/radioquijano\/author\/cecy\/"}]}},"_links":{"self":[{"href":"https:\/\/nahuelproducciones.com.ar\/radioquijano\/wp-json\/wp\/v2\/posts\/9597","targetHints":{"allow":["GET"]}}],"collection":[{"href":"https:\/\/nahuelproducciones.com.ar\/radioquijano\/wp-json\/wp\/v2\/posts"}],"about":[{"href":"https:\/\/nahuelproducciones.com.ar\/radioquijano\/wp-json\/wp\/v2\/types\/post"}],"author":[{"embeddable":true,"href":"https:\/\/nahuelproducciones.com.ar\/radioquijano\/wp-json\/wp\/v2\/users\/8"}],"replies":[{"embeddable":true,"href":"https:\/\/nahuelproducciones.com.ar\/radioquijano\/wp-json\/wp\/v2\/comments?post=9597"}],"version-history":[{"count":2,"href":"https:\/\/nahuelproducciones.com.ar\/radioquijano\/wp-json\/wp\/v2\/posts\/9597\/revisions"}],"predecessor-version":[{"id":9600,"href":"https:\/\/nahuelproducciones.com.ar\/radioquijano\/wp-json\/wp\/v2\/posts\/9597\/revisions\/9600"}],"wp:featuredmedia":[{"embeddable":true,"href":"https:\/\/nahuelproducciones.com.ar\/radioquijano\/wp-json\/wp\/v2\/media\/9598"}],"wp:attachment":[{"href":"https:\/\/nahuelproducciones.com.ar\/radioquijano\/wp-json\/wp\/v2\/media?parent=9597"}],"wp:term":[{"taxonomy":"category","embeddable":true,"href":"https:\/\/nahuelproducciones.com.ar\/radioquijano\/wp-json\/wp\/v2\/categories?post=9597"},{"taxonomy":"post_tag","embeddable":true,"href":"https:\/\/nahuelproducciones.com.ar\/radioquijano\/wp-json\/wp\/v2\/tags?post=9597"}],"curies":[{"name":"wp","href":"https:\/\/api.w.org\/{rel}","templated":true}]}}