{"id":9604,"date":"2025-02-10T17:19:51","date_gmt":"2025-02-10T20:19:51","guid":{"rendered":"https:\/\/nahuelproducciones.com.ar\/radioquijano\/?p=9604"},"modified":"2025-02-10T17:19:55","modified_gmt":"2025-02-10T20:19:55","slug":"la-contradiccion-de-un-pueblo-que-celebra-y-lamenta-a-la-vez","status":"publish","type":"post","link":"https:\/\/nahuelproducciones.com.ar\/radioquijano\/la-contradiccion-de-un-pueblo-que-celebra-y-lamenta-a-la-vez\/","title":{"rendered":"La Contradicci\u00f3n de un Pueblo que celebra y lamenta a la vez"},"content":{"rendered":"\n<p>Campo Quijano se encuentra en un momento de reflexi\u00f3n profunda sobre la relaci\u00f3n entre lo p\u00fablico y lo privado, entre la tradici\u00f3n y la modernidad, entre la celebraci\u00f3n y la tristeza. Este fin de semana, la comunidad vivi\u00f3 una situaci\u00f3n particularmente desgarradora y, al mismo tiempo, reveladora de las falencias de un sistema de gesti\u00f3n p\u00fablica que no parece tener en cuenta la din\u00e1mica local.<\/p>\n\n\n\n<p>Un hombre perdi\u00f3 la vida ahogada en el Dique Las Lomitas, una tragedia que conmovi\u00f3 a la comunidad, pero la gesti\u00f3n de su velatorio se convirti\u00f3 en un s\u00edmbolo de las contradicciones que atraves\u00f3 Campo Quijano. Mientras la sala velatoria municipal, la \u00fanica en el pueblo, se encontr\u00f3 que  a tan solo unos metros de la Pe\u00f1a Gastron\u00f3mica reci\u00e9n inaugurada, por lo tanto el velatorio tuvo lugar en la Parroquia Santiago Ap\u00f3stol, pues la fiesta organizada por el municipio no dio lugar el ingreso a la Sala.<\/p>\n\n\n\n<p>Es cierto que la Pe\u00f1a Gastron\u00f3mica representa una valiosa apuesta al desarrollo local, y que las fiestas son un motor importante de identidad y cohesi\u00f3n social, pero resulta alarmante que, en una situaci\u00f3n tan delicada como la muerte de un vecino, el municipio no haya previsto una soluci\u00f3n acorde. No parece razonable que, mientras un evento de celebraci\u00f3n ocupaba el espacio p\u00fablico, la sala velatoria, un lugar de respeto y duelo, fuera inaccesible para quienes necesitaban despedir a un ser querido.<\/p>\n\n\n\n<p>La falta de previsi\u00f3n no se limita solo a la cuesti\u00f3n del acceso f\u00edsico a la sala velatoria, sino tambi\u00e9n a una ausencia de planificaci\u00f3n en cuanto a los horarios y las prioridades de los servicios municipales. Los quijane\u00f1os se ven forzados a replantearse d\u00f3nde velar a sus seres queridos si estos fallecen durante el fin de semana, cuando las festividades populares se superponen con necesidades tan b\u00e1sicas como el respeto por el duelo y el dolor ajeno.<\/p>\n\n\n\n<p>A esta contradicci\u00f3n se suma otro evento, el \u00abDesentierro del Carnaval\u00bb, realizado en la vereda de la misma sala de velatorio, un espacio destinado para despedir a los muertos, no para celebraciones que alteren la solemnidad del momento. Es dif\u00edcil no preguntarse c\u00f3mo un pueblo puede convivir con semejante falta de planificaci\u00f3n en cuanto a los usos del espacio p\u00fablico. \u00bfNo es hora de replantearse el equilibrio entre la fiesta y el respeto?<\/p>\n\n\n\n<p>Campo Quijano est\u00e1 en una etapa de crecimiento, y las inversiones en infraestructura y actividades culturales son necesarias. Sin embargo, el pueblo debe aprender a gestionar su desarrollo de manera m\u00e1s equitativa, teniendo en cuenta las distintas necesidades de su poblaci\u00f3n en diferentes momentos. No se puede morir cuando el municipio organiza una fiesta. La falta de consideraci\u00f3n por los momentos de duelo y la importancia de disponer de los servicios necesarios para ello muestra una desconexi\u00f3n con la realidad cotidiana de los vecinos.<\/p>\n\n\n\n<p>Es hora de que el municipio comprenda que la gesti\u00f3n de un pueblo no solo pasa por organizar fiestas y eventos que generen visibilidad, sino tambi\u00e9n por responder adecuadamente a las necesidades m\u00e1s elementales de sus habitantes. El equilibrio entre celebraci\u00f3n y duelo, entre la fiesta y el respeto por el dolor ajeno, es una tarea que debe tomarse en serio si se quiere construir una comunidad inclusiva, solidaria y respetuosa de todos sus momentos.<\/p>\n","protected":false},"excerpt":{"rendered":"<p>Campo Quijano se encuentra en un momento de reflexi\u00f3n profunda sobre la relaci\u00f3n entre lo p\u00fablico y lo privado, entre la tradici\u00f3n y la modernidad, entre la celebraci\u00f3n y la tristeza. Este fin de semana, la comunidad vivi\u00f3 una situaci\u00f3n particularmente desgarradora y, al mismo tiempo, reveladora de las falencias de un sistema de gesti\u00f3n [&hellip;]<\/p>\n","protected":false},"author":8,"featured_media":9605,"comment_status":"open","ping_status":"open","sticky":false,"template":"","format":"standard","meta":{"_monsterinsights_skip_tracking":false,"_monsterinsights_sitenote_active":false,"_monsterinsights_sitenote_note":"","_monsterinsights_sitenote_category":0,"footnotes":""},"categories":[16],"tags":[100,1716],"class_list":["post-9604","post","type-post","status-publish","format-standard","has-post-thumbnail","hentry","category-noticias","tag-municipio-de-campo-quijano","tag-sala-de-velatorio-municipal"],"yoast_head":"<!-- This site is optimized with the Yoast SEO plugin v20.8 - https:\/\/yoast.com\/wordpress\/plugins\/seo\/ -->\n<title>La Contradicci\u00f3n de un Pueblo que celebra y lamenta a la vez - RQ 99.9<\/title>\n<meta name=\"description\" content=\"El equilibrio entre celebraci\u00f3n y duelo, entre la fiesta y el respeto por el dolor ajeno, es una tarea que debe tomarse en serio si se quiere construir una comunidad inclusiva, solidaria y respetuosa de todos sus momentos.\" \/>\n<meta name=\"robots\" content=\"index, follow, max-snippet:-1, max-image-preview:large, max-video-preview:-1\" \/>\n<link rel=\"canonical\" href=\"https:\/\/nahuelproducciones.com.ar\/radioquijano\/la-contradiccion-de-un-pueblo-que-celebra-y-lamenta-a-la-vez\/\" \/>\n<meta property=\"og:locale\" content=\"es_ES\" \/>\n<meta property=\"og:type\" content=\"article\" \/>\n<meta property=\"og:title\" content=\"La Contradicci\u00f3n de un Pueblo que celebra y lamenta a la vez - RQ 99.9\" \/>\n<meta property=\"og:description\" content=\"El equilibrio entre celebraci\u00f3n y duelo, entre la fiesta y el respeto por el dolor ajeno, es una tarea que debe tomarse en serio si se quiere construir una comunidad inclusiva, solidaria y respetuosa de todos sus momentos.\" \/>\n<meta property=\"og:url\" content=\"https:\/\/nahuelproducciones.com.ar\/radioquijano\/la-contradiccion-de-un-pueblo-que-celebra-y-lamenta-a-la-vez\/\" \/>\n<meta property=\"og:site_name\" content=\"RQ 99.9\" \/>\n<meta property=\"article:publisher\" content=\"https:\/\/www.facebook.com\/nahuelproducciones999\/\" \/>\n<meta property=\"article:published_time\" content=\"2025-02-10T20:19:51+00:00\" \/>\n<meta property=\"article:modified_time\" content=\"2025-02-10T20:19:55+00:00\" \/>\n<meta property=\"og:image\" content=\"https:\/\/nahuelproducciones.com.ar\/radioquijano\/wp-content\/uploads\/2025\/02\/83166253_128956798607008_7929922634001678336_n-e1739218693990.jpg\" \/>\n\t<meta property=\"og:image:width\" content=\"700\" \/>\n\t<meta property=\"og:image:height\" content=\"642\" \/>\n\t<meta property=\"og:image:type\" content=\"image\/jpeg\" \/>\n<meta name=\"author\" content=\"Cecilia Pastrana\" \/>\n<meta name=\"twitter:card\" content=\"summary_large_image\" \/>\n<meta name=\"twitter:creator\" content=\"@nahuproduciones\" \/>\n<meta name=\"twitter:site\" content=\"@nahuproduciones\" \/>\n<meta name=\"twitter:label1\" content=\"Escrito por\" \/>\n\t<meta name=\"twitter:data1\" content=\"Cecilia Pastrana\" \/>\n\t<meta name=\"twitter:label2\" content=\"Tiempo de lectura\" \/>\n\t<meta name=\"twitter:data2\" content=\"3 minutos\" \/>\n<script type=\"application\/ld+json\" class=\"yoast-schema-graph\">{\"@context\":\"https:\/\/schema.org\",\"@graph\":[{\"@type\":\"WebPage\",\"@id\":\"https:\/\/nahuelproducciones.com.ar\/radioquijano\/la-contradiccion-de-un-pueblo-que-celebra-y-lamenta-a-la-vez\/\",\"url\":\"https:\/\/nahuelproducciones.com.ar\/radioquijano\/la-contradiccion-de-un-pueblo-que-celebra-y-lamenta-a-la-vez\/\",\"name\":\"La Contradicci\u00f3n de un Pueblo que celebra y lamenta a la vez - RQ 99.9\",\"isPartOf\":{\"@id\":\"https:\/\/nahuelproducciones.com.ar\/radioquijano\/#website\"},\"datePublished\":\"2025-02-10T20:19:51+00:00\",\"dateModified\":\"2025-02-10T20:19:55+00:00\",\"author\":{\"@id\":\"https:\/\/nahuelproducciones.com.ar\/radioquijano\/#\/schema\/person\/e8a4f939e2cb487fe6d0c54042c9d32c\"},\"description\":\"El equilibrio entre celebraci\u00f3n y duelo, entre la fiesta y el respeto por el dolor ajeno, es una tarea que debe tomarse en serio si se quiere construir una comunidad inclusiva, solidaria y respetuosa de todos sus momentos.\",\"breadcrumb\":{\"@id\":\"https:\/\/nahuelproducciones.com.ar\/radioquijano\/la-contradiccion-de-un-pueblo-que-celebra-y-lamenta-a-la-vez\/#breadcrumb\"},\"inLanguage\":\"es\",\"potentialAction\":[{\"@type\":\"ReadAction\",\"target\":[\"https:\/\/nahuelproducciones.com.ar\/radioquijano\/la-contradiccion-de-un-pueblo-que-celebra-y-lamenta-a-la-vez\/\"]}]},{\"@type\":\"BreadcrumbList\",\"@id\":\"https:\/\/nahuelproducciones.com.ar\/radioquijano\/la-contradiccion-de-un-pueblo-que-celebra-y-lamenta-a-la-vez\/#breadcrumb\",\"itemListElement\":[{\"@type\":\"ListItem\",\"position\":1,\"name\":\"Portada\",\"item\":\"https:\/\/nahuelproducciones.com.ar\/radioquijano\/\"},{\"@type\":\"ListItem\",\"position\":2,\"name\":\"La Contradicci\u00f3n de un Pueblo que celebra y lamenta a la vez\"}]},{\"@type\":\"WebSite\",\"@id\":\"https:\/\/nahuelproducciones.com.ar\/radioquijano\/#website\",\"url\":\"https:\/\/nahuelproducciones.com.ar\/radioquijano\/\",\"name\":\"RQ 99.9\",\"description\":\"Radio Quijano 99.9 MHz\",\"potentialAction\":[{\"@type\":\"SearchAction\",\"target\":{\"@type\":\"EntryPoint\",\"urlTemplate\":\"https:\/\/nahuelproducciones.com.ar\/radioquijano\/?s={search_term_string}\"},\"query-input\":\"required name=search_term_string\"}],\"inLanguage\":\"es\"},{\"@type\":\"Person\",\"@id\":\"https:\/\/nahuelproducciones.com.ar\/radioquijano\/#\/schema\/person\/e8a4f939e2cb487fe6d0c54042c9d32c\",\"name\":\"Cecilia Pastrana\",\"image\":{\"@type\":\"ImageObject\",\"inLanguage\":\"es\",\"@id\":\"https:\/\/nahuelproducciones.com.ar\/radioquijano\/#\/schema\/person\/image\/\",\"url\":\"https:\/\/secure.gravatar.com\/avatar\/661a3ef63a8488d4f2794ed44af8cf71420f7e106f3072c40125114df5157749?s=96&d=mm&r=g\",\"contentUrl\":\"https:\/\/secure.gravatar.com\/avatar\/661a3ef63a8488d4f2794ed44af8cf71420f7e106f3072c40125114df5157749?s=96&d=mm&r=g\",\"caption\":\"Cecilia Pastrana\"},\"sameAs\":[\"cecy\"],\"url\":\"https:\/\/nahuelproducciones.com.ar\/radioquijano\/author\/cecy\/\"}]}<\/script>\n<!-- \/ Yoast SEO plugin. -->","yoast_head_json":{"title":"La Contradicci\u00f3n de un Pueblo que celebra y lamenta a la vez - RQ 99.9","description":"El equilibrio entre celebraci\u00f3n y duelo, entre la fiesta y el respeto por el dolor ajeno, es una tarea que debe tomarse en serio si se quiere construir una comunidad inclusiva, solidaria y respetuosa de todos sus momentos.","robots":{"index":"index","follow":"follow","max-snippet":"max-snippet:-1","max-image-preview":"max-image-preview:large","max-video-preview":"max-video-preview:-1"},"canonical":"https:\/\/nahuelproducciones.com.ar\/radioquijano\/la-contradiccion-de-un-pueblo-que-celebra-y-lamenta-a-la-vez\/","og_locale":"es_ES","og_type":"article","og_title":"La Contradicci\u00f3n de un Pueblo que celebra y lamenta a la vez - RQ 99.9","og_description":"El equilibrio entre celebraci\u00f3n y duelo, entre la fiesta y el respeto por el dolor ajeno, es una tarea que debe tomarse en serio si se quiere construir una comunidad inclusiva, solidaria y respetuosa de todos sus momentos.","og_url":"https:\/\/nahuelproducciones.com.ar\/radioquijano\/la-contradiccion-de-un-pueblo-que-celebra-y-lamenta-a-la-vez\/","og_site_name":"RQ 99.9","article_publisher":"https:\/\/www.facebook.com\/nahuelproducciones999\/","article_published_time":"2025-02-10T20:19:51+00:00","article_modified_time":"2025-02-10T20:19:55+00:00","og_image":[{"width":700,"height":642,"url":"https:\/\/nahuelproducciones.com.ar\/radioquijano\/wp-content\/uploads\/2025\/02\/83166253_128956798607008_7929922634001678336_n-e1739218693990.jpg","type":"image\/jpeg"}],"author":"Cecilia Pastrana","twitter_card":"summary_large_image","twitter_creator":"@nahuproduciones","twitter_site":"@nahuproduciones","twitter_misc":{"Escrito por":"Cecilia Pastrana","Tiempo de lectura":"3 minutos"},"schema":{"@context":"https:\/\/schema.org","@graph":[{"@type":"WebPage","@id":"https:\/\/nahuelproducciones.com.ar\/radioquijano\/la-contradiccion-de-un-pueblo-que-celebra-y-lamenta-a-la-vez\/","url":"https:\/\/nahuelproducciones.com.ar\/radioquijano\/la-contradiccion-de-un-pueblo-que-celebra-y-lamenta-a-la-vez\/","name":"La Contradicci\u00f3n de un Pueblo que celebra y lamenta a la vez - RQ 99.9","isPartOf":{"@id":"https:\/\/nahuelproducciones.com.ar\/radioquijano\/#website"},"datePublished":"2025-02-10T20:19:51+00:00","dateModified":"2025-02-10T20:19:55+00:00","author":{"@id":"https:\/\/nahuelproducciones.com.ar\/radioquijano\/#\/schema\/person\/e8a4f939e2cb487fe6d0c54042c9d32c"},"description":"El equilibrio entre celebraci\u00f3n y duelo, entre la fiesta y el respeto por el dolor ajeno, es una tarea que debe tomarse en serio si se quiere construir una comunidad inclusiva, solidaria y respetuosa de todos sus momentos.","breadcrumb":{"@id":"https:\/\/nahuelproducciones.com.ar\/radioquijano\/la-contradiccion-de-un-pueblo-que-celebra-y-lamenta-a-la-vez\/#breadcrumb"},"inLanguage":"es","potentialAction":[{"@type":"ReadAction","target":["https:\/\/nahuelproducciones.com.ar\/radioquijano\/la-contradiccion-de-un-pueblo-que-celebra-y-lamenta-a-la-vez\/"]}]},{"@type":"BreadcrumbList","@id":"https:\/\/nahuelproducciones.com.ar\/radioquijano\/la-contradiccion-de-un-pueblo-que-celebra-y-lamenta-a-la-vez\/#breadcrumb","itemListElement":[{"@type":"ListItem","position":1,"name":"Portada","item":"https:\/\/nahuelproducciones.com.ar\/radioquijano\/"},{"@type":"ListItem","position":2,"name":"La Contradicci\u00f3n de un Pueblo que celebra y lamenta a la vez"}]},{"@type":"WebSite","@id":"https:\/\/nahuelproducciones.com.ar\/radioquijano\/#website","url":"https:\/\/nahuelproducciones.com.ar\/radioquijano\/","name":"RQ 99.9","description":"Radio Quijano 99.9 MHz","potentialAction":[{"@type":"SearchAction","target":{"@type":"EntryPoint","urlTemplate":"https:\/\/nahuelproducciones.com.ar\/radioquijano\/?s={search_term_string}"},"query-input":"required name=search_term_string"}],"inLanguage":"es"},{"@type":"Person","@id":"https:\/\/nahuelproducciones.com.ar\/radioquijano\/#\/schema\/person\/e8a4f939e2cb487fe6d0c54042c9d32c","name":"Cecilia Pastrana","image":{"@type":"ImageObject","inLanguage":"es","@id":"https:\/\/nahuelproducciones.com.ar\/radioquijano\/#\/schema\/person\/image\/","url":"https:\/\/secure.gravatar.com\/avatar\/661a3ef63a8488d4f2794ed44af8cf71420f7e106f3072c40125114df5157749?s=96&d=mm&r=g","contentUrl":"https:\/\/secure.gravatar.com\/avatar\/661a3ef63a8488d4f2794ed44af8cf71420f7e106f3072c40125114df5157749?s=96&d=mm&r=g","caption":"Cecilia Pastrana"},"sameAs":["cecy"],"url":"https:\/\/nahuelproducciones.com.ar\/radioquijano\/author\/cecy\/"}]}},"_links":{"self":[{"href":"https:\/\/nahuelproducciones.com.ar\/radioquijano\/wp-json\/wp\/v2\/posts\/9604","targetHints":{"allow":["GET"]}}],"collection":[{"href":"https:\/\/nahuelproducciones.com.ar\/radioquijano\/wp-json\/wp\/v2\/posts"}],"about":[{"href":"https:\/\/nahuelproducciones.com.ar\/radioquijano\/wp-json\/wp\/v2\/types\/post"}],"author":[{"embeddable":true,"href":"https:\/\/nahuelproducciones.com.ar\/radioquijano\/wp-json\/wp\/v2\/users\/8"}],"replies":[{"embeddable":true,"href":"https:\/\/nahuelproducciones.com.ar\/radioquijano\/wp-json\/wp\/v2\/comments?post=9604"}],"version-history":[{"count":1,"href":"https:\/\/nahuelproducciones.com.ar\/radioquijano\/wp-json\/wp\/v2\/posts\/9604\/revisions"}],"predecessor-version":[{"id":9606,"href":"https:\/\/nahuelproducciones.com.ar\/radioquijano\/wp-json\/wp\/v2\/posts\/9604\/revisions\/9606"}],"wp:featuredmedia":[{"embeddable":true,"href":"https:\/\/nahuelproducciones.com.ar\/radioquijano\/wp-json\/wp\/v2\/media\/9605"}],"wp:attachment":[{"href":"https:\/\/nahuelproducciones.com.ar\/radioquijano\/wp-json\/wp\/v2\/media?parent=9604"}],"wp:term":[{"taxonomy":"category","embeddable":true,"href":"https:\/\/nahuelproducciones.com.ar\/radioquijano\/wp-json\/wp\/v2\/categories?post=9604"},{"taxonomy":"post_tag","embeddable":true,"href":"https:\/\/nahuelproducciones.com.ar\/radioquijano\/wp-json\/wp\/v2\/tags?post=9604"}],"curies":[{"name":"wp","href":"https:\/\/api.w.org\/{rel}","templated":true}]}}