{"id":9607,"date":"2025-02-11T22:32:30","date_gmt":"2025-02-12T01:32:30","guid":{"rendered":"https:\/\/nahuelproducciones.com.ar\/radioquijano\/?p=9607"},"modified":"2025-02-11T22:33:02","modified_gmt":"2025-02-12T01:33:02","slug":"campo-quijano-requieren-juicio-para-dos-hermanos-por-el-homicidio-de-majo-cabrera","status":"publish","type":"post","link":"https:\/\/nahuelproducciones.com.ar\/radioquijano\/campo-quijano-requieren-juicio-para-dos-hermanos-por-el-homicidio-de-majo-cabrera\/","title":{"rendered":"Campo Quijano: Requieren juicio para los hermanos L\u00f3pez por el homicidio de Majo Cabrera."},"content":{"rendered":"\n<p><em><strong>Ocurri\u00f3 en diciembre de 2023, cuando un autom\u00f3vil atropell\u00f3 a una mujer de 36 a\u00f1os, quien falleci\u00f3 d\u00edas despu\u00e9s debido a la gravedad de las lesiones sufridas. Los hermanos permanecen detenidos con prisi\u00f3n preventiva.&nbsp;<\/strong><\/em><\/p>\n\n\n\n<p>El&nbsp;<strong>fiscal penal 1 de la Unidad de Graves Atentados contra las Personas, Leandro Flores,<\/strong>&nbsp;requiri\u00f3 juicio ante el Juzgado de Garant\u00edas 7 del distrito Centro para Federico Javier L\u00f3pez como autor del delito de homicidio simple y para Ramiro Nicol\u00e1s L\u00f3pez como part\u00edcipe secundario del mismo delito, en perjuicio de Mar\u00eda Jos\u00e9 Cabrera.<\/p>\n\n\n\n<p>El hecho sucedi\u00f3 el 3 de diciembre de 2023 en Campo Quijano, cuando tras un incidente a la salida de un local bailable, una mujer fue embestida por un autom\u00f3vil conducido por Ramiro Nicol\u00e1s L\u00f3pez, y con la colaboraci\u00f3n de su hermano, se dieron a la fuga, dejando a la lesionada tendida en la calle.<\/p>\n\n\n\n<p>Fue asistida en el hospital San Bernardo por la gravedad de las heridas y falleci\u00f3 el 20 de diciembre por shock s\u00e9ptico, secundario a politraumatismo.<\/p>\n\n\n\n<p>Durante la investigaci\u00f3n, con el relevamiento de testigos, an\u00e1lisis de c\u00e1maras de seguridad, pericia accidentol\u00f3gica y otras medidas dispuestas, se reunieron los elementos de convicci\u00f3n necesarios para solicitar que la causa sea elevada a juicio.<\/p>\n\n\n\n<p>En el requerimiento, el fiscal Flores sostiene que la embestida s\u00f3lo puede considerarse -como se dijo- una acci\u00f3n intencional del conductor del autom\u00f3vil, determinada a partir del conocimiento de las circunstancias que lo rodeaban, esto es: la presencia de una persona sobre la calzada, ubicada frente al rodado; como as\u00ed tambi\u00e9n, de la potencialidad lesiva del automotor que conduc\u00eda cuando se encuentra en movimiento.<\/p>\n\n\n\n<p>Fuente: Ministerio P\u00fablico Fiscal de Salta<\/p>\n","protected":false},"excerpt":{"rendered":"<p>Ocurri\u00f3 en diciembre de 2023, cuando un autom\u00f3vil atropell\u00f3 a una mujer de 36 a\u00f1os, quien falleci\u00f3 d\u00edas despu\u00e9s debido a la gravedad de las lesiones sufridas. Los hermanos permanecen detenidos con prisi\u00f3n preventiva.&nbsp; El&nbsp;fiscal penal 1 de la Unidad de Graves Atentados contra las Personas, Leandro Flores,&nbsp;requiri\u00f3 juicio ante el Juzgado de Garant\u00edas 7 [&hellip;]<\/p>\n","protected":false},"author":8,"featured_media":9608,"comment_status":"open","ping_status":"open","sticky":false,"template":"","format":"standard","meta":{"_monsterinsights_skip_tracking":false,"_monsterinsights_sitenote_active":false,"_monsterinsights_sitenote_note":"","_monsterinsights_sitenote_category":0,"footnotes":""},"categories":[16],"tags":[1718,1717,100],"class_list":["post-9607","post","type-post","status-publish","format-standard","has-post-thumbnail","hentry","category-noticias","tag-hermanos-lopez","tag-maria-jose-cabrera-2","tag-municipio-de-campo-quijano"],"yoast_head":"<!-- This site is optimized with the Yoast SEO plugin v20.8 - https:\/\/yoast.com\/wordpress\/plugins\/seo\/ -->\n<title>Campo Quijano: Requieren juicio para los hermanos L\u00f3pez por el homicidio de Majo Cabrera. - RQ 99.9<\/title>\n<meta name=\"description\" content=\"Se requiri\u00f3 juicio ante el Juzgado de Garant\u00edas 7 del distrito Centro para Federico Javier L\u00f3pez como autor del delito de homicidio simple y para Ramiro Nicol\u00e1s L\u00f3pez como part\u00edcipe secundario del mismo delito, en perjuicio de Mar\u00eda Jos\u00e9 Cabrera.\" \/>\n<meta name=\"robots\" content=\"index, follow, max-snippet:-1, max-image-preview:large, max-video-preview:-1\" \/>\n<link rel=\"canonical\" href=\"https:\/\/nahuelproducciones.com.ar\/radioquijano\/campo-quijano-requieren-juicio-para-dos-hermanos-por-el-homicidio-de-majo-cabrera\/\" \/>\n<meta property=\"og:locale\" content=\"es_ES\" \/>\n<meta property=\"og:type\" content=\"article\" \/>\n<meta property=\"og:title\" content=\"Campo Quijano: Requieren juicio para los hermanos L\u00f3pez por el homicidio de Majo Cabrera. - RQ 99.9\" \/>\n<meta property=\"og:description\" content=\"Se requiri\u00f3 juicio ante el Juzgado de Garant\u00edas 7 del distrito Centro para Federico Javier L\u00f3pez como autor del delito de homicidio simple y para Ramiro Nicol\u00e1s L\u00f3pez como part\u00edcipe secundario del mismo delito, en perjuicio de Mar\u00eda Jos\u00e9 Cabrera.\" \/>\n<meta property=\"og:url\" content=\"https:\/\/nahuelproducciones.com.ar\/radioquijano\/campo-quijano-requieren-juicio-para-dos-hermanos-por-el-homicidio-de-majo-cabrera\/\" \/>\n<meta property=\"og:site_name\" content=\"RQ 99.9\" \/>\n<meta property=\"article:publisher\" content=\"https:\/\/www.facebook.com\/nahuelproducciones999\/\" \/>\n<meta property=\"article:published_time\" content=\"2025-02-12T01:32:30+00:00\" \/>\n<meta property=\"article:modified_time\" content=\"2025-02-12T01:33:02+00:00\" \/>\n<meta property=\"og:image\" content=\"https:\/\/nahuelproducciones.com.ar\/radioquijano\/wp-content\/uploads\/2025\/02\/448165911_473969628503276_1526539235087742467_n.jpg\" \/>\n\t<meta property=\"og:image:width\" content=\"526\" \/>\n\t<meta property=\"og:image:height\" content=\"535\" \/>\n\t<meta property=\"og:image:type\" content=\"image\/jpeg\" \/>\n<meta name=\"author\" content=\"Cecilia Pastrana\" \/>\n<meta name=\"twitter:card\" content=\"summary_large_image\" \/>\n<meta name=\"twitter:creator\" content=\"@nahuproduciones\" \/>\n<meta name=\"twitter:site\" content=\"@nahuproduciones\" \/>\n<meta name=\"twitter:label1\" content=\"Escrito por\" \/>\n\t<meta name=\"twitter:data1\" content=\"Cecilia Pastrana\" \/>\n\t<meta name=\"twitter:label2\" content=\"Tiempo de lectura\" \/>\n\t<meta name=\"twitter:data2\" content=\"2 minutos\" \/>\n<script type=\"application\/ld+json\" class=\"yoast-schema-graph\">{\"@context\":\"https:\/\/schema.org\",\"@graph\":[{\"@type\":\"WebPage\",\"@id\":\"https:\/\/nahuelproducciones.com.ar\/radioquijano\/campo-quijano-requieren-juicio-para-dos-hermanos-por-el-homicidio-de-majo-cabrera\/\",\"url\":\"https:\/\/nahuelproducciones.com.ar\/radioquijano\/campo-quijano-requieren-juicio-para-dos-hermanos-por-el-homicidio-de-majo-cabrera\/\",\"name\":\"Campo Quijano: Requieren juicio para los hermanos L\u00f3pez por el homicidio de Majo Cabrera. - RQ 99.9\",\"isPartOf\":{\"@id\":\"https:\/\/nahuelproducciones.com.ar\/radioquijano\/#website\"},\"datePublished\":\"2025-02-12T01:32:30+00:00\",\"dateModified\":\"2025-02-12T01:33:02+00:00\",\"author\":{\"@id\":\"https:\/\/nahuelproducciones.com.ar\/radioquijano\/#\/schema\/person\/e8a4f939e2cb487fe6d0c54042c9d32c\"},\"description\":\"Se requiri\u00f3 juicio ante el Juzgado de Garant\u00edas 7 del distrito Centro para Federico Javier L\u00f3pez como autor del delito de homicidio simple y para Ramiro Nicol\u00e1s L\u00f3pez como part\u00edcipe secundario del mismo delito, en perjuicio de Mar\u00eda Jos\u00e9 Cabrera.\",\"breadcrumb\":{\"@id\":\"https:\/\/nahuelproducciones.com.ar\/radioquijano\/campo-quijano-requieren-juicio-para-dos-hermanos-por-el-homicidio-de-majo-cabrera\/#breadcrumb\"},\"inLanguage\":\"es\",\"potentialAction\":[{\"@type\":\"ReadAction\",\"target\":[\"https:\/\/nahuelproducciones.com.ar\/radioquijano\/campo-quijano-requieren-juicio-para-dos-hermanos-por-el-homicidio-de-majo-cabrera\/\"]}]},{\"@type\":\"BreadcrumbList\",\"@id\":\"https:\/\/nahuelproducciones.com.ar\/radioquijano\/campo-quijano-requieren-juicio-para-dos-hermanos-por-el-homicidio-de-majo-cabrera\/#breadcrumb\",\"itemListElement\":[{\"@type\":\"ListItem\",\"position\":1,\"name\":\"Portada\",\"item\":\"https:\/\/nahuelproducciones.com.ar\/radioquijano\/\"},{\"@type\":\"ListItem\",\"position\":2,\"name\":\"Campo Quijano: Requieren juicio para los hermanos L\u00f3pez por el homicidio de Majo Cabrera.\"}]},{\"@type\":\"WebSite\",\"@id\":\"https:\/\/nahuelproducciones.com.ar\/radioquijano\/#website\",\"url\":\"https:\/\/nahuelproducciones.com.ar\/radioquijano\/\",\"name\":\"RQ 99.9\",\"description\":\"Radio Quijano 99.9 MHz\",\"potentialAction\":[{\"@type\":\"SearchAction\",\"target\":{\"@type\":\"EntryPoint\",\"urlTemplate\":\"https:\/\/nahuelproducciones.com.ar\/radioquijano\/?s={search_term_string}\"},\"query-input\":\"required name=search_term_string\"}],\"inLanguage\":\"es\"},{\"@type\":\"Person\",\"@id\":\"https:\/\/nahuelproducciones.com.ar\/radioquijano\/#\/schema\/person\/e8a4f939e2cb487fe6d0c54042c9d32c\",\"name\":\"Cecilia Pastrana\",\"image\":{\"@type\":\"ImageObject\",\"inLanguage\":\"es\",\"@id\":\"https:\/\/nahuelproducciones.com.ar\/radioquijano\/#\/schema\/person\/image\/\",\"url\":\"https:\/\/secure.gravatar.com\/avatar\/661a3ef63a8488d4f2794ed44af8cf71420f7e106f3072c40125114df5157749?s=96&d=mm&r=g\",\"contentUrl\":\"https:\/\/secure.gravatar.com\/avatar\/661a3ef63a8488d4f2794ed44af8cf71420f7e106f3072c40125114df5157749?s=96&d=mm&r=g\",\"caption\":\"Cecilia Pastrana\"},\"sameAs\":[\"cecy\"],\"url\":\"https:\/\/nahuelproducciones.com.ar\/radioquijano\/author\/cecy\/\"}]}<\/script>\n<!-- \/ Yoast SEO plugin. -->","yoast_head_json":{"title":"Campo Quijano: Requieren juicio para los hermanos L\u00f3pez por el homicidio de Majo Cabrera. - RQ 99.9","description":"Se requiri\u00f3 juicio ante el Juzgado de Garant\u00edas 7 del distrito Centro para Federico Javier L\u00f3pez como autor del delito de homicidio simple y para Ramiro Nicol\u00e1s L\u00f3pez como part\u00edcipe secundario del mismo delito, en perjuicio de Mar\u00eda Jos\u00e9 Cabrera.","robots":{"index":"index","follow":"follow","max-snippet":"max-snippet:-1","max-image-preview":"max-image-preview:large","max-video-preview":"max-video-preview:-1"},"canonical":"https:\/\/nahuelproducciones.com.ar\/radioquijano\/campo-quijano-requieren-juicio-para-dos-hermanos-por-el-homicidio-de-majo-cabrera\/","og_locale":"es_ES","og_type":"article","og_title":"Campo Quijano: Requieren juicio para los hermanos L\u00f3pez por el homicidio de Majo Cabrera. - RQ 99.9","og_description":"Se requiri\u00f3 juicio ante el Juzgado de Garant\u00edas 7 del distrito Centro para Federico Javier L\u00f3pez como autor del delito de homicidio simple y para Ramiro Nicol\u00e1s L\u00f3pez como part\u00edcipe secundario del mismo delito, en perjuicio de Mar\u00eda Jos\u00e9 Cabrera.","og_url":"https:\/\/nahuelproducciones.com.ar\/radioquijano\/campo-quijano-requieren-juicio-para-dos-hermanos-por-el-homicidio-de-majo-cabrera\/","og_site_name":"RQ 99.9","article_publisher":"https:\/\/www.facebook.com\/nahuelproducciones999\/","article_published_time":"2025-02-12T01:32:30+00:00","article_modified_time":"2025-02-12T01:33:02+00:00","og_image":[{"width":526,"height":535,"url":"https:\/\/nahuelproducciones.com.ar\/radioquijano\/wp-content\/uploads\/2025\/02\/448165911_473969628503276_1526539235087742467_n.jpg","type":"image\/jpeg"}],"author":"Cecilia Pastrana","twitter_card":"summary_large_image","twitter_creator":"@nahuproduciones","twitter_site":"@nahuproduciones","twitter_misc":{"Escrito por":"Cecilia Pastrana","Tiempo de lectura":"2 minutos"},"schema":{"@context":"https:\/\/schema.org","@graph":[{"@type":"WebPage","@id":"https:\/\/nahuelproducciones.com.ar\/radioquijano\/campo-quijano-requieren-juicio-para-dos-hermanos-por-el-homicidio-de-majo-cabrera\/","url":"https:\/\/nahuelproducciones.com.ar\/radioquijano\/campo-quijano-requieren-juicio-para-dos-hermanos-por-el-homicidio-de-majo-cabrera\/","name":"Campo Quijano: Requieren juicio para los hermanos L\u00f3pez por el homicidio de Majo Cabrera. - RQ 99.9","isPartOf":{"@id":"https:\/\/nahuelproducciones.com.ar\/radioquijano\/#website"},"datePublished":"2025-02-12T01:32:30+00:00","dateModified":"2025-02-12T01:33:02+00:00","author":{"@id":"https:\/\/nahuelproducciones.com.ar\/radioquijano\/#\/schema\/person\/e8a4f939e2cb487fe6d0c54042c9d32c"},"description":"Se requiri\u00f3 juicio ante el Juzgado de Garant\u00edas 7 del distrito Centro para Federico Javier L\u00f3pez como autor del delito de homicidio simple y para Ramiro Nicol\u00e1s L\u00f3pez como part\u00edcipe secundario del mismo delito, en perjuicio de Mar\u00eda Jos\u00e9 Cabrera.","breadcrumb":{"@id":"https:\/\/nahuelproducciones.com.ar\/radioquijano\/campo-quijano-requieren-juicio-para-dos-hermanos-por-el-homicidio-de-majo-cabrera\/#breadcrumb"},"inLanguage":"es","potentialAction":[{"@type":"ReadAction","target":["https:\/\/nahuelproducciones.com.ar\/radioquijano\/campo-quijano-requieren-juicio-para-dos-hermanos-por-el-homicidio-de-majo-cabrera\/"]}]},{"@type":"BreadcrumbList","@id":"https:\/\/nahuelproducciones.com.ar\/radioquijano\/campo-quijano-requieren-juicio-para-dos-hermanos-por-el-homicidio-de-majo-cabrera\/#breadcrumb","itemListElement":[{"@type":"ListItem","position":1,"name":"Portada","item":"https:\/\/nahuelproducciones.com.ar\/radioquijano\/"},{"@type":"ListItem","position":2,"name":"Campo Quijano: Requieren juicio para los hermanos L\u00f3pez por el homicidio de Majo Cabrera."}]},{"@type":"WebSite","@id":"https:\/\/nahuelproducciones.com.ar\/radioquijano\/#website","url":"https:\/\/nahuelproducciones.com.ar\/radioquijano\/","name":"RQ 99.9","description":"Radio Quijano 99.9 MHz","potentialAction":[{"@type":"SearchAction","target":{"@type":"EntryPoint","urlTemplate":"https:\/\/nahuelproducciones.com.ar\/radioquijano\/?s={search_term_string}"},"query-input":"required name=search_term_string"}],"inLanguage":"es"},{"@type":"Person","@id":"https:\/\/nahuelproducciones.com.ar\/radioquijano\/#\/schema\/person\/e8a4f939e2cb487fe6d0c54042c9d32c","name":"Cecilia Pastrana","image":{"@type":"ImageObject","inLanguage":"es","@id":"https:\/\/nahuelproducciones.com.ar\/radioquijano\/#\/schema\/person\/image\/","url":"https:\/\/secure.gravatar.com\/avatar\/661a3ef63a8488d4f2794ed44af8cf71420f7e106f3072c40125114df5157749?s=96&d=mm&r=g","contentUrl":"https:\/\/secure.gravatar.com\/avatar\/661a3ef63a8488d4f2794ed44af8cf71420f7e106f3072c40125114df5157749?s=96&d=mm&r=g","caption":"Cecilia Pastrana"},"sameAs":["cecy"],"url":"https:\/\/nahuelproducciones.com.ar\/radioquijano\/author\/cecy\/"}]}},"_links":{"self":[{"href":"https:\/\/nahuelproducciones.com.ar\/radioquijano\/wp-json\/wp\/v2\/posts\/9607","targetHints":{"allow":["GET"]}}],"collection":[{"href":"https:\/\/nahuelproducciones.com.ar\/radioquijano\/wp-json\/wp\/v2\/posts"}],"about":[{"href":"https:\/\/nahuelproducciones.com.ar\/radioquijano\/wp-json\/wp\/v2\/types\/post"}],"author":[{"embeddable":true,"href":"https:\/\/nahuelproducciones.com.ar\/radioquijano\/wp-json\/wp\/v2\/users\/8"}],"replies":[{"embeddable":true,"href":"https:\/\/nahuelproducciones.com.ar\/radioquijano\/wp-json\/wp\/v2\/comments?post=9607"}],"version-history":[{"count":2,"href":"https:\/\/nahuelproducciones.com.ar\/radioquijano\/wp-json\/wp\/v2\/posts\/9607\/revisions"}],"predecessor-version":[{"id":9610,"href":"https:\/\/nahuelproducciones.com.ar\/radioquijano\/wp-json\/wp\/v2\/posts\/9607\/revisions\/9610"}],"wp:featuredmedia":[{"embeddable":true,"href":"https:\/\/nahuelproducciones.com.ar\/radioquijano\/wp-json\/wp\/v2\/media\/9608"}],"wp:attachment":[{"href":"https:\/\/nahuelproducciones.com.ar\/radioquijano\/wp-json\/wp\/v2\/media?parent=9607"}],"wp:term":[{"taxonomy":"category","embeddable":true,"href":"https:\/\/nahuelproducciones.com.ar\/radioquijano\/wp-json\/wp\/v2\/categories?post=9607"},{"taxonomy":"post_tag","embeddable":true,"href":"https:\/\/nahuelproducciones.com.ar\/radioquijano\/wp-json\/wp\/v2\/tags?post=9607"}],"curies":[{"name":"wp","href":"https:\/\/api.w.org\/{rel}","templated":true}]}}