{"id":9622,"date":"2025-02-13T10:21:13","date_gmt":"2025-02-13T13:21:13","guid":{"rendered":"https:\/\/nahuelproducciones.com.ar\/radioquijano\/?p=9622"},"modified":"2025-02-13T10:21:14","modified_gmt":"2025-02-13T13:21:14","slug":"en-salta-el-ciclo-lectivo-2025-iniciara-el-5-de-marzo","status":"publish","type":"post","link":"https:\/\/nahuelproducciones.com.ar\/radioquijano\/en-salta-el-ciclo-lectivo-2025-iniciara-el-5-de-marzo\/","title":{"rendered":"En Salta el ciclo lectivo 2025 iniciar\u00e1 el 5 de marzo"},"content":{"rendered":"\n<p>El Gobierno de Salta dispuso el inicio del ciclo lectivo 2025 para el 5 de marzo luego de analizar factores externos al sistema educativo, los que impactan en la puesta a punto de las instituciones como as\u00ed tambi\u00e9n en la labor de los cuerpos directivos y de docentes.<\/p>\n\n\n\n<p>La decisi\u00f3n responde a la ola de calor que afecta a la provincia y a las intensas lluvias registradas en enero (superaron los promedios hist\u00f3ricos), pese a lo cual contin\u00faa la ejecuci\u00f3n de las obras previstas para la puesta a punto de los edificios escolares. En este sentido, la extensi\u00f3n territorial y la diversidad geogr\u00e1fica de Salta, \u00fanica en el pa\u00eds, inciden directamente en la organizaci\u00f3n del sistema educativo.<\/p>\n\n\n\n<p>El tema fue analizado en la reuni\u00f3n que el Gobierno mantuvo hoy con los gremios que representan a los empleados de la administraci\u00f3n p\u00fablica provincial, en la continuidad de la negociaci\u00f3n salarial y del an\u00e1lisis de otros temas t\u00e9cnicos espec\u00edficos correspondientes a cada sector.&nbsp;<\/p>\n\n\n\n<p>Funcionarios y dirigentes tambi\u00e9n consideraron la decisi\u00f3n de otras provincias de la regi\u00f3n de trasladar el inicio del ciclo lectivo 2025 para el 5 de marzo, por motivos similares a los expuestos en el encuentro realizado hoy en Casa de Gobierno. Se tuvo en cuenta&nbsp;adem\u00e1s los pedidos de las C\u00e1maras de Turismo y de Comercio solicitando el establecimiento de la nueva fecha.<\/p>\n\n\n\n<p>El&nbsp;<strong>Ministerio de Educaci\u00f3n, Cultura, Ciencia y Tecnolog\u00eda<\/strong>&nbsp;inform\u00f3 que la normativa nacional establece 190 d\u00edas de clase o, en su defecto, 760 horas reloj. En Salta, las escuelas de Jornada Simple alcanzar\u00e1n 185 d\u00edas y 740 horas reloj, compensando las 20 horas faltantes con estrategias como el uso de medios tecnol\u00f3gicos. Las escuelas con Jornada Extendida o Completa superar\u00e1n ampliamente los requisitos, llegando hasta 925 horas reloj en algunos casos.&nbsp;<\/p>\n\n\n\n<p>La postergaci\u00f3n del inicio del ciclo lectivo del 24 de febrero al 5 de marzo busca garantizar condiciones adecuadas para el desarrollo de las clases, priorizando la seguridad de la comunidad educativa, principalmente de alumnos y docentes.<br>&nbsp;<\/p>\n\n\n\n<figure class=\"wp-block-embed is-type-rich is-provider-gestor-del-servicio wp-block-embed-gestor-del-servicio wp-embed-aspect-16-9 wp-has-aspect-ratio\"><div class=\"wp-block-embed__wrapper\">\n<iframe loading=\"lazy\" title=\"En Salta el ciclo lectivo 2025 iniciar\u00e1 el 5 de marzo\" width=\"640\" height=\"360\" src=\"https:\/\/www.youtube.com\/embed\/zIN31A9VoVs?feature=oembed\" frameborder=\"0\" allow=\"accelerometer; autoplay; clipboard-write; encrypted-media; gyroscope; picture-in-picture; web-share\" referrerpolicy=\"strict-origin-when-cross-origin\" allowfullscreen><\/iframe>\n<\/div><\/figure>\n\n\n\n<p><strong>Cuarto intermedio<\/strong><\/p>\n\n\n\n<p>La negociaci\u00f3n salarial pas\u00f3 a un cuarto intermedio para el mi\u00e9rcoles de la pr\u00f3xima semana, tiempo que se tomar\u00e1n las partes para continuar analizando la propuesta. Los funcionarios ratificaron que el estudio de los planteos de los dirigentes tendr\u00e1 como eje la eficiencia presupuestaria y en l\u00ednea con el Presupuesto 2025 aprobado por ley.<\/p>\n\n\n\n<p>Se ratific\u00f3 la decisi\u00f3n del pase a planta transitoria de alrededor de 1.400 &nbsp;trabajadores de la salud en un solo paso y no de manera escalonada y la continuidad del pago del Fondo de Compensaci\u00f3n Transitoria Docente. No obstante, el Gobierno mantiene el reclamo ante Naci\u00f3n de la deuda por este concepto.<\/p>\n\n\n\n<p>Con respecto a la \u201cHora M\u00e1s\u201d se inform\u00f3 que este mes est\u00e1 garantizado el pago de ese concepto ya que Naci\u00f3n realiz\u00f3 el dep\u00f3sito correspondiente.<\/p>\n\n\n\n<p>Participaron representantes de ADP, APSADES, ATE, AMET, UDA, UPES, SADOP, SITEPSA, ATSA, UPCN.<\/p>\n\n\n\n<h2 class=\"wp-block-heading\">Video Relacionado<\/h2>\n\n\n\n<hr class=\"wp-block-separator has-alpha-channel-opacity\"\/>\n\n\n\n<figure class=\"wp-block-embed is-type-rich is-provider-gestor-del-servicio wp-block-embed-gestor-del-servicio wp-embed-aspect-16-9 wp-has-aspect-ratio\"><div class=\"wp-block-embed__wrapper\">\n<iframe loading=\"lazy\" title=\"En Salta el ciclo lectivo 2025 iniciar\u00e1 el 5 de marzo\" width=\"640\" height=\"360\" src=\"https:\/\/www.youtube.com\/embed\/-DuPqZOZsII?feature=oembed\" frameborder=\"0\" allow=\"accelerometer; autoplay; clipboard-write; encrypted-media; gyroscope; picture-in-picture; web-share\" referrerpolicy=\"strict-origin-when-cross-origin\" allowfullscreen><\/iframe>\n<\/div><\/figure>\n\n\n\n<hr class=\"wp-block-separator has-alpha-channel-opacity\"\/>\n\n\n\n<p>Fuente:&nbsp;<strong>Secretar\u00eda de Prensa y Comunicaci\u00f3n<\/strong><\/p>\n","protected":false},"excerpt":{"rendered":"<p>El Gobierno de Salta dispuso el inicio del ciclo lectivo 2025 para el 5 de marzo luego de analizar factores externos al sistema educativo, los que impactan en la puesta a punto de las instituciones como as\u00ed tambi\u00e9n en la labor de los cuerpos directivos y de docentes. La decisi\u00f3n responde a la ola de [&hellip;]<\/p>\n","protected":false},"author":8,"featured_media":9625,"comment_status":"open","ping_status":"open","sticky":false,"template":"","format":"standard","meta":{"_monsterinsights_skip_tracking":false,"_monsterinsights_sitenote_active":false,"_monsterinsights_sitenote_note":"","_monsterinsights_sitenote_category":0,"footnotes":""},"categories":[16],"tags":[1720,100],"class_list":["post-9622","post","type-post","status-publish","format-standard","has-post-thumbnail","hentry","category-noticias","tag-inicio-de-clases-2025","tag-municipio-de-campo-quijano"],"yoast_head":"<!-- This site is optimized with the Yoast SEO plugin v20.8 - https:\/\/yoast.com\/wordpress\/plugins\/seo\/ -->\n<title>En Salta el ciclo lectivo 2025 iniciar\u00e1 el 5 de marzo - RQ 99.9<\/title>\n<meta name=\"description\" content=\"Se tuvieron en cuenta factores clim\u00e1ticos extremos y geogr\u00e1ficos que impactaron en el sistema educativo.\" \/>\n<meta name=\"robots\" content=\"index, follow, max-snippet:-1, max-image-preview:large, max-video-preview:-1\" \/>\n<link rel=\"canonical\" href=\"https:\/\/nahuelproducciones.com.ar\/radioquijano\/en-salta-el-ciclo-lectivo-2025-iniciara-el-5-de-marzo\/\" \/>\n<meta property=\"og:locale\" content=\"es_ES\" \/>\n<meta property=\"og:type\" content=\"article\" \/>\n<meta property=\"og:title\" content=\"En Salta el ciclo lectivo 2025 iniciar\u00e1 el 5 de marzo - RQ 99.9\" \/>\n<meta property=\"og:description\" content=\"Se tuvieron en cuenta factores clim\u00e1ticos extremos y geogr\u00e1ficos que impactaron en el sistema educativo.\" \/>\n<meta property=\"og:url\" content=\"https:\/\/nahuelproducciones.com.ar\/radioquijano\/en-salta-el-ciclo-lectivo-2025-iniciara-el-5-de-marzo\/\" \/>\n<meta property=\"og:site_name\" content=\"RQ 99.9\" \/>\n<meta property=\"article:publisher\" content=\"https:\/\/www.facebook.com\/nahuelproducciones999\/\" \/>\n<meta property=\"article:published_time\" content=\"2025-02-13T13:21:13+00:00\" \/>\n<meta property=\"article:modified_time\" content=\"2025-02-13T13:21:14+00:00\" \/>\n<meta property=\"og:image\" content=\"https:\/\/nahuelproducciones.com.ar\/radioquijano\/wp-content\/uploads\/2025\/02\/100065-en-salta-el-ciclo-lectivo-2025-iniciara-el-5-de-marzo.webp\" \/>\n\t<meta property=\"og:image:width\" content=\"560\" \/>\n\t<meta property=\"og:image:height\" content=\"315\" \/>\n\t<meta property=\"og:image:type\" content=\"image\/webp\" \/>\n<meta name=\"author\" content=\"Cecilia Pastrana\" \/>\n<meta name=\"twitter:card\" content=\"summary_large_image\" \/>\n<meta name=\"twitter:creator\" content=\"@nahuproduciones\" \/>\n<meta name=\"twitter:site\" content=\"@nahuproduciones\" \/>\n<meta name=\"twitter:label1\" content=\"Escrito por\" \/>\n\t<meta name=\"twitter:data1\" content=\"Cecilia Pastrana\" \/>\n\t<meta name=\"twitter:label2\" content=\"Tiempo de lectura\" \/>\n\t<meta name=\"twitter:data2\" content=\"3 minutos\" \/>\n<script type=\"application\/ld+json\" class=\"yoast-schema-graph\">{\"@context\":\"https:\/\/schema.org\",\"@graph\":[{\"@type\":\"WebPage\",\"@id\":\"https:\/\/nahuelproducciones.com.ar\/radioquijano\/en-salta-el-ciclo-lectivo-2025-iniciara-el-5-de-marzo\/\",\"url\":\"https:\/\/nahuelproducciones.com.ar\/radioquijano\/en-salta-el-ciclo-lectivo-2025-iniciara-el-5-de-marzo\/\",\"name\":\"En Salta el ciclo lectivo 2025 iniciar\u00e1 el 5 de marzo - RQ 99.9\",\"isPartOf\":{\"@id\":\"https:\/\/nahuelproducciones.com.ar\/radioquijano\/#website\"},\"datePublished\":\"2025-02-13T13:21:13+00:00\",\"dateModified\":\"2025-02-13T13:21:14+00:00\",\"author\":{\"@id\":\"https:\/\/nahuelproducciones.com.ar\/radioquijano\/#\/schema\/person\/e8a4f939e2cb487fe6d0c54042c9d32c\"},\"description\":\"Se tuvieron en cuenta factores clim\u00e1ticos extremos y geogr\u00e1ficos que impactaron en el sistema educativo.\",\"breadcrumb\":{\"@id\":\"https:\/\/nahuelproducciones.com.ar\/radioquijano\/en-salta-el-ciclo-lectivo-2025-iniciara-el-5-de-marzo\/#breadcrumb\"},\"inLanguage\":\"es\",\"potentialAction\":[{\"@type\":\"ReadAction\",\"target\":[\"https:\/\/nahuelproducciones.com.ar\/radioquijano\/en-salta-el-ciclo-lectivo-2025-iniciara-el-5-de-marzo\/\"]}]},{\"@type\":\"BreadcrumbList\",\"@id\":\"https:\/\/nahuelproducciones.com.ar\/radioquijano\/en-salta-el-ciclo-lectivo-2025-iniciara-el-5-de-marzo\/#breadcrumb\",\"itemListElement\":[{\"@type\":\"ListItem\",\"position\":1,\"name\":\"Portada\",\"item\":\"https:\/\/nahuelproducciones.com.ar\/radioquijano\/\"},{\"@type\":\"ListItem\",\"position\":2,\"name\":\"En Salta el ciclo lectivo 2025 iniciar\u00e1 el 5 de marzo\"}]},{\"@type\":\"WebSite\",\"@id\":\"https:\/\/nahuelproducciones.com.ar\/radioquijano\/#website\",\"url\":\"https:\/\/nahuelproducciones.com.ar\/radioquijano\/\",\"name\":\"RQ 99.9\",\"description\":\"Radio Quijano 99.9 MHz\",\"potentialAction\":[{\"@type\":\"SearchAction\",\"target\":{\"@type\":\"EntryPoint\",\"urlTemplate\":\"https:\/\/nahuelproducciones.com.ar\/radioquijano\/?s={search_term_string}\"},\"query-input\":\"required name=search_term_string\"}],\"inLanguage\":\"es\"},{\"@type\":\"Person\",\"@id\":\"https:\/\/nahuelproducciones.com.ar\/radioquijano\/#\/schema\/person\/e8a4f939e2cb487fe6d0c54042c9d32c\",\"name\":\"Cecilia Pastrana\",\"image\":{\"@type\":\"ImageObject\",\"inLanguage\":\"es\",\"@id\":\"https:\/\/nahuelproducciones.com.ar\/radioquijano\/#\/schema\/person\/image\/\",\"url\":\"https:\/\/secure.gravatar.com\/avatar\/661a3ef63a8488d4f2794ed44af8cf71420f7e106f3072c40125114df5157749?s=96&d=mm&r=g\",\"contentUrl\":\"https:\/\/secure.gravatar.com\/avatar\/661a3ef63a8488d4f2794ed44af8cf71420f7e106f3072c40125114df5157749?s=96&d=mm&r=g\",\"caption\":\"Cecilia Pastrana\"},\"sameAs\":[\"cecy\"],\"url\":\"https:\/\/nahuelproducciones.com.ar\/radioquijano\/author\/cecy\/\"}]}<\/script>\n<!-- \/ Yoast SEO plugin. -->","yoast_head_json":{"title":"En Salta el ciclo lectivo 2025 iniciar\u00e1 el 5 de marzo - RQ 99.9","description":"Se tuvieron en cuenta factores clim\u00e1ticos extremos y geogr\u00e1ficos que impactaron en el sistema educativo.","robots":{"index":"index","follow":"follow","max-snippet":"max-snippet:-1","max-image-preview":"max-image-preview:large","max-video-preview":"max-video-preview:-1"},"canonical":"https:\/\/nahuelproducciones.com.ar\/radioquijano\/en-salta-el-ciclo-lectivo-2025-iniciara-el-5-de-marzo\/","og_locale":"es_ES","og_type":"article","og_title":"En Salta el ciclo lectivo 2025 iniciar\u00e1 el 5 de marzo - RQ 99.9","og_description":"Se tuvieron en cuenta factores clim\u00e1ticos extremos y geogr\u00e1ficos que impactaron en el sistema educativo.","og_url":"https:\/\/nahuelproducciones.com.ar\/radioquijano\/en-salta-el-ciclo-lectivo-2025-iniciara-el-5-de-marzo\/","og_site_name":"RQ 99.9","article_publisher":"https:\/\/www.facebook.com\/nahuelproducciones999\/","article_published_time":"2025-02-13T13:21:13+00:00","article_modified_time":"2025-02-13T13:21:14+00:00","og_image":[{"width":560,"height":315,"url":"https:\/\/nahuelproducciones.com.ar\/radioquijano\/wp-content\/uploads\/2025\/02\/100065-en-salta-el-ciclo-lectivo-2025-iniciara-el-5-de-marzo.webp","type":"image\/webp"}],"author":"Cecilia Pastrana","twitter_card":"summary_large_image","twitter_creator":"@nahuproduciones","twitter_site":"@nahuproduciones","twitter_misc":{"Escrito por":"Cecilia Pastrana","Tiempo de lectura":"3 minutos"},"schema":{"@context":"https:\/\/schema.org","@graph":[{"@type":"WebPage","@id":"https:\/\/nahuelproducciones.com.ar\/radioquijano\/en-salta-el-ciclo-lectivo-2025-iniciara-el-5-de-marzo\/","url":"https:\/\/nahuelproducciones.com.ar\/radioquijano\/en-salta-el-ciclo-lectivo-2025-iniciara-el-5-de-marzo\/","name":"En Salta el ciclo lectivo 2025 iniciar\u00e1 el 5 de marzo - RQ 99.9","isPartOf":{"@id":"https:\/\/nahuelproducciones.com.ar\/radioquijano\/#website"},"datePublished":"2025-02-13T13:21:13+00:00","dateModified":"2025-02-13T13:21:14+00:00","author":{"@id":"https:\/\/nahuelproducciones.com.ar\/radioquijano\/#\/schema\/person\/e8a4f939e2cb487fe6d0c54042c9d32c"},"description":"Se tuvieron en cuenta factores clim\u00e1ticos extremos y geogr\u00e1ficos que impactaron en el sistema educativo.","breadcrumb":{"@id":"https:\/\/nahuelproducciones.com.ar\/radioquijano\/en-salta-el-ciclo-lectivo-2025-iniciara-el-5-de-marzo\/#breadcrumb"},"inLanguage":"es","potentialAction":[{"@type":"ReadAction","target":["https:\/\/nahuelproducciones.com.ar\/radioquijano\/en-salta-el-ciclo-lectivo-2025-iniciara-el-5-de-marzo\/"]}]},{"@type":"BreadcrumbList","@id":"https:\/\/nahuelproducciones.com.ar\/radioquijano\/en-salta-el-ciclo-lectivo-2025-iniciara-el-5-de-marzo\/#breadcrumb","itemListElement":[{"@type":"ListItem","position":1,"name":"Portada","item":"https:\/\/nahuelproducciones.com.ar\/radioquijano\/"},{"@type":"ListItem","position":2,"name":"En Salta el ciclo lectivo 2025 iniciar\u00e1 el 5 de marzo"}]},{"@type":"WebSite","@id":"https:\/\/nahuelproducciones.com.ar\/radioquijano\/#website","url":"https:\/\/nahuelproducciones.com.ar\/radioquijano\/","name":"RQ 99.9","description":"Radio Quijano 99.9 MHz","potentialAction":[{"@type":"SearchAction","target":{"@type":"EntryPoint","urlTemplate":"https:\/\/nahuelproducciones.com.ar\/radioquijano\/?s={search_term_string}"},"query-input":"required name=search_term_string"}],"inLanguage":"es"},{"@type":"Person","@id":"https:\/\/nahuelproducciones.com.ar\/radioquijano\/#\/schema\/person\/e8a4f939e2cb487fe6d0c54042c9d32c","name":"Cecilia Pastrana","image":{"@type":"ImageObject","inLanguage":"es","@id":"https:\/\/nahuelproducciones.com.ar\/radioquijano\/#\/schema\/person\/image\/","url":"https:\/\/secure.gravatar.com\/avatar\/661a3ef63a8488d4f2794ed44af8cf71420f7e106f3072c40125114df5157749?s=96&d=mm&r=g","contentUrl":"https:\/\/secure.gravatar.com\/avatar\/661a3ef63a8488d4f2794ed44af8cf71420f7e106f3072c40125114df5157749?s=96&d=mm&r=g","caption":"Cecilia Pastrana"},"sameAs":["cecy"],"url":"https:\/\/nahuelproducciones.com.ar\/radioquijano\/author\/cecy\/"}]}},"_links":{"self":[{"href":"https:\/\/nahuelproducciones.com.ar\/radioquijano\/wp-json\/wp\/v2\/posts\/9622","targetHints":{"allow":["GET"]}}],"collection":[{"href":"https:\/\/nahuelproducciones.com.ar\/radioquijano\/wp-json\/wp\/v2\/posts"}],"about":[{"href":"https:\/\/nahuelproducciones.com.ar\/radioquijano\/wp-json\/wp\/v2\/types\/post"}],"author":[{"embeddable":true,"href":"https:\/\/nahuelproducciones.com.ar\/radioquijano\/wp-json\/wp\/v2\/users\/8"}],"replies":[{"embeddable":true,"href":"https:\/\/nahuelproducciones.com.ar\/radioquijano\/wp-json\/wp\/v2\/comments?post=9622"}],"version-history":[{"count":1,"href":"https:\/\/nahuelproducciones.com.ar\/radioquijano\/wp-json\/wp\/v2\/posts\/9622\/revisions"}],"predecessor-version":[{"id":9626,"href":"https:\/\/nahuelproducciones.com.ar\/radioquijano\/wp-json\/wp\/v2\/posts\/9622\/revisions\/9626"}],"wp:featuredmedia":[{"embeddable":true,"href":"https:\/\/nahuelproducciones.com.ar\/radioquijano\/wp-json\/wp\/v2\/media\/9625"}],"wp:attachment":[{"href":"https:\/\/nahuelproducciones.com.ar\/radioquijano\/wp-json\/wp\/v2\/media?parent=9622"}],"wp:term":[{"taxonomy":"category","embeddable":true,"href":"https:\/\/nahuelproducciones.com.ar\/radioquijano\/wp-json\/wp\/v2\/categories?post=9622"},{"taxonomy":"post_tag","embeddable":true,"href":"https:\/\/nahuelproducciones.com.ar\/radioquijano\/wp-json\/wp\/v2\/tags?post=9622"}],"curies":[{"name":"wp","href":"https:\/\/api.w.org\/{rel}","templated":true}]}}