{"id":9627,"date":"2025-02-13T15:58:00","date_gmt":"2025-02-13T18:58:00","guid":{"rendered":"https:\/\/nahuelproducciones.com.ar\/radioquijano\/?p=9627"},"modified":"2025-02-13T15:58:01","modified_gmt":"2025-02-13T18:58:01","slug":"campo-quijano-se-prepara-para-la-gala-del-deporte-2025","status":"publish","type":"post","link":"https:\/\/nahuelproducciones.com.ar\/radioquijano\/campo-quijano-se-prepara-para-la-gala-del-deporte-2025\/","title":{"rendered":"Campo Quijano se prepara para la Gala del Deporte 2025"},"content":{"rendered":"\n<p>La Municipalidad de Campo Quijano celebrar\u00e1 esta noche la esperada <strong>Gala del Deporte 2025<\/strong>, un evento que busca homenajear a los deportistas m\u00e1s destacados del municipio y reconocer el trabajo de las instituciones que fomentaron el desarrollo del deporte durante el 2024.<\/p>\n\n\n\n<p>La ceremonia se llevar\u00e1 a cabo el <strong>jueves 13 de febrero a las 20:30 horas en el Club Sportivo Social Quijano<\/strong>, y contar\u00e1 con la presencia de autoridades municipales, dirigentes deportivos, entrenadores y figuras representativas del \u00e1mbito deportivo provincial.<\/p>\n\n\n\n<p>Durante la gala, se entregar\u00e1n <strong>placas de reconocimiento a los atletas m\u00e1s sobresalientes<\/strong> del a\u00f1o en disciplinas como f\u00fatbol, b\u00e1squetbol, rugby, v\u00f3ley, bochas, lucha libre y atletismo adaptado, entre otras. Tambi\u00e9n se distinguir\u00e1 a las instituciones deportivas locales con diplomas por su labor formativa y de contenci\u00f3n social.<\/p>\n\n\n\n<p>Uno de los momentos m\u00e1s emotivos de la noche ser\u00e1 el <strong>reconocimiento post mortem<\/strong> a personalidades que dejaron una huella imborrable en el deporte de Campo Quijano, entre ellos <strong>Juan \u00abLaucha\u00bb Vel\u00e1zquez, Julio Vilte y Jes\u00fas Armado \u00abTit\u00ed\u00bb Guaymas<\/strong>.<\/p>\n\n\n\n<p>Desde la gesti\u00f3n del intendente <strong>Lino Yonar<\/strong>, se contin\u00faa impulsando el desarrollo del deporte como una herramienta clave para la inclusi\u00f3n, la formaci\u00f3n y la superaci\u00f3n personal, fortaleciendo el trabajo conjunto con clubes, ligas y organizaciones deportivas del municipio.<\/p>\n\n\n\n<p>El director de Deportes de la Municipalidad realiz\u00f3 la invitaci\u00f3n oficial a trav\u00e9s de <strong>Radio Quijano<\/strong>, convocando a toda la comunidad a sumarse a este evento especial, que celebrar\u00e1 el esfuerzo, la disciplina y los logros de quienes d\u00eda a d\u00eda contribuyen al crecimiento del deporte en Campo Quijano.<\/p>\n\n\n\n<p>Escucha la entrevista al Director de deportes Alfredo \u00abMilico\u00bb Burgos:<\/p>\n\n\n\n<figure class=\"wp-block-audio\"><audio controls src=\"https:\/\/nahuelproducciones.com.ar\/radioquijano\/wp-content\/uploads\/2025\/02\/13-02-2025-HOY-GALA-DEL-DEPORTE-PROF-BURGOS-DIRECTOR-DE-DEPORTE.mp3\"><\/audio><\/figure>\n","protected":false},"excerpt":{"rendered":"<p>La Municipalidad de Campo Quijano celebrar\u00e1 esta noche la esperada Gala del Deporte 2025, un evento que busca homenajear a los deportistas m\u00e1s destacados del municipio y reconocer el trabajo de las instituciones que fomentaron el desarrollo del deporte durante el 2024. La ceremonia se llevar\u00e1 a cabo el jueves 13 de febrero a las [&hellip;]<\/p>\n","protected":false},"author":8,"featured_media":9629,"comment_status":"open","ping_status":"open","sticky":false,"template":"","format":"standard","meta":{"_monsterinsights_skip_tracking":false,"_monsterinsights_sitenote_active":false,"_monsterinsights_sitenote_note":"","_monsterinsights_sitenote_category":0,"footnotes":""},"categories":[16],"tags":[1721,100],"class_list":["post-9627","post","type-post","status-publish","format-standard","has-post-thumbnail","hentry","category-noticias","tag-gala-del-deporte","tag-municipio-de-campo-quijano"],"yoast_head":"<!-- This site is optimized with the Yoast SEO plugin v20.8 - https:\/\/yoast.com\/wordpress\/plugins\/seo\/ -->\n<title>Campo Quijano se prepara para la Gala del Deporte 2025 - RQ 99.9<\/title>\n<meta name=\"description\" content=\"La ceremonia se llevar\u00e1 a cabo el jueves 13 de febrero a las 20:30 horas en el Club Sportivo Social Quijano\" \/>\n<meta name=\"robots\" content=\"index, follow, max-snippet:-1, max-image-preview:large, max-video-preview:-1\" \/>\n<link rel=\"canonical\" href=\"https:\/\/nahuelproducciones.com.ar\/radioquijano\/campo-quijano-se-prepara-para-la-gala-del-deporte-2025\/\" \/>\n<meta property=\"og:locale\" content=\"es_ES\" \/>\n<meta property=\"og:type\" content=\"article\" \/>\n<meta property=\"og:title\" content=\"Campo Quijano se prepara para la Gala del Deporte 2025 - RQ 99.9\" \/>\n<meta property=\"og:description\" content=\"La ceremonia se llevar\u00e1 a cabo el jueves 13 de febrero a las 20:30 horas en el Club Sportivo Social Quijano\" \/>\n<meta property=\"og:url\" content=\"https:\/\/nahuelproducciones.com.ar\/radioquijano\/campo-quijano-se-prepara-para-la-gala-del-deporte-2025\/\" \/>\n<meta property=\"og:site_name\" content=\"RQ 99.9\" \/>\n<meta property=\"article:publisher\" content=\"https:\/\/www.facebook.com\/nahuelproducciones999\/\" \/>\n<meta property=\"article:published_time\" content=\"2025-02-13T18:58:00+00:00\" \/>\n<meta property=\"article:modified_time\" content=\"2025-02-13T18:58:01+00:00\" \/>\n<meta property=\"og:image\" content=\"https:\/\/nahuelproducciones.com.ar\/radioquijano\/wp-content\/uploads\/2025\/02\/WhatsApp-Image-2025-02-13-at-3.53.19-PM-e1739473073980.jpeg\" \/>\n\t<meta property=\"og:image:width\" content=\"700\" \/>\n\t<meta property=\"og:image:height\" content=\"688\" \/>\n\t<meta property=\"og:image:type\" content=\"image\/jpeg\" \/>\n<meta name=\"author\" content=\"Cecilia Pastrana\" \/>\n<meta name=\"twitter:card\" content=\"summary_large_image\" \/>\n<meta name=\"twitter:creator\" content=\"@nahuproduciones\" \/>\n<meta name=\"twitter:site\" content=\"@nahuproduciones\" \/>\n<meta name=\"twitter:label1\" content=\"Escrito por\" \/>\n\t<meta name=\"twitter:data1\" content=\"Cecilia Pastrana\" \/>\n\t<meta name=\"twitter:label2\" content=\"Tiempo de lectura\" \/>\n\t<meta name=\"twitter:data2\" content=\"2 minutos\" \/>\n<script type=\"application\/ld+json\" class=\"yoast-schema-graph\">{\"@context\":\"https:\/\/schema.org\",\"@graph\":[{\"@type\":\"WebPage\",\"@id\":\"https:\/\/nahuelproducciones.com.ar\/radioquijano\/campo-quijano-se-prepara-para-la-gala-del-deporte-2025\/\",\"url\":\"https:\/\/nahuelproducciones.com.ar\/radioquijano\/campo-quijano-se-prepara-para-la-gala-del-deporte-2025\/\",\"name\":\"Campo Quijano se prepara para la Gala del Deporte 2025 - RQ 99.9\",\"isPartOf\":{\"@id\":\"https:\/\/nahuelproducciones.com.ar\/radioquijano\/#website\"},\"datePublished\":\"2025-02-13T18:58:00+00:00\",\"dateModified\":\"2025-02-13T18:58:01+00:00\",\"author\":{\"@id\":\"https:\/\/nahuelproducciones.com.ar\/radioquijano\/#\/schema\/person\/e8a4f939e2cb487fe6d0c54042c9d32c\"},\"description\":\"La ceremonia se llevar\u00e1 a cabo el jueves 13 de febrero a las 20:30 horas en el Club Sportivo Social Quijano\",\"breadcrumb\":{\"@id\":\"https:\/\/nahuelproducciones.com.ar\/radioquijano\/campo-quijano-se-prepara-para-la-gala-del-deporte-2025\/#breadcrumb\"},\"inLanguage\":\"es\",\"potentialAction\":[{\"@type\":\"ReadAction\",\"target\":[\"https:\/\/nahuelproducciones.com.ar\/radioquijano\/campo-quijano-se-prepara-para-la-gala-del-deporte-2025\/\"]}]},{\"@type\":\"BreadcrumbList\",\"@id\":\"https:\/\/nahuelproducciones.com.ar\/radioquijano\/campo-quijano-se-prepara-para-la-gala-del-deporte-2025\/#breadcrumb\",\"itemListElement\":[{\"@type\":\"ListItem\",\"position\":1,\"name\":\"Portada\",\"item\":\"https:\/\/nahuelproducciones.com.ar\/radioquijano\/\"},{\"@type\":\"ListItem\",\"position\":2,\"name\":\"Campo Quijano se prepara para la Gala del Deporte 2025\"}]},{\"@type\":\"WebSite\",\"@id\":\"https:\/\/nahuelproducciones.com.ar\/radioquijano\/#website\",\"url\":\"https:\/\/nahuelproducciones.com.ar\/radioquijano\/\",\"name\":\"RQ 99.9\",\"description\":\"Radio Quijano 99.9 MHz\",\"potentialAction\":[{\"@type\":\"SearchAction\",\"target\":{\"@type\":\"EntryPoint\",\"urlTemplate\":\"https:\/\/nahuelproducciones.com.ar\/radioquijano\/?s={search_term_string}\"},\"query-input\":\"required name=search_term_string\"}],\"inLanguage\":\"es\"},{\"@type\":\"Person\",\"@id\":\"https:\/\/nahuelproducciones.com.ar\/radioquijano\/#\/schema\/person\/e8a4f939e2cb487fe6d0c54042c9d32c\",\"name\":\"Cecilia Pastrana\",\"image\":{\"@type\":\"ImageObject\",\"inLanguage\":\"es\",\"@id\":\"https:\/\/nahuelproducciones.com.ar\/radioquijano\/#\/schema\/person\/image\/\",\"url\":\"https:\/\/secure.gravatar.com\/avatar\/661a3ef63a8488d4f2794ed44af8cf71420f7e106f3072c40125114df5157749?s=96&d=mm&r=g\",\"contentUrl\":\"https:\/\/secure.gravatar.com\/avatar\/661a3ef63a8488d4f2794ed44af8cf71420f7e106f3072c40125114df5157749?s=96&d=mm&r=g\",\"caption\":\"Cecilia Pastrana\"},\"sameAs\":[\"cecy\"],\"url\":\"https:\/\/nahuelproducciones.com.ar\/radioquijano\/author\/cecy\/\"}]}<\/script>\n<!-- \/ Yoast SEO plugin. -->","yoast_head_json":{"title":"Campo Quijano se prepara para la Gala del Deporte 2025 - RQ 99.9","description":"La ceremonia se llevar\u00e1 a cabo el jueves 13 de febrero a las 20:30 horas en el Club Sportivo Social Quijano","robots":{"index":"index","follow":"follow","max-snippet":"max-snippet:-1","max-image-preview":"max-image-preview:large","max-video-preview":"max-video-preview:-1"},"canonical":"https:\/\/nahuelproducciones.com.ar\/radioquijano\/campo-quijano-se-prepara-para-la-gala-del-deporte-2025\/","og_locale":"es_ES","og_type":"article","og_title":"Campo Quijano se prepara para la Gala del Deporte 2025 - RQ 99.9","og_description":"La ceremonia se llevar\u00e1 a cabo el jueves 13 de febrero a las 20:30 horas en el Club Sportivo Social Quijano","og_url":"https:\/\/nahuelproducciones.com.ar\/radioquijano\/campo-quijano-se-prepara-para-la-gala-del-deporte-2025\/","og_site_name":"RQ 99.9","article_publisher":"https:\/\/www.facebook.com\/nahuelproducciones999\/","article_published_time":"2025-02-13T18:58:00+00:00","article_modified_time":"2025-02-13T18:58:01+00:00","og_image":[{"width":700,"height":688,"url":"https:\/\/nahuelproducciones.com.ar\/radioquijano\/wp-content\/uploads\/2025\/02\/WhatsApp-Image-2025-02-13-at-3.53.19-PM-e1739473073980.jpeg","type":"image\/jpeg"}],"author":"Cecilia Pastrana","twitter_card":"summary_large_image","twitter_creator":"@nahuproduciones","twitter_site":"@nahuproduciones","twitter_misc":{"Escrito por":"Cecilia Pastrana","Tiempo de lectura":"2 minutos"},"schema":{"@context":"https:\/\/schema.org","@graph":[{"@type":"WebPage","@id":"https:\/\/nahuelproducciones.com.ar\/radioquijano\/campo-quijano-se-prepara-para-la-gala-del-deporte-2025\/","url":"https:\/\/nahuelproducciones.com.ar\/radioquijano\/campo-quijano-se-prepara-para-la-gala-del-deporte-2025\/","name":"Campo Quijano se prepara para la Gala del Deporte 2025 - RQ 99.9","isPartOf":{"@id":"https:\/\/nahuelproducciones.com.ar\/radioquijano\/#website"},"datePublished":"2025-02-13T18:58:00+00:00","dateModified":"2025-02-13T18:58:01+00:00","author":{"@id":"https:\/\/nahuelproducciones.com.ar\/radioquijano\/#\/schema\/person\/e8a4f939e2cb487fe6d0c54042c9d32c"},"description":"La ceremonia se llevar\u00e1 a cabo el jueves 13 de febrero a las 20:30 horas en el Club Sportivo Social Quijano","breadcrumb":{"@id":"https:\/\/nahuelproducciones.com.ar\/radioquijano\/campo-quijano-se-prepara-para-la-gala-del-deporte-2025\/#breadcrumb"},"inLanguage":"es","potentialAction":[{"@type":"ReadAction","target":["https:\/\/nahuelproducciones.com.ar\/radioquijano\/campo-quijano-se-prepara-para-la-gala-del-deporte-2025\/"]}]},{"@type":"BreadcrumbList","@id":"https:\/\/nahuelproducciones.com.ar\/radioquijano\/campo-quijano-se-prepara-para-la-gala-del-deporte-2025\/#breadcrumb","itemListElement":[{"@type":"ListItem","position":1,"name":"Portada","item":"https:\/\/nahuelproducciones.com.ar\/radioquijano\/"},{"@type":"ListItem","position":2,"name":"Campo Quijano se prepara para la Gala del Deporte 2025"}]},{"@type":"WebSite","@id":"https:\/\/nahuelproducciones.com.ar\/radioquijano\/#website","url":"https:\/\/nahuelproducciones.com.ar\/radioquijano\/","name":"RQ 99.9","description":"Radio Quijano 99.9 MHz","potentialAction":[{"@type":"SearchAction","target":{"@type":"EntryPoint","urlTemplate":"https:\/\/nahuelproducciones.com.ar\/radioquijano\/?s={search_term_string}"},"query-input":"required name=search_term_string"}],"inLanguage":"es"},{"@type":"Person","@id":"https:\/\/nahuelproducciones.com.ar\/radioquijano\/#\/schema\/person\/e8a4f939e2cb487fe6d0c54042c9d32c","name":"Cecilia Pastrana","image":{"@type":"ImageObject","inLanguage":"es","@id":"https:\/\/nahuelproducciones.com.ar\/radioquijano\/#\/schema\/person\/image\/","url":"https:\/\/secure.gravatar.com\/avatar\/661a3ef63a8488d4f2794ed44af8cf71420f7e106f3072c40125114df5157749?s=96&d=mm&r=g","contentUrl":"https:\/\/secure.gravatar.com\/avatar\/661a3ef63a8488d4f2794ed44af8cf71420f7e106f3072c40125114df5157749?s=96&d=mm&r=g","caption":"Cecilia Pastrana"},"sameAs":["cecy"],"url":"https:\/\/nahuelproducciones.com.ar\/radioquijano\/author\/cecy\/"}]}},"_links":{"self":[{"href":"https:\/\/nahuelproducciones.com.ar\/radioquijano\/wp-json\/wp\/v2\/posts\/9627","targetHints":{"allow":["GET"]}}],"collection":[{"href":"https:\/\/nahuelproducciones.com.ar\/radioquijano\/wp-json\/wp\/v2\/posts"}],"about":[{"href":"https:\/\/nahuelproducciones.com.ar\/radioquijano\/wp-json\/wp\/v2\/types\/post"}],"author":[{"embeddable":true,"href":"https:\/\/nahuelproducciones.com.ar\/radioquijano\/wp-json\/wp\/v2\/users\/8"}],"replies":[{"embeddable":true,"href":"https:\/\/nahuelproducciones.com.ar\/radioquijano\/wp-json\/wp\/v2\/comments?post=9627"}],"version-history":[{"count":1,"href":"https:\/\/nahuelproducciones.com.ar\/radioquijano\/wp-json\/wp\/v2\/posts\/9627\/revisions"}],"predecessor-version":[{"id":9630,"href":"https:\/\/nahuelproducciones.com.ar\/radioquijano\/wp-json\/wp\/v2\/posts\/9627\/revisions\/9630"}],"wp:featuredmedia":[{"embeddable":true,"href":"https:\/\/nahuelproducciones.com.ar\/radioquijano\/wp-json\/wp\/v2\/media\/9629"}],"wp:attachment":[{"href":"https:\/\/nahuelproducciones.com.ar\/radioquijano\/wp-json\/wp\/v2\/media?parent=9627"}],"wp:term":[{"taxonomy":"category","embeddable":true,"href":"https:\/\/nahuelproducciones.com.ar\/radioquijano\/wp-json\/wp\/v2\/categories?post=9627"},{"taxonomy":"post_tag","embeddable":true,"href":"https:\/\/nahuelproducciones.com.ar\/radioquijano\/wp-json\/wp\/v2\/tags?post=9627"}],"curies":[{"name":"wp","href":"https:\/\/api.w.org\/{rel}","templated":true}]}}