{"id":9638,"date":"2025-02-16T18:06:56","date_gmt":"2025-02-16T21:06:56","guid":{"rendered":"https:\/\/nahuelproducciones.com.ar\/radioquijano\/?p=9638"},"modified":"2025-02-16T18:08:24","modified_gmt":"2025-02-16T21:08:24","slug":"polemica-por-la-autorizacion-del-corso-infantil-de-la-silleta","status":"publish","type":"post","link":"https:\/\/nahuelproducciones.com.ar\/radioquijano\/polemica-por-la-autorizacion-del-corso-infantil-de-la-silleta\/","title":{"rendered":"Pol\u00e9mica por la autorizaci\u00f3n del Corso infantil de La Silleta"},"content":{"rendered":"\n<p>En los \u00faltimos d\u00edas, se gener\u00f3 un intenso debate en redes sociales, luego de que vecinos de la localidad de La Silleta denuncian demoras burocr\u00e1ticas para la autorizaci\u00f3n del evento por parte del municipio.<\/p>\n\n\n\n<p>Seg\u00fan se inform\u00f3, el corso infantil, de entrada libre y gratuita, se viene realizando con \u00e9xito desde el a\u00f1o pasado y sin inconvenientes. Sin embargo, este a\u00f1o los organizadores aseguran que a pesar de haber presentado toda la documentaci\u00f3n solicitada, a\u00fan no cuentan con la aprobaci\u00f3n definitiva del intendente.<\/p>\n\n\n\n<p>Radio Quijano dialog\u00f3 con Carla Carabajal, representante del grupo de vecinos a cargo de la organizaci\u00f3n del evento, quien asegur\u00f3 que han cumplido con todos los requisitos administrativos y que incluso el delegado municipal de La Silleta revis\u00f3 la documentaci\u00f3n, indicando que solo restaba la asignaci\u00f3n del personal de tr\u00e1nsito.<\/p>\n\n\n\n<p>No obstante, seg\u00fan relat\u00f3 Carabajal, el intendente Lino Yonar, realiz\u00f3 una transmisi\u00f3n en vivo a trav\u00e9s de Facebook en la que mencion\u00f3 su nombre y manifest\u00f3 que el evento debe ajustarse a la Resoluci\u00f3n Municipal N.\u00ba 416\/24, la cual impedir\u00eda otorgar la autorizaci\u00f3n definitiva en estos momentos.<\/p>\n\n\n\n<p>Ante esta situaci\u00f3n, los organizadores anunciaron que acudir\u00e1n hoy mismo a dialogar con el jefe comunal  ,  ya que se anuncia que \u00e9l  ir\u00e1 al Desentierro del Carnaval a La Silleta y all\u00ed poder demostrar que cuentan con todos los requisitos exigidos y solicitarle que el municipio colabore cubriendo los costos del personal de tr\u00e1nsito necesario para la realizaci\u00f3n del evento. Argumentan que, al tratarse de una actividad sin fines de lucro, no tienen recursos para afrontar dicho gasto.<\/p>\n\n\n\n<p>Desde la organizaci\u00f3n remarcaron que el \u00fanico objetivo del corso infantil es llevar alegr\u00eda a los ni\u00f1os de La Silleta y sus alrededores, e hicieron un llamado a la comunidad y a las autoridades para encontrar una soluci\u00f3n que permita la realizaci\u00f3n del evento sin contratiempos.<\/p>\n\n\n\n<p>Mientras tanto, la incertidumbre persiste y la resoluci\u00f3n final quedar\u00e1 en manos del municipio, que deber\u00e1 definir si el corso infantil podr\u00e1 realizarse tal como estaba previsto el pr\u00f3ximo 20 de febrero.<\/p>\n\n\n\n<p>Escucha la entrevista a la Sra Carola Carabajal:<\/p>\n\n\n\n<figure class=\"wp-block-audio\"><audio controls src=\"https:\/\/nahuelproducciones.com.ar\/radioquijano\/wp-content\/uploads\/2025\/02\/16-02-2025-Vecina-Carla-Carabajal-tema-corso-infantil-LA-SILLETA.mp3\"><\/audio><\/figure>\n\n\n\n<p>Escucha el vivo de facebook del intendente del Municipio de Campo Quijano el Ing. Lino Yonar.<\/p>\n\n\n<p><iframe loading=\"lazy\" src=\"https:\/\/www.facebook.com\/plugins\/video.php?height=476&#038;href=https%3A%2F%2Fwww.facebook.com%2FLinoYonarDiputado%2Fvideos%2F981732576657260%2F&#038;show_text=false&#038;width=267&#038;t=0\" width=\"267\" height=\"476\" style=\"border:none;overflow:hidden\" scrolling=\"no\" frameborder=\"0\" allowfullscreen=\"true\" allow=\"autoplay; clipboard-write; encrypted-media; picture-in-picture; web-share\" allowFullScreen=\"true\"><\/iframe><\/p>\n","protected":false},"excerpt":{"rendered":"<p>En los \u00faltimos d\u00edas, se gener\u00f3 un intenso debate en redes sociales, luego de que vecinos de la localidad de La Silleta denuncian demoras burocr\u00e1ticas para la autorizaci\u00f3n del evento por parte del municipio. Seg\u00fan se inform\u00f3, el corso infantil, de entrada libre y gratuita, se viene realizando con \u00e9xito desde el a\u00f1o pasado y [&hellip;]<\/p>\n","protected":false},"author":8,"featured_media":9640,"comment_status":"open","ping_status":"open","sticky":false,"template":"","format":"standard","meta":{"_monsterinsights_skip_tracking":false,"_monsterinsights_sitenote_active":false,"_monsterinsights_sitenote_note":"","_monsterinsights_sitenote_category":0,"footnotes":""},"categories":[16],"tags":[1724,77,100],"class_list":["post-9638","post","type-post","status-publish","format-standard","has-post-thumbnail","hentry","category-noticias","tag-corso-infantil","tag-la-silleta","tag-municipio-de-campo-quijano"],"yoast_head":"<!-- This site is optimized with the Yoast SEO plugin v20.8 - https:\/\/yoast.com\/wordpress\/plugins\/seo\/ -->\n<title>Pol\u00e9mica por la autorizaci\u00f3n del Corso infantil de La Silleta - RQ 99.9<\/title>\n<meta name=\"description\" content=\"La resoluci\u00f3n final quedar\u00e1 en manos del municipio, que deber\u00e1 definir si el corso infantil podr\u00e1 realizarse tal como estaba previsto el pr\u00f3ximo 20 de febrero.\" \/>\n<meta name=\"robots\" content=\"index, follow, max-snippet:-1, max-image-preview:large, max-video-preview:-1\" \/>\n<link rel=\"canonical\" href=\"https:\/\/nahuelproducciones.com.ar\/radioquijano\/polemica-por-la-autorizacion-del-corso-infantil-de-la-silleta\/\" \/>\n<meta property=\"og:locale\" content=\"es_ES\" \/>\n<meta property=\"og:type\" content=\"article\" \/>\n<meta property=\"og:title\" content=\"Pol\u00e9mica por la autorizaci\u00f3n del Corso infantil de La Silleta - RQ 99.9\" \/>\n<meta property=\"og:description\" content=\"La resoluci\u00f3n final quedar\u00e1 en manos del municipio, que deber\u00e1 definir si el corso infantil podr\u00e1 realizarse tal como estaba previsto el pr\u00f3ximo 20 de febrero.\" \/>\n<meta property=\"og:url\" content=\"https:\/\/nahuelproducciones.com.ar\/radioquijano\/polemica-por-la-autorizacion-del-corso-infantil-de-la-silleta\/\" \/>\n<meta property=\"og:site_name\" content=\"RQ 99.9\" \/>\n<meta property=\"article:publisher\" content=\"https:\/\/www.facebook.com\/nahuelproducciones999\/\" \/>\n<meta property=\"article:published_time\" content=\"2025-02-16T21:06:56+00:00\" \/>\n<meta property=\"article:modified_time\" content=\"2025-02-16T21:08:24+00:00\" \/>\n<meta property=\"og:image\" content=\"https:\/\/nahuelproducciones.com.ar\/radioquijano\/wp-content\/uploads\/2025\/02\/WhatsApp-Image-2025-02-16-at-5.58.33-PM.jpeg\" \/>\n\t<meta property=\"og:image:width\" content=\"640\" \/>\n\t<meta property=\"og:image:height\" content=\"640\" \/>\n\t<meta property=\"og:image:type\" content=\"image\/jpeg\" \/>\n<meta name=\"author\" content=\"Cecilia Pastrana\" \/>\n<meta name=\"twitter:card\" content=\"summary_large_image\" \/>\n<meta name=\"twitter:creator\" content=\"@nahuproduciones\" \/>\n<meta name=\"twitter:site\" content=\"@nahuproduciones\" \/>\n<meta name=\"twitter:label1\" content=\"Escrito por\" \/>\n\t<meta name=\"twitter:data1\" content=\"Cecilia Pastrana\" \/>\n\t<meta name=\"twitter:label2\" content=\"Tiempo de lectura\" \/>\n\t<meta name=\"twitter:data2\" content=\"2 minutos\" \/>\n<script type=\"application\/ld+json\" class=\"yoast-schema-graph\">{\"@context\":\"https:\/\/schema.org\",\"@graph\":[{\"@type\":\"WebPage\",\"@id\":\"https:\/\/nahuelproducciones.com.ar\/radioquijano\/polemica-por-la-autorizacion-del-corso-infantil-de-la-silleta\/\",\"url\":\"https:\/\/nahuelproducciones.com.ar\/radioquijano\/polemica-por-la-autorizacion-del-corso-infantil-de-la-silleta\/\",\"name\":\"Pol\u00e9mica por la autorizaci\u00f3n del Corso infantil de La Silleta - RQ 99.9\",\"isPartOf\":{\"@id\":\"https:\/\/nahuelproducciones.com.ar\/radioquijano\/#website\"},\"datePublished\":\"2025-02-16T21:06:56+00:00\",\"dateModified\":\"2025-02-16T21:08:24+00:00\",\"author\":{\"@id\":\"https:\/\/nahuelproducciones.com.ar\/radioquijano\/#\/schema\/person\/e8a4f939e2cb487fe6d0c54042c9d32c\"},\"description\":\"La resoluci\u00f3n final quedar\u00e1 en manos del municipio, que deber\u00e1 definir si el corso infantil podr\u00e1 realizarse tal como estaba previsto el pr\u00f3ximo 20 de febrero.\",\"breadcrumb\":{\"@id\":\"https:\/\/nahuelproducciones.com.ar\/radioquijano\/polemica-por-la-autorizacion-del-corso-infantil-de-la-silleta\/#breadcrumb\"},\"inLanguage\":\"es\",\"potentialAction\":[{\"@type\":\"ReadAction\",\"target\":[\"https:\/\/nahuelproducciones.com.ar\/radioquijano\/polemica-por-la-autorizacion-del-corso-infantil-de-la-silleta\/\"]}]},{\"@type\":\"BreadcrumbList\",\"@id\":\"https:\/\/nahuelproducciones.com.ar\/radioquijano\/polemica-por-la-autorizacion-del-corso-infantil-de-la-silleta\/#breadcrumb\",\"itemListElement\":[{\"@type\":\"ListItem\",\"position\":1,\"name\":\"Portada\",\"item\":\"https:\/\/nahuelproducciones.com.ar\/radioquijano\/\"},{\"@type\":\"ListItem\",\"position\":2,\"name\":\"Pol\u00e9mica por la autorizaci\u00f3n del Corso infantil de La Silleta\"}]},{\"@type\":\"WebSite\",\"@id\":\"https:\/\/nahuelproducciones.com.ar\/radioquijano\/#website\",\"url\":\"https:\/\/nahuelproducciones.com.ar\/radioquijano\/\",\"name\":\"RQ 99.9\",\"description\":\"Radio Quijano 99.9 MHz\",\"potentialAction\":[{\"@type\":\"SearchAction\",\"target\":{\"@type\":\"EntryPoint\",\"urlTemplate\":\"https:\/\/nahuelproducciones.com.ar\/radioquijano\/?s={search_term_string}\"},\"query-input\":\"required name=search_term_string\"}],\"inLanguage\":\"es\"},{\"@type\":\"Person\",\"@id\":\"https:\/\/nahuelproducciones.com.ar\/radioquijano\/#\/schema\/person\/e8a4f939e2cb487fe6d0c54042c9d32c\",\"name\":\"Cecilia Pastrana\",\"image\":{\"@type\":\"ImageObject\",\"inLanguage\":\"es\",\"@id\":\"https:\/\/nahuelproducciones.com.ar\/radioquijano\/#\/schema\/person\/image\/\",\"url\":\"https:\/\/secure.gravatar.com\/avatar\/661a3ef63a8488d4f2794ed44af8cf71420f7e106f3072c40125114df5157749?s=96&d=mm&r=g\",\"contentUrl\":\"https:\/\/secure.gravatar.com\/avatar\/661a3ef63a8488d4f2794ed44af8cf71420f7e106f3072c40125114df5157749?s=96&d=mm&r=g\",\"caption\":\"Cecilia Pastrana\"},\"sameAs\":[\"cecy\"],\"url\":\"https:\/\/nahuelproducciones.com.ar\/radioquijano\/author\/cecy\/\"}]}<\/script>\n<!-- \/ Yoast SEO plugin. -->","yoast_head_json":{"title":"Pol\u00e9mica por la autorizaci\u00f3n del Corso infantil de La Silleta - RQ 99.9","description":"La resoluci\u00f3n final quedar\u00e1 en manos del municipio, que deber\u00e1 definir si el corso infantil podr\u00e1 realizarse tal como estaba previsto el pr\u00f3ximo 20 de febrero.","robots":{"index":"index","follow":"follow","max-snippet":"max-snippet:-1","max-image-preview":"max-image-preview:large","max-video-preview":"max-video-preview:-1"},"canonical":"https:\/\/nahuelproducciones.com.ar\/radioquijano\/polemica-por-la-autorizacion-del-corso-infantil-de-la-silleta\/","og_locale":"es_ES","og_type":"article","og_title":"Pol\u00e9mica por la autorizaci\u00f3n del Corso infantil de La Silleta - RQ 99.9","og_description":"La resoluci\u00f3n final quedar\u00e1 en manos del municipio, que deber\u00e1 definir si el corso infantil podr\u00e1 realizarse tal como estaba previsto el pr\u00f3ximo 20 de febrero.","og_url":"https:\/\/nahuelproducciones.com.ar\/radioquijano\/polemica-por-la-autorizacion-del-corso-infantil-de-la-silleta\/","og_site_name":"RQ 99.9","article_publisher":"https:\/\/www.facebook.com\/nahuelproducciones999\/","article_published_time":"2025-02-16T21:06:56+00:00","article_modified_time":"2025-02-16T21:08:24+00:00","og_image":[{"width":640,"height":640,"url":"https:\/\/nahuelproducciones.com.ar\/radioquijano\/wp-content\/uploads\/2025\/02\/WhatsApp-Image-2025-02-16-at-5.58.33-PM.jpeg","type":"image\/jpeg"}],"author":"Cecilia Pastrana","twitter_card":"summary_large_image","twitter_creator":"@nahuproduciones","twitter_site":"@nahuproduciones","twitter_misc":{"Escrito por":"Cecilia Pastrana","Tiempo de lectura":"2 minutos"},"schema":{"@context":"https:\/\/schema.org","@graph":[{"@type":"WebPage","@id":"https:\/\/nahuelproducciones.com.ar\/radioquijano\/polemica-por-la-autorizacion-del-corso-infantil-de-la-silleta\/","url":"https:\/\/nahuelproducciones.com.ar\/radioquijano\/polemica-por-la-autorizacion-del-corso-infantil-de-la-silleta\/","name":"Pol\u00e9mica por la autorizaci\u00f3n del Corso infantil de La Silleta - RQ 99.9","isPartOf":{"@id":"https:\/\/nahuelproducciones.com.ar\/radioquijano\/#website"},"datePublished":"2025-02-16T21:06:56+00:00","dateModified":"2025-02-16T21:08:24+00:00","author":{"@id":"https:\/\/nahuelproducciones.com.ar\/radioquijano\/#\/schema\/person\/e8a4f939e2cb487fe6d0c54042c9d32c"},"description":"La resoluci\u00f3n final quedar\u00e1 en manos del municipio, que deber\u00e1 definir si el corso infantil podr\u00e1 realizarse tal como estaba previsto el pr\u00f3ximo 20 de febrero.","breadcrumb":{"@id":"https:\/\/nahuelproducciones.com.ar\/radioquijano\/polemica-por-la-autorizacion-del-corso-infantil-de-la-silleta\/#breadcrumb"},"inLanguage":"es","potentialAction":[{"@type":"ReadAction","target":["https:\/\/nahuelproducciones.com.ar\/radioquijano\/polemica-por-la-autorizacion-del-corso-infantil-de-la-silleta\/"]}]},{"@type":"BreadcrumbList","@id":"https:\/\/nahuelproducciones.com.ar\/radioquijano\/polemica-por-la-autorizacion-del-corso-infantil-de-la-silleta\/#breadcrumb","itemListElement":[{"@type":"ListItem","position":1,"name":"Portada","item":"https:\/\/nahuelproducciones.com.ar\/radioquijano\/"},{"@type":"ListItem","position":2,"name":"Pol\u00e9mica por la autorizaci\u00f3n del Corso infantil de La Silleta"}]},{"@type":"WebSite","@id":"https:\/\/nahuelproducciones.com.ar\/radioquijano\/#website","url":"https:\/\/nahuelproducciones.com.ar\/radioquijano\/","name":"RQ 99.9","description":"Radio Quijano 99.9 MHz","potentialAction":[{"@type":"SearchAction","target":{"@type":"EntryPoint","urlTemplate":"https:\/\/nahuelproducciones.com.ar\/radioquijano\/?s={search_term_string}"},"query-input":"required name=search_term_string"}],"inLanguage":"es"},{"@type":"Person","@id":"https:\/\/nahuelproducciones.com.ar\/radioquijano\/#\/schema\/person\/e8a4f939e2cb487fe6d0c54042c9d32c","name":"Cecilia Pastrana","image":{"@type":"ImageObject","inLanguage":"es","@id":"https:\/\/nahuelproducciones.com.ar\/radioquijano\/#\/schema\/person\/image\/","url":"https:\/\/secure.gravatar.com\/avatar\/661a3ef63a8488d4f2794ed44af8cf71420f7e106f3072c40125114df5157749?s=96&d=mm&r=g","contentUrl":"https:\/\/secure.gravatar.com\/avatar\/661a3ef63a8488d4f2794ed44af8cf71420f7e106f3072c40125114df5157749?s=96&d=mm&r=g","caption":"Cecilia Pastrana"},"sameAs":["cecy"],"url":"https:\/\/nahuelproducciones.com.ar\/radioquijano\/author\/cecy\/"}]}},"_links":{"self":[{"href":"https:\/\/nahuelproducciones.com.ar\/radioquijano\/wp-json\/wp\/v2\/posts\/9638","targetHints":{"allow":["GET"]}}],"collection":[{"href":"https:\/\/nahuelproducciones.com.ar\/radioquijano\/wp-json\/wp\/v2\/posts"}],"about":[{"href":"https:\/\/nahuelproducciones.com.ar\/radioquijano\/wp-json\/wp\/v2\/types\/post"}],"author":[{"embeddable":true,"href":"https:\/\/nahuelproducciones.com.ar\/radioquijano\/wp-json\/wp\/v2\/users\/8"}],"replies":[{"embeddable":true,"href":"https:\/\/nahuelproducciones.com.ar\/radioquijano\/wp-json\/wp\/v2\/comments?post=9638"}],"version-history":[{"count":2,"href":"https:\/\/nahuelproducciones.com.ar\/radioquijano\/wp-json\/wp\/v2\/posts\/9638\/revisions"}],"predecessor-version":[{"id":9643,"href":"https:\/\/nahuelproducciones.com.ar\/radioquijano\/wp-json\/wp\/v2\/posts\/9638\/revisions\/9643"}],"wp:featuredmedia":[{"embeddable":true,"href":"https:\/\/nahuelproducciones.com.ar\/radioquijano\/wp-json\/wp\/v2\/media\/9640"}],"wp:attachment":[{"href":"https:\/\/nahuelproducciones.com.ar\/radioquijano\/wp-json\/wp\/v2\/media?parent=9638"}],"wp:term":[{"taxonomy":"category","embeddable":true,"href":"https:\/\/nahuelproducciones.com.ar\/radioquijano\/wp-json\/wp\/v2\/categories?post=9638"},{"taxonomy":"post_tag","embeddable":true,"href":"https:\/\/nahuelproducciones.com.ar\/radioquijano\/wp-json\/wp\/v2\/tags?post=9638"}],"curies":[{"name":"wp","href":"https:\/\/api.w.org\/{rel}","templated":true}]}}