{"id":9644,"date":"2025-02-16T18:28:39","date_gmt":"2025-02-16T21:28:39","guid":{"rendered":"https:\/\/nahuelproducciones.com.ar\/radioquijano\/?p=9644"},"modified":"2025-02-17T11:31:48","modified_gmt":"2025-02-17T14:31:48","slug":"el-intendente-autorizara-el-corso-infantil-en-la-silleta","status":"publish","type":"post","link":"https:\/\/nahuelproducciones.com.ar\/radioquijano\/el-intendente-autorizara-el-corso-infantil-en-la-silleta\/","title":{"rendered":"El intendente autorizar\u00e1 el Corso Infantil en La Silleta."},"content":{"rendered":"\n<p>En los \u00faltimos d\u00edas, la organizaci\u00f3n del Corso Infantil en La Silleta ha sido tema de debate en redes sociales, luego de que vecinos de la localidad expresaran su preocupaci\u00f3n por demoras burocr\u00e1ticas en la aprobaci\u00f3n del evento por parte del municipio.<\/p>\n\n\n\n<p>Este corso infantil, de acceso libre y gratuito, se realiz\u00f3 exitosamente el a\u00f1o pasado sin inconvenientes. No obstante, este a\u00f1o los organizadores afirman que, pese a haber cumplido con todos los requisitos solicitados, a\u00fan no contaban con la autorizaci\u00f3n formal del intendente.<\/p>\n\n\n\n<p>Radio Quijano entrevist\u00f3 a Caro Carabajal, representante del grupo de vecinos que impulsa la iniciativa, quien explic\u00f3 que han presentado toda la documentaci\u00f3n requerida y que esta fue revisada por el delegado municipal de La Silleta, quien indic\u00f3 que solo faltaba la asignaci\u00f3n del personal de tr\u00e1nsito.<\/p>\n\n\n\n<p>Sin embargo, Carabajal relat\u00f3 que el intendente realiz\u00f3 una transmisi\u00f3n en vivo en Facebook en la que mencion\u00f3 su nombre y se\u00f1al\u00f3 que el evento deb\u00eda cumplir con la Resoluci\u00f3n Municipal N.\u00ba 416\/24, lo que en ese momento imped\u00eda una aprobaci\u00f3n definitiva.<\/p>\n\n\n\n<p>Luego de este episodio, Carabajal y los vecinos lograron reunirse con el intendente, a quien le presentaron la documentaci\u00f3n. Tras revisar, el jefe comunal reconoci\u00f3 que el \u00fanico aspecto pendiente era la autorizaci\u00f3n del personal de tr\u00e1nsito y asumi\u00f3 el compromiso de que el municipio cubrir\u00e1 los costos de este servicio para el evento.<\/p>\n\n\n\n<p>El encuentro fue registrado en video y difundido en redes sociales. Posteriormente, Carabajal confirm\u00f3 que la organizaci\u00f3n del corso infantil cumple con todos los requisitos y que el intendente firmar\u00e1 la autorizaci\u00f3n para que el evento pueda realizarse el 20 de febrero en La Silleta.<\/p>\n\n\n\n<p>Gracias a este acuerdo, la comunidad de La Silleta celebra la resoluci\u00f3n del conflicto y se alista para disfrutar de una nueva edici\u00f3n del corso infantil, cuyo objetivo principal es llevar alegr\u00eda a los ni\u00f1os de la zona y sus alrededores.<\/p>\n\n\n\n<p>Videos gentileza del los vecinos de La Silleta:<\/p>\n\n\n\n<figure class=\"wp-block-video\"><video controls src=\"https:\/\/nahuelproducciones.com.ar\/radioquijano\/wp-content\/uploads\/2025\/02\/WhatsApp-Video-2025-02-16-at-5.14.28-PM.mp4\"><\/video><\/figure>\n\n\n\n<figure class=\"wp-block-video\"><video controls src=\"https:\/\/nahuelproducciones.com.ar\/radioquijano\/wp-content\/uploads\/2025\/02\/WhatsApp-Video-2025-02-16-at-5.14.52-PM.mp4\"><\/video><\/figure>\n","protected":false},"excerpt":{"rendered":"<p>En los \u00faltimos d\u00edas, la organizaci\u00f3n del Corso Infantil en La Silleta ha sido tema de debate en redes sociales, luego de que vecinos de la localidad expresaran su preocupaci\u00f3n por demoras burocr\u00e1ticas en la aprobaci\u00f3n del evento por parte del municipio. Este corso infantil, de acceso libre y gratuito, se realiz\u00f3 exitosamente el a\u00f1o [&hellip;]<\/p>\n","protected":false},"author":8,"featured_media":9647,"comment_status":"open","ping_status":"open","sticky":false,"template":"","format":"standard","meta":{"_monsterinsights_skip_tracking":false,"_monsterinsights_sitenote_active":false,"_monsterinsights_sitenote_note":"","_monsterinsights_sitenote_category":0,"footnotes":""},"categories":[16],"tags":[1724,77,100],"class_list":["post-9644","post","type-post","status-publish","format-standard","has-post-thumbnail","hentry","category-noticias","tag-corso-infantil","tag-la-silleta","tag-municipio-de-campo-quijano"],"yoast_head":"<!-- This site is optimized with the Yoast SEO plugin v20.8 - https:\/\/yoast.com\/wordpress\/plugins\/seo\/ -->\n<title>El intendente autorizar\u00e1 el Corso Infantil en La Silleta. - RQ 99.9<\/title>\n<meta name=\"description\" content=\"El intendente asume el compromiso de que el municipio cubrir\u00e1 los costos de este servicio de tr\u00e1nsito para el evento.\" \/>\n<meta name=\"robots\" content=\"index, follow, max-snippet:-1, max-image-preview:large, max-video-preview:-1\" \/>\n<link rel=\"canonical\" href=\"https:\/\/nahuelproducciones.com.ar\/radioquijano\/el-intendente-autorizara-el-corso-infantil-en-la-silleta\/\" \/>\n<meta property=\"og:locale\" content=\"es_ES\" \/>\n<meta property=\"og:type\" content=\"article\" \/>\n<meta property=\"og:title\" content=\"El intendente autorizar\u00e1 el Corso Infantil en La Silleta. - RQ 99.9\" \/>\n<meta property=\"og:description\" content=\"El intendente asume el compromiso de que el municipio cubrir\u00e1 los costos de este servicio de tr\u00e1nsito para el evento.\" \/>\n<meta property=\"og:url\" content=\"https:\/\/nahuelproducciones.com.ar\/radioquijano\/el-intendente-autorizara-el-corso-infantil-en-la-silleta\/\" \/>\n<meta property=\"og:site_name\" content=\"RQ 99.9\" \/>\n<meta property=\"article:publisher\" content=\"https:\/\/www.facebook.com\/nahuelproducciones999\/\" \/>\n<meta property=\"article:published_time\" content=\"2025-02-16T21:28:39+00:00\" \/>\n<meta property=\"article:modified_time\" content=\"2025-02-17T14:31:48+00:00\" \/>\n<meta property=\"og:image\" content=\"https:\/\/nahuelproducciones.com.ar\/radioquijano\/wp-content\/uploads\/2025\/02\/WhatsApp-Image-2025-02-16-at-6.24.05-PM.jpeg\" \/>\n\t<meta property=\"og:image:width\" content=\"390\" \/>\n\t<meta property=\"og:image:height\" content=\"220\" \/>\n\t<meta property=\"og:image:type\" content=\"image\/jpeg\" \/>\n<meta name=\"author\" content=\"Cecilia Pastrana\" \/>\n<meta name=\"twitter:card\" content=\"summary_large_image\" \/>\n<meta name=\"twitter:creator\" content=\"@nahuproduciones\" \/>\n<meta name=\"twitter:site\" content=\"@nahuproduciones\" \/>\n<meta name=\"twitter:label1\" content=\"Escrito por\" \/>\n\t<meta name=\"twitter:data1\" content=\"Cecilia Pastrana\" \/>\n\t<meta name=\"twitter:label2\" content=\"Tiempo de lectura\" \/>\n\t<meta name=\"twitter:data2\" content=\"2 minutos\" \/>\n<script type=\"application\/ld+json\" class=\"yoast-schema-graph\">{\"@context\":\"https:\/\/schema.org\",\"@graph\":[{\"@type\":\"WebPage\",\"@id\":\"https:\/\/nahuelproducciones.com.ar\/radioquijano\/el-intendente-autorizara-el-corso-infantil-en-la-silleta\/\",\"url\":\"https:\/\/nahuelproducciones.com.ar\/radioquijano\/el-intendente-autorizara-el-corso-infantil-en-la-silleta\/\",\"name\":\"El intendente autorizar\u00e1 el Corso Infantil en La Silleta. - RQ 99.9\",\"isPartOf\":{\"@id\":\"https:\/\/nahuelproducciones.com.ar\/radioquijano\/#website\"},\"datePublished\":\"2025-02-16T21:28:39+00:00\",\"dateModified\":\"2025-02-17T14:31:48+00:00\",\"author\":{\"@id\":\"https:\/\/nahuelproducciones.com.ar\/radioquijano\/#\/schema\/person\/e8a4f939e2cb487fe6d0c54042c9d32c\"},\"description\":\"El intendente asume el compromiso de que el municipio cubrir\u00e1 los costos de este servicio de tr\u00e1nsito para el evento.\",\"breadcrumb\":{\"@id\":\"https:\/\/nahuelproducciones.com.ar\/radioquijano\/el-intendente-autorizara-el-corso-infantil-en-la-silleta\/#breadcrumb\"},\"inLanguage\":\"es\",\"potentialAction\":[{\"@type\":\"ReadAction\",\"target\":[\"https:\/\/nahuelproducciones.com.ar\/radioquijano\/el-intendente-autorizara-el-corso-infantil-en-la-silleta\/\"]}]},{\"@type\":\"BreadcrumbList\",\"@id\":\"https:\/\/nahuelproducciones.com.ar\/radioquijano\/el-intendente-autorizara-el-corso-infantil-en-la-silleta\/#breadcrumb\",\"itemListElement\":[{\"@type\":\"ListItem\",\"position\":1,\"name\":\"Portada\",\"item\":\"https:\/\/nahuelproducciones.com.ar\/radioquijano\/\"},{\"@type\":\"ListItem\",\"position\":2,\"name\":\"El intendente autorizar\u00e1 el Corso Infantil en La Silleta.\"}]},{\"@type\":\"WebSite\",\"@id\":\"https:\/\/nahuelproducciones.com.ar\/radioquijano\/#website\",\"url\":\"https:\/\/nahuelproducciones.com.ar\/radioquijano\/\",\"name\":\"RQ 99.9\",\"description\":\"Radio Quijano 99.9 MHz\",\"potentialAction\":[{\"@type\":\"SearchAction\",\"target\":{\"@type\":\"EntryPoint\",\"urlTemplate\":\"https:\/\/nahuelproducciones.com.ar\/radioquijano\/?s={search_term_string}\"},\"query-input\":\"required name=search_term_string\"}],\"inLanguage\":\"es\"},{\"@type\":\"Person\",\"@id\":\"https:\/\/nahuelproducciones.com.ar\/radioquijano\/#\/schema\/person\/e8a4f939e2cb487fe6d0c54042c9d32c\",\"name\":\"Cecilia Pastrana\",\"image\":{\"@type\":\"ImageObject\",\"inLanguage\":\"es\",\"@id\":\"https:\/\/nahuelproducciones.com.ar\/radioquijano\/#\/schema\/person\/image\/\",\"url\":\"https:\/\/secure.gravatar.com\/avatar\/661a3ef63a8488d4f2794ed44af8cf71420f7e106f3072c40125114df5157749?s=96&d=mm&r=g\",\"contentUrl\":\"https:\/\/secure.gravatar.com\/avatar\/661a3ef63a8488d4f2794ed44af8cf71420f7e106f3072c40125114df5157749?s=96&d=mm&r=g\",\"caption\":\"Cecilia Pastrana\"},\"sameAs\":[\"cecy\"],\"url\":\"https:\/\/nahuelproducciones.com.ar\/radioquijano\/author\/cecy\/\"}]}<\/script>\n<!-- \/ Yoast SEO plugin. -->","yoast_head_json":{"title":"El intendente autorizar\u00e1 el Corso Infantil en La Silleta. - RQ 99.9","description":"El intendente asume el compromiso de que el municipio cubrir\u00e1 los costos de este servicio de tr\u00e1nsito para el evento.","robots":{"index":"index","follow":"follow","max-snippet":"max-snippet:-1","max-image-preview":"max-image-preview:large","max-video-preview":"max-video-preview:-1"},"canonical":"https:\/\/nahuelproducciones.com.ar\/radioquijano\/el-intendente-autorizara-el-corso-infantil-en-la-silleta\/","og_locale":"es_ES","og_type":"article","og_title":"El intendente autorizar\u00e1 el Corso Infantil en La Silleta. - RQ 99.9","og_description":"El intendente asume el compromiso de que el municipio cubrir\u00e1 los costos de este servicio de tr\u00e1nsito para el evento.","og_url":"https:\/\/nahuelproducciones.com.ar\/radioquijano\/el-intendente-autorizara-el-corso-infantil-en-la-silleta\/","og_site_name":"RQ 99.9","article_publisher":"https:\/\/www.facebook.com\/nahuelproducciones999\/","article_published_time":"2025-02-16T21:28:39+00:00","article_modified_time":"2025-02-17T14:31:48+00:00","og_image":[{"width":390,"height":220,"url":"https:\/\/nahuelproducciones.com.ar\/radioquijano\/wp-content\/uploads\/2025\/02\/WhatsApp-Image-2025-02-16-at-6.24.05-PM.jpeg","type":"image\/jpeg"}],"author":"Cecilia Pastrana","twitter_card":"summary_large_image","twitter_creator":"@nahuproduciones","twitter_site":"@nahuproduciones","twitter_misc":{"Escrito por":"Cecilia Pastrana","Tiempo de lectura":"2 minutos"},"schema":{"@context":"https:\/\/schema.org","@graph":[{"@type":"WebPage","@id":"https:\/\/nahuelproducciones.com.ar\/radioquijano\/el-intendente-autorizara-el-corso-infantil-en-la-silleta\/","url":"https:\/\/nahuelproducciones.com.ar\/radioquijano\/el-intendente-autorizara-el-corso-infantil-en-la-silleta\/","name":"El intendente autorizar\u00e1 el Corso Infantil en La Silleta. - RQ 99.9","isPartOf":{"@id":"https:\/\/nahuelproducciones.com.ar\/radioquijano\/#website"},"datePublished":"2025-02-16T21:28:39+00:00","dateModified":"2025-02-17T14:31:48+00:00","author":{"@id":"https:\/\/nahuelproducciones.com.ar\/radioquijano\/#\/schema\/person\/e8a4f939e2cb487fe6d0c54042c9d32c"},"description":"El intendente asume el compromiso de que el municipio cubrir\u00e1 los costos de este servicio de tr\u00e1nsito para el evento.","breadcrumb":{"@id":"https:\/\/nahuelproducciones.com.ar\/radioquijano\/el-intendente-autorizara-el-corso-infantil-en-la-silleta\/#breadcrumb"},"inLanguage":"es","potentialAction":[{"@type":"ReadAction","target":["https:\/\/nahuelproducciones.com.ar\/radioquijano\/el-intendente-autorizara-el-corso-infantil-en-la-silleta\/"]}]},{"@type":"BreadcrumbList","@id":"https:\/\/nahuelproducciones.com.ar\/radioquijano\/el-intendente-autorizara-el-corso-infantil-en-la-silleta\/#breadcrumb","itemListElement":[{"@type":"ListItem","position":1,"name":"Portada","item":"https:\/\/nahuelproducciones.com.ar\/radioquijano\/"},{"@type":"ListItem","position":2,"name":"El intendente autorizar\u00e1 el Corso Infantil en La Silleta."}]},{"@type":"WebSite","@id":"https:\/\/nahuelproducciones.com.ar\/radioquijano\/#website","url":"https:\/\/nahuelproducciones.com.ar\/radioquijano\/","name":"RQ 99.9","description":"Radio Quijano 99.9 MHz","potentialAction":[{"@type":"SearchAction","target":{"@type":"EntryPoint","urlTemplate":"https:\/\/nahuelproducciones.com.ar\/radioquijano\/?s={search_term_string}"},"query-input":"required name=search_term_string"}],"inLanguage":"es"},{"@type":"Person","@id":"https:\/\/nahuelproducciones.com.ar\/radioquijano\/#\/schema\/person\/e8a4f939e2cb487fe6d0c54042c9d32c","name":"Cecilia Pastrana","image":{"@type":"ImageObject","inLanguage":"es","@id":"https:\/\/nahuelproducciones.com.ar\/radioquijano\/#\/schema\/person\/image\/","url":"https:\/\/secure.gravatar.com\/avatar\/661a3ef63a8488d4f2794ed44af8cf71420f7e106f3072c40125114df5157749?s=96&d=mm&r=g","contentUrl":"https:\/\/secure.gravatar.com\/avatar\/661a3ef63a8488d4f2794ed44af8cf71420f7e106f3072c40125114df5157749?s=96&d=mm&r=g","caption":"Cecilia Pastrana"},"sameAs":["cecy"],"url":"https:\/\/nahuelproducciones.com.ar\/radioquijano\/author\/cecy\/"}]}},"_links":{"self":[{"href":"https:\/\/nahuelproducciones.com.ar\/radioquijano\/wp-json\/wp\/v2\/posts\/9644","targetHints":{"allow":["GET"]}}],"collection":[{"href":"https:\/\/nahuelproducciones.com.ar\/radioquijano\/wp-json\/wp\/v2\/posts"}],"about":[{"href":"https:\/\/nahuelproducciones.com.ar\/radioquijano\/wp-json\/wp\/v2\/types\/post"}],"author":[{"embeddable":true,"href":"https:\/\/nahuelproducciones.com.ar\/radioquijano\/wp-json\/wp\/v2\/users\/8"}],"replies":[{"embeddable":true,"href":"https:\/\/nahuelproducciones.com.ar\/radioquijano\/wp-json\/wp\/v2\/comments?post=9644"}],"version-history":[{"count":2,"href":"https:\/\/nahuelproducciones.com.ar\/radioquijano\/wp-json\/wp\/v2\/posts\/9644\/revisions"}],"predecessor-version":[{"id":9660,"href":"https:\/\/nahuelproducciones.com.ar\/radioquijano\/wp-json\/wp\/v2\/posts\/9644\/revisions\/9660"}],"wp:featuredmedia":[{"embeddable":true,"href":"https:\/\/nahuelproducciones.com.ar\/radioquijano\/wp-json\/wp\/v2\/media\/9647"}],"wp:attachment":[{"href":"https:\/\/nahuelproducciones.com.ar\/radioquijano\/wp-json\/wp\/v2\/media?parent=9644"}],"wp:term":[{"taxonomy":"category","embeddable":true,"href":"https:\/\/nahuelproducciones.com.ar\/radioquijano\/wp-json\/wp\/v2\/categories?post=9644"},{"taxonomy":"post_tag","embeddable":true,"href":"https:\/\/nahuelproducciones.com.ar\/radioquijano\/wp-json\/wp\/v2\/tags?post=9644"}],"curies":[{"name":"wp","href":"https:\/\/api.w.org\/{rel}","templated":true}]}}