{"id":9649,"date":"2025-02-16T19:05:53","date_gmt":"2025-02-16T22:05:53","guid":{"rendered":"https:\/\/nahuelproducciones.com.ar\/radioquijano\/?p=9649"},"modified":"2025-02-16T19:05:55","modified_gmt":"2025-02-16T22:05:55","slug":"eduardo-moreno-expreso-su-descontento-por-la-falta-de-autorizacion-a-los-corsos-infantiles-de-la-silleta","status":"publish","type":"post","link":"https:\/\/nahuelproducciones.com.ar\/radioquijano\/eduardo-moreno-expreso-su-descontento-por-la-falta-de-autorizacion-a-los-corsos-infantiles-de-la-silleta\/","title":{"rendered":"Eduardo Moreno expres\u00f3 su descontento por la falta de autorizaci\u00f3n a los corsos infantiles de La Silleta"},"content":{"rendered":"\n<p>El exconcejal Eduardo Moreno manifest\u00f3 su descontento y tristeza por la falta de autorizaci\u00f3n a los corsos infantiles de La Silleta, un evento tradicional que, seg\u00fan \u00e9l, forma parte de la identidad cultural del pueblo. En una entrevista con Radio Quijano, destac\u00f3 la importancia de esta celebraci\u00f3n, tanto para los vecinos como para el turismo local, que ve en estas actividades una oportunidad de recreaci\u00f3n y generaci\u00f3n de ingresos.<\/p>\n\n\n\n<p>Moreno expres\u00f3 su indignaci\u00f3n al considerar que la decisi\u00f3n de no permitir los corsos contribuye a aislar a La Silleta. \u00abSon actividades que se realizan hace tiempo y que hacen a la tradici\u00f3n y a la cultura. No entiendo c\u00f3mo, teniendo toda la documentaci\u00f3n en regla, el intendente hace un vivo en Facebook para exponer a una vecina, argumentando que solo una persona firma, cuando detr\u00e1s de esa persona hay un grupo de trabajo comprometido\u00bb, declar\u00f3.<\/p>\n\n\n\n<p>El exconcejal tambi\u00e9n respondi\u00f3 a la consulta de los oyentes sobre si su presencia en la organizaci\u00f3n del evento y su posible candidatura futura podr\u00edan haber influido en la negativa del municipio. \u00abNo se pueden mezclar cuestiones pol\u00edticas y afectar a los vecinos y a los ni\u00f1os. Eso es una actitud inmadura\u00bb, sostuvo con firmeza.<\/p>\n\n\n\n<p>Durante la entrevista, Moreno tambi\u00e9n aprovech\u00f3 la oportunidad para se\u00f1alar diversas falencias que \u00e9l y los vecinos observan en La Silleta, aunque no brind\u00f3 mayores detalles al respecto. Su postura refuerza el reclamo de la comunidad por respuestas claras y soluciones que permitan mantener viva una tradici\u00f3n que consideran esencial para su identidad y desarrollo local.<\/p>\n\n\n\n<p> Escucha la entrevista.<\/p>\n\n\n\n<figure class=\"wp-block-audio\"><audio controls src=\"https:\/\/nahuelproducciones.com.ar\/radioquijano\/wp-content\/uploads\/2025\/02\/16-02-2025-ex-concejal-eduardo-moreno-opina-sobre-el-corso-infantil.mp3\"><\/audio><\/figure>\n","protected":false},"excerpt":{"rendered":"<p>El exconcejal Eduardo Moreno manifest\u00f3 su descontento y tristeza por la falta de autorizaci\u00f3n a los corsos infantiles de La Silleta, un evento tradicional que, seg\u00fan \u00e9l, forma parte de la identidad cultural del pueblo. En una entrevista con Radio Quijano, destac\u00f3 la importancia de esta celebraci\u00f3n, tanto para los vecinos como para el turismo [&hellip;]<\/p>\n","protected":false},"author":8,"featured_media":9651,"comment_status":"open","ping_status":"open","sticky":false,"template":"","format":"standard","meta":{"_monsterinsights_skip_tracking":false,"_monsterinsights_sitenote_active":false,"_monsterinsights_sitenote_note":"","_monsterinsights_sitenote_category":0,"footnotes":""},"categories":[16],"tags":[1724,77,100],"class_list":["post-9649","post","type-post","status-publish","format-standard","has-post-thumbnail","hentry","category-noticias","tag-corso-infantil","tag-la-silleta","tag-municipio-de-campo-quijano"],"yoast_head":"<!-- This site is optimized with the Yoast SEO plugin v20.8 - https:\/\/yoast.com\/wordpress\/plugins\/seo\/ -->\n<title>Eduardo Moreno expres\u00f3 su descontento por la falta de autorizaci\u00f3n a los corsos infantiles de La Silleta - RQ 99.9<\/title>\n<meta name=\"description\" content=\"Son actividades que se realizan hace tiempo y que hacen a la tradici\u00f3n y a la cultura dijo Moreno\" \/>\n<meta name=\"robots\" content=\"index, follow, max-snippet:-1, max-image-preview:large, max-video-preview:-1\" \/>\n<link rel=\"canonical\" href=\"https:\/\/nahuelproducciones.com.ar\/radioquijano\/eduardo-moreno-expreso-su-descontento-por-la-falta-de-autorizacion-a-los-corsos-infantiles-de-la-silleta\/\" \/>\n<meta property=\"og:locale\" content=\"es_ES\" \/>\n<meta property=\"og:type\" content=\"article\" \/>\n<meta property=\"og:title\" content=\"Eduardo Moreno expres\u00f3 su descontento por la falta de autorizaci\u00f3n a los corsos infantiles de La Silleta - RQ 99.9\" \/>\n<meta property=\"og:description\" content=\"Son actividades que se realizan hace tiempo y que hacen a la tradici\u00f3n y a la cultura dijo Moreno\" \/>\n<meta property=\"og:url\" content=\"https:\/\/nahuelproducciones.com.ar\/radioquijano\/eduardo-moreno-expreso-su-descontento-por-la-falta-de-autorizacion-a-los-corsos-infantiles-de-la-silleta\/\" \/>\n<meta property=\"og:site_name\" content=\"RQ 99.9\" \/>\n<meta property=\"article:publisher\" content=\"https:\/\/www.facebook.com\/nahuelproducciones999\/\" \/>\n<meta property=\"article:published_time\" content=\"2025-02-16T22:05:53+00:00\" \/>\n<meta property=\"article:modified_time\" content=\"2025-02-16T22:05:55+00:00\" \/>\n<meta property=\"og:image\" content=\"https:\/\/nahuelproducciones.com.ar\/radioquijano\/wp-content\/uploads\/2025\/02\/440424632_3727718280879302_371920913693867897_n-e1739743547697.jpg\" \/>\n\t<meta property=\"og:image:width\" content=\"700\" \/>\n\t<meta property=\"og:image:height\" content=\"700\" \/>\n\t<meta property=\"og:image:type\" content=\"image\/jpeg\" \/>\n<meta name=\"author\" content=\"Cecilia Pastrana\" \/>\n<meta name=\"twitter:card\" content=\"summary_large_image\" \/>\n<meta name=\"twitter:creator\" content=\"@nahuproduciones\" \/>\n<meta name=\"twitter:site\" content=\"@nahuproduciones\" \/>\n<meta name=\"twitter:label1\" content=\"Escrito por\" \/>\n\t<meta name=\"twitter:data1\" content=\"Cecilia Pastrana\" \/>\n\t<meta name=\"twitter:label2\" content=\"Tiempo de lectura\" \/>\n\t<meta name=\"twitter:data2\" content=\"2 minutos\" \/>\n<script type=\"application\/ld+json\" class=\"yoast-schema-graph\">{\"@context\":\"https:\/\/schema.org\",\"@graph\":[{\"@type\":\"WebPage\",\"@id\":\"https:\/\/nahuelproducciones.com.ar\/radioquijano\/eduardo-moreno-expreso-su-descontento-por-la-falta-de-autorizacion-a-los-corsos-infantiles-de-la-silleta\/\",\"url\":\"https:\/\/nahuelproducciones.com.ar\/radioquijano\/eduardo-moreno-expreso-su-descontento-por-la-falta-de-autorizacion-a-los-corsos-infantiles-de-la-silleta\/\",\"name\":\"Eduardo Moreno expres\u00f3 su descontento por la falta de autorizaci\u00f3n a los corsos infantiles de La Silleta - RQ 99.9\",\"isPartOf\":{\"@id\":\"https:\/\/nahuelproducciones.com.ar\/radioquijano\/#website\"},\"datePublished\":\"2025-02-16T22:05:53+00:00\",\"dateModified\":\"2025-02-16T22:05:55+00:00\",\"author\":{\"@id\":\"https:\/\/nahuelproducciones.com.ar\/radioquijano\/#\/schema\/person\/e8a4f939e2cb487fe6d0c54042c9d32c\"},\"description\":\"Son actividades que se realizan hace tiempo y que hacen a la tradici\u00f3n y a la cultura dijo Moreno\",\"breadcrumb\":{\"@id\":\"https:\/\/nahuelproducciones.com.ar\/radioquijano\/eduardo-moreno-expreso-su-descontento-por-la-falta-de-autorizacion-a-los-corsos-infantiles-de-la-silleta\/#breadcrumb\"},\"inLanguage\":\"es\",\"potentialAction\":[{\"@type\":\"ReadAction\",\"target\":[\"https:\/\/nahuelproducciones.com.ar\/radioquijano\/eduardo-moreno-expreso-su-descontento-por-la-falta-de-autorizacion-a-los-corsos-infantiles-de-la-silleta\/\"]}]},{\"@type\":\"BreadcrumbList\",\"@id\":\"https:\/\/nahuelproducciones.com.ar\/radioquijano\/eduardo-moreno-expreso-su-descontento-por-la-falta-de-autorizacion-a-los-corsos-infantiles-de-la-silleta\/#breadcrumb\",\"itemListElement\":[{\"@type\":\"ListItem\",\"position\":1,\"name\":\"Portada\",\"item\":\"https:\/\/nahuelproducciones.com.ar\/radioquijano\/\"},{\"@type\":\"ListItem\",\"position\":2,\"name\":\"Eduardo Moreno expres\u00f3 su descontento por la falta de autorizaci\u00f3n a los corsos infantiles de La Silleta\"}]},{\"@type\":\"WebSite\",\"@id\":\"https:\/\/nahuelproducciones.com.ar\/radioquijano\/#website\",\"url\":\"https:\/\/nahuelproducciones.com.ar\/radioquijano\/\",\"name\":\"RQ 99.9\",\"description\":\"Radio Quijano 99.9 MHz\",\"potentialAction\":[{\"@type\":\"SearchAction\",\"target\":{\"@type\":\"EntryPoint\",\"urlTemplate\":\"https:\/\/nahuelproducciones.com.ar\/radioquijano\/?s={search_term_string}\"},\"query-input\":\"required name=search_term_string\"}],\"inLanguage\":\"es\"},{\"@type\":\"Person\",\"@id\":\"https:\/\/nahuelproducciones.com.ar\/radioquijano\/#\/schema\/person\/e8a4f939e2cb487fe6d0c54042c9d32c\",\"name\":\"Cecilia Pastrana\",\"image\":{\"@type\":\"ImageObject\",\"inLanguage\":\"es\",\"@id\":\"https:\/\/nahuelproducciones.com.ar\/radioquijano\/#\/schema\/person\/image\/\",\"url\":\"https:\/\/secure.gravatar.com\/avatar\/661a3ef63a8488d4f2794ed44af8cf71420f7e106f3072c40125114df5157749?s=96&d=mm&r=g\",\"contentUrl\":\"https:\/\/secure.gravatar.com\/avatar\/661a3ef63a8488d4f2794ed44af8cf71420f7e106f3072c40125114df5157749?s=96&d=mm&r=g\",\"caption\":\"Cecilia Pastrana\"},\"sameAs\":[\"cecy\"],\"url\":\"https:\/\/nahuelproducciones.com.ar\/radioquijano\/author\/cecy\/\"}]}<\/script>\n<!-- \/ Yoast SEO plugin. -->","yoast_head_json":{"title":"Eduardo Moreno expres\u00f3 su descontento por la falta de autorizaci\u00f3n a los corsos infantiles de La Silleta - RQ 99.9","description":"Son actividades que se realizan hace tiempo y que hacen a la tradici\u00f3n y a la cultura dijo Moreno","robots":{"index":"index","follow":"follow","max-snippet":"max-snippet:-1","max-image-preview":"max-image-preview:large","max-video-preview":"max-video-preview:-1"},"canonical":"https:\/\/nahuelproducciones.com.ar\/radioquijano\/eduardo-moreno-expreso-su-descontento-por-la-falta-de-autorizacion-a-los-corsos-infantiles-de-la-silleta\/","og_locale":"es_ES","og_type":"article","og_title":"Eduardo Moreno expres\u00f3 su descontento por la falta de autorizaci\u00f3n a los corsos infantiles de La Silleta - RQ 99.9","og_description":"Son actividades que se realizan hace tiempo y que hacen a la tradici\u00f3n y a la cultura dijo Moreno","og_url":"https:\/\/nahuelproducciones.com.ar\/radioquijano\/eduardo-moreno-expreso-su-descontento-por-la-falta-de-autorizacion-a-los-corsos-infantiles-de-la-silleta\/","og_site_name":"RQ 99.9","article_publisher":"https:\/\/www.facebook.com\/nahuelproducciones999\/","article_published_time":"2025-02-16T22:05:53+00:00","article_modified_time":"2025-02-16T22:05:55+00:00","og_image":[{"width":700,"height":700,"url":"https:\/\/nahuelproducciones.com.ar\/radioquijano\/wp-content\/uploads\/2025\/02\/440424632_3727718280879302_371920913693867897_n-e1739743547697.jpg","type":"image\/jpeg"}],"author":"Cecilia Pastrana","twitter_card":"summary_large_image","twitter_creator":"@nahuproduciones","twitter_site":"@nahuproduciones","twitter_misc":{"Escrito por":"Cecilia Pastrana","Tiempo de lectura":"2 minutos"},"schema":{"@context":"https:\/\/schema.org","@graph":[{"@type":"WebPage","@id":"https:\/\/nahuelproducciones.com.ar\/radioquijano\/eduardo-moreno-expreso-su-descontento-por-la-falta-de-autorizacion-a-los-corsos-infantiles-de-la-silleta\/","url":"https:\/\/nahuelproducciones.com.ar\/radioquijano\/eduardo-moreno-expreso-su-descontento-por-la-falta-de-autorizacion-a-los-corsos-infantiles-de-la-silleta\/","name":"Eduardo Moreno expres\u00f3 su descontento por la falta de autorizaci\u00f3n a los corsos infantiles de La Silleta - RQ 99.9","isPartOf":{"@id":"https:\/\/nahuelproducciones.com.ar\/radioquijano\/#website"},"datePublished":"2025-02-16T22:05:53+00:00","dateModified":"2025-02-16T22:05:55+00:00","author":{"@id":"https:\/\/nahuelproducciones.com.ar\/radioquijano\/#\/schema\/person\/e8a4f939e2cb487fe6d0c54042c9d32c"},"description":"Son actividades que se realizan hace tiempo y que hacen a la tradici\u00f3n y a la cultura dijo Moreno","breadcrumb":{"@id":"https:\/\/nahuelproducciones.com.ar\/radioquijano\/eduardo-moreno-expreso-su-descontento-por-la-falta-de-autorizacion-a-los-corsos-infantiles-de-la-silleta\/#breadcrumb"},"inLanguage":"es","potentialAction":[{"@type":"ReadAction","target":["https:\/\/nahuelproducciones.com.ar\/radioquijano\/eduardo-moreno-expreso-su-descontento-por-la-falta-de-autorizacion-a-los-corsos-infantiles-de-la-silleta\/"]}]},{"@type":"BreadcrumbList","@id":"https:\/\/nahuelproducciones.com.ar\/radioquijano\/eduardo-moreno-expreso-su-descontento-por-la-falta-de-autorizacion-a-los-corsos-infantiles-de-la-silleta\/#breadcrumb","itemListElement":[{"@type":"ListItem","position":1,"name":"Portada","item":"https:\/\/nahuelproducciones.com.ar\/radioquijano\/"},{"@type":"ListItem","position":2,"name":"Eduardo Moreno expres\u00f3 su descontento por la falta de autorizaci\u00f3n a los corsos infantiles de La Silleta"}]},{"@type":"WebSite","@id":"https:\/\/nahuelproducciones.com.ar\/radioquijano\/#website","url":"https:\/\/nahuelproducciones.com.ar\/radioquijano\/","name":"RQ 99.9","description":"Radio Quijano 99.9 MHz","potentialAction":[{"@type":"SearchAction","target":{"@type":"EntryPoint","urlTemplate":"https:\/\/nahuelproducciones.com.ar\/radioquijano\/?s={search_term_string}"},"query-input":"required name=search_term_string"}],"inLanguage":"es"},{"@type":"Person","@id":"https:\/\/nahuelproducciones.com.ar\/radioquijano\/#\/schema\/person\/e8a4f939e2cb487fe6d0c54042c9d32c","name":"Cecilia Pastrana","image":{"@type":"ImageObject","inLanguage":"es","@id":"https:\/\/nahuelproducciones.com.ar\/radioquijano\/#\/schema\/person\/image\/","url":"https:\/\/secure.gravatar.com\/avatar\/661a3ef63a8488d4f2794ed44af8cf71420f7e106f3072c40125114df5157749?s=96&d=mm&r=g","contentUrl":"https:\/\/secure.gravatar.com\/avatar\/661a3ef63a8488d4f2794ed44af8cf71420f7e106f3072c40125114df5157749?s=96&d=mm&r=g","caption":"Cecilia Pastrana"},"sameAs":["cecy"],"url":"https:\/\/nahuelproducciones.com.ar\/radioquijano\/author\/cecy\/"}]}},"_links":{"self":[{"href":"https:\/\/nahuelproducciones.com.ar\/radioquijano\/wp-json\/wp\/v2\/posts\/9649","targetHints":{"allow":["GET"]}}],"collection":[{"href":"https:\/\/nahuelproducciones.com.ar\/radioquijano\/wp-json\/wp\/v2\/posts"}],"about":[{"href":"https:\/\/nahuelproducciones.com.ar\/radioquijano\/wp-json\/wp\/v2\/types\/post"}],"author":[{"embeddable":true,"href":"https:\/\/nahuelproducciones.com.ar\/radioquijano\/wp-json\/wp\/v2\/users\/8"}],"replies":[{"embeddable":true,"href":"https:\/\/nahuelproducciones.com.ar\/radioquijano\/wp-json\/wp\/v2\/comments?post=9649"}],"version-history":[{"count":1,"href":"https:\/\/nahuelproducciones.com.ar\/radioquijano\/wp-json\/wp\/v2\/posts\/9649\/revisions"}],"predecessor-version":[{"id":9652,"href":"https:\/\/nahuelproducciones.com.ar\/radioquijano\/wp-json\/wp\/v2\/posts\/9649\/revisions\/9652"}],"wp:featuredmedia":[{"embeddable":true,"href":"https:\/\/nahuelproducciones.com.ar\/radioquijano\/wp-json\/wp\/v2\/media\/9651"}],"wp:attachment":[{"href":"https:\/\/nahuelproducciones.com.ar\/radioquijano\/wp-json\/wp\/v2\/media?parent=9649"}],"wp:term":[{"taxonomy":"category","embeddable":true,"href":"https:\/\/nahuelproducciones.com.ar\/radioquijano\/wp-json\/wp\/v2\/categories?post=9649"},{"taxonomy":"post_tag","embeddable":true,"href":"https:\/\/nahuelproducciones.com.ar\/radioquijano\/wp-json\/wp\/v2\/tags?post=9649"}],"curies":[{"name":"wp","href":"https:\/\/api.w.org\/{rel}","templated":true}]}}