{"id":9653,"date":"2025-02-16T19:57:12","date_gmt":"2025-02-16T22:57:12","guid":{"rendered":"https:\/\/nahuelproducciones.com.ar\/radioquijano\/?p=9653"},"modified":"2025-02-16T22:37:21","modified_gmt":"2025-02-17T01:37:21","slug":"convocan-a-una-colecta-de-sangre-en-campo-quijano","status":"publish","type":"post","link":"https:\/\/nahuelproducciones.com.ar\/radioquijano\/convocan-a-una-colecta-de-sangre-en-campo-quijano\/","title":{"rendered":"Convocan a una colecta de sangre en Campo Quijano"},"content":{"rendered":"\n<p>El Hospital Dr. Francisco Herrera de Campo Quijano, en conjunto con el Centro de Jubilados de la localidad y el Laboratorio Bioqu\u00edmico Los Cerros, organiza una colecta de sangre para el pr\u00f3ximo lunes 17 de febrero de 2025. La jornada solidaria se llevar\u00e1 a cabo de 8:30 a 13:00 horas en el predio del Centro de Jubilados del pueblo.<\/p>\n\n\n\n<p>Bajo el lema \u00abLa sangre es un tejido que no se fabrica con ninguna tecnolog\u00eda\u00bb, la campa\u00f1a busca concientizar sobre la importancia de la donaci\u00f3n voluntaria. \u00abEs por ello que quienes la necesitan dependen de la solidaridad de cada uno\u00bb, destacaron los organizadores, recordando que \u00abtodos podemos necesitar\u00bb este recurso vital en alg\u00fan momento.<\/p>\n\n\n\n<p>Para participar como donante, se requiere cumplir con ciertos requisitos: tener entre 16 y 65 a\u00f1os, gozar de buena salud, no haber tenido fiebre en los \u00faltimos siete d\u00edas y, en caso de contar con piercings o tatuajes, estos deben haber sido realizados hace m\u00e1s de un a\u00f1o. Adem\u00e1s, se solicita asistir con DNI, haber desayunado previamente y llevar barbijo.<\/p>\n\n\n\n<p>\u00abConvertite en h\u00e9roe, pod\u00e9s salvar muchas vidas\u00bb, es el mensaje que acompa\u00f1a la iniciativa, con la esperanza de contar con una gran participaci\u00f3n de la comunidad y reforzar el banco de sangre para quienes m\u00e1s lo necesitan.<\/p>\n\n\n\n<p><strong>Donantes de m\u00e9dula \u00f3sea<\/strong><\/p>\n\n\n\n<p>En la colecta, personal del CUCAI Salta informar\u00e1 a los concurrentes acerca de los beneficios del trasplante de m\u00e9dula \u00f3sea y la importancia de registrarse como voluntario para una eventual donaci\u00f3n.<\/p>\n\n\n\n<p>Asimismo, registrar\u00e1 a potenciales donantes, que ser\u00e1n incorporados al registro nacional. Estas personas deben donar una unidad de sangre, de la cual se extrae una fracci\u00f3n que se analiza para obtener los datos gen\u00e9ticos. Estos datos son de suma importancia en la determinaci\u00f3n de compatibilidad con un posible receptor.&nbsp;<\/p>\n","protected":false},"excerpt":{"rendered":"<p>El Hospital Dr. Francisco Herrera de Campo Quijano, en conjunto con el Centro de Jubilados de la localidad y el Laboratorio Bioqu\u00edmico Los Cerros, organiza una colecta de sangre para el pr\u00f3ximo lunes 17 de febrero de 2025. La jornada solidaria se llevar\u00e1 a cabo de 8:30 a 13:00 horas en el predio del Centro [&hellip;]<\/p>\n","protected":false},"author":8,"featured_media":9654,"comment_status":"open","ping_status":"open","sticky":false,"template":"","format":"standard","meta":{"_monsterinsights_skip_tracking":false,"_monsterinsights_sitenote_active":false,"_monsterinsights_sitenote_note":"","_monsterinsights_sitenote_category":0,"footnotes":""},"categories":[16],"tags":[124,1726,374,1725,100],"class_list":["post-9653","post","type-post","status-publish","format-standard","has-post-thumbnail","hentry","category-noticias","tag-centro-de-jubilados-y-pensionados-el-portal-de-los-andes","tag-colecta-de-sangre","tag-hospital-dr-francisco-herrera","tag-laboratorio-bioquimico-los-cerros","tag-municipio-de-campo-quijano"],"yoast_head":"<!-- This site is optimized with the Yoast SEO plugin v20.8 - https:\/\/yoast.com\/wordpress\/plugins\/seo\/ -->\n<title>Convocan a una colecta de sangre en Campo Quijano - RQ 99.9<\/title>\n<meta name=\"description\" content=\"La jornada solidaria se llevar\u00e1 a cabo de 8:30 a 13:00 horas en el predio del Centro de Jubilados del pueblo.\" \/>\n<meta name=\"robots\" content=\"index, follow, max-snippet:-1, max-image-preview:large, max-video-preview:-1\" \/>\n<link rel=\"canonical\" href=\"https:\/\/nahuelproducciones.com.ar\/radioquijano\/convocan-a-una-colecta-de-sangre-en-campo-quijano\/\" \/>\n<meta property=\"og:locale\" content=\"es_ES\" \/>\n<meta property=\"og:type\" content=\"article\" \/>\n<meta property=\"og:title\" content=\"Convocan a una colecta de sangre en Campo Quijano - RQ 99.9\" \/>\n<meta property=\"og:description\" content=\"La jornada solidaria se llevar\u00e1 a cabo de 8:30 a 13:00 horas en el predio del Centro de Jubilados del pueblo.\" \/>\n<meta property=\"og:url\" content=\"https:\/\/nahuelproducciones.com.ar\/radioquijano\/convocan-a-una-colecta-de-sangre-en-campo-quijano\/\" \/>\n<meta property=\"og:site_name\" content=\"RQ 99.9\" \/>\n<meta property=\"article:publisher\" content=\"https:\/\/www.facebook.com\/nahuelproducciones999\/\" \/>\n<meta property=\"article:published_time\" content=\"2025-02-16T22:57:12+00:00\" \/>\n<meta property=\"article:modified_time\" content=\"2025-02-17T01:37:21+00:00\" \/>\n<meta property=\"og:image\" content=\"https:\/\/nahuelproducciones.com.ar\/radioquijano\/wp-content\/uploads\/2025\/02\/WhatsApp-Image-2025-02-12-at-8.19.41-AM-e1739746627690.jpeg\" \/>\n\t<meta property=\"og:image:width\" content=\"700\" \/>\n\t<meta property=\"og:image:height\" content=\"875\" \/>\n\t<meta property=\"og:image:type\" content=\"image\/jpeg\" \/>\n<meta name=\"author\" content=\"Cecilia Pastrana\" \/>\n<meta name=\"twitter:card\" content=\"summary_large_image\" \/>\n<meta name=\"twitter:creator\" content=\"@nahuproduciones\" \/>\n<meta name=\"twitter:site\" content=\"@nahuproduciones\" \/>\n<meta name=\"twitter:label1\" content=\"Escrito por\" \/>\n\t<meta name=\"twitter:data1\" content=\"Cecilia Pastrana\" \/>\n\t<meta name=\"twitter:label2\" content=\"Tiempo de lectura\" \/>\n\t<meta name=\"twitter:data2\" content=\"2 minutos\" \/>\n<script type=\"application\/ld+json\" class=\"yoast-schema-graph\">{\"@context\":\"https:\/\/schema.org\",\"@graph\":[{\"@type\":\"WebPage\",\"@id\":\"https:\/\/nahuelproducciones.com.ar\/radioquijano\/convocan-a-una-colecta-de-sangre-en-campo-quijano\/\",\"url\":\"https:\/\/nahuelproducciones.com.ar\/radioquijano\/convocan-a-una-colecta-de-sangre-en-campo-quijano\/\",\"name\":\"Convocan a una colecta de sangre en Campo Quijano - RQ 99.9\",\"isPartOf\":{\"@id\":\"https:\/\/nahuelproducciones.com.ar\/radioquijano\/#website\"},\"datePublished\":\"2025-02-16T22:57:12+00:00\",\"dateModified\":\"2025-02-17T01:37:21+00:00\",\"author\":{\"@id\":\"https:\/\/nahuelproducciones.com.ar\/radioquijano\/#\/schema\/person\/e8a4f939e2cb487fe6d0c54042c9d32c\"},\"description\":\"La jornada solidaria se llevar\u00e1 a cabo de 8:30 a 13:00 horas en el predio del Centro de Jubilados del pueblo.\",\"breadcrumb\":{\"@id\":\"https:\/\/nahuelproducciones.com.ar\/radioquijano\/convocan-a-una-colecta-de-sangre-en-campo-quijano\/#breadcrumb\"},\"inLanguage\":\"es\",\"potentialAction\":[{\"@type\":\"ReadAction\",\"target\":[\"https:\/\/nahuelproducciones.com.ar\/radioquijano\/convocan-a-una-colecta-de-sangre-en-campo-quijano\/\"]}]},{\"@type\":\"BreadcrumbList\",\"@id\":\"https:\/\/nahuelproducciones.com.ar\/radioquijano\/convocan-a-una-colecta-de-sangre-en-campo-quijano\/#breadcrumb\",\"itemListElement\":[{\"@type\":\"ListItem\",\"position\":1,\"name\":\"Portada\",\"item\":\"https:\/\/nahuelproducciones.com.ar\/radioquijano\/\"},{\"@type\":\"ListItem\",\"position\":2,\"name\":\"Convocan a una colecta de sangre en Campo Quijano\"}]},{\"@type\":\"WebSite\",\"@id\":\"https:\/\/nahuelproducciones.com.ar\/radioquijano\/#website\",\"url\":\"https:\/\/nahuelproducciones.com.ar\/radioquijano\/\",\"name\":\"RQ 99.9\",\"description\":\"Radio Quijano 99.9 MHz\",\"potentialAction\":[{\"@type\":\"SearchAction\",\"target\":{\"@type\":\"EntryPoint\",\"urlTemplate\":\"https:\/\/nahuelproducciones.com.ar\/radioquijano\/?s={search_term_string}\"},\"query-input\":\"required name=search_term_string\"}],\"inLanguage\":\"es\"},{\"@type\":\"Person\",\"@id\":\"https:\/\/nahuelproducciones.com.ar\/radioquijano\/#\/schema\/person\/e8a4f939e2cb487fe6d0c54042c9d32c\",\"name\":\"Cecilia Pastrana\",\"image\":{\"@type\":\"ImageObject\",\"inLanguage\":\"es\",\"@id\":\"https:\/\/nahuelproducciones.com.ar\/radioquijano\/#\/schema\/person\/image\/\",\"url\":\"https:\/\/secure.gravatar.com\/avatar\/661a3ef63a8488d4f2794ed44af8cf71420f7e106f3072c40125114df5157749?s=96&d=mm&r=g\",\"contentUrl\":\"https:\/\/secure.gravatar.com\/avatar\/661a3ef63a8488d4f2794ed44af8cf71420f7e106f3072c40125114df5157749?s=96&d=mm&r=g\",\"caption\":\"Cecilia Pastrana\"},\"sameAs\":[\"cecy\"],\"url\":\"https:\/\/nahuelproducciones.com.ar\/radioquijano\/author\/cecy\/\"}]}<\/script>\n<!-- \/ Yoast SEO plugin. -->","yoast_head_json":{"title":"Convocan a una colecta de sangre en Campo Quijano - RQ 99.9","description":"La jornada solidaria se llevar\u00e1 a cabo de 8:30 a 13:00 horas en el predio del Centro de Jubilados del pueblo.","robots":{"index":"index","follow":"follow","max-snippet":"max-snippet:-1","max-image-preview":"max-image-preview:large","max-video-preview":"max-video-preview:-1"},"canonical":"https:\/\/nahuelproducciones.com.ar\/radioquijano\/convocan-a-una-colecta-de-sangre-en-campo-quijano\/","og_locale":"es_ES","og_type":"article","og_title":"Convocan a una colecta de sangre en Campo Quijano - RQ 99.9","og_description":"La jornada solidaria se llevar\u00e1 a cabo de 8:30 a 13:00 horas en el predio del Centro de Jubilados del pueblo.","og_url":"https:\/\/nahuelproducciones.com.ar\/radioquijano\/convocan-a-una-colecta-de-sangre-en-campo-quijano\/","og_site_name":"RQ 99.9","article_publisher":"https:\/\/www.facebook.com\/nahuelproducciones999\/","article_published_time":"2025-02-16T22:57:12+00:00","article_modified_time":"2025-02-17T01:37:21+00:00","og_image":[{"width":700,"height":875,"url":"https:\/\/nahuelproducciones.com.ar\/radioquijano\/wp-content\/uploads\/2025\/02\/WhatsApp-Image-2025-02-12-at-8.19.41-AM-e1739746627690.jpeg","type":"image\/jpeg"}],"author":"Cecilia Pastrana","twitter_card":"summary_large_image","twitter_creator":"@nahuproduciones","twitter_site":"@nahuproduciones","twitter_misc":{"Escrito por":"Cecilia Pastrana","Tiempo de lectura":"2 minutos"},"schema":{"@context":"https:\/\/schema.org","@graph":[{"@type":"WebPage","@id":"https:\/\/nahuelproducciones.com.ar\/radioquijano\/convocan-a-una-colecta-de-sangre-en-campo-quijano\/","url":"https:\/\/nahuelproducciones.com.ar\/radioquijano\/convocan-a-una-colecta-de-sangre-en-campo-quijano\/","name":"Convocan a una colecta de sangre en Campo Quijano - RQ 99.9","isPartOf":{"@id":"https:\/\/nahuelproducciones.com.ar\/radioquijano\/#website"},"datePublished":"2025-02-16T22:57:12+00:00","dateModified":"2025-02-17T01:37:21+00:00","author":{"@id":"https:\/\/nahuelproducciones.com.ar\/radioquijano\/#\/schema\/person\/e8a4f939e2cb487fe6d0c54042c9d32c"},"description":"La jornada solidaria se llevar\u00e1 a cabo de 8:30 a 13:00 horas en el predio del Centro de Jubilados del pueblo.","breadcrumb":{"@id":"https:\/\/nahuelproducciones.com.ar\/radioquijano\/convocan-a-una-colecta-de-sangre-en-campo-quijano\/#breadcrumb"},"inLanguage":"es","potentialAction":[{"@type":"ReadAction","target":["https:\/\/nahuelproducciones.com.ar\/radioquijano\/convocan-a-una-colecta-de-sangre-en-campo-quijano\/"]}]},{"@type":"BreadcrumbList","@id":"https:\/\/nahuelproducciones.com.ar\/radioquijano\/convocan-a-una-colecta-de-sangre-en-campo-quijano\/#breadcrumb","itemListElement":[{"@type":"ListItem","position":1,"name":"Portada","item":"https:\/\/nahuelproducciones.com.ar\/radioquijano\/"},{"@type":"ListItem","position":2,"name":"Convocan a una colecta de sangre en Campo Quijano"}]},{"@type":"WebSite","@id":"https:\/\/nahuelproducciones.com.ar\/radioquijano\/#website","url":"https:\/\/nahuelproducciones.com.ar\/radioquijano\/","name":"RQ 99.9","description":"Radio Quijano 99.9 MHz","potentialAction":[{"@type":"SearchAction","target":{"@type":"EntryPoint","urlTemplate":"https:\/\/nahuelproducciones.com.ar\/radioquijano\/?s={search_term_string}"},"query-input":"required name=search_term_string"}],"inLanguage":"es"},{"@type":"Person","@id":"https:\/\/nahuelproducciones.com.ar\/radioquijano\/#\/schema\/person\/e8a4f939e2cb487fe6d0c54042c9d32c","name":"Cecilia Pastrana","image":{"@type":"ImageObject","inLanguage":"es","@id":"https:\/\/nahuelproducciones.com.ar\/radioquijano\/#\/schema\/person\/image\/","url":"https:\/\/secure.gravatar.com\/avatar\/661a3ef63a8488d4f2794ed44af8cf71420f7e106f3072c40125114df5157749?s=96&d=mm&r=g","contentUrl":"https:\/\/secure.gravatar.com\/avatar\/661a3ef63a8488d4f2794ed44af8cf71420f7e106f3072c40125114df5157749?s=96&d=mm&r=g","caption":"Cecilia Pastrana"},"sameAs":["cecy"],"url":"https:\/\/nahuelproducciones.com.ar\/radioquijano\/author\/cecy\/"}]}},"_links":{"self":[{"href":"https:\/\/nahuelproducciones.com.ar\/radioquijano\/wp-json\/wp\/v2\/posts\/9653","targetHints":{"allow":["GET"]}}],"collection":[{"href":"https:\/\/nahuelproducciones.com.ar\/radioquijano\/wp-json\/wp\/v2\/posts"}],"about":[{"href":"https:\/\/nahuelproducciones.com.ar\/radioquijano\/wp-json\/wp\/v2\/types\/post"}],"author":[{"embeddable":true,"href":"https:\/\/nahuelproducciones.com.ar\/radioquijano\/wp-json\/wp\/v2\/users\/8"}],"replies":[{"embeddable":true,"href":"https:\/\/nahuelproducciones.com.ar\/radioquijano\/wp-json\/wp\/v2\/comments?post=9653"}],"version-history":[{"count":2,"href":"https:\/\/nahuelproducciones.com.ar\/radioquijano\/wp-json\/wp\/v2\/posts\/9653\/revisions"}],"predecessor-version":[{"id":9659,"href":"https:\/\/nahuelproducciones.com.ar\/radioquijano\/wp-json\/wp\/v2\/posts\/9653\/revisions\/9659"}],"wp:featuredmedia":[{"embeddable":true,"href":"https:\/\/nahuelproducciones.com.ar\/radioquijano\/wp-json\/wp\/v2\/media\/9654"}],"wp:attachment":[{"href":"https:\/\/nahuelproducciones.com.ar\/radioquijano\/wp-json\/wp\/v2\/media?parent=9653"}],"wp:term":[{"taxonomy":"category","embeddable":true,"href":"https:\/\/nahuelproducciones.com.ar\/radioquijano\/wp-json\/wp\/v2\/categories?post=9653"},{"taxonomy":"post_tag","embeddable":true,"href":"https:\/\/nahuelproducciones.com.ar\/radioquijano\/wp-json\/wp\/v2\/tags?post=9653"}],"curies":[{"name":"wp","href":"https:\/\/api.w.org\/{rel}","templated":true}]}}