{"id":9661,"date":"2025-02-18T13:23:02","date_gmt":"2025-02-18T16:23:02","guid":{"rendered":"https:\/\/nahuelproducciones.com.ar\/radioquijano\/?p=9661"},"modified":"2025-02-18T13:27:58","modified_gmt":"2025-02-18T16:27:58","slug":"preinscripcion-en-cursos-virtuales-beneficiarios-del-vat-y-fomentar-empleo","status":"publish","type":"post","link":"https:\/\/nahuelproducciones.com.ar\/radioquijano\/preinscripcion-en-cursos-virtuales-beneficiarios-del-vat-y-fomentar-empleo\/","title":{"rendered":"Preinscripci\u00f3n en cursos virtuales: \u00abBeneficiarios del VAT y FOMENTAR EMPLEO"},"content":{"rendered":"\n<p>Se informa a todos los beneficiarios del programa Fomentar y Volver Al Trabajo ( VAT) que est\u00e1n habilitadas las pre inscripciones para los cursos virtuales de inserci\u00f3n laboral hasta el 26 de Febrero.<br>Los cursos son:<br><img loading=\"lazy\" decoding=\"async\" height=\"16\" width=\"16\" alt=\"&#x25aa;&#xfe0f;\" src=\"https:\/\/static.xx.fbcdn.net\/images\/emoji.php\/v9\/t4c\/1\/16\/25aa.png\">&nbsp;Introducci\u00f3n al empleo y turismo.<br><img loading=\"lazy\" decoding=\"async\" height=\"16\" width=\"16\" alt=\"&#x25aa;&#xfe0f;\" src=\"https:\/\/static.xx.fbcdn.net\/images\/emoji.php\/v9\/t4c\/1\/16\/25aa.png\">&nbsp;Marketing digital.<br><img loading=\"lazy\" decoding=\"async\" height=\"16\" width=\"16\" alt=\"&#x25aa;&#xfe0f;\" src=\"https:\/\/static.xx.fbcdn.net\/images\/emoji.php\/v9\/t4c\/1\/16\/25aa.png\">&nbsp;Habilidades digitales.<br><img loading=\"lazy\" decoding=\"async\" height=\"16\" width=\"16\" alt=\"&#x25aa;&#xfe0f;\" src=\"https:\/\/static.xx.fbcdn.net\/images\/emoji.php\/v9\/t4c\/1\/16\/25aa.png\">Mejorar la b\u00fasqueda de empleo<br><img loading=\"lazy\" decoding=\"async\" height=\"16\" width=\"16\" alt=\"&#x25aa;&#xfe0f;\" src=\"https:\/\/static.xx.fbcdn.net\/images\/emoji.php\/v9\/t4c\/1\/16\/25aa.png\">&nbsp;Gesti\u00f3n de herramientas para emprendedores.<br><img loading=\"lazy\" decoding=\"async\" height=\"16\" width=\"16\" alt=\"&#x25aa;&#xfe0f;\" src=\"https:\/\/static.xx.fbcdn.net\/images\/emoji.php\/v9\/t4c\/1\/16\/25aa.png\">Trabajo en un entorno colaborativo.<\/p>\n\n\n\n<p>\u2713Modalidad 100% virtual.<br>\u2713 Totalmente gratuito.<\/p>\n\n\n\n<p>Consultas e informaci\u00f3n:<br><img loading=\"lazy\" decoding=\"async\" height=\"16\" width=\"16\" src=\"https:\/\/static.xx.fbcdn.net\/images\/emoji.php\/v9\/t4c\/1\/16\/25aa.png\" alt=\"&#x25aa;&#xfe0f;\">Lugar: Sala de extensi\u00f3n universitaria (ex colegio)<br><img loading=\"lazy\" decoding=\"async\" height=\"16\" width=\"16\" src=\"https:\/\/static.xx.fbcdn.net\/images\/emoji.php\/v9\/t4c\/1\/16\/25aa.png\" alt=\"&#x25aa;&#xfe0f;\">Horario: Lunes a Viernes de 7.30 a 13 hs.<br><img loading=\"lazy\" decoding=\"async\" height=\"16\" width=\"16\" src=\"https:\/\/static.xx.fbcdn.net\/images\/emoji.php\/v9\/t4d\/1\/16\/1f4de.png\" alt=\"&#x1f4de;\">3874440503<br><img loading=\"lazy\" decoding=\"async\" height=\"16\" width=\"16\" src=\"https:\/\/static.xx.fbcdn.net\/images\/emoji.php\/v9\/t4c\/1\/16\/25aa.png\" alt=\"&#x25aa;&#xfe0f;\">Encargado: Luis Nu\u00f1o <\/p>\n\n\n<p><iframe loading=\"lazy\" src=\"https:\/\/www.facebook.com\/plugins\/post.php?href=https%3A%2F%2Fwww.facebook.com%2FGestionLinoFernandoYonar%2Fposts%2Fpfbid02E4fewWHLcDbg6N5xy41mveEf5mzkQW9qsDG7HTJS9QHk1YzgAWd1QzGvf7ykR62Yl&#038;show_text=true&#038;width=500\" width=\"500\" height=\"725\" style=\"border:none;overflow:hidden\" scrolling=\"no\" frameborder=\"0\" allowfullscreen=\"true\" allow=\"autoplay; clipboard-write; encrypted-media; picture-in-picture; web-share\"><\/iframe><\/p>\n\n\n\n<p>Fuente: Prensa Municipal de Campo Quijano<\/p>\n","protected":false},"excerpt":{"rendered":"<p>Se informa a todos los beneficiarios del programa Fomentar y Volver Al Trabajo ( VAT) que est\u00e1n habilitadas las pre inscripciones para los cursos virtuales de inserci\u00f3n laboral hasta el 26 de Febrero.Los cursos son:&nbsp;Introducci\u00f3n al empleo y turismo.&nbsp;Marketing digital.&nbsp;Habilidades digitales.Mejorar la b\u00fasqueda de empleo&nbsp;Gesti\u00f3n de herramientas para emprendedores.Trabajo en un entorno colaborativo. \u2713Modalidad 100% [&hellip;]<\/p>\n","protected":false},"author":8,"featured_media":9662,"comment_status":"open","ping_status":"open","sticky":false,"template":"","format":"standard","meta":{"_monsterinsights_skip_tracking":false,"_monsterinsights_sitenote_active":false,"_monsterinsights_sitenote_note":"","_monsterinsights_sitenote_category":0,"footnotes":""},"categories":[16],"tags":[1728,100],"class_list":["post-9661","post","type-post","status-publish","format-standard","has-post-thumbnail","hentry","category-noticias","tag-cursos-virtuales","tag-municipio-de-campo-quijano"],"yoast_head":"<!-- This site is optimized with the Yoast SEO plugin v20.8 - https:\/\/yoast.com\/wordpress\/plugins\/seo\/ -->\n<title>Preinscripci\u00f3n en cursos virtuales: &quot;Beneficiarios del VAT y FOMENTAR EMPLEO - RQ 99.9<\/title>\n<meta name=\"description\" content=\"Pre inscripciones para los cursos virtuales de inserci\u00f3n laboral hasta el 26 de Febrero.\" \/>\n<meta name=\"robots\" content=\"index, follow, max-snippet:-1, max-image-preview:large, max-video-preview:-1\" \/>\n<link rel=\"canonical\" href=\"https:\/\/nahuelproducciones.com.ar\/radioquijano\/preinscripcion-en-cursos-virtuales-beneficiarios-del-vat-y-fomentar-empleo\/\" \/>\n<meta property=\"og:locale\" content=\"es_ES\" \/>\n<meta property=\"og:type\" content=\"article\" \/>\n<meta property=\"og:title\" content=\"Preinscripci\u00f3n en cursos virtuales: &quot;Beneficiarios del VAT y FOMENTAR EMPLEO - RQ 99.9\" \/>\n<meta property=\"og:description\" content=\"Pre inscripciones para los cursos virtuales de inserci\u00f3n laboral hasta el 26 de Febrero.\" \/>\n<meta property=\"og:url\" content=\"https:\/\/nahuelproducciones.com.ar\/radioquijano\/preinscripcion-en-cursos-virtuales-beneficiarios-del-vat-y-fomentar-empleo\/\" \/>\n<meta property=\"og:site_name\" content=\"RQ 99.9\" \/>\n<meta property=\"article:publisher\" content=\"https:\/\/www.facebook.com\/nahuelproducciones999\/\" \/>\n<meta property=\"article:published_time\" content=\"2025-02-18T16:23:02+00:00\" \/>\n<meta property=\"article:modified_time\" content=\"2025-02-18T16:27:58+00:00\" \/>\n<meta property=\"og:image\" content=\"https:\/\/nahuelproducciones.com.ar\/radioquijano\/wp-content\/uploads\/2025\/02\/476622261_18066973477878629_2766448133645918764_n-e1739895756133.jpg\" \/>\n\t<meta property=\"og:image:width\" content=\"700\" \/>\n\t<meta property=\"og:image:height\" content=\"875\" \/>\n\t<meta property=\"og:image:type\" content=\"image\/jpeg\" \/>\n<meta name=\"author\" content=\"Cecilia Pastrana\" \/>\n<meta name=\"twitter:card\" content=\"summary_large_image\" \/>\n<meta name=\"twitter:creator\" content=\"@nahuproduciones\" \/>\n<meta name=\"twitter:site\" content=\"@nahuproduciones\" \/>\n<meta name=\"twitter:label1\" content=\"Escrito por\" \/>\n\t<meta name=\"twitter:data1\" content=\"Cecilia Pastrana\" \/>\n\t<meta name=\"twitter:label2\" content=\"Tiempo de lectura\" \/>\n\t<meta name=\"twitter:data2\" content=\"3 minutos\" \/>\n<script type=\"application\/ld+json\" class=\"yoast-schema-graph\">{\"@context\":\"https:\/\/schema.org\",\"@graph\":[{\"@type\":\"WebPage\",\"@id\":\"https:\/\/nahuelproducciones.com.ar\/radioquijano\/preinscripcion-en-cursos-virtuales-beneficiarios-del-vat-y-fomentar-empleo\/\",\"url\":\"https:\/\/nahuelproducciones.com.ar\/radioquijano\/preinscripcion-en-cursos-virtuales-beneficiarios-del-vat-y-fomentar-empleo\/\",\"name\":\"Preinscripci\u00f3n en cursos virtuales: \\\"Beneficiarios del VAT y FOMENTAR EMPLEO - RQ 99.9\",\"isPartOf\":{\"@id\":\"https:\/\/nahuelproducciones.com.ar\/radioquijano\/#website\"},\"datePublished\":\"2025-02-18T16:23:02+00:00\",\"dateModified\":\"2025-02-18T16:27:58+00:00\",\"author\":{\"@id\":\"https:\/\/nahuelproducciones.com.ar\/radioquijano\/#\/schema\/person\/e8a4f939e2cb487fe6d0c54042c9d32c\"},\"description\":\"Pre inscripciones para los cursos virtuales de inserci\u00f3n laboral hasta el 26 de Febrero.\",\"breadcrumb\":{\"@id\":\"https:\/\/nahuelproducciones.com.ar\/radioquijano\/preinscripcion-en-cursos-virtuales-beneficiarios-del-vat-y-fomentar-empleo\/#breadcrumb\"},\"inLanguage\":\"es\",\"potentialAction\":[{\"@type\":\"ReadAction\",\"target\":[\"https:\/\/nahuelproducciones.com.ar\/radioquijano\/preinscripcion-en-cursos-virtuales-beneficiarios-del-vat-y-fomentar-empleo\/\"]}]},{\"@type\":\"BreadcrumbList\",\"@id\":\"https:\/\/nahuelproducciones.com.ar\/radioquijano\/preinscripcion-en-cursos-virtuales-beneficiarios-del-vat-y-fomentar-empleo\/#breadcrumb\",\"itemListElement\":[{\"@type\":\"ListItem\",\"position\":1,\"name\":\"Portada\",\"item\":\"https:\/\/nahuelproducciones.com.ar\/radioquijano\/\"},{\"@type\":\"ListItem\",\"position\":2,\"name\":\"Preinscripci\u00f3n en cursos virtuales: &#8220;Beneficiarios del VAT y FOMENTAR EMPLEO\"}]},{\"@type\":\"WebSite\",\"@id\":\"https:\/\/nahuelproducciones.com.ar\/radioquijano\/#website\",\"url\":\"https:\/\/nahuelproducciones.com.ar\/radioquijano\/\",\"name\":\"RQ 99.9\",\"description\":\"Radio Quijano 99.9 MHz\",\"potentialAction\":[{\"@type\":\"SearchAction\",\"target\":{\"@type\":\"EntryPoint\",\"urlTemplate\":\"https:\/\/nahuelproducciones.com.ar\/radioquijano\/?s={search_term_string}\"},\"query-input\":\"required name=search_term_string\"}],\"inLanguage\":\"es\"},{\"@type\":\"Person\",\"@id\":\"https:\/\/nahuelproducciones.com.ar\/radioquijano\/#\/schema\/person\/e8a4f939e2cb487fe6d0c54042c9d32c\",\"name\":\"Cecilia Pastrana\",\"image\":{\"@type\":\"ImageObject\",\"inLanguage\":\"es\",\"@id\":\"https:\/\/nahuelproducciones.com.ar\/radioquijano\/#\/schema\/person\/image\/\",\"url\":\"https:\/\/secure.gravatar.com\/avatar\/661a3ef63a8488d4f2794ed44af8cf71420f7e106f3072c40125114df5157749?s=96&d=mm&r=g\",\"contentUrl\":\"https:\/\/secure.gravatar.com\/avatar\/661a3ef63a8488d4f2794ed44af8cf71420f7e106f3072c40125114df5157749?s=96&d=mm&r=g\",\"caption\":\"Cecilia Pastrana\"},\"sameAs\":[\"cecy\"],\"url\":\"https:\/\/nahuelproducciones.com.ar\/radioquijano\/author\/cecy\/\"}]}<\/script>\n<!-- \/ Yoast SEO plugin. -->","yoast_head_json":{"title":"Preinscripci\u00f3n en cursos virtuales: \"Beneficiarios del VAT y FOMENTAR EMPLEO - RQ 99.9","description":"Pre inscripciones para los cursos virtuales de inserci\u00f3n laboral hasta el 26 de Febrero.","robots":{"index":"index","follow":"follow","max-snippet":"max-snippet:-1","max-image-preview":"max-image-preview:large","max-video-preview":"max-video-preview:-1"},"canonical":"https:\/\/nahuelproducciones.com.ar\/radioquijano\/preinscripcion-en-cursos-virtuales-beneficiarios-del-vat-y-fomentar-empleo\/","og_locale":"es_ES","og_type":"article","og_title":"Preinscripci\u00f3n en cursos virtuales: \"Beneficiarios del VAT y FOMENTAR EMPLEO - RQ 99.9","og_description":"Pre inscripciones para los cursos virtuales de inserci\u00f3n laboral hasta el 26 de Febrero.","og_url":"https:\/\/nahuelproducciones.com.ar\/radioquijano\/preinscripcion-en-cursos-virtuales-beneficiarios-del-vat-y-fomentar-empleo\/","og_site_name":"RQ 99.9","article_publisher":"https:\/\/www.facebook.com\/nahuelproducciones999\/","article_published_time":"2025-02-18T16:23:02+00:00","article_modified_time":"2025-02-18T16:27:58+00:00","og_image":[{"width":700,"height":875,"url":"https:\/\/nahuelproducciones.com.ar\/radioquijano\/wp-content\/uploads\/2025\/02\/476622261_18066973477878629_2766448133645918764_n-e1739895756133.jpg","type":"image\/jpeg"}],"author":"Cecilia Pastrana","twitter_card":"summary_large_image","twitter_creator":"@nahuproduciones","twitter_site":"@nahuproduciones","twitter_misc":{"Escrito por":"Cecilia Pastrana","Tiempo de lectura":"3 minutos"},"schema":{"@context":"https:\/\/schema.org","@graph":[{"@type":"WebPage","@id":"https:\/\/nahuelproducciones.com.ar\/radioquijano\/preinscripcion-en-cursos-virtuales-beneficiarios-del-vat-y-fomentar-empleo\/","url":"https:\/\/nahuelproducciones.com.ar\/radioquijano\/preinscripcion-en-cursos-virtuales-beneficiarios-del-vat-y-fomentar-empleo\/","name":"Preinscripci\u00f3n en cursos virtuales: \"Beneficiarios del VAT y FOMENTAR EMPLEO - RQ 99.9","isPartOf":{"@id":"https:\/\/nahuelproducciones.com.ar\/radioquijano\/#website"},"datePublished":"2025-02-18T16:23:02+00:00","dateModified":"2025-02-18T16:27:58+00:00","author":{"@id":"https:\/\/nahuelproducciones.com.ar\/radioquijano\/#\/schema\/person\/e8a4f939e2cb487fe6d0c54042c9d32c"},"description":"Pre inscripciones para los cursos virtuales de inserci\u00f3n laboral hasta el 26 de Febrero.","breadcrumb":{"@id":"https:\/\/nahuelproducciones.com.ar\/radioquijano\/preinscripcion-en-cursos-virtuales-beneficiarios-del-vat-y-fomentar-empleo\/#breadcrumb"},"inLanguage":"es","potentialAction":[{"@type":"ReadAction","target":["https:\/\/nahuelproducciones.com.ar\/radioquijano\/preinscripcion-en-cursos-virtuales-beneficiarios-del-vat-y-fomentar-empleo\/"]}]},{"@type":"BreadcrumbList","@id":"https:\/\/nahuelproducciones.com.ar\/radioquijano\/preinscripcion-en-cursos-virtuales-beneficiarios-del-vat-y-fomentar-empleo\/#breadcrumb","itemListElement":[{"@type":"ListItem","position":1,"name":"Portada","item":"https:\/\/nahuelproducciones.com.ar\/radioquijano\/"},{"@type":"ListItem","position":2,"name":"Preinscripci\u00f3n en cursos virtuales: &#8220;Beneficiarios del VAT y FOMENTAR EMPLEO"}]},{"@type":"WebSite","@id":"https:\/\/nahuelproducciones.com.ar\/radioquijano\/#website","url":"https:\/\/nahuelproducciones.com.ar\/radioquijano\/","name":"RQ 99.9","description":"Radio Quijano 99.9 MHz","potentialAction":[{"@type":"SearchAction","target":{"@type":"EntryPoint","urlTemplate":"https:\/\/nahuelproducciones.com.ar\/radioquijano\/?s={search_term_string}"},"query-input":"required name=search_term_string"}],"inLanguage":"es"},{"@type":"Person","@id":"https:\/\/nahuelproducciones.com.ar\/radioquijano\/#\/schema\/person\/e8a4f939e2cb487fe6d0c54042c9d32c","name":"Cecilia Pastrana","image":{"@type":"ImageObject","inLanguage":"es","@id":"https:\/\/nahuelproducciones.com.ar\/radioquijano\/#\/schema\/person\/image\/","url":"https:\/\/secure.gravatar.com\/avatar\/661a3ef63a8488d4f2794ed44af8cf71420f7e106f3072c40125114df5157749?s=96&d=mm&r=g","contentUrl":"https:\/\/secure.gravatar.com\/avatar\/661a3ef63a8488d4f2794ed44af8cf71420f7e106f3072c40125114df5157749?s=96&d=mm&r=g","caption":"Cecilia Pastrana"},"sameAs":["cecy"],"url":"https:\/\/nahuelproducciones.com.ar\/radioquijano\/author\/cecy\/"}]}},"_links":{"self":[{"href":"https:\/\/nahuelproducciones.com.ar\/radioquijano\/wp-json\/wp\/v2\/posts\/9661","targetHints":{"allow":["GET"]}}],"collection":[{"href":"https:\/\/nahuelproducciones.com.ar\/radioquijano\/wp-json\/wp\/v2\/posts"}],"about":[{"href":"https:\/\/nahuelproducciones.com.ar\/radioquijano\/wp-json\/wp\/v2\/types\/post"}],"author":[{"embeddable":true,"href":"https:\/\/nahuelproducciones.com.ar\/radioquijano\/wp-json\/wp\/v2\/users\/8"}],"replies":[{"embeddable":true,"href":"https:\/\/nahuelproducciones.com.ar\/radioquijano\/wp-json\/wp\/v2\/comments?post=9661"}],"version-history":[{"count":2,"href":"https:\/\/nahuelproducciones.com.ar\/radioquijano\/wp-json\/wp\/v2\/posts\/9661\/revisions"}],"predecessor-version":[{"id":9667,"href":"https:\/\/nahuelproducciones.com.ar\/radioquijano\/wp-json\/wp\/v2\/posts\/9661\/revisions\/9667"}],"wp:featuredmedia":[{"embeddable":true,"href":"https:\/\/nahuelproducciones.com.ar\/radioquijano\/wp-json\/wp\/v2\/media\/9662"}],"wp:attachment":[{"href":"https:\/\/nahuelproducciones.com.ar\/radioquijano\/wp-json\/wp\/v2\/media?parent=9661"}],"wp:term":[{"taxonomy":"category","embeddable":true,"href":"https:\/\/nahuelproducciones.com.ar\/radioquijano\/wp-json\/wp\/v2\/categories?post=9661"},{"taxonomy":"post_tag","embeddable":true,"href":"https:\/\/nahuelproducciones.com.ar\/radioquijano\/wp-json\/wp\/v2\/tags?post=9661"}],"curies":[{"name":"wp","href":"https:\/\/api.w.org\/{rel}","templated":true}]}}