{"id":9670,"date":"2025-02-23T11:54:59","date_gmt":"2025-02-23T14:54:59","guid":{"rendered":"https:\/\/nahuelproducciones.com.ar\/radioquijano\/?p=9670"},"modified":"2025-02-23T11:55:00","modified_gmt":"2025-02-23T14:55:00","slug":"campo-quijano-condenado-por-abuso-sexual-con-acceso-carnal","status":"publish","type":"post","link":"https:\/\/nahuelproducciones.com.ar\/radioquijano\/campo-quijano-condenado-por-abuso-sexual-con-acceso-carnal\/","title":{"rendered":"Campo Quijano: Condenado por abuso sexual con acceso carnal"},"content":{"rendered":"\n<p><em><strong>El hecho ocurri\u00f3 en enero de 2023 en Campo Quijano, donde una mujer que estaba de visita se encontr\u00f3 con un amigo en la plaza. El hombre le ofreci\u00f3 refugiarse de la lluvia en su casa donde luego la abus\u00f3 sexualmente.&nbsp;<\/strong><\/em><\/p>\n\n\n\n<p>La&nbsp;<strong>fiscal Penal 3 de la Unidad de Delitos contra la Integridad Sexual (UDIS), Luj\u00e1n Sodero Calvet,&nbsp;<\/strong>represent\u00f3 al<strong>&nbsp;Ministerio P\u00fablico Fiscal<\/strong>&nbsp;en la audiencia debate celebrada ante la Sala 3 del Tribunal de Juicio en la que un hombre de 36 a\u00f1os de edad, fue condenado a seis a\u00f1os y ocho meses de prisi\u00f3n de ejecuci\u00f3n efectiva.<\/p>\n\n\n\n<p>La jueza Gabriela Gonz\u00e1lez&nbsp; lo hall\u00f3 responsable del delito de&nbsp;<em>abuso sexual con acceso carnal, en calidad de autor.<\/em><\/p>\n\n\n\n<p>El hecho juzgado ocurri\u00f3 el 9 de enero de 2023, cuando la v\u00edctima, que se encontraba circunstancialmente en Campo Quijano, se encontr\u00f3 en la plaza principal con el condenado, quien era su amigo. Dado que comenz\u00f3 a llover intensamente, el hombre le ofreci\u00f3 a la mujer refugiarse en su vivienda, propuesta que ella acept\u00f3.<\/p>\n\n\n\n<p>Una vez en el lugar, el acusado someti\u00f3 sexualmente a la v\u00edctima, quien luego denunci\u00f3 lo que le hab\u00eda ocurrido.<\/p>\n\n\n\n<p>A lo largo de la investigaci\u00f3n penal, la fiscal Sodero Calvet reuni\u00f3 las pruebas necesarias para demostrar la autor\u00eda del denunciado en el abuso sexual.<\/p>\n\n\n<div class=\"wp-block-image\">\n<figure class=\"alignright\"><img decoding=\"async\" src=\"https:\/\/www.fiscalespenalesalta.gob.ar\/wp-content\/uploads\/2022\/03\/UDIS--400x200.png\" alt=\"\" class=\"wp-image-32409\"\/><\/figure><\/div>\n\n\n<p><\/p>\n\n\n\n<p><\/p>\n","protected":false},"excerpt":{"rendered":"<p>El hecho ocurri\u00f3 en enero de 2023 en Campo Quijano, donde una mujer que estaba de visita se encontr\u00f3 con un amigo en la plaza. El hombre le ofreci\u00f3 refugiarse de la lluvia en su casa donde luego la abus\u00f3 sexualmente.&nbsp; La&nbsp;fiscal Penal 3 de la Unidad de Delitos contra la Integridad Sexual (UDIS), Luj\u00e1n [&hellip;]<\/p>\n","protected":false},"author":8,"featured_media":9671,"comment_status":"open","ping_status":"open","sticky":false,"template":"","format":"standard","meta":{"_monsterinsights_skip_tracking":false,"_monsterinsights_sitenote_active":false,"_monsterinsights_sitenote_note":"","_monsterinsights_sitenote_category":0,"footnotes":""},"categories":[16],"tags":[1729,241,100],"class_list":["post-9670","post","type-post","status-publish","format-standard","has-post-thumbnail","hentry","category-noticias","tag-condenado","tag-ministerio-publico-fiscal-de-salta","tag-municipio-de-campo-quijano"],"yoast_head":"<!-- This site is optimized with the Yoast SEO plugin v20.8 - https:\/\/yoast.com\/wordpress\/plugins\/seo\/ -->\n<title>Campo Quijano: Condenado por abuso sexual con acceso carnal - RQ 99.9<\/title>\n<meta name=\"description\" content=\"Fue condenado a seis a\u00f1os y ocho meses de prisi\u00f3n de ejecuci\u00f3n efectiva.\" \/>\n<meta name=\"robots\" content=\"index, follow, max-snippet:-1, max-image-preview:large, max-video-preview:-1\" \/>\n<link rel=\"canonical\" href=\"https:\/\/nahuelproducciones.com.ar\/radioquijano\/campo-quijano-condenado-por-abuso-sexual-con-acceso-carnal\/\" \/>\n<meta property=\"og:locale\" content=\"es_ES\" \/>\n<meta property=\"og:type\" content=\"article\" \/>\n<meta property=\"og:title\" content=\"Campo Quijano: Condenado por abuso sexual con acceso carnal - RQ 99.9\" \/>\n<meta property=\"og:description\" content=\"Fue condenado a seis a\u00f1os y ocho meses de prisi\u00f3n de ejecuci\u00f3n efectiva.\" \/>\n<meta property=\"og:url\" content=\"https:\/\/nahuelproducciones.com.ar\/radioquijano\/campo-quijano-condenado-por-abuso-sexual-con-acceso-carnal\/\" \/>\n<meta property=\"og:site_name\" content=\"RQ 99.9\" \/>\n<meta property=\"article:publisher\" content=\"https:\/\/www.facebook.com\/nahuelproducciones999\/\" \/>\n<meta property=\"article:published_time\" content=\"2025-02-23T14:54:59+00:00\" \/>\n<meta property=\"article:modified_time\" content=\"2025-02-23T14:55:00+00:00\" \/>\n<meta property=\"og:image\" content=\"https:\/\/nahuelproducciones.com.ar\/radioquijano\/wp-content\/uploads\/2025\/02\/3560457687_8f6caab8e6_b.jpg\" \/>\n\t<meta property=\"og:image:width\" content=\"1024\" \/>\n\t<meta property=\"og:image:height\" content=\"768\" \/>\n\t<meta property=\"og:image:type\" content=\"image\/jpeg\" \/>\n<meta name=\"author\" content=\"Cecilia Pastrana\" \/>\n<meta name=\"twitter:card\" content=\"summary_large_image\" \/>\n<meta name=\"twitter:creator\" content=\"@nahuproduciones\" \/>\n<meta name=\"twitter:site\" content=\"@nahuproduciones\" \/>\n<meta name=\"twitter:label1\" content=\"Escrito por\" \/>\n\t<meta name=\"twitter:data1\" content=\"Cecilia Pastrana\" \/>\n\t<meta name=\"twitter:label2\" content=\"Tiempo de lectura\" \/>\n\t<meta name=\"twitter:data2\" content=\"2 minutos\" \/>\n<script type=\"application\/ld+json\" class=\"yoast-schema-graph\">{\"@context\":\"https:\/\/schema.org\",\"@graph\":[{\"@type\":\"WebPage\",\"@id\":\"https:\/\/nahuelproducciones.com.ar\/radioquijano\/campo-quijano-condenado-por-abuso-sexual-con-acceso-carnal\/\",\"url\":\"https:\/\/nahuelproducciones.com.ar\/radioquijano\/campo-quijano-condenado-por-abuso-sexual-con-acceso-carnal\/\",\"name\":\"Campo Quijano: Condenado por abuso sexual con acceso carnal - RQ 99.9\",\"isPartOf\":{\"@id\":\"https:\/\/nahuelproducciones.com.ar\/radioquijano\/#website\"},\"datePublished\":\"2025-02-23T14:54:59+00:00\",\"dateModified\":\"2025-02-23T14:55:00+00:00\",\"author\":{\"@id\":\"https:\/\/nahuelproducciones.com.ar\/radioquijano\/#\/schema\/person\/e8a4f939e2cb487fe6d0c54042c9d32c\"},\"description\":\"Fue condenado a seis a\u00f1os y ocho meses de prisi\u00f3n de ejecuci\u00f3n efectiva.\",\"breadcrumb\":{\"@id\":\"https:\/\/nahuelproducciones.com.ar\/radioquijano\/campo-quijano-condenado-por-abuso-sexual-con-acceso-carnal\/#breadcrumb\"},\"inLanguage\":\"es\",\"potentialAction\":[{\"@type\":\"ReadAction\",\"target\":[\"https:\/\/nahuelproducciones.com.ar\/radioquijano\/campo-quijano-condenado-por-abuso-sexual-con-acceso-carnal\/\"]}]},{\"@type\":\"BreadcrumbList\",\"@id\":\"https:\/\/nahuelproducciones.com.ar\/radioquijano\/campo-quijano-condenado-por-abuso-sexual-con-acceso-carnal\/#breadcrumb\",\"itemListElement\":[{\"@type\":\"ListItem\",\"position\":1,\"name\":\"Portada\",\"item\":\"https:\/\/nahuelproducciones.com.ar\/radioquijano\/\"},{\"@type\":\"ListItem\",\"position\":2,\"name\":\"Campo Quijano: Condenado por abuso sexual con acceso carnal\"}]},{\"@type\":\"WebSite\",\"@id\":\"https:\/\/nahuelproducciones.com.ar\/radioquijano\/#website\",\"url\":\"https:\/\/nahuelproducciones.com.ar\/radioquijano\/\",\"name\":\"RQ 99.9\",\"description\":\"Radio Quijano 99.9 MHz\",\"potentialAction\":[{\"@type\":\"SearchAction\",\"target\":{\"@type\":\"EntryPoint\",\"urlTemplate\":\"https:\/\/nahuelproducciones.com.ar\/radioquijano\/?s={search_term_string}\"},\"query-input\":\"required name=search_term_string\"}],\"inLanguage\":\"es\"},{\"@type\":\"Person\",\"@id\":\"https:\/\/nahuelproducciones.com.ar\/radioquijano\/#\/schema\/person\/e8a4f939e2cb487fe6d0c54042c9d32c\",\"name\":\"Cecilia Pastrana\",\"image\":{\"@type\":\"ImageObject\",\"inLanguage\":\"es\",\"@id\":\"https:\/\/nahuelproducciones.com.ar\/radioquijano\/#\/schema\/person\/image\/\",\"url\":\"https:\/\/secure.gravatar.com\/avatar\/661a3ef63a8488d4f2794ed44af8cf71420f7e106f3072c40125114df5157749?s=96&d=mm&r=g\",\"contentUrl\":\"https:\/\/secure.gravatar.com\/avatar\/661a3ef63a8488d4f2794ed44af8cf71420f7e106f3072c40125114df5157749?s=96&d=mm&r=g\",\"caption\":\"Cecilia Pastrana\"},\"sameAs\":[\"cecy\"],\"url\":\"https:\/\/nahuelproducciones.com.ar\/radioquijano\/author\/cecy\/\"}]}<\/script>\n<!-- \/ Yoast SEO plugin. -->","yoast_head_json":{"title":"Campo Quijano: Condenado por abuso sexual con acceso carnal - RQ 99.9","description":"Fue condenado a seis a\u00f1os y ocho meses de prisi\u00f3n de ejecuci\u00f3n efectiva.","robots":{"index":"index","follow":"follow","max-snippet":"max-snippet:-1","max-image-preview":"max-image-preview:large","max-video-preview":"max-video-preview:-1"},"canonical":"https:\/\/nahuelproducciones.com.ar\/radioquijano\/campo-quijano-condenado-por-abuso-sexual-con-acceso-carnal\/","og_locale":"es_ES","og_type":"article","og_title":"Campo Quijano: Condenado por abuso sexual con acceso carnal - RQ 99.9","og_description":"Fue condenado a seis a\u00f1os y ocho meses de prisi\u00f3n de ejecuci\u00f3n efectiva.","og_url":"https:\/\/nahuelproducciones.com.ar\/radioquijano\/campo-quijano-condenado-por-abuso-sexual-con-acceso-carnal\/","og_site_name":"RQ 99.9","article_publisher":"https:\/\/www.facebook.com\/nahuelproducciones999\/","article_published_time":"2025-02-23T14:54:59+00:00","article_modified_time":"2025-02-23T14:55:00+00:00","og_image":[{"width":1024,"height":768,"url":"https:\/\/nahuelproducciones.com.ar\/radioquijano\/wp-content\/uploads\/2025\/02\/3560457687_8f6caab8e6_b.jpg","type":"image\/jpeg"}],"author":"Cecilia Pastrana","twitter_card":"summary_large_image","twitter_creator":"@nahuproduciones","twitter_site":"@nahuproduciones","twitter_misc":{"Escrito por":"Cecilia Pastrana","Tiempo de lectura":"2 minutos"},"schema":{"@context":"https:\/\/schema.org","@graph":[{"@type":"WebPage","@id":"https:\/\/nahuelproducciones.com.ar\/radioquijano\/campo-quijano-condenado-por-abuso-sexual-con-acceso-carnal\/","url":"https:\/\/nahuelproducciones.com.ar\/radioquijano\/campo-quijano-condenado-por-abuso-sexual-con-acceso-carnal\/","name":"Campo Quijano: Condenado por abuso sexual con acceso carnal - RQ 99.9","isPartOf":{"@id":"https:\/\/nahuelproducciones.com.ar\/radioquijano\/#website"},"datePublished":"2025-02-23T14:54:59+00:00","dateModified":"2025-02-23T14:55:00+00:00","author":{"@id":"https:\/\/nahuelproducciones.com.ar\/radioquijano\/#\/schema\/person\/e8a4f939e2cb487fe6d0c54042c9d32c"},"description":"Fue condenado a seis a\u00f1os y ocho meses de prisi\u00f3n de ejecuci\u00f3n efectiva.","breadcrumb":{"@id":"https:\/\/nahuelproducciones.com.ar\/radioquijano\/campo-quijano-condenado-por-abuso-sexual-con-acceso-carnal\/#breadcrumb"},"inLanguage":"es","potentialAction":[{"@type":"ReadAction","target":["https:\/\/nahuelproducciones.com.ar\/radioquijano\/campo-quijano-condenado-por-abuso-sexual-con-acceso-carnal\/"]}]},{"@type":"BreadcrumbList","@id":"https:\/\/nahuelproducciones.com.ar\/radioquijano\/campo-quijano-condenado-por-abuso-sexual-con-acceso-carnal\/#breadcrumb","itemListElement":[{"@type":"ListItem","position":1,"name":"Portada","item":"https:\/\/nahuelproducciones.com.ar\/radioquijano\/"},{"@type":"ListItem","position":2,"name":"Campo Quijano: Condenado por abuso sexual con acceso carnal"}]},{"@type":"WebSite","@id":"https:\/\/nahuelproducciones.com.ar\/radioquijano\/#website","url":"https:\/\/nahuelproducciones.com.ar\/radioquijano\/","name":"RQ 99.9","description":"Radio Quijano 99.9 MHz","potentialAction":[{"@type":"SearchAction","target":{"@type":"EntryPoint","urlTemplate":"https:\/\/nahuelproducciones.com.ar\/radioquijano\/?s={search_term_string}"},"query-input":"required name=search_term_string"}],"inLanguage":"es"},{"@type":"Person","@id":"https:\/\/nahuelproducciones.com.ar\/radioquijano\/#\/schema\/person\/e8a4f939e2cb487fe6d0c54042c9d32c","name":"Cecilia Pastrana","image":{"@type":"ImageObject","inLanguage":"es","@id":"https:\/\/nahuelproducciones.com.ar\/radioquijano\/#\/schema\/person\/image\/","url":"https:\/\/secure.gravatar.com\/avatar\/661a3ef63a8488d4f2794ed44af8cf71420f7e106f3072c40125114df5157749?s=96&d=mm&r=g","contentUrl":"https:\/\/secure.gravatar.com\/avatar\/661a3ef63a8488d4f2794ed44af8cf71420f7e106f3072c40125114df5157749?s=96&d=mm&r=g","caption":"Cecilia Pastrana"},"sameAs":["cecy"],"url":"https:\/\/nahuelproducciones.com.ar\/radioquijano\/author\/cecy\/"}]}},"_links":{"self":[{"href":"https:\/\/nahuelproducciones.com.ar\/radioquijano\/wp-json\/wp\/v2\/posts\/9670","targetHints":{"allow":["GET"]}}],"collection":[{"href":"https:\/\/nahuelproducciones.com.ar\/radioquijano\/wp-json\/wp\/v2\/posts"}],"about":[{"href":"https:\/\/nahuelproducciones.com.ar\/radioquijano\/wp-json\/wp\/v2\/types\/post"}],"author":[{"embeddable":true,"href":"https:\/\/nahuelproducciones.com.ar\/radioquijano\/wp-json\/wp\/v2\/users\/8"}],"replies":[{"embeddable":true,"href":"https:\/\/nahuelproducciones.com.ar\/radioquijano\/wp-json\/wp\/v2\/comments?post=9670"}],"version-history":[{"count":1,"href":"https:\/\/nahuelproducciones.com.ar\/radioquijano\/wp-json\/wp\/v2\/posts\/9670\/revisions"}],"predecessor-version":[{"id":9672,"href":"https:\/\/nahuelproducciones.com.ar\/radioquijano\/wp-json\/wp\/v2\/posts\/9670\/revisions\/9672"}],"wp:featuredmedia":[{"embeddable":true,"href":"https:\/\/nahuelproducciones.com.ar\/radioquijano\/wp-json\/wp\/v2\/media\/9671"}],"wp:attachment":[{"href":"https:\/\/nahuelproducciones.com.ar\/radioquijano\/wp-json\/wp\/v2\/media?parent=9670"}],"wp:term":[{"taxonomy":"category","embeddable":true,"href":"https:\/\/nahuelproducciones.com.ar\/radioquijano\/wp-json\/wp\/v2\/categories?post=9670"},{"taxonomy":"post_tag","embeddable":true,"href":"https:\/\/nahuelproducciones.com.ar\/radioquijano\/wp-json\/wp\/v2\/tags?post=9670"}],"curies":[{"name":"wp","href":"https:\/\/api.w.org\/{rel}","templated":true}]}}