{"id":9673,"date":"2025-02-23T12:06:39","date_gmt":"2025-02-23T15:06:39","guid":{"rendered":"https:\/\/nahuelproducciones.com.ar\/radioquijano\/?p=9673"},"modified":"2025-02-23T12:06:41","modified_gmt":"2025-02-23T15:06:41","slug":"el-circulo-medico-corto-el-credito-al-ips-por-falta-de-pago","status":"publish","type":"post","link":"https:\/\/nahuelproducciones.com.ar\/radioquijano\/el-circulo-medico-corto-el-credito-al-ips-por-falta-de-pago\/","title":{"rendered":"El C\u00edrculo M\u00e9dico cort\u00f3 el cr\u00e9dito al IPS por falta de pago"},"content":{"rendered":"\n<p>Este viernes el C\u00edrculo M\u00e9dico de Salta inform\u00f3 que a partir de las 00:00 horas de este s\u00e1bado 22 de febrero, cortar\u00e1n el cr\u00e9dito a afiliados del IPSS.<\/p>\n\n\n\n<p>\u201cA pesar de las numerosas gestiones realizadas para el pago de la deuda pendiente del IPSS por concepto de Pr\u00e1cticas M\u00e9dicas, lamentamos informar a nuestros socios que no hemos recibido respuestas favorables por parte de la Obra Social Provincial\u201d, explicaron.<\/p>\n\n\n\n<p>La medida implica que los afiliados a la obra social deber\u00e1n abonar la consulta m\u00e9dica de los profesiones que integren el C\u00edrculo, como as\u00ed tambi\u00e9n afrontar la totalidad de los gastos en el caso de cirug\u00edas.<\/p>\n\n\n\n<p>La semana pasada, el C\u00edrculo M\u00e9dico y el IPSS hab\u00eda alcanzado un principio de acuerdo tras un pago parcial de la duda, suspendiendo la medida de fuerza.<\/p>\n\n\n\n<figure class=\"wp-block-image size-full\"><img loading=\"lazy\" decoding=\"async\" width=\"923\" height=\"514\" src=\"https:\/\/nahuelproducciones.com.ar\/radioquijano\/wp-content\/uploads\/2025\/02\/image.png\" alt=\"\" class=\"wp-image-9674\" srcset=\"https:\/\/nahuelproducciones.com.ar\/radioquijano\/wp-content\/uploads\/2025\/02\/image.png 923w, https:\/\/nahuelproducciones.com.ar\/radioquijano\/wp-content\/uploads\/2025\/02\/image-300x167.png 300w, https:\/\/nahuelproducciones.com.ar\/radioquijano\/wp-content\/uploads\/2025\/02\/image-768x428.png 768w, https:\/\/nahuelproducciones.com.ar\/radioquijano\/wp-content\/uploads\/2025\/02\/image-150x84.png 150w\" sizes=\"auto, (max-width: 923px) 100vw, 923px\" \/><\/figure>\n\n\n\n<p>Fuente: Aries<\/p>\n\n\n\n<p><\/p>\n","protected":false},"excerpt":{"rendered":"<p>Este viernes el C\u00edrculo M\u00e9dico de Salta inform\u00f3 que a partir de las 00:00 horas de este s\u00e1bado 22 de febrero, cortar\u00e1n el cr\u00e9dito a afiliados del IPSS. \u201cA pesar de las numerosas gestiones realizadas para el pago de la deuda pendiente del IPSS por concepto de Pr\u00e1cticas M\u00e9dicas, lamentamos informar a nuestros socios que [&hellip;]<\/p>\n","protected":false},"author":8,"featured_media":9677,"comment_status":"open","ping_status":"open","sticky":false,"template":"","format":"standard","meta":{"_monsterinsights_skip_tracking":false,"_monsterinsights_sitenote_active":false,"_monsterinsights_sitenote_note":"","_monsterinsights_sitenote_category":0,"footnotes":""},"categories":[16],"tags":[1730,1208,100],"class_list":["post-9673","post","type-post","status-publish","format-standard","has-post-thumbnail","hentry","category-noticias","tag-circulo-medico","tag-ips","tag-municipio-de-campo-quijano"],"yoast_head":"<!-- This site is optimized with the Yoast SEO plugin v20.8 - https:\/\/yoast.com\/wordpress\/plugins\/seo\/ -->\n<title>El C\u00edrculo M\u00e9dico cort\u00f3 el cr\u00e9dito al IPS por falta de pago - RQ 99.9<\/title>\n<meta name=\"description\" content=\"La medida rige desde las 00 horas del s\u00e1bado 22 de febrero.\" \/>\n<meta name=\"robots\" content=\"index, follow, max-snippet:-1, max-image-preview:large, max-video-preview:-1\" \/>\n<link rel=\"canonical\" href=\"https:\/\/nahuelproducciones.com.ar\/radioquijano\/el-circulo-medico-corto-el-credito-al-ips-por-falta-de-pago\/\" \/>\n<meta property=\"og:locale\" content=\"es_ES\" \/>\n<meta property=\"og:type\" content=\"article\" \/>\n<meta property=\"og:title\" content=\"El C\u00edrculo M\u00e9dico cort\u00f3 el cr\u00e9dito al IPS por falta de pago - RQ 99.9\" \/>\n<meta property=\"og:description\" content=\"La medida rige desde las 00 horas del s\u00e1bado 22 de febrero.\" \/>\n<meta property=\"og:url\" content=\"https:\/\/nahuelproducciones.com.ar\/radioquijano\/el-circulo-medico-corto-el-credito-al-ips-por-falta-de-pago\/\" \/>\n<meta property=\"og:site_name\" content=\"RQ 99.9\" \/>\n<meta property=\"article:publisher\" content=\"https:\/\/www.facebook.com\/nahuelproducciones999\/\" \/>\n<meta property=\"article:published_time\" content=\"2025-02-23T15:06:39+00:00\" \/>\n<meta property=\"article:modified_time\" content=\"2025-02-23T15:06:41+00:00\" \/>\n<meta property=\"og:image\" content=\"https:\/\/nahuelproducciones.com.ar\/radioquijano\/wp-content\/uploads\/2025\/02\/70078-el-ips-continua-la-venta-de-ordenes-en-farmacias-y-autorizaciones-online-1-e1740323193486.jpg\" \/>\n\t<meta property=\"og:image:width\" content=\"700\" \/>\n\t<meta property=\"og:image:height\" content=\"467\" \/>\n\t<meta property=\"og:image:type\" content=\"image\/jpeg\" \/>\n<meta name=\"author\" content=\"Cecilia Pastrana\" \/>\n<meta name=\"twitter:card\" content=\"summary_large_image\" \/>\n<meta name=\"twitter:creator\" content=\"@nahuproduciones\" \/>\n<meta name=\"twitter:site\" content=\"@nahuproduciones\" \/>\n<meta name=\"twitter:label1\" content=\"Escrito por\" \/>\n\t<meta name=\"twitter:data1\" content=\"Cecilia Pastrana\" \/>\n\t<meta name=\"twitter:label2\" content=\"Tiempo de lectura\" \/>\n\t<meta name=\"twitter:data2\" content=\"1 minuto\" \/>\n<script type=\"application\/ld+json\" class=\"yoast-schema-graph\">{\"@context\":\"https:\/\/schema.org\",\"@graph\":[{\"@type\":\"WebPage\",\"@id\":\"https:\/\/nahuelproducciones.com.ar\/radioquijano\/el-circulo-medico-corto-el-credito-al-ips-por-falta-de-pago\/\",\"url\":\"https:\/\/nahuelproducciones.com.ar\/radioquijano\/el-circulo-medico-corto-el-credito-al-ips-por-falta-de-pago\/\",\"name\":\"El C\u00edrculo M\u00e9dico cort\u00f3 el cr\u00e9dito al IPS por falta de pago - RQ 99.9\",\"isPartOf\":{\"@id\":\"https:\/\/nahuelproducciones.com.ar\/radioquijano\/#website\"},\"datePublished\":\"2025-02-23T15:06:39+00:00\",\"dateModified\":\"2025-02-23T15:06:41+00:00\",\"author\":{\"@id\":\"https:\/\/nahuelproducciones.com.ar\/radioquijano\/#\/schema\/person\/e8a4f939e2cb487fe6d0c54042c9d32c\"},\"description\":\"La medida rige desde las 00 horas del s\u00e1bado 22 de febrero.\",\"breadcrumb\":{\"@id\":\"https:\/\/nahuelproducciones.com.ar\/radioquijano\/el-circulo-medico-corto-el-credito-al-ips-por-falta-de-pago\/#breadcrumb\"},\"inLanguage\":\"es\",\"potentialAction\":[{\"@type\":\"ReadAction\",\"target\":[\"https:\/\/nahuelproducciones.com.ar\/radioquijano\/el-circulo-medico-corto-el-credito-al-ips-por-falta-de-pago\/\"]}]},{\"@type\":\"BreadcrumbList\",\"@id\":\"https:\/\/nahuelproducciones.com.ar\/radioquijano\/el-circulo-medico-corto-el-credito-al-ips-por-falta-de-pago\/#breadcrumb\",\"itemListElement\":[{\"@type\":\"ListItem\",\"position\":1,\"name\":\"Portada\",\"item\":\"https:\/\/nahuelproducciones.com.ar\/radioquijano\/\"},{\"@type\":\"ListItem\",\"position\":2,\"name\":\"El C\u00edrculo M\u00e9dico cort\u00f3 el cr\u00e9dito al IPS por falta de pago\"}]},{\"@type\":\"WebSite\",\"@id\":\"https:\/\/nahuelproducciones.com.ar\/radioquijano\/#website\",\"url\":\"https:\/\/nahuelproducciones.com.ar\/radioquijano\/\",\"name\":\"RQ 99.9\",\"description\":\"Radio Quijano 99.9 MHz\",\"potentialAction\":[{\"@type\":\"SearchAction\",\"target\":{\"@type\":\"EntryPoint\",\"urlTemplate\":\"https:\/\/nahuelproducciones.com.ar\/radioquijano\/?s={search_term_string}\"},\"query-input\":\"required name=search_term_string\"}],\"inLanguage\":\"es\"},{\"@type\":\"Person\",\"@id\":\"https:\/\/nahuelproducciones.com.ar\/radioquijano\/#\/schema\/person\/e8a4f939e2cb487fe6d0c54042c9d32c\",\"name\":\"Cecilia Pastrana\",\"image\":{\"@type\":\"ImageObject\",\"inLanguage\":\"es\",\"@id\":\"https:\/\/nahuelproducciones.com.ar\/radioquijano\/#\/schema\/person\/image\/\",\"url\":\"https:\/\/secure.gravatar.com\/avatar\/661a3ef63a8488d4f2794ed44af8cf71420f7e106f3072c40125114df5157749?s=96&d=mm&r=g\",\"contentUrl\":\"https:\/\/secure.gravatar.com\/avatar\/661a3ef63a8488d4f2794ed44af8cf71420f7e106f3072c40125114df5157749?s=96&d=mm&r=g\",\"caption\":\"Cecilia Pastrana\"},\"sameAs\":[\"cecy\"],\"url\":\"https:\/\/nahuelproducciones.com.ar\/radioquijano\/author\/cecy\/\"}]}<\/script>\n<!-- \/ Yoast SEO plugin. -->","yoast_head_json":{"title":"El C\u00edrculo M\u00e9dico cort\u00f3 el cr\u00e9dito al IPS por falta de pago - RQ 99.9","description":"La medida rige desde las 00 horas del s\u00e1bado 22 de febrero.","robots":{"index":"index","follow":"follow","max-snippet":"max-snippet:-1","max-image-preview":"max-image-preview:large","max-video-preview":"max-video-preview:-1"},"canonical":"https:\/\/nahuelproducciones.com.ar\/radioquijano\/el-circulo-medico-corto-el-credito-al-ips-por-falta-de-pago\/","og_locale":"es_ES","og_type":"article","og_title":"El C\u00edrculo M\u00e9dico cort\u00f3 el cr\u00e9dito al IPS por falta de pago - RQ 99.9","og_description":"La medida rige desde las 00 horas del s\u00e1bado 22 de febrero.","og_url":"https:\/\/nahuelproducciones.com.ar\/radioquijano\/el-circulo-medico-corto-el-credito-al-ips-por-falta-de-pago\/","og_site_name":"RQ 99.9","article_publisher":"https:\/\/www.facebook.com\/nahuelproducciones999\/","article_published_time":"2025-02-23T15:06:39+00:00","article_modified_time":"2025-02-23T15:06:41+00:00","og_image":[{"width":700,"height":467,"url":"https:\/\/nahuelproducciones.com.ar\/radioquijano\/wp-content\/uploads\/2025\/02\/70078-el-ips-continua-la-venta-de-ordenes-en-farmacias-y-autorizaciones-online-1-e1740323193486.jpg","type":"image\/jpeg"}],"author":"Cecilia Pastrana","twitter_card":"summary_large_image","twitter_creator":"@nahuproduciones","twitter_site":"@nahuproduciones","twitter_misc":{"Escrito por":"Cecilia Pastrana","Tiempo de lectura":"1 minuto"},"schema":{"@context":"https:\/\/schema.org","@graph":[{"@type":"WebPage","@id":"https:\/\/nahuelproducciones.com.ar\/radioquijano\/el-circulo-medico-corto-el-credito-al-ips-por-falta-de-pago\/","url":"https:\/\/nahuelproducciones.com.ar\/radioquijano\/el-circulo-medico-corto-el-credito-al-ips-por-falta-de-pago\/","name":"El C\u00edrculo M\u00e9dico cort\u00f3 el cr\u00e9dito al IPS por falta de pago - RQ 99.9","isPartOf":{"@id":"https:\/\/nahuelproducciones.com.ar\/radioquijano\/#website"},"datePublished":"2025-02-23T15:06:39+00:00","dateModified":"2025-02-23T15:06:41+00:00","author":{"@id":"https:\/\/nahuelproducciones.com.ar\/radioquijano\/#\/schema\/person\/e8a4f939e2cb487fe6d0c54042c9d32c"},"description":"La medida rige desde las 00 horas del s\u00e1bado 22 de febrero.","breadcrumb":{"@id":"https:\/\/nahuelproducciones.com.ar\/radioquijano\/el-circulo-medico-corto-el-credito-al-ips-por-falta-de-pago\/#breadcrumb"},"inLanguage":"es","potentialAction":[{"@type":"ReadAction","target":["https:\/\/nahuelproducciones.com.ar\/radioquijano\/el-circulo-medico-corto-el-credito-al-ips-por-falta-de-pago\/"]}]},{"@type":"BreadcrumbList","@id":"https:\/\/nahuelproducciones.com.ar\/radioquijano\/el-circulo-medico-corto-el-credito-al-ips-por-falta-de-pago\/#breadcrumb","itemListElement":[{"@type":"ListItem","position":1,"name":"Portada","item":"https:\/\/nahuelproducciones.com.ar\/radioquijano\/"},{"@type":"ListItem","position":2,"name":"El C\u00edrculo M\u00e9dico cort\u00f3 el cr\u00e9dito al IPS por falta de pago"}]},{"@type":"WebSite","@id":"https:\/\/nahuelproducciones.com.ar\/radioquijano\/#website","url":"https:\/\/nahuelproducciones.com.ar\/radioquijano\/","name":"RQ 99.9","description":"Radio Quijano 99.9 MHz","potentialAction":[{"@type":"SearchAction","target":{"@type":"EntryPoint","urlTemplate":"https:\/\/nahuelproducciones.com.ar\/radioquijano\/?s={search_term_string}"},"query-input":"required name=search_term_string"}],"inLanguage":"es"},{"@type":"Person","@id":"https:\/\/nahuelproducciones.com.ar\/radioquijano\/#\/schema\/person\/e8a4f939e2cb487fe6d0c54042c9d32c","name":"Cecilia Pastrana","image":{"@type":"ImageObject","inLanguage":"es","@id":"https:\/\/nahuelproducciones.com.ar\/radioquijano\/#\/schema\/person\/image\/","url":"https:\/\/secure.gravatar.com\/avatar\/661a3ef63a8488d4f2794ed44af8cf71420f7e106f3072c40125114df5157749?s=96&d=mm&r=g","contentUrl":"https:\/\/secure.gravatar.com\/avatar\/661a3ef63a8488d4f2794ed44af8cf71420f7e106f3072c40125114df5157749?s=96&d=mm&r=g","caption":"Cecilia Pastrana"},"sameAs":["cecy"],"url":"https:\/\/nahuelproducciones.com.ar\/radioquijano\/author\/cecy\/"}]}},"_links":{"self":[{"href":"https:\/\/nahuelproducciones.com.ar\/radioquijano\/wp-json\/wp\/v2\/posts\/9673","targetHints":{"allow":["GET"]}}],"collection":[{"href":"https:\/\/nahuelproducciones.com.ar\/radioquijano\/wp-json\/wp\/v2\/posts"}],"about":[{"href":"https:\/\/nahuelproducciones.com.ar\/radioquijano\/wp-json\/wp\/v2\/types\/post"}],"author":[{"embeddable":true,"href":"https:\/\/nahuelproducciones.com.ar\/radioquijano\/wp-json\/wp\/v2\/users\/8"}],"replies":[{"embeddable":true,"href":"https:\/\/nahuelproducciones.com.ar\/radioquijano\/wp-json\/wp\/v2\/comments?post=9673"}],"version-history":[{"count":1,"href":"https:\/\/nahuelproducciones.com.ar\/radioquijano\/wp-json\/wp\/v2\/posts\/9673\/revisions"}],"predecessor-version":[{"id":9678,"href":"https:\/\/nahuelproducciones.com.ar\/radioquijano\/wp-json\/wp\/v2\/posts\/9673\/revisions\/9678"}],"wp:featuredmedia":[{"embeddable":true,"href":"https:\/\/nahuelproducciones.com.ar\/radioquijano\/wp-json\/wp\/v2\/media\/9677"}],"wp:attachment":[{"href":"https:\/\/nahuelproducciones.com.ar\/radioquijano\/wp-json\/wp\/v2\/media?parent=9673"}],"wp:term":[{"taxonomy":"category","embeddable":true,"href":"https:\/\/nahuelproducciones.com.ar\/radioquijano\/wp-json\/wp\/v2\/categories?post=9673"},{"taxonomy":"post_tag","embeddable":true,"href":"https:\/\/nahuelproducciones.com.ar\/radioquijano\/wp-json\/wp\/v2\/tags?post=9673"}],"curies":[{"name":"wp","href":"https:\/\/api.w.org\/{rel}","templated":true}]}}