{"id":9679,"date":"2025-02-23T12:15:58","date_gmt":"2025-02-23T15:15:58","guid":{"rendered":"https:\/\/nahuelproducciones.com.ar\/radioquijano\/?p=9679"},"modified":"2025-02-23T12:15:59","modified_gmt":"2025-02-23T15:15:59","slug":"estados-de-rutas-nacionales-y-provinciales-de-salta","status":"publish","type":"post","link":"https:\/\/nahuelproducciones.com.ar\/radioquijano\/estados-de-rutas-nacionales-y-provinciales-de-salta\/","title":{"rendered":"ESTADOS DE RUTAS NACIONALES Y PROVINCIALES DE SALTA"},"content":{"rendered":"\n<p>La Subsecretar\u00eda de Defensa Civil de la provincia inform\u00f3 que, este domingo 23 de febrero, las rutas nacionales y provinciales se \u00abencuentran transitables con mucha precauci\u00f3n por acumulaci\u00f3n de agua en la banquina\u00bb.\u00a0<\/p>\n\n\n\n<ul class=\"wp-block-list\">\n<li><strong>DEPARTAMENTO ORAN<\/strong> (Tiempo: 23\u00ba\/39\u00ba &nbsp;Soleado )<\/li>\n<\/ul>\n\n\n\n<ul class=\"wp-block-list\">\n<li><strong>Rutas Nacionales:<\/strong> <strong>Ruta N\u00ba 34<\/strong>, Se encuentra transitable con precauci\u00f3n por animales sueltos. Precauci\u00f3n empalme de ruta nacional 34 con ruta nacional 50 por tr\u00e1nsito de camiones. <strong>Ruta N\u00aa 50<\/strong>, Se encuentra transitable con precauci\u00f3n, animales sueltos altura localidad de Hip\u00f3lito Irigoyen .<\/li>\n\n\n\n<li><strong>Rutas Provinciales<\/strong>: <strong>Rutas&nbsp; N\u00ba 13, 18 y 19<\/strong>, Se encuentran transitables con precauci\u00f3n<\/li>\n<\/ul>\n\n\n\n<ul class=\"wp-block-list\">\n<li><strong>DEPARTAMENTO SAN MARTIN<\/strong> ( Tiempo 24\u00ba\/38\u00ba Soleado )<\/li>\n<\/ul>\n\n\n\n<ul class=\"wp-block-list\">\n<li><strong>Rutas Nacionales: Ruta N\u00ba 34<\/strong>, Se encuentra transitable con precauci\u00f3n por animales sueltos. Maquinas trabajando en el tramo Pichanal-Embarcaci\u00f3n ( Quebrada de Galarza, Cu\u00f1a Muerta y Virgen de la Pe\u00f1a)Extremar la precauci\u00f3n empalme ruta nacional 34 y ruta nacional 81<strong>. Ruta N\u00ba 81<\/strong>, Se encuentra transitable con precauci\u00f3n por &nbsp;animales sueltos.( Control de Gendarmer\u00eda Nacional entre ruta nacional N\u00ba 34 y ruta nacional N\u00ba 81). Vialidad Nacional trabaja en el corte de pasto sobre la banquina. <strong>&nbsp;Rutas Provinciales: Rutas N\u00ba 46 y 54<\/strong>, Se encuentran transitables con precauci\u00f3n.<\/li>\n<\/ul>\n\n\n\n<ul class=\"wp-block-list\">\n<li><strong>DEPARTAMENTO SAN JOSE DE METAN <\/strong>(Tiempo 21\u00ba\/33\u00ba Parcialmente Nublado )<\/li>\n<\/ul>\n\n\n\n<ul class=\"wp-block-list\">\n<li><strong>Rutas Nacionales<\/strong>: <strong>Rutas N\u00ba &nbsp;9\/\/34<\/strong>, Se encuentra transitable con mucha precauci\u00f3n (Extremar la precauci\u00f3n desde el recorrido Rosario de la Frontera \u2013 Metan y Viceversa por ruta marcada). Actualmente se encuentra Vialidad Nacional trabajando sobre la ruta..<\/li>\n\n\n\n<li><strong>Rutas Provinciales<\/strong>: <strong>Rutas N\u00ba 25 y 35<\/strong>, Se encuentran transitables con precauci\u00f3n.<\/li>\n<\/ul>\n\n\n\n<ul class=\"wp-block-list\">\n<li><strong>DEPARTAMENTO ANTA <\/strong>( Tiempo 25\u00ba\/37\u00ba &nbsp; Soleado )<\/li>\n<\/ul>\n\n\n\n<ul class=\"wp-block-list\">\n<li><strong>Rutas Nacionales<\/strong>: <strong>Ruta N\u00ba 16<\/strong>, Se encuentra transitable con mucha precauci\u00f3n por paso de camiones. <strong>Quebrachal:<\/strong> Transito con precauci\u00f3n. Maquinas trabajando en bacheo &nbsp;entre el&nbsp; km 665&nbsp; al&nbsp; 694.<\/li>\n\n\n\n<li><strong>Rutas provinciales<\/strong>: <strong>Rutas N\u00ba&nbsp; 5, 29, 30, 41 y 54<\/strong>, Se encuentran transitables con precauci\u00f3n.<\/li>\n<\/ul>\n\n\n\n<ul class=\"wp-block-list\">\n<li><strong>DEPARTAMENTO CAFAYATE<\/strong><\/li>\n<\/ul>\n\n\n\n<p>( Tiempo 16\u00ba\/29\u00ba&nbsp; Parcialmente Nublado )<\/p>\n\n\n\n<ul class=\"wp-block-list\">\n<li><strong>Rutas Nacionales: Ruta N\u00ba 68, <\/strong>Se encuentra transitable con mucha precauci\u00f3n por acumulaci\u00f3n de sedimentos, vialidad nacional se encuentra trabajando en varios tramos de la ruta. Precauci\u00f3n por tr\u00e1nsito fluido .<strong>Ruta N\u00ba 40<\/strong>, transitar con precauci\u00f3n sobre rio San Antonio, Quebrada El Tonco, Quebrada de Salta por maquinas trabajando sobre la ruta y sedimentos aluvionales entre Angastaco y La Poma (km 4414 a 4553).<\/li>\n<\/ul>\n\n\n\n<ul class=\"wp-block-list\">\n<li><strong>DEPARTAMENTO CHICOANA<\/strong><\/li>\n<\/ul>\n\n\n\n<p>( Tiempo 18\u00ba\/27\u00ba&nbsp; Mayormente Soleado )<\/p>\n\n\n\n<ul class=\"wp-block-list\">\n<li><strong>Ruta Provincial. Rutas N\u00ba 33, <\/strong>Se encuentra transitable con mucha precauci\u00f3n por arroyos, vialidad de la provincia se encuentra trabajando en la zona . En horas de la ma\u00f1ana y a \u00faltimas horas de la tarde extremar la precauci\u00f3n por neblinas. Respete la velocidad m\u00e1xima en Parque Nacional Los Cardones que es de 60 km\/hs. Precauci\u00f3n al pasar por arroyos.<\/li>\n<\/ul>\n\n\n\n<ul class=\"wp-block-list\">\n<li><strong>DEPARTAMENTO LOS ANDES <\/strong>( Tiempo 5\u00ba\/21\u00ba Soleado)<\/li>\n<\/ul>\n\n\n\n<ul class=\"wp-block-list\">\n<li><strong>Rutas Nacionales<\/strong>: <strong>Ruta N\u00ba 40<\/strong>, por el nevado de El Acay&nbsp; (La Quesera km 4578) transitable con mucha precauci\u00f3n, obreros trabajando en todo el tramo de la ruta. <strong>Ruta N\u00ba 51, <\/strong>transitable &nbsp;con mucha precauci\u00f3n, Vialidad Nacional se encuentra trabajando en varios tramos de la ruta ( El Cebollar, Estaci\u00f3n Chorrillos. Precauci\u00f3n por acumulaci\u00f3n de agua y sedimentos aluvionales sobre la banquina. Circular con Precauci\u00f3n entre el km 31 al &#8211; km 10. Maquinas Trabajando ( Ruta 40 a Talapampa )<\/li>\n\n\n\n<li><strong>Ruta Provincial<\/strong>: <strong>Ruta N\u00ba 27<\/strong>, Se encuentra transitable con mucha precauci\u00f3n por maquinarias y obreros trabajando sobre la ruta.<\/li>\n<\/ul>\n\n\n\n<ul class=\"wp-block-list\">\n<li><strong>DEPARTAMENTO DE IRUYA<\/strong> ( Tiempo 12\u00ba\/23\u00ba Soleado)<\/li>\n<\/ul>\n\n\n\n<ul class=\"wp-block-list\">\n<li><strong>Ruta Provincial<\/strong>: <strong>Ruta N\u00ba 133<\/strong>, Se encuentra transitable con mucha precauci\u00f3n por ruta\u00a0 sin pavimentar. Extremar las precauciones por el paso en \u00a0r\u00edo Iturbe y Colanzuli.<\/li>\n<\/ul>\n\n\n\n<ul class=\"wp-block-list\">\n<li><strong>DEPARTAMENTO DE LA CALDERA<\/strong> ( Tiempo&nbsp; 18\u00ba\/31\u00ba&nbsp; Parcialmente Nublado )<\/li>\n<\/ul>\n","protected":false},"excerpt":{"rendered":"<p>La Subsecretar\u00eda de Defensa Civil de la provincia inform\u00f3 que, este domingo 23 de febrero, las rutas nacionales y provinciales se \u00abencuentran transitables con mucha precauci\u00f3n por acumulaci\u00f3n de agua en la banquina\u00bb.\u00a0 ( Tiempo 16\u00ba\/29\u00ba&nbsp; Parcialmente Nublado ) ( Tiempo 18\u00ba\/27\u00ba&nbsp; Mayormente Soleado )<\/p>\n","protected":false},"author":8,"featured_media":9632,"comment_status":"open","ping_status":"open","sticky":false,"template":"","format":"standard","meta":{"_monsterinsights_skip_tracking":false,"_monsterinsights_sitenote_active":false,"_monsterinsights_sitenote_note":"","_monsterinsights_sitenote_category":0,"footnotes":""},"categories":[16],"tags":[1668,100,1243],"class_list":["post-9679","post","type-post","status-publish","format-standard","has-post-thumbnail","hentry","category-noticias","tag-estado-de-las-rutas","tag-municipio-de-campo-quijano","tag-subsecretaria-de-defensa-civil-2"],"yoast_head":"<!-- This site is optimized with the Yoast SEO plugin v20.8 - https:\/\/yoast.com\/wordpress\/plugins\/seo\/ -->\n<title>ESTADOS DE RUTAS NACIONALES Y PROVINCIALES DE SALTA - RQ 99.9<\/title>\n<meta name=\"description\" content=\"Se &quot;encuentran transitables con mucha precauci\u00f3n por acumulaci\u00f3n de agua en la banquina&quot;.\u00a0\" \/>\n<meta name=\"robots\" content=\"index, follow, max-snippet:-1, max-image-preview:large, max-video-preview:-1\" \/>\n<link rel=\"canonical\" href=\"https:\/\/nahuelproducciones.com.ar\/radioquijano\/estados-de-rutas-nacionales-y-provinciales-de-salta\/\" \/>\n<meta property=\"og:locale\" content=\"es_ES\" \/>\n<meta property=\"og:type\" content=\"article\" \/>\n<meta property=\"og:title\" content=\"ESTADOS DE RUTAS NACIONALES Y PROVINCIALES DE SALTA - RQ 99.9\" \/>\n<meta property=\"og:description\" content=\"Se &quot;encuentran transitables con mucha precauci\u00f3n por acumulaci\u00f3n de agua en la banquina&quot;.\u00a0\" \/>\n<meta property=\"og:url\" content=\"https:\/\/nahuelproducciones.com.ar\/radioquijano\/estados-de-rutas-nacionales-y-provinciales-de-salta\/\" \/>\n<meta property=\"og:site_name\" content=\"RQ 99.9\" \/>\n<meta property=\"article:publisher\" content=\"https:\/\/www.facebook.com\/nahuelproducciones999\/\" \/>\n<meta property=\"article:published_time\" content=\"2025-02-23T15:15:58+00:00\" \/>\n<meta property=\"article:modified_time\" content=\"2025-02-23T15:15:59+00:00\" \/>\n<meta property=\"og:image\" content=\"https:\/\/nahuelproducciones.com.ar\/radioquijano\/wp-content\/uploads\/2025\/02\/59589e60-e276-4c90-a64d-64fc0748045a-e1739718713803.jpeg\" \/>\n\t<meta property=\"og:image:width\" content=\"700\" \/>\n\t<meta property=\"og:image:height\" content=\"525\" \/>\n\t<meta property=\"og:image:type\" content=\"image\/jpeg\" \/>\n<meta name=\"author\" content=\"Cecilia Pastrana\" \/>\n<meta name=\"twitter:card\" content=\"summary_large_image\" \/>\n<meta name=\"twitter:creator\" content=\"@nahuproduciones\" \/>\n<meta name=\"twitter:site\" content=\"@nahuproduciones\" \/>\n<meta name=\"twitter:label1\" content=\"Escrito por\" \/>\n\t<meta name=\"twitter:data1\" content=\"Cecilia Pastrana\" \/>\n\t<meta name=\"twitter:label2\" content=\"Tiempo de lectura\" \/>\n\t<meta name=\"twitter:data2\" content=\"3 minutos\" \/>\n<script type=\"application\/ld+json\" class=\"yoast-schema-graph\">{\"@context\":\"https:\/\/schema.org\",\"@graph\":[{\"@type\":\"WebPage\",\"@id\":\"https:\/\/nahuelproducciones.com.ar\/radioquijano\/estados-de-rutas-nacionales-y-provinciales-de-salta\/\",\"url\":\"https:\/\/nahuelproducciones.com.ar\/radioquijano\/estados-de-rutas-nacionales-y-provinciales-de-salta\/\",\"name\":\"ESTADOS DE RUTAS NACIONALES Y PROVINCIALES DE SALTA - RQ 99.9\",\"isPartOf\":{\"@id\":\"https:\/\/nahuelproducciones.com.ar\/radioquijano\/#website\"},\"datePublished\":\"2025-02-23T15:15:58+00:00\",\"dateModified\":\"2025-02-23T15:15:59+00:00\",\"author\":{\"@id\":\"https:\/\/nahuelproducciones.com.ar\/radioquijano\/#\/schema\/person\/e8a4f939e2cb487fe6d0c54042c9d32c\"},\"description\":\"Se \\\"encuentran transitables con mucha precauci\u00f3n por acumulaci\u00f3n de agua en la banquina\\\".\u00a0\",\"breadcrumb\":{\"@id\":\"https:\/\/nahuelproducciones.com.ar\/radioquijano\/estados-de-rutas-nacionales-y-provinciales-de-salta\/#breadcrumb\"},\"inLanguage\":\"es\",\"potentialAction\":[{\"@type\":\"ReadAction\",\"target\":[\"https:\/\/nahuelproducciones.com.ar\/radioquijano\/estados-de-rutas-nacionales-y-provinciales-de-salta\/\"]}]},{\"@type\":\"BreadcrumbList\",\"@id\":\"https:\/\/nahuelproducciones.com.ar\/radioquijano\/estados-de-rutas-nacionales-y-provinciales-de-salta\/#breadcrumb\",\"itemListElement\":[{\"@type\":\"ListItem\",\"position\":1,\"name\":\"Portada\",\"item\":\"https:\/\/nahuelproducciones.com.ar\/radioquijano\/\"},{\"@type\":\"ListItem\",\"position\":2,\"name\":\"ESTADOS DE RUTAS NACIONALES Y PROVINCIALES DE SALTA\"}]},{\"@type\":\"WebSite\",\"@id\":\"https:\/\/nahuelproducciones.com.ar\/radioquijano\/#website\",\"url\":\"https:\/\/nahuelproducciones.com.ar\/radioquijano\/\",\"name\":\"RQ 99.9\",\"description\":\"Radio Quijano 99.9 MHz\",\"potentialAction\":[{\"@type\":\"SearchAction\",\"target\":{\"@type\":\"EntryPoint\",\"urlTemplate\":\"https:\/\/nahuelproducciones.com.ar\/radioquijano\/?s={search_term_string}\"},\"query-input\":\"required name=search_term_string\"}],\"inLanguage\":\"es\"},{\"@type\":\"Person\",\"@id\":\"https:\/\/nahuelproducciones.com.ar\/radioquijano\/#\/schema\/person\/e8a4f939e2cb487fe6d0c54042c9d32c\",\"name\":\"Cecilia Pastrana\",\"image\":{\"@type\":\"ImageObject\",\"inLanguage\":\"es\",\"@id\":\"https:\/\/nahuelproducciones.com.ar\/radioquijano\/#\/schema\/person\/image\/\",\"url\":\"https:\/\/secure.gravatar.com\/avatar\/661a3ef63a8488d4f2794ed44af8cf71420f7e106f3072c40125114df5157749?s=96&d=mm&r=g\",\"contentUrl\":\"https:\/\/secure.gravatar.com\/avatar\/661a3ef63a8488d4f2794ed44af8cf71420f7e106f3072c40125114df5157749?s=96&d=mm&r=g\",\"caption\":\"Cecilia Pastrana\"},\"sameAs\":[\"cecy\"],\"url\":\"https:\/\/nahuelproducciones.com.ar\/radioquijano\/author\/cecy\/\"}]}<\/script>\n<!-- \/ Yoast SEO plugin. -->","yoast_head_json":{"title":"ESTADOS DE RUTAS NACIONALES Y PROVINCIALES DE SALTA - RQ 99.9","description":"Se \"encuentran transitables con mucha precauci\u00f3n por acumulaci\u00f3n de agua en la banquina\".\u00a0","robots":{"index":"index","follow":"follow","max-snippet":"max-snippet:-1","max-image-preview":"max-image-preview:large","max-video-preview":"max-video-preview:-1"},"canonical":"https:\/\/nahuelproducciones.com.ar\/radioquijano\/estados-de-rutas-nacionales-y-provinciales-de-salta\/","og_locale":"es_ES","og_type":"article","og_title":"ESTADOS DE RUTAS NACIONALES Y PROVINCIALES DE SALTA - RQ 99.9","og_description":"Se \"encuentran transitables con mucha precauci\u00f3n por acumulaci\u00f3n de agua en la banquina\".\u00a0","og_url":"https:\/\/nahuelproducciones.com.ar\/radioquijano\/estados-de-rutas-nacionales-y-provinciales-de-salta\/","og_site_name":"RQ 99.9","article_publisher":"https:\/\/www.facebook.com\/nahuelproducciones999\/","article_published_time":"2025-02-23T15:15:58+00:00","article_modified_time":"2025-02-23T15:15:59+00:00","og_image":[{"width":700,"height":525,"url":"https:\/\/nahuelproducciones.com.ar\/radioquijano\/wp-content\/uploads\/2025\/02\/59589e60-e276-4c90-a64d-64fc0748045a-e1739718713803.jpeg","type":"image\/jpeg"}],"author":"Cecilia Pastrana","twitter_card":"summary_large_image","twitter_creator":"@nahuproduciones","twitter_site":"@nahuproduciones","twitter_misc":{"Escrito por":"Cecilia Pastrana","Tiempo de lectura":"3 minutos"},"schema":{"@context":"https:\/\/schema.org","@graph":[{"@type":"WebPage","@id":"https:\/\/nahuelproducciones.com.ar\/radioquijano\/estados-de-rutas-nacionales-y-provinciales-de-salta\/","url":"https:\/\/nahuelproducciones.com.ar\/radioquijano\/estados-de-rutas-nacionales-y-provinciales-de-salta\/","name":"ESTADOS DE RUTAS NACIONALES Y PROVINCIALES DE SALTA - RQ 99.9","isPartOf":{"@id":"https:\/\/nahuelproducciones.com.ar\/radioquijano\/#website"},"datePublished":"2025-02-23T15:15:58+00:00","dateModified":"2025-02-23T15:15:59+00:00","author":{"@id":"https:\/\/nahuelproducciones.com.ar\/radioquijano\/#\/schema\/person\/e8a4f939e2cb487fe6d0c54042c9d32c"},"description":"Se \"encuentran transitables con mucha precauci\u00f3n por acumulaci\u00f3n de agua en la banquina\".\u00a0","breadcrumb":{"@id":"https:\/\/nahuelproducciones.com.ar\/radioquijano\/estados-de-rutas-nacionales-y-provinciales-de-salta\/#breadcrumb"},"inLanguage":"es","potentialAction":[{"@type":"ReadAction","target":["https:\/\/nahuelproducciones.com.ar\/radioquijano\/estados-de-rutas-nacionales-y-provinciales-de-salta\/"]}]},{"@type":"BreadcrumbList","@id":"https:\/\/nahuelproducciones.com.ar\/radioquijano\/estados-de-rutas-nacionales-y-provinciales-de-salta\/#breadcrumb","itemListElement":[{"@type":"ListItem","position":1,"name":"Portada","item":"https:\/\/nahuelproducciones.com.ar\/radioquijano\/"},{"@type":"ListItem","position":2,"name":"ESTADOS DE RUTAS NACIONALES Y PROVINCIALES DE SALTA"}]},{"@type":"WebSite","@id":"https:\/\/nahuelproducciones.com.ar\/radioquijano\/#website","url":"https:\/\/nahuelproducciones.com.ar\/radioquijano\/","name":"RQ 99.9","description":"Radio Quijano 99.9 MHz","potentialAction":[{"@type":"SearchAction","target":{"@type":"EntryPoint","urlTemplate":"https:\/\/nahuelproducciones.com.ar\/radioquijano\/?s={search_term_string}"},"query-input":"required name=search_term_string"}],"inLanguage":"es"},{"@type":"Person","@id":"https:\/\/nahuelproducciones.com.ar\/radioquijano\/#\/schema\/person\/e8a4f939e2cb487fe6d0c54042c9d32c","name":"Cecilia Pastrana","image":{"@type":"ImageObject","inLanguage":"es","@id":"https:\/\/nahuelproducciones.com.ar\/radioquijano\/#\/schema\/person\/image\/","url":"https:\/\/secure.gravatar.com\/avatar\/661a3ef63a8488d4f2794ed44af8cf71420f7e106f3072c40125114df5157749?s=96&d=mm&r=g","contentUrl":"https:\/\/secure.gravatar.com\/avatar\/661a3ef63a8488d4f2794ed44af8cf71420f7e106f3072c40125114df5157749?s=96&d=mm&r=g","caption":"Cecilia Pastrana"},"sameAs":["cecy"],"url":"https:\/\/nahuelproducciones.com.ar\/radioquijano\/author\/cecy\/"}]}},"_links":{"self":[{"href":"https:\/\/nahuelproducciones.com.ar\/radioquijano\/wp-json\/wp\/v2\/posts\/9679","targetHints":{"allow":["GET"]}}],"collection":[{"href":"https:\/\/nahuelproducciones.com.ar\/radioquijano\/wp-json\/wp\/v2\/posts"}],"about":[{"href":"https:\/\/nahuelproducciones.com.ar\/radioquijano\/wp-json\/wp\/v2\/types\/post"}],"author":[{"embeddable":true,"href":"https:\/\/nahuelproducciones.com.ar\/radioquijano\/wp-json\/wp\/v2\/users\/8"}],"replies":[{"embeddable":true,"href":"https:\/\/nahuelproducciones.com.ar\/radioquijano\/wp-json\/wp\/v2\/comments?post=9679"}],"version-history":[{"count":1,"href":"https:\/\/nahuelproducciones.com.ar\/radioquijano\/wp-json\/wp\/v2\/posts\/9679\/revisions"}],"predecessor-version":[{"id":9680,"href":"https:\/\/nahuelproducciones.com.ar\/radioquijano\/wp-json\/wp\/v2\/posts\/9679\/revisions\/9680"}],"wp:featuredmedia":[{"embeddable":true,"href":"https:\/\/nahuelproducciones.com.ar\/radioquijano\/wp-json\/wp\/v2\/media\/9632"}],"wp:attachment":[{"href":"https:\/\/nahuelproducciones.com.ar\/radioquijano\/wp-json\/wp\/v2\/media?parent=9679"}],"wp:term":[{"taxonomy":"category","embeddable":true,"href":"https:\/\/nahuelproducciones.com.ar\/radioquijano\/wp-json\/wp\/v2\/categories?post=9679"},{"taxonomy":"post_tag","embeddable":true,"href":"https:\/\/nahuelproducciones.com.ar\/radioquijano\/wp-json\/wp\/v2\/tags?post=9679"}],"curies":[{"name":"wp","href":"https:\/\/api.w.org\/{rel}","templated":true}]}}