{"id":9681,"date":"2025-02-24T16:38:59","date_gmt":"2025-02-24T19:38:59","guid":{"rendered":"https:\/\/nahuelproducciones.com.ar\/radioquijano\/?p=9681"},"modified":"2025-02-24T16:39:00","modified_gmt":"2025-02-24T19:39:00","slug":"campo-quijano-desafio-a-la-justicia-y-entro-a-la-casa-de-su-abuelo-a-quien-habia-amenazado-con-quemarle-el-taller","status":"publish","type":"post","link":"https:\/\/nahuelproducciones.com.ar\/radioquijano\/campo-quijano-desafio-a-la-justicia-y-entro-a-la-casa-de-su-abuelo-a-quien-habia-amenazado-con-quemarle-el-taller\/","title":{"rendered":"Campo Quijano: Desafi\u00f3 a la justicia y entr\u00f3 a la casa de su abuelo, a quien hab\u00eda amenazado con quemarle el taller"},"content":{"rendered":"\n<p><em><strong>Ocurri\u00f3 en Campo Quijano. El joven ya estaba notificado sobre la prohibici\u00f3n de acercamiento al domicilio.<\/strong><\/em><\/p>\n\n\n\n<p>El&nbsp;<strong>fiscal penal de Rosario de Lerma, Daniel Alejandro Escalante,<\/strong>&nbsp;imput\u00f3 a un hombre de 24 a\u00f1os de edad,&nbsp;&nbsp;por la comisi\u00f3n de los delitos de&nbsp;<em>amenazas y desobediencia judicial<\/em>&nbsp;en concurso real, tras las evidencias obtenidas en el marco de la investigaci\u00f3n llevada adelante junto a la Comisar\u00eda 7 de Campo Quijano.<\/p>\n\n\n\n<p>El 20 de febrero un hombre radic\u00f3 la denuncia contra su nieto, quien, incumpliendo medidas judiciales que le proh\u00edben el acceso a la vivienda, ingres\u00f3 a su domicilio de barrio 24 de Septiembre, de Campo Quijano.&nbsp;<\/p>\n\n\n\n<p>El denunciante manifest\u00f3 que no es la primera vez que su nieto ingresa a la casa sin autorizaci\u00f3n, lo que ha generado un conflicto familiar, especialmente debido al consumo de sustancias prohibidas por parte del imputado y su negativa a recibir tratamiento.&nbsp;<\/p>\n\n\n\n<p>En relaci\u00f3n con el comportamiento del acusado, tambi\u00e9n se encontr\u00f3 un antecedente de denuncia previa, donde el 29 de noviembre de 2024, habr\u00eda amenazado a su abuelo con destruir su taller de artesan\u00eda. La denuncia fue elevada a los efectivos policiales quienes, al intervenir, constataron que el acusado presentaba un comportamiento violento y agresivo, asociado al consumo de estupefacientes.<\/p>\n\n\n\n<p>El Juzgado de Violencia Familiar y de G\u00e9nero 2 hab\u00eda dispuesto, la\u00a0<em>exclusi\u00f3n del hogar\u00a0<\/em>y la\u00a0<em>prohibici\u00f3n de acercamiento<\/em>\u00a0del imputado a 300 metros de su abuelo, medidas que fueron debidamente notificadas.<\/p>\n\n\n\n<p>Fuente: Ministerio P\u00fablico Fiscal de Salta<\/p>\n","protected":false},"excerpt":{"rendered":"<p>Ocurri\u00f3 en Campo Quijano. El joven ya estaba notificado sobre la prohibici\u00f3n de acercamiento al domicilio. El&nbsp;fiscal penal de Rosario de Lerma, Daniel Alejandro Escalante,&nbsp;imput\u00f3 a un hombre de 24 a\u00f1os de edad,&nbsp;&nbsp;por la comisi\u00f3n de los delitos de&nbsp;amenazas y desobediencia judicial&nbsp;en concurso real, tras las evidencias obtenidas en el marco de la investigaci\u00f3n llevada [&hellip;]<\/p>\n","protected":false},"author":8,"featured_media":9682,"comment_status":"open","ping_status":"open","sticky":false,"template":"","format":"standard","meta":{"_monsterinsights_skip_tracking":false,"_monsterinsights_sitenote_active":false,"_monsterinsights_sitenote_note":"","_monsterinsights_sitenote_category":0,"footnotes":""},"categories":[16],"tags":[36,1077,100],"class_list":["post-9681","post","type-post","status-publish","format-standard","has-post-thumbnail","hentry","category-noticias","tag-campo-quijano","tag-fiscal-penal-de-rosario-de-lerma","tag-municipio-de-campo-quijano"],"yoast_head":"<!-- This site is optimized with the Yoast SEO plugin v20.8 - https:\/\/yoast.com\/wordpress\/plugins\/seo\/ -->\n<title>Campo Quijano: Desafi\u00f3 a la justicia y entr\u00f3 a la casa de su abuelo, a quien hab\u00eda amenazado con quemarle el taller - RQ 99.9<\/title>\n<meta name=\"description\" content=\"El\u00a0fiscal penal de Rosario de Lerma, \u00a0imput\u00f3 a un hombre de 24 a\u00f1os de edad,\u00a0\u00a0por la comisi\u00f3n de los delitos de\u00a0amenazas y desobediencia judicial\u00a0en concurso real.\" \/>\n<meta name=\"robots\" content=\"index, follow, max-snippet:-1, max-image-preview:large, max-video-preview:-1\" \/>\n<link rel=\"canonical\" href=\"https:\/\/nahuelproducciones.com.ar\/radioquijano\/campo-quijano-desafio-a-la-justicia-y-entro-a-la-casa-de-su-abuelo-a-quien-habia-amenazado-con-quemarle-el-taller\/\" \/>\n<meta property=\"og:locale\" content=\"es_ES\" \/>\n<meta property=\"og:type\" content=\"article\" \/>\n<meta property=\"og:title\" content=\"Campo Quijano: Desafi\u00f3 a la justicia y entr\u00f3 a la casa de su abuelo, a quien hab\u00eda amenazado con quemarle el taller - RQ 99.9\" \/>\n<meta property=\"og:description\" content=\"El\u00a0fiscal penal de Rosario de Lerma, \u00a0imput\u00f3 a un hombre de 24 a\u00f1os de edad,\u00a0\u00a0por la comisi\u00f3n de los delitos de\u00a0amenazas y desobediencia judicial\u00a0en concurso real.\" \/>\n<meta property=\"og:url\" content=\"https:\/\/nahuelproducciones.com.ar\/radioquijano\/campo-quijano-desafio-a-la-justicia-y-entro-a-la-casa-de-su-abuelo-a-quien-habia-amenazado-con-quemarle-el-taller\/\" \/>\n<meta property=\"og:site_name\" content=\"RQ 99.9\" \/>\n<meta property=\"article:publisher\" content=\"https:\/\/www.facebook.com\/nahuelproducciones999\/\" \/>\n<meta property=\"article:published_time\" content=\"2025-02-24T19:38:59+00:00\" \/>\n<meta property=\"article:modified_time\" content=\"2025-02-24T19:39:00+00:00\" \/>\n<meta property=\"og:image\" content=\"https:\/\/nahuelproducciones.com.ar\/radioquijano\/wp-content\/uploads\/2025\/02\/Streichholz-e1740425858166.jpg\" \/>\n\t<meta property=\"og:image:width\" content=\"300\" \/>\n\t<meta property=\"og:image:height\" content=\"450\" \/>\n\t<meta property=\"og:image:type\" content=\"image\/jpeg\" \/>\n<meta name=\"author\" content=\"Cecilia Pastrana\" \/>\n<meta name=\"twitter:card\" content=\"summary_large_image\" \/>\n<meta name=\"twitter:creator\" content=\"@nahuproduciones\" \/>\n<meta name=\"twitter:site\" content=\"@nahuproduciones\" \/>\n<meta name=\"twitter:label1\" content=\"Escrito por\" \/>\n\t<meta name=\"twitter:data1\" content=\"Cecilia Pastrana\" \/>\n\t<meta name=\"twitter:label2\" content=\"Tiempo de lectura\" \/>\n\t<meta name=\"twitter:data2\" content=\"2 minutos\" \/>\n<script type=\"application\/ld+json\" class=\"yoast-schema-graph\">{\"@context\":\"https:\/\/schema.org\",\"@graph\":[{\"@type\":\"WebPage\",\"@id\":\"https:\/\/nahuelproducciones.com.ar\/radioquijano\/campo-quijano-desafio-a-la-justicia-y-entro-a-la-casa-de-su-abuelo-a-quien-habia-amenazado-con-quemarle-el-taller\/\",\"url\":\"https:\/\/nahuelproducciones.com.ar\/radioquijano\/campo-quijano-desafio-a-la-justicia-y-entro-a-la-casa-de-su-abuelo-a-quien-habia-amenazado-con-quemarle-el-taller\/\",\"name\":\"Campo Quijano: Desafi\u00f3 a la justicia y entr\u00f3 a la casa de su abuelo, a quien hab\u00eda amenazado con quemarle el taller - RQ 99.9\",\"isPartOf\":{\"@id\":\"https:\/\/nahuelproducciones.com.ar\/radioquijano\/#website\"},\"datePublished\":\"2025-02-24T19:38:59+00:00\",\"dateModified\":\"2025-02-24T19:39:00+00:00\",\"author\":{\"@id\":\"https:\/\/nahuelproducciones.com.ar\/radioquijano\/#\/schema\/person\/e8a4f939e2cb487fe6d0c54042c9d32c\"},\"description\":\"El\u00a0fiscal penal de Rosario de Lerma, \u00a0imput\u00f3 a un hombre de 24 a\u00f1os de edad,\u00a0\u00a0por la comisi\u00f3n de los delitos de\u00a0amenazas y desobediencia judicial\u00a0en concurso real.\",\"breadcrumb\":{\"@id\":\"https:\/\/nahuelproducciones.com.ar\/radioquijano\/campo-quijano-desafio-a-la-justicia-y-entro-a-la-casa-de-su-abuelo-a-quien-habia-amenazado-con-quemarle-el-taller\/#breadcrumb\"},\"inLanguage\":\"es\",\"potentialAction\":[{\"@type\":\"ReadAction\",\"target\":[\"https:\/\/nahuelproducciones.com.ar\/radioquijano\/campo-quijano-desafio-a-la-justicia-y-entro-a-la-casa-de-su-abuelo-a-quien-habia-amenazado-con-quemarle-el-taller\/\"]}]},{\"@type\":\"BreadcrumbList\",\"@id\":\"https:\/\/nahuelproducciones.com.ar\/radioquijano\/campo-quijano-desafio-a-la-justicia-y-entro-a-la-casa-de-su-abuelo-a-quien-habia-amenazado-con-quemarle-el-taller\/#breadcrumb\",\"itemListElement\":[{\"@type\":\"ListItem\",\"position\":1,\"name\":\"Portada\",\"item\":\"https:\/\/nahuelproducciones.com.ar\/radioquijano\/\"},{\"@type\":\"ListItem\",\"position\":2,\"name\":\"Campo Quijano: Desafi\u00f3 a la justicia y entr\u00f3 a la casa de su abuelo, a quien hab\u00eda amenazado con quemarle el taller\"}]},{\"@type\":\"WebSite\",\"@id\":\"https:\/\/nahuelproducciones.com.ar\/radioquijano\/#website\",\"url\":\"https:\/\/nahuelproducciones.com.ar\/radioquijano\/\",\"name\":\"RQ 99.9\",\"description\":\"Radio Quijano 99.9 MHz\",\"potentialAction\":[{\"@type\":\"SearchAction\",\"target\":{\"@type\":\"EntryPoint\",\"urlTemplate\":\"https:\/\/nahuelproducciones.com.ar\/radioquijano\/?s={search_term_string}\"},\"query-input\":\"required name=search_term_string\"}],\"inLanguage\":\"es\"},{\"@type\":\"Person\",\"@id\":\"https:\/\/nahuelproducciones.com.ar\/radioquijano\/#\/schema\/person\/e8a4f939e2cb487fe6d0c54042c9d32c\",\"name\":\"Cecilia Pastrana\",\"image\":{\"@type\":\"ImageObject\",\"inLanguage\":\"es\",\"@id\":\"https:\/\/nahuelproducciones.com.ar\/radioquijano\/#\/schema\/person\/image\/\",\"url\":\"https:\/\/secure.gravatar.com\/avatar\/661a3ef63a8488d4f2794ed44af8cf71420f7e106f3072c40125114df5157749?s=96&d=mm&r=g\",\"contentUrl\":\"https:\/\/secure.gravatar.com\/avatar\/661a3ef63a8488d4f2794ed44af8cf71420f7e106f3072c40125114df5157749?s=96&d=mm&r=g\",\"caption\":\"Cecilia Pastrana\"},\"sameAs\":[\"cecy\"],\"url\":\"https:\/\/nahuelproducciones.com.ar\/radioquijano\/author\/cecy\/\"}]}<\/script>\n<!-- \/ Yoast SEO plugin. -->","yoast_head_json":{"title":"Campo Quijano: Desafi\u00f3 a la justicia y entr\u00f3 a la casa de su abuelo, a quien hab\u00eda amenazado con quemarle el taller - RQ 99.9","description":"El\u00a0fiscal penal de Rosario de Lerma, \u00a0imput\u00f3 a un hombre de 24 a\u00f1os de edad,\u00a0\u00a0por la comisi\u00f3n de los delitos de\u00a0amenazas y desobediencia judicial\u00a0en concurso real.","robots":{"index":"index","follow":"follow","max-snippet":"max-snippet:-1","max-image-preview":"max-image-preview:large","max-video-preview":"max-video-preview:-1"},"canonical":"https:\/\/nahuelproducciones.com.ar\/radioquijano\/campo-quijano-desafio-a-la-justicia-y-entro-a-la-casa-de-su-abuelo-a-quien-habia-amenazado-con-quemarle-el-taller\/","og_locale":"es_ES","og_type":"article","og_title":"Campo Quijano: Desafi\u00f3 a la justicia y entr\u00f3 a la casa de su abuelo, a quien hab\u00eda amenazado con quemarle el taller - RQ 99.9","og_description":"El\u00a0fiscal penal de Rosario de Lerma, \u00a0imput\u00f3 a un hombre de 24 a\u00f1os de edad,\u00a0\u00a0por la comisi\u00f3n de los delitos de\u00a0amenazas y desobediencia judicial\u00a0en concurso real.","og_url":"https:\/\/nahuelproducciones.com.ar\/radioquijano\/campo-quijano-desafio-a-la-justicia-y-entro-a-la-casa-de-su-abuelo-a-quien-habia-amenazado-con-quemarle-el-taller\/","og_site_name":"RQ 99.9","article_publisher":"https:\/\/www.facebook.com\/nahuelproducciones999\/","article_published_time":"2025-02-24T19:38:59+00:00","article_modified_time":"2025-02-24T19:39:00+00:00","og_image":[{"width":300,"height":450,"url":"https:\/\/nahuelproducciones.com.ar\/radioquijano\/wp-content\/uploads\/2025\/02\/Streichholz-e1740425858166.jpg","type":"image\/jpeg"}],"author":"Cecilia Pastrana","twitter_card":"summary_large_image","twitter_creator":"@nahuproduciones","twitter_site":"@nahuproduciones","twitter_misc":{"Escrito por":"Cecilia Pastrana","Tiempo de lectura":"2 minutos"},"schema":{"@context":"https:\/\/schema.org","@graph":[{"@type":"WebPage","@id":"https:\/\/nahuelproducciones.com.ar\/radioquijano\/campo-quijano-desafio-a-la-justicia-y-entro-a-la-casa-de-su-abuelo-a-quien-habia-amenazado-con-quemarle-el-taller\/","url":"https:\/\/nahuelproducciones.com.ar\/radioquijano\/campo-quijano-desafio-a-la-justicia-y-entro-a-la-casa-de-su-abuelo-a-quien-habia-amenazado-con-quemarle-el-taller\/","name":"Campo Quijano: Desafi\u00f3 a la justicia y entr\u00f3 a la casa de su abuelo, a quien hab\u00eda amenazado con quemarle el taller - RQ 99.9","isPartOf":{"@id":"https:\/\/nahuelproducciones.com.ar\/radioquijano\/#website"},"datePublished":"2025-02-24T19:38:59+00:00","dateModified":"2025-02-24T19:39:00+00:00","author":{"@id":"https:\/\/nahuelproducciones.com.ar\/radioquijano\/#\/schema\/person\/e8a4f939e2cb487fe6d0c54042c9d32c"},"description":"El\u00a0fiscal penal de Rosario de Lerma, \u00a0imput\u00f3 a un hombre de 24 a\u00f1os de edad,\u00a0\u00a0por la comisi\u00f3n de los delitos de\u00a0amenazas y desobediencia judicial\u00a0en concurso real.","breadcrumb":{"@id":"https:\/\/nahuelproducciones.com.ar\/radioquijano\/campo-quijano-desafio-a-la-justicia-y-entro-a-la-casa-de-su-abuelo-a-quien-habia-amenazado-con-quemarle-el-taller\/#breadcrumb"},"inLanguage":"es","potentialAction":[{"@type":"ReadAction","target":["https:\/\/nahuelproducciones.com.ar\/radioquijano\/campo-quijano-desafio-a-la-justicia-y-entro-a-la-casa-de-su-abuelo-a-quien-habia-amenazado-con-quemarle-el-taller\/"]}]},{"@type":"BreadcrumbList","@id":"https:\/\/nahuelproducciones.com.ar\/radioquijano\/campo-quijano-desafio-a-la-justicia-y-entro-a-la-casa-de-su-abuelo-a-quien-habia-amenazado-con-quemarle-el-taller\/#breadcrumb","itemListElement":[{"@type":"ListItem","position":1,"name":"Portada","item":"https:\/\/nahuelproducciones.com.ar\/radioquijano\/"},{"@type":"ListItem","position":2,"name":"Campo Quijano: Desafi\u00f3 a la justicia y entr\u00f3 a la casa de su abuelo, a quien hab\u00eda amenazado con quemarle el taller"}]},{"@type":"WebSite","@id":"https:\/\/nahuelproducciones.com.ar\/radioquijano\/#website","url":"https:\/\/nahuelproducciones.com.ar\/radioquijano\/","name":"RQ 99.9","description":"Radio Quijano 99.9 MHz","potentialAction":[{"@type":"SearchAction","target":{"@type":"EntryPoint","urlTemplate":"https:\/\/nahuelproducciones.com.ar\/radioquijano\/?s={search_term_string}"},"query-input":"required name=search_term_string"}],"inLanguage":"es"},{"@type":"Person","@id":"https:\/\/nahuelproducciones.com.ar\/radioquijano\/#\/schema\/person\/e8a4f939e2cb487fe6d0c54042c9d32c","name":"Cecilia Pastrana","image":{"@type":"ImageObject","inLanguage":"es","@id":"https:\/\/nahuelproducciones.com.ar\/radioquijano\/#\/schema\/person\/image\/","url":"https:\/\/secure.gravatar.com\/avatar\/661a3ef63a8488d4f2794ed44af8cf71420f7e106f3072c40125114df5157749?s=96&d=mm&r=g","contentUrl":"https:\/\/secure.gravatar.com\/avatar\/661a3ef63a8488d4f2794ed44af8cf71420f7e106f3072c40125114df5157749?s=96&d=mm&r=g","caption":"Cecilia Pastrana"},"sameAs":["cecy"],"url":"https:\/\/nahuelproducciones.com.ar\/radioquijano\/author\/cecy\/"}]}},"_links":{"self":[{"href":"https:\/\/nahuelproducciones.com.ar\/radioquijano\/wp-json\/wp\/v2\/posts\/9681","targetHints":{"allow":["GET"]}}],"collection":[{"href":"https:\/\/nahuelproducciones.com.ar\/radioquijano\/wp-json\/wp\/v2\/posts"}],"about":[{"href":"https:\/\/nahuelproducciones.com.ar\/radioquijano\/wp-json\/wp\/v2\/types\/post"}],"author":[{"embeddable":true,"href":"https:\/\/nahuelproducciones.com.ar\/radioquijano\/wp-json\/wp\/v2\/users\/8"}],"replies":[{"embeddable":true,"href":"https:\/\/nahuelproducciones.com.ar\/radioquijano\/wp-json\/wp\/v2\/comments?post=9681"}],"version-history":[{"count":1,"href":"https:\/\/nahuelproducciones.com.ar\/radioquijano\/wp-json\/wp\/v2\/posts\/9681\/revisions"}],"predecessor-version":[{"id":9683,"href":"https:\/\/nahuelproducciones.com.ar\/radioquijano\/wp-json\/wp\/v2\/posts\/9681\/revisions\/9683"}],"wp:featuredmedia":[{"embeddable":true,"href":"https:\/\/nahuelproducciones.com.ar\/radioquijano\/wp-json\/wp\/v2\/media\/9682"}],"wp:attachment":[{"href":"https:\/\/nahuelproducciones.com.ar\/radioquijano\/wp-json\/wp\/v2\/media?parent=9681"}],"wp:term":[{"taxonomy":"category","embeddable":true,"href":"https:\/\/nahuelproducciones.com.ar\/radioquijano\/wp-json\/wp\/v2\/categories?post=9681"},{"taxonomy":"post_tag","embeddable":true,"href":"https:\/\/nahuelproducciones.com.ar\/radioquijano\/wp-json\/wp\/v2\/tags?post=9681"}],"curies":[{"name":"wp","href":"https:\/\/api.w.org\/{rel}","templated":true}]}}