{"id":9685,"date":"2025-02-24T21:06:28","date_gmt":"2025-02-25T00:06:28","guid":{"rendered":"https:\/\/nahuelproducciones.com.ar\/radioquijano\/?p=9685"},"modified":"2025-02-24T21:06:29","modified_gmt":"2025-02-25T00:06:29","slug":"denuncian-penalmente-al-intendente-de-campo-quijano-por-presunta-malversacion-de-fondos-publicos","status":"publish","type":"post","link":"https:\/\/nahuelproducciones.com.ar\/radioquijano\/denuncian-penalmente-al-intendente-de-campo-quijano-por-presunta-malversacion-de-fondos-publicos\/","title":{"rendered":"Denuncian penalmente al intendente de Campo Quijano por presunta malversaci\u00f3n de fondos p\u00fablicos"},"content":{"rendered":"\n<p>En la jornada de hoy, 24 de febrero de 2025, el exconcejal Ariel Antonio Gallardo denunci\u00f3 penalmente al intendente de Campo Quijano, Ingeniero Lino Fernando Yonar, por los presuntos delitos de malversaci\u00f3n de caudales p\u00fablicos e incumplimiento de los deberes de funcionario p\u00fablico.<\/p>\n\n\n\n<p>La denuncia fue presentada ante la Fiscal\u00eda de Delitos Econ\u00f3micos y Complejos y est\u00e1 respaldada por documentaci\u00f3n que consta de 44 fojas, entre las que se incluyen:<\/p>\n\n\n\n<ul class=\"wp-block-list\">\n<li>Copia de la Cuenta General del Ejercicio 2023 (1 foja).<\/li>\n\n\n\n<li>Copia de Informe del Ministerio de Infraestructura del Gobierno (Expte. 1100386-195475\/2024-0, 12 fojas).<\/li>\n\n\n\n<li>Copia de Ejecuci\u00f3n Presupuestaria Semestral 2024 EX N 935\/24 (8 fojas).<\/li>\n\n\n\n<li>Copia de Ejecuci\u00f3n Presupuestaria Semestral Expte. 938\/24 (3 fojas).<\/li>\n\n\n\n<li>Copia de notas varias (3 fojas).<\/li>\n\n\n\n<li>Copia de respuesta a nota de la Municipalidad de Campo Quijano (1 foja).<\/li>\n<\/ul>\n\n\n\n<p>La acusaci\u00f3n contra el intendente Lino Yonar se suma a la serie de investigaciones en curso sobre presuntos actos de corrupci\u00f3n que involucran a exintendentes de Campo Quijano, Manuel Cornejo y Carlos Folloni, lo que agrava el panorama institucional del municipio.<\/p>\n\n\n\n<p>Seg\u00fan los denunciantes, tras un a\u00f1o y tres meses de gesti\u00f3n, el jefe comunal a\u00fan no ha respondido a ninguno de los pedidos de informaci\u00f3n realizados por el Concejo Deliberante en relaci\u00f3n con la administraci\u00f3n y rendici\u00f3n de fondos p\u00fablicos, lo que genera serias sospechas sobre el manejo de los recursos municipales.<\/p>\n\n\n\n<p>La Fiscal\u00eda de Delitos Econ\u00f3micos y Complejos deber\u00e1 evaluar las pruebas presentadas y determinar los pasos a seguir en la investigaci\u00f3n de esta nueva denuncia que pone en la mira a la actual administraci\u00f3n municipal de Campo Quijano.<\/p>\n","protected":false},"excerpt":{"rendered":"<p>En la jornada de hoy, 24 de febrero de 2025, el exconcejal Ariel Antonio Gallardo denunci\u00f3 penalmente al intendente de Campo Quijano, Ingeniero Lino Fernando Yonar, por los presuntos delitos de malversaci\u00f3n de caudales p\u00fablicos e incumplimiento de los deberes de funcionario p\u00fablico. La denuncia fue presentada ante la Fiscal\u00eda de Delitos Econ\u00f3micos y Complejos [&hellip;]<\/p>\n","protected":false},"author":8,"featured_media":9686,"comment_status":"open","ping_status":"open","sticky":false,"template":"","format":"standard","meta":{"_monsterinsights_skip_tracking":false,"_monsterinsights_sitenote_active":false,"_monsterinsights_sitenote_note":"","_monsterinsights_sitenote_category":0,"footnotes":""},"categories":[16],"tags":[36,1731,100],"class_list":["post-9685","post","type-post","status-publish","format-standard","has-post-thumbnail","hentry","category-noticias","tag-campo-quijano","tag-denuncia-al-intendente-yonar","tag-municipio-de-campo-quijano"],"yoast_head":"<!-- This site is optimized with the Yoast SEO plugin v20.8 - https:\/\/yoast.com\/wordpress\/plugins\/seo\/ -->\n<title>Denuncian penalmente al intendente de Campo Quijano por presunta malversaci\u00f3n de fondos p\u00fablicos - RQ 99.9<\/title>\n<meta name=\"description\" content=\"La Fiscal\u00eda de Delitos Econ\u00f3micos y Complejos deber\u00e1 evaluar las pruebas presentadas y determinar los pasos a seguir en la investigaci\u00f3n de esta nueva denuncia que pone en la mira a la actual administraci\u00f3n municipal de Campo Quijano.\" \/>\n<meta name=\"robots\" content=\"index, follow, max-snippet:-1, max-image-preview:large, max-video-preview:-1\" \/>\n<link rel=\"canonical\" href=\"https:\/\/nahuelproducciones.com.ar\/radioquijano\/denuncian-penalmente-al-intendente-de-campo-quijano-por-presunta-malversacion-de-fondos-publicos\/\" \/>\n<meta property=\"og:locale\" content=\"es_ES\" \/>\n<meta property=\"og:type\" content=\"article\" \/>\n<meta property=\"og:title\" content=\"Denuncian penalmente al intendente de Campo Quijano por presunta malversaci\u00f3n de fondos p\u00fablicos - RQ 99.9\" \/>\n<meta property=\"og:description\" content=\"La Fiscal\u00eda de Delitos Econ\u00f3micos y Complejos deber\u00e1 evaluar las pruebas presentadas y determinar los pasos a seguir en la investigaci\u00f3n de esta nueva denuncia que pone en la mira a la actual administraci\u00f3n municipal de Campo Quijano.\" \/>\n<meta property=\"og:url\" content=\"https:\/\/nahuelproducciones.com.ar\/radioquijano\/denuncian-penalmente-al-intendente-de-campo-quijano-por-presunta-malversacion-de-fondos-publicos\/\" \/>\n<meta property=\"og:site_name\" content=\"RQ 99.9\" \/>\n<meta property=\"article:publisher\" content=\"https:\/\/www.facebook.com\/nahuelproducciones999\/\" \/>\n<meta property=\"article:published_time\" content=\"2025-02-25T00:06:28+00:00\" \/>\n<meta property=\"article:modified_time\" content=\"2025-02-25T00:06:29+00:00\" \/>\n<meta property=\"og:image\" content=\"https:\/\/nahuelproducciones.com.ar\/radioquijano\/wp-content\/uploads\/2025\/02\/Vuelta-a-los-Basicos-Foto-Dibujado-a-Mano-Garabatos-Historia-de-Instagram-e1740441971263.png\" \/>\n\t<meta property=\"og:image:width\" content=\"700\" \/>\n\t<meta property=\"og:image:height\" content=\"1244\" \/>\n\t<meta property=\"og:image:type\" content=\"image\/png\" \/>\n<meta name=\"author\" content=\"Cecilia Pastrana\" \/>\n<meta name=\"twitter:card\" content=\"summary_large_image\" \/>\n<meta name=\"twitter:creator\" content=\"@nahuproduciones\" \/>\n<meta name=\"twitter:site\" content=\"@nahuproduciones\" \/>\n<meta name=\"twitter:label1\" content=\"Escrito por\" \/>\n\t<meta name=\"twitter:data1\" content=\"Cecilia Pastrana\" \/>\n\t<meta name=\"twitter:label2\" content=\"Tiempo de lectura\" \/>\n\t<meta name=\"twitter:data2\" content=\"2 minutos\" \/>\n<script type=\"application\/ld+json\" class=\"yoast-schema-graph\">{\"@context\":\"https:\/\/schema.org\",\"@graph\":[{\"@type\":\"WebPage\",\"@id\":\"https:\/\/nahuelproducciones.com.ar\/radioquijano\/denuncian-penalmente-al-intendente-de-campo-quijano-por-presunta-malversacion-de-fondos-publicos\/\",\"url\":\"https:\/\/nahuelproducciones.com.ar\/radioquijano\/denuncian-penalmente-al-intendente-de-campo-quijano-por-presunta-malversacion-de-fondos-publicos\/\",\"name\":\"Denuncian penalmente al intendente de Campo Quijano por presunta malversaci\u00f3n de fondos p\u00fablicos - RQ 99.9\",\"isPartOf\":{\"@id\":\"https:\/\/nahuelproducciones.com.ar\/radioquijano\/#website\"},\"datePublished\":\"2025-02-25T00:06:28+00:00\",\"dateModified\":\"2025-02-25T00:06:29+00:00\",\"author\":{\"@id\":\"https:\/\/nahuelproducciones.com.ar\/radioquijano\/#\/schema\/person\/e8a4f939e2cb487fe6d0c54042c9d32c\"},\"description\":\"La Fiscal\u00eda de Delitos Econ\u00f3micos y Complejos deber\u00e1 evaluar las pruebas presentadas y determinar los pasos a seguir en la investigaci\u00f3n de esta nueva denuncia que pone en la mira a la actual administraci\u00f3n municipal de Campo Quijano.\",\"breadcrumb\":{\"@id\":\"https:\/\/nahuelproducciones.com.ar\/radioquijano\/denuncian-penalmente-al-intendente-de-campo-quijano-por-presunta-malversacion-de-fondos-publicos\/#breadcrumb\"},\"inLanguage\":\"es\",\"potentialAction\":[{\"@type\":\"ReadAction\",\"target\":[\"https:\/\/nahuelproducciones.com.ar\/radioquijano\/denuncian-penalmente-al-intendente-de-campo-quijano-por-presunta-malversacion-de-fondos-publicos\/\"]}]},{\"@type\":\"BreadcrumbList\",\"@id\":\"https:\/\/nahuelproducciones.com.ar\/radioquijano\/denuncian-penalmente-al-intendente-de-campo-quijano-por-presunta-malversacion-de-fondos-publicos\/#breadcrumb\",\"itemListElement\":[{\"@type\":\"ListItem\",\"position\":1,\"name\":\"Portada\",\"item\":\"https:\/\/nahuelproducciones.com.ar\/radioquijano\/\"},{\"@type\":\"ListItem\",\"position\":2,\"name\":\"Denuncian penalmente al intendente de Campo Quijano por presunta malversaci\u00f3n de fondos p\u00fablicos\"}]},{\"@type\":\"WebSite\",\"@id\":\"https:\/\/nahuelproducciones.com.ar\/radioquijano\/#website\",\"url\":\"https:\/\/nahuelproducciones.com.ar\/radioquijano\/\",\"name\":\"RQ 99.9\",\"description\":\"Radio Quijano 99.9 MHz\",\"potentialAction\":[{\"@type\":\"SearchAction\",\"target\":{\"@type\":\"EntryPoint\",\"urlTemplate\":\"https:\/\/nahuelproducciones.com.ar\/radioquijano\/?s={search_term_string}\"},\"query-input\":\"required name=search_term_string\"}],\"inLanguage\":\"es\"},{\"@type\":\"Person\",\"@id\":\"https:\/\/nahuelproducciones.com.ar\/radioquijano\/#\/schema\/person\/e8a4f939e2cb487fe6d0c54042c9d32c\",\"name\":\"Cecilia Pastrana\",\"image\":{\"@type\":\"ImageObject\",\"inLanguage\":\"es\",\"@id\":\"https:\/\/nahuelproducciones.com.ar\/radioquijano\/#\/schema\/person\/image\/\",\"url\":\"https:\/\/secure.gravatar.com\/avatar\/661a3ef63a8488d4f2794ed44af8cf71420f7e106f3072c40125114df5157749?s=96&d=mm&r=g\",\"contentUrl\":\"https:\/\/secure.gravatar.com\/avatar\/661a3ef63a8488d4f2794ed44af8cf71420f7e106f3072c40125114df5157749?s=96&d=mm&r=g\",\"caption\":\"Cecilia Pastrana\"},\"sameAs\":[\"cecy\"],\"url\":\"https:\/\/nahuelproducciones.com.ar\/radioquijano\/author\/cecy\/\"}]}<\/script>\n<!-- \/ Yoast SEO plugin. -->","yoast_head_json":{"title":"Denuncian penalmente al intendente de Campo Quijano por presunta malversaci\u00f3n de fondos p\u00fablicos - RQ 99.9","description":"La Fiscal\u00eda de Delitos Econ\u00f3micos y Complejos deber\u00e1 evaluar las pruebas presentadas y determinar los pasos a seguir en la investigaci\u00f3n de esta nueva denuncia que pone en la mira a la actual administraci\u00f3n municipal de Campo Quijano.","robots":{"index":"index","follow":"follow","max-snippet":"max-snippet:-1","max-image-preview":"max-image-preview:large","max-video-preview":"max-video-preview:-1"},"canonical":"https:\/\/nahuelproducciones.com.ar\/radioquijano\/denuncian-penalmente-al-intendente-de-campo-quijano-por-presunta-malversacion-de-fondos-publicos\/","og_locale":"es_ES","og_type":"article","og_title":"Denuncian penalmente al intendente de Campo Quijano por presunta malversaci\u00f3n de fondos p\u00fablicos - RQ 99.9","og_description":"La Fiscal\u00eda de Delitos Econ\u00f3micos y Complejos deber\u00e1 evaluar las pruebas presentadas y determinar los pasos a seguir en la investigaci\u00f3n de esta nueva denuncia que pone en la mira a la actual administraci\u00f3n municipal de Campo Quijano.","og_url":"https:\/\/nahuelproducciones.com.ar\/radioquijano\/denuncian-penalmente-al-intendente-de-campo-quijano-por-presunta-malversacion-de-fondos-publicos\/","og_site_name":"RQ 99.9","article_publisher":"https:\/\/www.facebook.com\/nahuelproducciones999\/","article_published_time":"2025-02-25T00:06:28+00:00","article_modified_time":"2025-02-25T00:06:29+00:00","og_image":[{"width":700,"height":1244,"url":"https:\/\/nahuelproducciones.com.ar\/radioquijano\/wp-content\/uploads\/2025\/02\/Vuelta-a-los-Basicos-Foto-Dibujado-a-Mano-Garabatos-Historia-de-Instagram-e1740441971263.png","type":"image\/png"}],"author":"Cecilia Pastrana","twitter_card":"summary_large_image","twitter_creator":"@nahuproduciones","twitter_site":"@nahuproduciones","twitter_misc":{"Escrito por":"Cecilia Pastrana","Tiempo de lectura":"2 minutos"},"schema":{"@context":"https:\/\/schema.org","@graph":[{"@type":"WebPage","@id":"https:\/\/nahuelproducciones.com.ar\/radioquijano\/denuncian-penalmente-al-intendente-de-campo-quijano-por-presunta-malversacion-de-fondos-publicos\/","url":"https:\/\/nahuelproducciones.com.ar\/radioquijano\/denuncian-penalmente-al-intendente-de-campo-quijano-por-presunta-malversacion-de-fondos-publicos\/","name":"Denuncian penalmente al intendente de Campo Quijano por presunta malversaci\u00f3n de fondos p\u00fablicos - RQ 99.9","isPartOf":{"@id":"https:\/\/nahuelproducciones.com.ar\/radioquijano\/#website"},"datePublished":"2025-02-25T00:06:28+00:00","dateModified":"2025-02-25T00:06:29+00:00","author":{"@id":"https:\/\/nahuelproducciones.com.ar\/radioquijano\/#\/schema\/person\/e8a4f939e2cb487fe6d0c54042c9d32c"},"description":"La Fiscal\u00eda de Delitos Econ\u00f3micos y Complejos deber\u00e1 evaluar las pruebas presentadas y determinar los pasos a seguir en la investigaci\u00f3n de esta nueva denuncia que pone en la mira a la actual administraci\u00f3n municipal de Campo Quijano.","breadcrumb":{"@id":"https:\/\/nahuelproducciones.com.ar\/radioquijano\/denuncian-penalmente-al-intendente-de-campo-quijano-por-presunta-malversacion-de-fondos-publicos\/#breadcrumb"},"inLanguage":"es","potentialAction":[{"@type":"ReadAction","target":["https:\/\/nahuelproducciones.com.ar\/radioquijano\/denuncian-penalmente-al-intendente-de-campo-quijano-por-presunta-malversacion-de-fondos-publicos\/"]}]},{"@type":"BreadcrumbList","@id":"https:\/\/nahuelproducciones.com.ar\/radioquijano\/denuncian-penalmente-al-intendente-de-campo-quijano-por-presunta-malversacion-de-fondos-publicos\/#breadcrumb","itemListElement":[{"@type":"ListItem","position":1,"name":"Portada","item":"https:\/\/nahuelproducciones.com.ar\/radioquijano\/"},{"@type":"ListItem","position":2,"name":"Denuncian penalmente al intendente de Campo Quijano por presunta malversaci\u00f3n de fondos p\u00fablicos"}]},{"@type":"WebSite","@id":"https:\/\/nahuelproducciones.com.ar\/radioquijano\/#website","url":"https:\/\/nahuelproducciones.com.ar\/radioquijano\/","name":"RQ 99.9","description":"Radio Quijano 99.9 MHz","potentialAction":[{"@type":"SearchAction","target":{"@type":"EntryPoint","urlTemplate":"https:\/\/nahuelproducciones.com.ar\/radioquijano\/?s={search_term_string}"},"query-input":"required name=search_term_string"}],"inLanguage":"es"},{"@type":"Person","@id":"https:\/\/nahuelproducciones.com.ar\/radioquijano\/#\/schema\/person\/e8a4f939e2cb487fe6d0c54042c9d32c","name":"Cecilia Pastrana","image":{"@type":"ImageObject","inLanguage":"es","@id":"https:\/\/nahuelproducciones.com.ar\/radioquijano\/#\/schema\/person\/image\/","url":"https:\/\/secure.gravatar.com\/avatar\/661a3ef63a8488d4f2794ed44af8cf71420f7e106f3072c40125114df5157749?s=96&d=mm&r=g","contentUrl":"https:\/\/secure.gravatar.com\/avatar\/661a3ef63a8488d4f2794ed44af8cf71420f7e106f3072c40125114df5157749?s=96&d=mm&r=g","caption":"Cecilia Pastrana"},"sameAs":["cecy"],"url":"https:\/\/nahuelproducciones.com.ar\/radioquijano\/author\/cecy\/"}]}},"_links":{"self":[{"href":"https:\/\/nahuelproducciones.com.ar\/radioquijano\/wp-json\/wp\/v2\/posts\/9685","targetHints":{"allow":["GET"]}}],"collection":[{"href":"https:\/\/nahuelproducciones.com.ar\/radioquijano\/wp-json\/wp\/v2\/posts"}],"about":[{"href":"https:\/\/nahuelproducciones.com.ar\/radioquijano\/wp-json\/wp\/v2\/types\/post"}],"author":[{"embeddable":true,"href":"https:\/\/nahuelproducciones.com.ar\/radioquijano\/wp-json\/wp\/v2\/users\/8"}],"replies":[{"embeddable":true,"href":"https:\/\/nahuelproducciones.com.ar\/radioquijano\/wp-json\/wp\/v2\/comments?post=9685"}],"version-history":[{"count":1,"href":"https:\/\/nahuelproducciones.com.ar\/radioquijano\/wp-json\/wp\/v2\/posts\/9685\/revisions"}],"predecessor-version":[{"id":9687,"href":"https:\/\/nahuelproducciones.com.ar\/radioquijano\/wp-json\/wp\/v2\/posts\/9685\/revisions\/9687"}],"wp:featuredmedia":[{"embeddable":true,"href":"https:\/\/nahuelproducciones.com.ar\/radioquijano\/wp-json\/wp\/v2\/media\/9686"}],"wp:attachment":[{"href":"https:\/\/nahuelproducciones.com.ar\/radioquijano\/wp-json\/wp\/v2\/media?parent=9685"}],"wp:term":[{"taxonomy":"category","embeddable":true,"href":"https:\/\/nahuelproducciones.com.ar\/radioquijano\/wp-json\/wp\/v2\/categories?post=9685"},{"taxonomy":"post_tag","embeddable":true,"href":"https:\/\/nahuelproducciones.com.ar\/radioquijano\/wp-json\/wp\/v2\/tags?post=9685"}],"curies":[{"name":"wp","href":"https:\/\/api.w.org\/{rel}","templated":true}]}}