{"id":9688,"date":"2025-02-24T21:58:13","date_gmt":"2025-02-25T00:58:13","guid":{"rendered":"https:\/\/nahuelproducciones.com.ar\/radioquijano\/?p=9688"},"modified":"2025-02-25T10:43:24","modified_gmt":"2025-02-25T13:43:24","slug":"la-uif-realizo-una-denuncia-a-municipios-provinciales-por-desvio-de-dinero-sin-justificacion","status":"publish","type":"post","link":"https:\/\/nahuelproducciones.com.ar\/radioquijano\/la-uif-realizo-una-denuncia-a-municipios-provinciales-por-desvio-de-dinero-sin-justificacion\/","title":{"rendered":"La UIF realiz\u00f3 una denuncia a municipios provinciales por desv\u00edo de dinero sin justificaci\u00f3n"},"content":{"rendered":"\n<p>La&nbsp;<strong><a href=\"https:\/\/www.eldiario24.com\/argentina\/2025\/01\/28\/ignacio-yacobucci-renuncio\/\">Unidad de Informaci\u00f3n Financiera<\/a>&nbsp;(UIF),<\/strong><strong>&nbsp;realiz\u00f3 una denuncia a municipios de diferentes provincias del pa\u00eds, por extraer grandes sumas de dinero en efectivo sin justificaci\u00f3n econ\u00f3mica<\/strong>. La posible malversaci\u00f3n de fondos municipales es de al menos&nbsp;<strong>45 millones de pesos<\/strong>, en los \u00faltimos dos a\u00f1os y medio.<\/p>\n\n\n\n<h2 class=\"wp-block-heading\">Las principales provincias implicadas son Tucum\u00e1n, Salta y Catamarca<\/h2>\n\n\n\n<p>De acuerdo a un informe realizado por la&nbsp;<strong>Unidad de Informaci\u00f3n Financiera (UIF),&nbsp;<\/strong>varios municipalidades de diferentes&nbsp;<strong>provincias de la Argentina<\/strong>,<strong>&nbsp;extrajeron importantes sumas de dinero en efectivo sin realizar ninguna justificaci\u00f3n econ\u00f3mica;<\/strong>&nbsp;semejante a esto&nbsp;<strong>ingresaban fondos a cuentas privadas de empleados p\u00fablicos<\/strong>, que a su vez, algunos de ellos utilizaron esos dep\u00f3sitos para&nbsp;<strong>comprar d\u00f3lar MEP<\/strong>.<\/p>\n\n\n\n<p>El presunto esquema de corrupci\u00f3n, fue develado a partir de los&nbsp;<strong>Reportes de Operaciones Sospechosas (ROS)<\/strong>&nbsp;que fueron enviados por bancos y entidades financieras. Los mismos exponen&nbsp;<strong>una posible malversaci\u00f3n de fondos municipales<\/strong>&nbsp;por al menos&nbsp;<strong>$45.000 millones<\/strong>&nbsp;en los \u00faltimos dos a\u00f1os y medio.<\/p>\n\n\n\n<p>De acuerdo con datos extra\u00eddos de fuentes de entidades bancarias, por parte del medio de comunicaci\u00f3n Infobae, entre junio y julio del a\u00f1o pasado, bancos de renombre y entidades financieras fueron impuestas de la novedad. En este sentido,&nbsp;<strong>fueron advertidos de posibles maniobras sospechosas que se realizaban por ventanilla de las entidades,<\/strong>&nbsp;sobre todo en distritos de las provincias de&nbsp;<strong>Tucum\u00e1n, Salta y Catamarca<\/strong>. A su vez, la investigaci\u00f3n preliminar revelaba que, por un lado, de esos municipios sal\u00edan \u00abimportantes sumas de dinero\u00bb que aparentemente no estaban justificadas y, por el otro,&nbsp;<strong>ese mismo dinero en pesos eran depositadas a las cuentas privadas de los empleados municipales,&nbsp;<\/strong>los cuales no ten\u00edan esa capacidad de ahorro, y en la mayor\u00eda de los casos,&nbsp;<strong>terminaban comprando d\u00f3lar MEP.<\/strong><\/p>\n\n\n\n<p>Seg\u00fan el informe de la UIF, que ya est\u00e1 presentado en despachos de la Casa Rosada destaca las siguientes maniobras:&nbsp;<strong>Extracciones en efectivo por importes muy significativos<\/strong>&nbsp;desde cuentas municipales;&nbsp;<strong>Dep\u00f3sitos en cuentas personales de empleados p\u00fablicos<\/strong>&nbsp;de las mismas localidades. Esas personas no ten\u00edan capacidad de ahorro ni justificar el origen del dinero; y&nbsp;<strong>Compra de d\u00f3lar MEP<\/strong>&nbsp;con esos fondos y posterior retiro en efectivo.<\/p>\n\n\n\n<p>A su vez, el documento se\u00f1ala que&nbsp; la frecuencia de estas extracciones&nbsp;<strong>subi\u00f3 en los meses previos a las elecciones nacionales y provinciales del a\u00f1o 2023<\/strong>. Este hecho&nbsp;<strong>refuerza la hip\u00f3tesis de un presunto financiamiento ilegal de campa\u00f1as pol\u00edticas<\/strong>.<\/p>\n\n\n\n<h2 class=\"wp-block-heading\">El caso de La Banda del R\u00edo Sal\u00ed<\/h2>\n\n\n\n<p>Por otro lado, anteriormente la<strong>\u00a0UIF hab\u00eda realizado una investigaci\u00f3n<\/strong>\u00a0sobre un caso parecido en la provincia de Tucum\u00e1n. Se trata del de\u00a0<strong>La Banda del R\u00edo Sal\u00ed,\u00a0<\/strong>con m\u00e1s de 70.000 habitantes,\u00a0la ciudad m\u00e1s grande del departamento Cruz Alta y la segunda m\u00e1s poblada de la provincia de\u00a0<strong>Tucum\u00e1n<\/strong>.<\/p>\n\n\n\n<p>De acuerdo con la investigaci\u00f3n,&nbsp; entre enero de 2023 y junio de 2024, mediante la operaci\u00f3n conocida como \u00ab<strong>cheque por ventanilla\u00bb<\/strong>, de sus arcas municipales se extrajeron m\u00e1s de&nbsp;<strong>17.000 millones de pesos<\/strong>&nbsp;sin ninguna justificaci\u00f3n que convenciera a las autoridades del<strong>&nbsp;Banco Macro,&nbsp;<\/strong>lugar en el que se encuentran las cuentas del municipio. En cumplimiento de la \u00ab<strong>ley antilavado\u00bb<\/strong>, el banco advirti\u00f3 a la&nbsp;<strong>Unidad de Informaci\u00f3n Financiera (UIF)<\/strong>&nbsp;sobre los hechos que ocurr\u00edan en la municipalidad. El monto involucrado representa&nbsp;<strong>casi el 40% del total de los fondos sospechados a nivel nacional<\/strong>.<\/p>\n\n\n\n<p>La&nbsp;<strong>Ley Antilavados<\/strong>&nbsp;(n\u00famero 25.256), obliga a las entidades financieras y bancos, ya sean privados o p\u00fablicos, a reportar operaciones sospechosas a la&nbsp;<strong>Unidad de Informaci\u00f3n Financiera.&nbsp;<\/strong><\/p>\n\n\n\n<p>Por&nbsp;<a href=\"https:\/\/www.eldiario24.com\/author\/micaela\/\">Micaela M<\/a> EL DIARIO 24<\/p>\n","protected":false},"excerpt":{"rendered":"<p>La&nbsp;Unidad de Informaci\u00f3n Financiera&nbsp;(UIF),&nbsp;realiz\u00f3 una denuncia a municipios de diferentes provincias del pa\u00eds, por extraer grandes sumas de dinero en efectivo sin justificaci\u00f3n econ\u00f3mica. La posible malversaci\u00f3n de fondos municipales es de al menos&nbsp;45 millones de pesos, en los \u00faltimos dos a\u00f1os y medio. Las principales provincias implicadas son Tucum\u00e1n, Salta y Catamarca De acuerdo [&hellip;]<\/p>\n","protected":false},"author":8,"featured_media":9689,"comment_status":"open","ping_status":"open","sticky":false,"template":"","format":"standard","meta":{"_monsterinsights_skip_tracking":false,"_monsterinsights_sitenote_active":false,"_monsterinsights_sitenote_note":"","_monsterinsights_sitenote_category":0,"footnotes":""},"categories":[16],"tags":[36,100,1732],"class_list":["post-9688","post","type-post","status-publish","format-standard","has-post-thumbnail","hentry","category-noticias","tag-campo-quijano","tag-municipio-de-campo-quijano","tag-unidad-de-informacion-financiera"],"yoast_head":"<!-- This site is optimized with the Yoast SEO plugin v20.8 - https:\/\/yoast.com\/wordpress\/plugins\/seo\/ -->\n<title>La UIF realiz\u00f3 una denuncia a municipios provinciales por desv\u00edo de dinero sin justificaci\u00f3n - RQ 99.9<\/title>\n<meta name=\"description\" content=\"Este hecho\u00a0refuerza la hip\u00f3tesis de un presunto financiamiento ilegal de campa\u00f1as pol\u00edticas.\" \/>\n<meta name=\"robots\" content=\"index, follow, max-snippet:-1, max-image-preview:large, max-video-preview:-1\" \/>\n<link rel=\"canonical\" href=\"https:\/\/nahuelproducciones.com.ar\/radioquijano\/la-uif-realizo-una-denuncia-a-municipios-provinciales-por-desvio-de-dinero-sin-justificacion\/\" \/>\n<meta property=\"og:locale\" content=\"es_ES\" \/>\n<meta property=\"og:type\" content=\"article\" \/>\n<meta property=\"og:title\" content=\"La UIF realiz\u00f3 una denuncia a municipios provinciales por desv\u00edo de dinero sin justificaci\u00f3n - RQ 99.9\" \/>\n<meta property=\"og:description\" content=\"Este hecho\u00a0refuerza la hip\u00f3tesis de un presunto financiamiento ilegal de campa\u00f1as pol\u00edticas.\" \/>\n<meta property=\"og:url\" content=\"https:\/\/nahuelproducciones.com.ar\/radioquijano\/la-uif-realizo-una-denuncia-a-municipios-provinciales-por-desvio-de-dinero-sin-justificacion\/\" \/>\n<meta property=\"og:site_name\" content=\"RQ 99.9\" \/>\n<meta property=\"article:publisher\" content=\"https:\/\/www.facebook.com\/nahuelproducciones999\/\" \/>\n<meta property=\"article:published_time\" content=\"2025-02-25T00:58:13+00:00\" \/>\n<meta property=\"article:modified_time\" content=\"2025-02-25T13:43:24+00:00\" \/>\n<meta property=\"og:image\" content=\"https:\/\/nahuelproducciones.com.ar\/radioquijano\/wp-content\/uploads\/2025\/02\/Captura-de-pantalla-2025-02-24-165837-1140x642-1-e1740445087781.jpg\" \/>\n\t<meta property=\"og:image:width\" content=\"700\" \/>\n\t<meta property=\"og:image:height\" content=\"394\" \/>\n\t<meta property=\"og:image:type\" content=\"image\/jpeg\" \/>\n<meta name=\"author\" content=\"Cecilia Pastrana\" \/>\n<meta name=\"twitter:card\" content=\"summary_large_image\" \/>\n<meta name=\"twitter:creator\" content=\"@nahuproduciones\" \/>\n<meta name=\"twitter:site\" content=\"@nahuproduciones\" \/>\n<meta name=\"twitter:label1\" content=\"Escrito por\" \/>\n\t<meta name=\"twitter:data1\" content=\"Cecilia Pastrana\" \/>\n\t<meta name=\"twitter:label2\" content=\"Tiempo de lectura\" \/>\n\t<meta name=\"twitter:data2\" content=\"3 minutos\" \/>\n<script type=\"application\/ld+json\" class=\"yoast-schema-graph\">{\"@context\":\"https:\/\/schema.org\",\"@graph\":[{\"@type\":\"WebPage\",\"@id\":\"https:\/\/nahuelproducciones.com.ar\/radioquijano\/la-uif-realizo-una-denuncia-a-municipios-provinciales-por-desvio-de-dinero-sin-justificacion\/\",\"url\":\"https:\/\/nahuelproducciones.com.ar\/radioquijano\/la-uif-realizo-una-denuncia-a-municipios-provinciales-por-desvio-de-dinero-sin-justificacion\/\",\"name\":\"La UIF realiz\u00f3 una denuncia a municipios provinciales por desv\u00edo de dinero sin justificaci\u00f3n - RQ 99.9\",\"isPartOf\":{\"@id\":\"https:\/\/nahuelproducciones.com.ar\/radioquijano\/#website\"},\"datePublished\":\"2025-02-25T00:58:13+00:00\",\"dateModified\":\"2025-02-25T13:43:24+00:00\",\"author\":{\"@id\":\"https:\/\/nahuelproducciones.com.ar\/radioquijano\/#\/schema\/person\/e8a4f939e2cb487fe6d0c54042c9d32c\"},\"description\":\"Este hecho\u00a0refuerza la hip\u00f3tesis de un presunto financiamiento ilegal de campa\u00f1as pol\u00edticas.\",\"breadcrumb\":{\"@id\":\"https:\/\/nahuelproducciones.com.ar\/radioquijano\/la-uif-realizo-una-denuncia-a-municipios-provinciales-por-desvio-de-dinero-sin-justificacion\/#breadcrumb\"},\"inLanguage\":\"es\",\"potentialAction\":[{\"@type\":\"ReadAction\",\"target\":[\"https:\/\/nahuelproducciones.com.ar\/radioquijano\/la-uif-realizo-una-denuncia-a-municipios-provinciales-por-desvio-de-dinero-sin-justificacion\/\"]}]},{\"@type\":\"BreadcrumbList\",\"@id\":\"https:\/\/nahuelproducciones.com.ar\/radioquijano\/la-uif-realizo-una-denuncia-a-municipios-provinciales-por-desvio-de-dinero-sin-justificacion\/#breadcrumb\",\"itemListElement\":[{\"@type\":\"ListItem\",\"position\":1,\"name\":\"Portada\",\"item\":\"https:\/\/nahuelproducciones.com.ar\/radioquijano\/\"},{\"@type\":\"ListItem\",\"position\":2,\"name\":\"La UIF realiz\u00f3 una denuncia a municipios provinciales por desv\u00edo de dinero sin justificaci\u00f3n\"}]},{\"@type\":\"WebSite\",\"@id\":\"https:\/\/nahuelproducciones.com.ar\/radioquijano\/#website\",\"url\":\"https:\/\/nahuelproducciones.com.ar\/radioquijano\/\",\"name\":\"RQ 99.9\",\"description\":\"Radio Quijano 99.9 MHz\",\"potentialAction\":[{\"@type\":\"SearchAction\",\"target\":{\"@type\":\"EntryPoint\",\"urlTemplate\":\"https:\/\/nahuelproducciones.com.ar\/radioquijano\/?s={search_term_string}\"},\"query-input\":\"required name=search_term_string\"}],\"inLanguage\":\"es\"},{\"@type\":\"Person\",\"@id\":\"https:\/\/nahuelproducciones.com.ar\/radioquijano\/#\/schema\/person\/e8a4f939e2cb487fe6d0c54042c9d32c\",\"name\":\"Cecilia Pastrana\",\"image\":{\"@type\":\"ImageObject\",\"inLanguage\":\"es\",\"@id\":\"https:\/\/nahuelproducciones.com.ar\/radioquijano\/#\/schema\/person\/image\/\",\"url\":\"https:\/\/secure.gravatar.com\/avatar\/661a3ef63a8488d4f2794ed44af8cf71420f7e106f3072c40125114df5157749?s=96&d=mm&r=g\",\"contentUrl\":\"https:\/\/secure.gravatar.com\/avatar\/661a3ef63a8488d4f2794ed44af8cf71420f7e106f3072c40125114df5157749?s=96&d=mm&r=g\",\"caption\":\"Cecilia Pastrana\"},\"sameAs\":[\"cecy\"],\"url\":\"https:\/\/nahuelproducciones.com.ar\/radioquijano\/author\/cecy\/\"}]}<\/script>\n<!-- \/ Yoast SEO plugin. -->","yoast_head_json":{"title":"La UIF realiz\u00f3 una denuncia a municipios provinciales por desv\u00edo de dinero sin justificaci\u00f3n - RQ 99.9","description":"Este hecho\u00a0refuerza la hip\u00f3tesis de un presunto financiamiento ilegal de campa\u00f1as pol\u00edticas.","robots":{"index":"index","follow":"follow","max-snippet":"max-snippet:-1","max-image-preview":"max-image-preview:large","max-video-preview":"max-video-preview:-1"},"canonical":"https:\/\/nahuelproducciones.com.ar\/radioquijano\/la-uif-realizo-una-denuncia-a-municipios-provinciales-por-desvio-de-dinero-sin-justificacion\/","og_locale":"es_ES","og_type":"article","og_title":"La UIF realiz\u00f3 una denuncia a municipios provinciales por desv\u00edo de dinero sin justificaci\u00f3n - RQ 99.9","og_description":"Este hecho\u00a0refuerza la hip\u00f3tesis de un presunto financiamiento ilegal de campa\u00f1as pol\u00edticas.","og_url":"https:\/\/nahuelproducciones.com.ar\/radioquijano\/la-uif-realizo-una-denuncia-a-municipios-provinciales-por-desvio-de-dinero-sin-justificacion\/","og_site_name":"RQ 99.9","article_publisher":"https:\/\/www.facebook.com\/nahuelproducciones999\/","article_published_time":"2025-02-25T00:58:13+00:00","article_modified_time":"2025-02-25T13:43:24+00:00","og_image":[{"width":700,"height":394,"url":"https:\/\/nahuelproducciones.com.ar\/radioquijano\/wp-content\/uploads\/2025\/02\/Captura-de-pantalla-2025-02-24-165837-1140x642-1-e1740445087781.jpg","type":"image\/jpeg"}],"author":"Cecilia Pastrana","twitter_card":"summary_large_image","twitter_creator":"@nahuproduciones","twitter_site":"@nahuproduciones","twitter_misc":{"Escrito por":"Cecilia Pastrana","Tiempo de lectura":"3 minutos"},"schema":{"@context":"https:\/\/schema.org","@graph":[{"@type":"WebPage","@id":"https:\/\/nahuelproducciones.com.ar\/radioquijano\/la-uif-realizo-una-denuncia-a-municipios-provinciales-por-desvio-de-dinero-sin-justificacion\/","url":"https:\/\/nahuelproducciones.com.ar\/radioquijano\/la-uif-realizo-una-denuncia-a-municipios-provinciales-por-desvio-de-dinero-sin-justificacion\/","name":"La UIF realiz\u00f3 una denuncia a municipios provinciales por desv\u00edo de dinero sin justificaci\u00f3n - RQ 99.9","isPartOf":{"@id":"https:\/\/nahuelproducciones.com.ar\/radioquijano\/#website"},"datePublished":"2025-02-25T00:58:13+00:00","dateModified":"2025-02-25T13:43:24+00:00","author":{"@id":"https:\/\/nahuelproducciones.com.ar\/radioquijano\/#\/schema\/person\/e8a4f939e2cb487fe6d0c54042c9d32c"},"description":"Este hecho\u00a0refuerza la hip\u00f3tesis de un presunto financiamiento ilegal de campa\u00f1as pol\u00edticas.","breadcrumb":{"@id":"https:\/\/nahuelproducciones.com.ar\/radioquijano\/la-uif-realizo-una-denuncia-a-municipios-provinciales-por-desvio-de-dinero-sin-justificacion\/#breadcrumb"},"inLanguage":"es","potentialAction":[{"@type":"ReadAction","target":["https:\/\/nahuelproducciones.com.ar\/radioquijano\/la-uif-realizo-una-denuncia-a-municipios-provinciales-por-desvio-de-dinero-sin-justificacion\/"]}]},{"@type":"BreadcrumbList","@id":"https:\/\/nahuelproducciones.com.ar\/radioquijano\/la-uif-realizo-una-denuncia-a-municipios-provinciales-por-desvio-de-dinero-sin-justificacion\/#breadcrumb","itemListElement":[{"@type":"ListItem","position":1,"name":"Portada","item":"https:\/\/nahuelproducciones.com.ar\/radioquijano\/"},{"@type":"ListItem","position":2,"name":"La UIF realiz\u00f3 una denuncia a municipios provinciales por desv\u00edo de dinero sin justificaci\u00f3n"}]},{"@type":"WebSite","@id":"https:\/\/nahuelproducciones.com.ar\/radioquijano\/#website","url":"https:\/\/nahuelproducciones.com.ar\/radioquijano\/","name":"RQ 99.9","description":"Radio Quijano 99.9 MHz","potentialAction":[{"@type":"SearchAction","target":{"@type":"EntryPoint","urlTemplate":"https:\/\/nahuelproducciones.com.ar\/radioquijano\/?s={search_term_string}"},"query-input":"required name=search_term_string"}],"inLanguage":"es"},{"@type":"Person","@id":"https:\/\/nahuelproducciones.com.ar\/radioquijano\/#\/schema\/person\/e8a4f939e2cb487fe6d0c54042c9d32c","name":"Cecilia Pastrana","image":{"@type":"ImageObject","inLanguage":"es","@id":"https:\/\/nahuelproducciones.com.ar\/radioquijano\/#\/schema\/person\/image\/","url":"https:\/\/secure.gravatar.com\/avatar\/661a3ef63a8488d4f2794ed44af8cf71420f7e106f3072c40125114df5157749?s=96&d=mm&r=g","contentUrl":"https:\/\/secure.gravatar.com\/avatar\/661a3ef63a8488d4f2794ed44af8cf71420f7e106f3072c40125114df5157749?s=96&d=mm&r=g","caption":"Cecilia Pastrana"},"sameAs":["cecy"],"url":"https:\/\/nahuelproducciones.com.ar\/radioquijano\/author\/cecy\/"}]}},"_links":{"self":[{"href":"https:\/\/nahuelproducciones.com.ar\/radioquijano\/wp-json\/wp\/v2\/posts\/9688","targetHints":{"allow":["GET"]}}],"collection":[{"href":"https:\/\/nahuelproducciones.com.ar\/radioquijano\/wp-json\/wp\/v2\/posts"}],"about":[{"href":"https:\/\/nahuelproducciones.com.ar\/radioquijano\/wp-json\/wp\/v2\/types\/post"}],"author":[{"embeddable":true,"href":"https:\/\/nahuelproducciones.com.ar\/radioquijano\/wp-json\/wp\/v2\/users\/8"}],"replies":[{"embeddable":true,"href":"https:\/\/nahuelproducciones.com.ar\/radioquijano\/wp-json\/wp\/v2\/comments?post=9688"}],"version-history":[{"count":2,"href":"https:\/\/nahuelproducciones.com.ar\/radioquijano\/wp-json\/wp\/v2\/posts\/9688\/revisions"}],"predecessor-version":[{"id":9691,"href":"https:\/\/nahuelproducciones.com.ar\/radioquijano\/wp-json\/wp\/v2\/posts\/9688\/revisions\/9691"}],"wp:featuredmedia":[{"embeddable":true,"href":"https:\/\/nahuelproducciones.com.ar\/radioquijano\/wp-json\/wp\/v2\/media\/9689"}],"wp:attachment":[{"href":"https:\/\/nahuelproducciones.com.ar\/radioquijano\/wp-json\/wp\/v2\/media?parent=9688"}],"wp:term":[{"taxonomy":"category","embeddable":true,"href":"https:\/\/nahuelproducciones.com.ar\/radioquijano\/wp-json\/wp\/v2\/categories?post=9688"},{"taxonomy":"post_tag","embeddable":true,"href":"https:\/\/nahuelproducciones.com.ar\/radioquijano\/wp-json\/wp\/v2\/tags?post=9688"}],"curies":[{"name":"wp","href":"https:\/\/api.w.org\/{rel}","templated":true}]}}