{"id":9708,"date":"2025-02-25T13:17:55","date_gmt":"2025-02-25T16:17:55","guid":{"rendered":"https:\/\/nahuelproducciones.com.ar\/radioquijano\/?p=9708"},"modified":"2025-02-25T13:17:58","modified_gmt":"2025-02-25T16:17:58","slug":"denuncian-al-intendente-de-campo-quijano-por-presunta-malversacion-de-fondos","status":"publish","type":"post","link":"https:\/\/nahuelproducciones.com.ar\/radioquijano\/denuncian-al-intendente-de-campo-quijano-por-presunta-malversacion-de-fondos\/","title":{"rendered":"Denuncian al Intendente de Campo Quijano por presunta malversaci\u00f3n de fondos"},"content":{"rendered":"\n<p>El 24 de febrero de 2025, el exconcejal Ariel Antonio Gallardo present\u00f3 una denuncia penal contra el intendente de Campo Quijano, Ingeniero Lino Fernando Yonar, por los presuntos delitos de malversaci\u00f3n de caudales p\u00fablicos e incumplimiento de los deberes de funcionario p\u00fablico.<\/p>\n\n\n\n<p>La denuncia fue radicada ante la Fiscal\u00eda de Delitos Econ\u00f3micos y Complejos y se encuentra respaldada por una documentaci\u00f3n de 44 fojas, en las que se incluyen:<\/p>\n\n\n\n<ul class=\"wp-block-list\">\n<li>Copia de la Cuenta General del Ejercicio 2023 (1 foja).<\/li>\n\n\n\n<li>Copia de Informe del Ministerio de Infraestructura del Gobierno (Expte. 1100386-195475\/2024-0, 12 fojas).<\/li>\n\n\n\n<li>Copia de Ejecuci\u00f3n Presupuestaria Semestral 2024 EX N 935\/24 (8 fojas).<\/li>\n\n\n\n<li>Copia de Ejecuci\u00f3n Presupuestaria Semestral Expte. 938\/24 (3 fojas).<\/li>\n\n\n\n<li>Copia de notas varias (3 fojas).<\/li>\n\n\n\n<li>Copia de respuesta a nota de la Municipalidad de Campo Quijano (1 foja).<\/li>\n<\/ul>\n\n\n\n<p>Esta acusaci\u00f3n se suma a otras investigaciones en curso sobre presuntos actos de corrupci\u00f3n en el municipio, que involucran a exintendentes como Manuel Cornejo y Carlos Folloni, lo que agrava la situaci\u00f3n institucional de Campo Quijano.<\/p>\n\n\n\n<p><strong>Falta de transparencia y acceso a la informaci\u00f3n<\/strong><\/p>\n\n\n\n<p>Seg\u00fan Gallardo, luego de un a\u00f1o y tres meses de gesti\u00f3n, el intendente Yonar no ha respondido a los reiterados pedidos de informaci\u00f3n del Concejo Deliberante sobre la administraci\u00f3n y rendici\u00f3n de fondos p\u00fablicos. Esta falta de respuesta genera dudas sobre la transparencia en el manejo de los recursos municipales.<\/p>\n\n\n\n<p>Asimismo, el intendente incumple con la Ley de Acceso a la Informaci\u00f3n P\u00fablica al negar acceso a copias de las resoluciones de designaci\u00f3n de funcionarios nombrados en diciembre de 2024. Adem\u00e1s, se se\u00f1ala que tampoco ha dado cumplimiento a la Ley N\u00b0 8140, que exige informar sobre la designaci\u00f3n de funcionarios p\u00fablicos para que estos presenten sus declaraciones juradas de bienes en la Escriban\u00eda de Gobierno.<\/p>\n\n\n\n<p>El jefe comunal tiene la obligaci\u00f3n de remitir al Concejo Deliberante las resoluciones de designaci\u00f3n de sus funcionarios, adem\u00e1s de notificar a la Escriban\u00eda de Gobierno para que esta \u00faltima pueda exigir el cumplimiento de las declaraciones juradas de bienes.<\/p>\n\n\n\n<p><strong>Retenci\u00f3n de informes y falta de rendici\u00f3n de cuentas<\/strong><\/p>\n\n\n\n<p>Otro punto destacado en la denuncia es la supuesta retenci\u00f3n de un informe del Ministerio de Infraestructura, solicitado por la concejal Lorena Torres, lo que refuerza las acusaciones sobre la falta de transparencia en la gesti\u00f3n municipal.<\/p>\n\n\n\n<p>La Fiscal\u00eda de Delitos Econ\u00f3micos y Complejos deber\u00e1 ahora evaluar las pruebas presentadas y determinar los pr\u00f3ximos pasos en la investigaci\u00f3n de esta denuncia que pone en la mira a la actual administraci\u00f3n municipal de Campo Quijano.<\/p>\n\n\n\n<p>Escucha la entrevista:<\/p>\n\n\n\n<figure class=\"wp-block-audio\"><audio controls src=\"https:\/\/nahuelproducciones.com.ar\/radioquijano\/wp-content\/uploads\/2025\/02\/25-02-2025-ARIEL-GALLARDO-EXPLICA-COMO-LLEGA-A-PRESENTAR-LA-DENUNCIA-AL-INTENDENTE-YONAR.mp3\"><\/audio><\/figure>\n\n\n\n<figure class=\"wp-block-gallery has-nested-images columns-default is-cropped wp-block-gallery-1 is-layout-flex wp-block-gallery-is-layout-flex\">\n<figure class=\"wp-block-image size-large\"><img loading=\"lazy\" decoding=\"async\" width=\"576\" height=\"1024\" data-id=\"9711\" src=\"https:\/\/nahuelproducciones.com.ar\/radioquijano\/wp-content\/uploads\/2025\/02\/WhatsApp-Image-2025-02-24-at-1.21.08-PM-576x1024.jpeg\" alt=\"\" class=\"wp-image-9711\" srcset=\"https:\/\/nahuelproducciones.com.ar\/radioquijano\/wp-content\/uploads\/2025\/02\/WhatsApp-Image-2025-02-24-at-1.21.08-PM-576x1024.jpeg 576w, https:\/\/nahuelproducciones.com.ar\/radioquijano\/wp-content\/uploads\/2025\/02\/WhatsApp-Image-2025-02-24-at-1.21.08-PM-169x300.jpeg 169w, https:\/\/nahuelproducciones.com.ar\/radioquijano\/wp-content\/uploads\/2025\/02\/WhatsApp-Image-2025-02-24-at-1.21.08-PM-768x1366.jpeg 768w, https:\/\/nahuelproducciones.com.ar\/radioquijano\/wp-content\/uploads\/2025\/02\/WhatsApp-Image-2025-02-24-at-1.21.08-PM-864x1536.jpeg 864w, https:\/\/nahuelproducciones.com.ar\/radioquijano\/wp-content\/uploads\/2025\/02\/WhatsApp-Image-2025-02-24-at-1.21.08-PM-150x267.jpeg 150w, https:\/\/nahuelproducciones.com.ar\/radioquijano\/wp-content\/uploads\/2025\/02\/WhatsApp-Image-2025-02-24-at-1.21.08-PM.jpeg 899w\" sizes=\"auto, (max-width: 576px) 100vw, 576px\" \/><\/figure>\n\n\n\n<figure class=\"wp-block-image size-large\"><img loading=\"lazy\" decoding=\"async\" width=\"1024\" height=\"576\" data-id=\"9710\" src=\"https:\/\/nahuelproducciones.com.ar\/radioquijano\/wp-content\/uploads\/2025\/02\/WhatsApp-Image-2025-02-24-at-1.21.18-PM-1024x576.jpeg\" alt=\"\" class=\"wp-image-9710\" srcset=\"https:\/\/nahuelproducciones.com.ar\/radioquijano\/wp-content\/uploads\/2025\/02\/WhatsApp-Image-2025-02-24-at-1.21.18-PM-1024x576.jpeg 1024w, https:\/\/nahuelproducciones.com.ar\/radioquijano\/wp-content\/uploads\/2025\/02\/WhatsApp-Image-2025-02-24-at-1.21.18-PM-300x169.jpeg 300w, https:\/\/nahuelproducciones.com.ar\/radioquijano\/wp-content\/uploads\/2025\/02\/WhatsApp-Image-2025-02-24-at-1.21.18-PM-768x432.jpeg 768w, https:\/\/nahuelproducciones.com.ar\/radioquijano\/wp-content\/uploads\/2025\/02\/WhatsApp-Image-2025-02-24-at-1.21.18-PM-1536x864.jpeg 1536w, https:\/\/nahuelproducciones.com.ar\/radioquijano\/wp-content\/uploads\/2025\/02\/WhatsApp-Image-2025-02-24-at-1.21.18-PM-150x84.jpeg 150w, https:\/\/nahuelproducciones.com.ar\/radioquijano\/wp-content\/uploads\/2025\/02\/WhatsApp-Image-2025-02-24-at-1.21.18-PM-rotated.jpeg 1599w\" sizes=\"auto, (max-width: 1024px) 100vw, 1024px\" \/><\/figure>\n<\/figure>\n","protected":false},"excerpt":{"rendered":"<p>El 24 de febrero de 2025, el exconcejal Ariel Antonio Gallardo present\u00f3 una denuncia penal contra el intendente de Campo Quijano, Ingeniero Lino Fernando Yonar, por los presuntos delitos de malversaci\u00f3n de caudales p\u00fablicos e incumplimiento de los deberes de funcionario p\u00fablico. La denuncia fue radicada ante la Fiscal\u00eda de Delitos Econ\u00f3micos y Complejos y [&hellip;]<\/p>\n","protected":false},"author":8,"featured_media":9712,"comment_status":"open","ping_status":"open","sticky":false,"template":"","format":"standard","meta":{"_monsterinsights_skip_tracking":false,"_monsterinsights_sitenote_active":false,"_monsterinsights_sitenote_note":"","_monsterinsights_sitenote_category":0,"footnotes":""},"categories":[16],"tags":[73,36,1731,63,100],"class_list":["post-9708","post","type-post","status-publish","format-standard","has-post-thumbnail","hentry","category-noticias","tag-ariel-gallardo","tag-campo-quijano","tag-denuncia-al-intendente-yonar","tag-lino-yonar","tag-municipio-de-campo-quijano"],"yoast_head":"<!-- This site is optimized with the Yoast SEO plugin v20.8 - https:\/\/yoast.com\/wordpress\/plugins\/seo\/ -->\n<title>Denuncian al Intendente de Campo Quijano por presunta malversaci\u00f3n de fondos - RQ 99.9<\/title>\n<meta name=\"description\" content=\"La denuncia fue radicada ante la Fiscal\u00eda de Delitos Econ\u00f3micos y Complejos\" \/>\n<meta name=\"robots\" content=\"index, follow, max-snippet:-1, max-image-preview:large, max-video-preview:-1\" \/>\n<link rel=\"canonical\" href=\"https:\/\/nahuelproducciones.com.ar\/radioquijano\/denuncian-al-intendente-de-campo-quijano-por-presunta-malversacion-de-fondos\/\" \/>\n<meta property=\"og:locale\" content=\"es_ES\" \/>\n<meta property=\"og:type\" content=\"article\" \/>\n<meta property=\"og:title\" content=\"Denuncian al Intendente de Campo Quijano por presunta malversaci\u00f3n de fondos - RQ 99.9\" \/>\n<meta property=\"og:description\" content=\"La denuncia fue radicada ante la Fiscal\u00eda de Delitos Econ\u00f3micos y Complejos\" \/>\n<meta property=\"og:url\" content=\"https:\/\/nahuelproducciones.com.ar\/radioquijano\/denuncian-al-intendente-de-campo-quijano-por-presunta-malversacion-de-fondos\/\" \/>\n<meta property=\"og:site_name\" content=\"RQ 99.9\" \/>\n<meta property=\"article:publisher\" content=\"https:\/\/www.facebook.com\/nahuelproducciones999\/\" \/>\n<meta property=\"article:published_time\" content=\"2025-02-25T16:17:55+00:00\" \/>\n<meta property=\"article:modified_time\" content=\"2025-02-25T16:17:58+00:00\" \/>\n<meta property=\"og:image\" content=\"https:\/\/nahuelproducciones.com.ar\/radioquijano\/wp-content\/uploads\/2025\/02\/468969949_1192127082428205_2181749929544953923_n-e1740500270604.jpg\" \/>\n\t<meta property=\"og:image:width\" content=\"700\" \/>\n\t<meta property=\"og:image:height\" content=\"937\" \/>\n\t<meta property=\"og:image:type\" content=\"image\/jpeg\" \/>\n<meta name=\"author\" content=\"Cecilia Pastrana\" \/>\n<meta name=\"twitter:card\" content=\"summary_large_image\" \/>\n<meta name=\"twitter:creator\" content=\"@nahuproduciones\" \/>\n<meta name=\"twitter:site\" content=\"@nahuproduciones\" \/>\n<meta name=\"twitter:label1\" content=\"Escrito por\" \/>\n\t<meta name=\"twitter:data1\" content=\"Cecilia Pastrana\" \/>\n\t<meta name=\"twitter:label2\" content=\"Tiempo de lectura\" \/>\n\t<meta name=\"twitter:data2\" content=\"3 minutos\" \/>\n<script type=\"application\/ld+json\" class=\"yoast-schema-graph\">{\"@context\":\"https:\/\/schema.org\",\"@graph\":[{\"@type\":\"WebPage\",\"@id\":\"https:\/\/nahuelproducciones.com.ar\/radioquijano\/denuncian-al-intendente-de-campo-quijano-por-presunta-malversacion-de-fondos\/\",\"url\":\"https:\/\/nahuelproducciones.com.ar\/radioquijano\/denuncian-al-intendente-de-campo-quijano-por-presunta-malversacion-de-fondos\/\",\"name\":\"Denuncian al Intendente de Campo Quijano por presunta malversaci\u00f3n de fondos - RQ 99.9\",\"isPartOf\":{\"@id\":\"https:\/\/nahuelproducciones.com.ar\/radioquijano\/#website\"},\"datePublished\":\"2025-02-25T16:17:55+00:00\",\"dateModified\":\"2025-02-25T16:17:58+00:00\",\"author\":{\"@id\":\"https:\/\/nahuelproducciones.com.ar\/radioquijano\/#\/schema\/person\/e8a4f939e2cb487fe6d0c54042c9d32c\"},\"description\":\"La denuncia fue radicada ante la Fiscal\u00eda de Delitos Econ\u00f3micos y Complejos\",\"breadcrumb\":{\"@id\":\"https:\/\/nahuelproducciones.com.ar\/radioquijano\/denuncian-al-intendente-de-campo-quijano-por-presunta-malversacion-de-fondos\/#breadcrumb\"},\"inLanguage\":\"es\",\"potentialAction\":[{\"@type\":\"ReadAction\",\"target\":[\"https:\/\/nahuelproducciones.com.ar\/radioquijano\/denuncian-al-intendente-de-campo-quijano-por-presunta-malversacion-de-fondos\/\"]}]},{\"@type\":\"BreadcrumbList\",\"@id\":\"https:\/\/nahuelproducciones.com.ar\/radioquijano\/denuncian-al-intendente-de-campo-quijano-por-presunta-malversacion-de-fondos\/#breadcrumb\",\"itemListElement\":[{\"@type\":\"ListItem\",\"position\":1,\"name\":\"Portada\",\"item\":\"https:\/\/nahuelproducciones.com.ar\/radioquijano\/\"},{\"@type\":\"ListItem\",\"position\":2,\"name\":\"Denuncian al Intendente de Campo Quijano por presunta malversaci\u00f3n de fondos\"}]},{\"@type\":\"WebSite\",\"@id\":\"https:\/\/nahuelproducciones.com.ar\/radioquijano\/#website\",\"url\":\"https:\/\/nahuelproducciones.com.ar\/radioquijano\/\",\"name\":\"RQ 99.9\",\"description\":\"Radio Quijano 99.9 MHz\",\"potentialAction\":[{\"@type\":\"SearchAction\",\"target\":{\"@type\":\"EntryPoint\",\"urlTemplate\":\"https:\/\/nahuelproducciones.com.ar\/radioquijano\/?s={search_term_string}\"},\"query-input\":\"required name=search_term_string\"}],\"inLanguage\":\"es\"},{\"@type\":\"Person\",\"@id\":\"https:\/\/nahuelproducciones.com.ar\/radioquijano\/#\/schema\/person\/e8a4f939e2cb487fe6d0c54042c9d32c\",\"name\":\"Cecilia Pastrana\",\"image\":{\"@type\":\"ImageObject\",\"inLanguage\":\"es\",\"@id\":\"https:\/\/nahuelproducciones.com.ar\/radioquijano\/#\/schema\/person\/image\/\",\"url\":\"https:\/\/secure.gravatar.com\/avatar\/661a3ef63a8488d4f2794ed44af8cf71420f7e106f3072c40125114df5157749?s=96&d=mm&r=g\",\"contentUrl\":\"https:\/\/secure.gravatar.com\/avatar\/661a3ef63a8488d4f2794ed44af8cf71420f7e106f3072c40125114df5157749?s=96&d=mm&r=g\",\"caption\":\"Cecilia Pastrana\"},\"sameAs\":[\"cecy\"],\"url\":\"https:\/\/nahuelproducciones.com.ar\/radioquijano\/author\/cecy\/\"}]}<\/script>\n<!-- \/ Yoast SEO plugin. -->","yoast_head_json":{"title":"Denuncian al Intendente de Campo Quijano por presunta malversaci\u00f3n de fondos - RQ 99.9","description":"La denuncia fue radicada ante la Fiscal\u00eda de Delitos Econ\u00f3micos y Complejos","robots":{"index":"index","follow":"follow","max-snippet":"max-snippet:-1","max-image-preview":"max-image-preview:large","max-video-preview":"max-video-preview:-1"},"canonical":"https:\/\/nahuelproducciones.com.ar\/radioquijano\/denuncian-al-intendente-de-campo-quijano-por-presunta-malversacion-de-fondos\/","og_locale":"es_ES","og_type":"article","og_title":"Denuncian al Intendente de Campo Quijano por presunta malversaci\u00f3n de fondos - RQ 99.9","og_description":"La denuncia fue radicada ante la Fiscal\u00eda de Delitos Econ\u00f3micos y Complejos","og_url":"https:\/\/nahuelproducciones.com.ar\/radioquijano\/denuncian-al-intendente-de-campo-quijano-por-presunta-malversacion-de-fondos\/","og_site_name":"RQ 99.9","article_publisher":"https:\/\/www.facebook.com\/nahuelproducciones999\/","article_published_time":"2025-02-25T16:17:55+00:00","article_modified_time":"2025-02-25T16:17:58+00:00","og_image":[{"width":700,"height":937,"url":"https:\/\/nahuelproducciones.com.ar\/radioquijano\/wp-content\/uploads\/2025\/02\/468969949_1192127082428205_2181749929544953923_n-e1740500270604.jpg","type":"image\/jpeg"}],"author":"Cecilia Pastrana","twitter_card":"summary_large_image","twitter_creator":"@nahuproduciones","twitter_site":"@nahuproduciones","twitter_misc":{"Escrito por":"Cecilia Pastrana","Tiempo de lectura":"3 minutos"},"schema":{"@context":"https:\/\/schema.org","@graph":[{"@type":"WebPage","@id":"https:\/\/nahuelproducciones.com.ar\/radioquijano\/denuncian-al-intendente-de-campo-quijano-por-presunta-malversacion-de-fondos\/","url":"https:\/\/nahuelproducciones.com.ar\/radioquijano\/denuncian-al-intendente-de-campo-quijano-por-presunta-malversacion-de-fondos\/","name":"Denuncian al Intendente de Campo Quijano por presunta malversaci\u00f3n de fondos - RQ 99.9","isPartOf":{"@id":"https:\/\/nahuelproducciones.com.ar\/radioquijano\/#website"},"datePublished":"2025-02-25T16:17:55+00:00","dateModified":"2025-02-25T16:17:58+00:00","author":{"@id":"https:\/\/nahuelproducciones.com.ar\/radioquijano\/#\/schema\/person\/e8a4f939e2cb487fe6d0c54042c9d32c"},"description":"La denuncia fue radicada ante la Fiscal\u00eda de Delitos Econ\u00f3micos y Complejos","breadcrumb":{"@id":"https:\/\/nahuelproducciones.com.ar\/radioquijano\/denuncian-al-intendente-de-campo-quijano-por-presunta-malversacion-de-fondos\/#breadcrumb"},"inLanguage":"es","potentialAction":[{"@type":"ReadAction","target":["https:\/\/nahuelproducciones.com.ar\/radioquijano\/denuncian-al-intendente-de-campo-quijano-por-presunta-malversacion-de-fondos\/"]}]},{"@type":"BreadcrumbList","@id":"https:\/\/nahuelproducciones.com.ar\/radioquijano\/denuncian-al-intendente-de-campo-quijano-por-presunta-malversacion-de-fondos\/#breadcrumb","itemListElement":[{"@type":"ListItem","position":1,"name":"Portada","item":"https:\/\/nahuelproducciones.com.ar\/radioquijano\/"},{"@type":"ListItem","position":2,"name":"Denuncian al Intendente de Campo Quijano por presunta malversaci\u00f3n de fondos"}]},{"@type":"WebSite","@id":"https:\/\/nahuelproducciones.com.ar\/radioquijano\/#website","url":"https:\/\/nahuelproducciones.com.ar\/radioquijano\/","name":"RQ 99.9","description":"Radio Quijano 99.9 MHz","potentialAction":[{"@type":"SearchAction","target":{"@type":"EntryPoint","urlTemplate":"https:\/\/nahuelproducciones.com.ar\/radioquijano\/?s={search_term_string}"},"query-input":"required name=search_term_string"}],"inLanguage":"es"},{"@type":"Person","@id":"https:\/\/nahuelproducciones.com.ar\/radioquijano\/#\/schema\/person\/e8a4f939e2cb487fe6d0c54042c9d32c","name":"Cecilia Pastrana","image":{"@type":"ImageObject","inLanguage":"es","@id":"https:\/\/nahuelproducciones.com.ar\/radioquijano\/#\/schema\/person\/image\/","url":"https:\/\/secure.gravatar.com\/avatar\/661a3ef63a8488d4f2794ed44af8cf71420f7e106f3072c40125114df5157749?s=96&d=mm&r=g","contentUrl":"https:\/\/secure.gravatar.com\/avatar\/661a3ef63a8488d4f2794ed44af8cf71420f7e106f3072c40125114df5157749?s=96&d=mm&r=g","caption":"Cecilia Pastrana"},"sameAs":["cecy"],"url":"https:\/\/nahuelproducciones.com.ar\/radioquijano\/author\/cecy\/"}]}},"_links":{"self":[{"href":"https:\/\/nahuelproducciones.com.ar\/radioquijano\/wp-json\/wp\/v2\/posts\/9708","targetHints":{"allow":["GET"]}}],"collection":[{"href":"https:\/\/nahuelproducciones.com.ar\/radioquijano\/wp-json\/wp\/v2\/posts"}],"about":[{"href":"https:\/\/nahuelproducciones.com.ar\/radioquijano\/wp-json\/wp\/v2\/types\/post"}],"author":[{"embeddable":true,"href":"https:\/\/nahuelproducciones.com.ar\/radioquijano\/wp-json\/wp\/v2\/users\/8"}],"replies":[{"embeddable":true,"href":"https:\/\/nahuelproducciones.com.ar\/radioquijano\/wp-json\/wp\/v2\/comments?post=9708"}],"version-history":[{"count":1,"href":"https:\/\/nahuelproducciones.com.ar\/radioquijano\/wp-json\/wp\/v2\/posts\/9708\/revisions"}],"predecessor-version":[{"id":9713,"href":"https:\/\/nahuelproducciones.com.ar\/radioquijano\/wp-json\/wp\/v2\/posts\/9708\/revisions\/9713"}],"wp:featuredmedia":[{"embeddable":true,"href":"https:\/\/nahuelproducciones.com.ar\/radioquijano\/wp-json\/wp\/v2\/media\/9712"}],"wp:attachment":[{"href":"https:\/\/nahuelproducciones.com.ar\/radioquijano\/wp-json\/wp\/v2\/media?parent=9708"}],"wp:term":[{"taxonomy":"category","embeddable":true,"href":"https:\/\/nahuelproducciones.com.ar\/radioquijano\/wp-json\/wp\/v2\/categories?post=9708"},{"taxonomy":"post_tag","embeddable":true,"href":"https:\/\/nahuelproducciones.com.ar\/radioquijano\/wp-json\/wp\/v2\/tags?post=9708"}],"curies":[{"name":"wp","href":"https:\/\/api.w.org\/{rel}","templated":true}]}}