{"id":9714,"date":"2025-02-26T12:57:24","date_gmt":"2025-02-26T15:57:24","guid":{"rendered":"https:\/\/nahuelproducciones.com.ar\/radioquijano\/?p=9714"},"modified":"2025-02-26T12:57:26","modified_gmt":"2025-02-26T15:57:26","slug":"el-28-de-febrero-y-1de-marzo-se-depositaran-los-sueldos-de-la-administracion-publica-provincial","status":"publish","type":"post","link":"https:\/\/nahuelproducciones.com.ar\/radioquijano\/el-28-de-febrero-y-1de-marzo-se-depositaran-los-sueldos-de-la-administracion-publica-provincial\/","title":{"rendered":"El 28 de febrero y 1\u00b0de Marzo se depositar\u00e1n los sueldos de la Administraci\u00f3n P\u00fablica Provincial"},"content":{"rendered":"\n<p>El Gobierno Provincial inform\u00f3 las fechas de pago de los haberes del mes de febrero de 2025.<\/p>\n\n\n\n<p>El viernes 28 de febrero se depositar\u00e1 la&nbsp;<strong>Compensaci\u00f3n Transitoria Docente<\/strong>&nbsp;y los haberes para los sectores de&nbsp;<strong>salud y seguridad<\/strong>. El s\u00e1bado 1\u00b0 de marzo para el sector&nbsp;<strong>Educaci\u00f3n, Administraci\u00f3n Central; Descentralizada y resto de la Administraci\u00f3n P\u00fablica.<\/strong><\/p>\n\n\n\n<p>La totalidad del sector p\u00fablico provincial incluye: Poder Ejecutivo, Legislativo y Judicial, organismos dependientes de estos poderes, organismos descentralizados, aut\u00e1rquicos y otros entes.<br>&nbsp;<\/p>\n\n\n\n<hr class=\"wp-block-separator has-alpha-channel-opacity\"\/>\n\n\n\n<p>Fuente:&nbsp;<strong>Secretar\u00eda de Prensa y Comunicaci\u00f3n<\/strong><\/p>\n","protected":false},"excerpt":{"rendered":"<p>El Gobierno Provincial inform\u00f3 las fechas de pago de los haberes del mes de febrero de 2025. El viernes 28 de febrero se depositar\u00e1 la&nbsp;Compensaci\u00f3n Transitoria Docente&nbsp;y los haberes para los sectores de&nbsp;salud y seguridad. El s\u00e1bado 1\u00b0 de marzo para el sector&nbsp;Educaci\u00f3n, Administraci\u00f3n Central; Descentralizada y resto de la Administraci\u00f3n P\u00fablica. La totalidad del [&hellip;]<\/p>\n","protected":false},"author":8,"featured_media":9715,"comment_status":"open","ping_status":"open","sticky":false,"template":"","format":"standard","meta":{"_monsterinsights_skip_tracking":false,"_monsterinsights_sitenote_active":false,"_monsterinsights_sitenote_note":"","_monsterinsights_sitenote_category":0,"footnotes":""},"categories":[16],"tags":[100,1502],"class_list":["post-9714","post","type-post","status-publish","format-standard","has-post-thumbnail","hentry","category-noticias","tag-municipio-de-campo-quijano","tag-sueldos-de-la-administracion-publica-provincial"],"yoast_head":"<!-- This site is optimized with the Yoast SEO plugin v20.8 - https:\/\/yoast.com\/wordpress\/plugins\/seo\/ -->\n<title>El 28 de febrero y 1\u00b0de Marzo se depositar\u00e1n los sueldos de la Administraci\u00f3n P\u00fablica Provincial - RQ 99.9<\/title>\n<meta name=\"description\" content=\"El 28 de febrero corresponder\u00e1 la Compensaci\u00f3n Transitoria Docente y los haberes para los sectores de salud y seguridad. El 1\u00b0 de marzo para Educaci\u00f3n y resto de la administraci\u00f3n p\u00fablica.\" \/>\n<meta name=\"robots\" content=\"index, follow, max-snippet:-1, max-image-preview:large, max-video-preview:-1\" \/>\n<link rel=\"canonical\" href=\"https:\/\/nahuelproducciones.com.ar\/radioquijano\/el-28-de-febrero-y-1de-marzo-se-depositaran-los-sueldos-de-la-administracion-publica-provincial\/\" \/>\n<meta property=\"og:locale\" content=\"es_ES\" \/>\n<meta property=\"og:type\" content=\"article\" \/>\n<meta property=\"og:title\" content=\"El 28 de febrero y 1\u00b0de Marzo se depositar\u00e1n los sueldos de la Administraci\u00f3n P\u00fablica Provincial - RQ 99.9\" \/>\n<meta property=\"og:description\" content=\"El 28 de febrero corresponder\u00e1 la Compensaci\u00f3n Transitoria Docente y los haberes para los sectores de salud y seguridad. El 1\u00b0 de marzo para Educaci\u00f3n y resto de la administraci\u00f3n p\u00fablica.\" \/>\n<meta property=\"og:url\" content=\"https:\/\/nahuelproducciones.com.ar\/radioquijano\/el-28-de-febrero-y-1de-marzo-se-depositaran-los-sueldos-de-la-administracion-publica-provincial\/\" \/>\n<meta property=\"og:site_name\" content=\"RQ 99.9\" \/>\n<meta property=\"article:publisher\" content=\"https:\/\/www.facebook.com\/nahuelproducciones999\/\" \/>\n<meta property=\"article:published_time\" content=\"2025-02-26T15:57:24+00:00\" \/>\n<meta property=\"article:modified_time\" content=\"2025-02-26T15:57:26+00:00\" \/>\n<meta property=\"og:image\" content=\"https:\/\/nahuelproducciones.com.ar\/radioquijano\/wp-content\/uploads\/2025\/02\/100281-el-28-de-febrero-y-1de-marzo-se-depositaran-los-sueldos-de-la-administracion-publica-provincial-20250225214819-e1740585438533.webp\" \/>\n\t<meta property=\"og:image:width\" content=\"700\" \/>\n\t<meta property=\"og:image:height\" content=\"394\" \/>\n\t<meta property=\"og:image:type\" content=\"image\/webp\" \/>\n<meta name=\"author\" content=\"Cecilia Pastrana\" \/>\n<meta name=\"twitter:card\" content=\"summary_large_image\" \/>\n<meta name=\"twitter:creator\" content=\"@nahuproduciones\" \/>\n<meta name=\"twitter:site\" content=\"@nahuproduciones\" \/>\n<meta name=\"twitter:label1\" content=\"Escrito por\" \/>\n\t<meta name=\"twitter:data1\" content=\"Cecilia Pastrana\" \/>\n\t<meta name=\"twitter:label2\" content=\"Tiempo de lectura\" \/>\n\t<meta name=\"twitter:data2\" content=\"1 minuto\" \/>\n<script type=\"application\/ld+json\" class=\"yoast-schema-graph\">{\"@context\":\"https:\/\/schema.org\",\"@graph\":[{\"@type\":\"WebPage\",\"@id\":\"https:\/\/nahuelproducciones.com.ar\/radioquijano\/el-28-de-febrero-y-1de-marzo-se-depositaran-los-sueldos-de-la-administracion-publica-provincial\/\",\"url\":\"https:\/\/nahuelproducciones.com.ar\/radioquijano\/el-28-de-febrero-y-1de-marzo-se-depositaran-los-sueldos-de-la-administracion-publica-provincial\/\",\"name\":\"El 28 de febrero y 1\u00b0de Marzo se depositar\u00e1n los sueldos de la Administraci\u00f3n P\u00fablica Provincial - RQ 99.9\",\"isPartOf\":{\"@id\":\"https:\/\/nahuelproducciones.com.ar\/radioquijano\/#website\"},\"datePublished\":\"2025-02-26T15:57:24+00:00\",\"dateModified\":\"2025-02-26T15:57:26+00:00\",\"author\":{\"@id\":\"https:\/\/nahuelproducciones.com.ar\/radioquijano\/#\/schema\/person\/e8a4f939e2cb487fe6d0c54042c9d32c\"},\"description\":\"El 28 de febrero corresponder\u00e1 la Compensaci\u00f3n Transitoria Docente y los haberes para los sectores de salud y seguridad. El 1\u00b0 de marzo para Educaci\u00f3n y resto de la administraci\u00f3n p\u00fablica.\",\"breadcrumb\":{\"@id\":\"https:\/\/nahuelproducciones.com.ar\/radioquijano\/el-28-de-febrero-y-1de-marzo-se-depositaran-los-sueldos-de-la-administracion-publica-provincial\/#breadcrumb\"},\"inLanguage\":\"es\",\"potentialAction\":[{\"@type\":\"ReadAction\",\"target\":[\"https:\/\/nahuelproducciones.com.ar\/radioquijano\/el-28-de-febrero-y-1de-marzo-se-depositaran-los-sueldos-de-la-administracion-publica-provincial\/\"]}]},{\"@type\":\"BreadcrumbList\",\"@id\":\"https:\/\/nahuelproducciones.com.ar\/radioquijano\/el-28-de-febrero-y-1de-marzo-se-depositaran-los-sueldos-de-la-administracion-publica-provincial\/#breadcrumb\",\"itemListElement\":[{\"@type\":\"ListItem\",\"position\":1,\"name\":\"Portada\",\"item\":\"https:\/\/nahuelproducciones.com.ar\/radioquijano\/\"},{\"@type\":\"ListItem\",\"position\":2,\"name\":\"El 28 de febrero y 1\u00b0de Marzo se depositar\u00e1n los sueldos de la Administraci\u00f3n P\u00fablica Provincial\"}]},{\"@type\":\"WebSite\",\"@id\":\"https:\/\/nahuelproducciones.com.ar\/radioquijano\/#website\",\"url\":\"https:\/\/nahuelproducciones.com.ar\/radioquijano\/\",\"name\":\"RQ 99.9\",\"description\":\"Radio Quijano 99.9 MHz\",\"potentialAction\":[{\"@type\":\"SearchAction\",\"target\":{\"@type\":\"EntryPoint\",\"urlTemplate\":\"https:\/\/nahuelproducciones.com.ar\/radioquijano\/?s={search_term_string}\"},\"query-input\":\"required name=search_term_string\"}],\"inLanguage\":\"es\"},{\"@type\":\"Person\",\"@id\":\"https:\/\/nahuelproducciones.com.ar\/radioquijano\/#\/schema\/person\/e8a4f939e2cb487fe6d0c54042c9d32c\",\"name\":\"Cecilia Pastrana\",\"image\":{\"@type\":\"ImageObject\",\"inLanguage\":\"es\",\"@id\":\"https:\/\/nahuelproducciones.com.ar\/radioquijano\/#\/schema\/person\/image\/\",\"url\":\"https:\/\/secure.gravatar.com\/avatar\/661a3ef63a8488d4f2794ed44af8cf71420f7e106f3072c40125114df5157749?s=96&d=mm&r=g\",\"contentUrl\":\"https:\/\/secure.gravatar.com\/avatar\/661a3ef63a8488d4f2794ed44af8cf71420f7e106f3072c40125114df5157749?s=96&d=mm&r=g\",\"caption\":\"Cecilia Pastrana\"},\"sameAs\":[\"cecy\"],\"url\":\"https:\/\/nahuelproducciones.com.ar\/radioquijano\/author\/cecy\/\"}]}<\/script>\n<!-- \/ Yoast SEO plugin. -->","yoast_head_json":{"title":"El 28 de febrero y 1\u00b0de Marzo se depositar\u00e1n los sueldos de la Administraci\u00f3n P\u00fablica Provincial - RQ 99.9","description":"El 28 de febrero corresponder\u00e1 la Compensaci\u00f3n Transitoria Docente y los haberes para los sectores de salud y seguridad. El 1\u00b0 de marzo para Educaci\u00f3n y resto de la administraci\u00f3n p\u00fablica.","robots":{"index":"index","follow":"follow","max-snippet":"max-snippet:-1","max-image-preview":"max-image-preview:large","max-video-preview":"max-video-preview:-1"},"canonical":"https:\/\/nahuelproducciones.com.ar\/radioquijano\/el-28-de-febrero-y-1de-marzo-se-depositaran-los-sueldos-de-la-administracion-publica-provincial\/","og_locale":"es_ES","og_type":"article","og_title":"El 28 de febrero y 1\u00b0de Marzo se depositar\u00e1n los sueldos de la Administraci\u00f3n P\u00fablica Provincial - RQ 99.9","og_description":"El 28 de febrero corresponder\u00e1 la Compensaci\u00f3n Transitoria Docente y los haberes para los sectores de salud y seguridad. El 1\u00b0 de marzo para Educaci\u00f3n y resto de la administraci\u00f3n p\u00fablica.","og_url":"https:\/\/nahuelproducciones.com.ar\/radioquijano\/el-28-de-febrero-y-1de-marzo-se-depositaran-los-sueldos-de-la-administracion-publica-provincial\/","og_site_name":"RQ 99.9","article_publisher":"https:\/\/www.facebook.com\/nahuelproducciones999\/","article_published_time":"2025-02-26T15:57:24+00:00","article_modified_time":"2025-02-26T15:57:26+00:00","og_image":[{"width":700,"height":394,"url":"https:\/\/nahuelproducciones.com.ar\/radioquijano\/wp-content\/uploads\/2025\/02\/100281-el-28-de-febrero-y-1de-marzo-se-depositaran-los-sueldos-de-la-administracion-publica-provincial-20250225214819-e1740585438533.webp","type":"image\/webp"}],"author":"Cecilia Pastrana","twitter_card":"summary_large_image","twitter_creator":"@nahuproduciones","twitter_site":"@nahuproduciones","twitter_misc":{"Escrito por":"Cecilia Pastrana","Tiempo de lectura":"1 minuto"},"schema":{"@context":"https:\/\/schema.org","@graph":[{"@type":"WebPage","@id":"https:\/\/nahuelproducciones.com.ar\/radioquijano\/el-28-de-febrero-y-1de-marzo-se-depositaran-los-sueldos-de-la-administracion-publica-provincial\/","url":"https:\/\/nahuelproducciones.com.ar\/radioquijano\/el-28-de-febrero-y-1de-marzo-se-depositaran-los-sueldos-de-la-administracion-publica-provincial\/","name":"El 28 de febrero y 1\u00b0de Marzo se depositar\u00e1n los sueldos de la Administraci\u00f3n P\u00fablica Provincial - RQ 99.9","isPartOf":{"@id":"https:\/\/nahuelproducciones.com.ar\/radioquijano\/#website"},"datePublished":"2025-02-26T15:57:24+00:00","dateModified":"2025-02-26T15:57:26+00:00","author":{"@id":"https:\/\/nahuelproducciones.com.ar\/radioquijano\/#\/schema\/person\/e8a4f939e2cb487fe6d0c54042c9d32c"},"description":"El 28 de febrero corresponder\u00e1 la Compensaci\u00f3n Transitoria Docente y los haberes para los sectores de salud y seguridad. El 1\u00b0 de marzo para Educaci\u00f3n y resto de la administraci\u00f3n p\u00fablica.","breadcrumb":{"@id":"https:\/\/nahuelproducciones.com.ar\/radioquijano\/el-28-de-febrero-y-1de-marzo-se-depositaran-los-sueldos-de-la-administracion-publica-provincial\/#breadcrumb"},"inLanguage":"es","potentialAction":[{"@type":"ReadAction","target":["https:\/\/nahuelproducciones.com.ar\/radioquijano\/el-28-de-febrero-y-1de-marzo-se-depositaran-los-sueldos-de-la-administracion-publica-provincial\/"]}]},{"@type":"BreadcrumbList","@id":"https:\/\/nahuelproducciones.com.ar\/radioquijano\/el-28-de-febrero-y-1de-marzo-se-depositaran-los-sueldos-de-la-administracion-publica-provincial\/#breadcrumb","itemListElement":[{"@type":"ListItem","position":1,"name":"Portada","item":"https:\/\/nahuelproducciones.com.ar\/radioquijano\/"},{"@type":"ListItem","position":2,"name":"El 28 de febrero y 1\u00b0de Marzo se depositar\u00e1n los sueldos de la Administraci\u00f3n P\u00fablica Provincial"}]},{"@type":"WebSite","@id":"https:\/\/nahuelproducciones.com.ar\/radioquijano\/#website","url":"https:\/\/nahuelproducciones.com.ar\/radioquijano\/","name":"RQ 99.9","description":"Radio Quijano 99.9 MHz","potentialAction":[{"@type":"SearchAction","target":{"@type":"EntryPoint","urlTemplate":"https:\/\/nahuelproducciones.com.ar\/radioquijano\/?s={search_term_string}"},"query-input":"required name=search_term_string"}],"inLanguage":"es"},{"@type":"Person","@id":"https:\/\/nahuelproducciones.com.ar\/radioquijano\/#\/schema\/person\/e8a4f939e2cb487fe6d0c54042c9d32c","name":"Cecilia Pastrana","image":{"@type":"ImageObject","inLanguage":"es","@id":"https:\/\/nahuelproducciones.com.ar\/radioquijano\/#\/schema\/person\/image\/","url":"https:\/\/secure.gravatar.com\/avatar\/661a3ef63a8488d4f2794ed44af8cf71420f7e106f3072c40125114df5157749?s=96&d=mm&r=g","contentUrl":"https:\/\/secure.gravatar.com\/avatar\/661a3ef63a8488d4f2794ed44af8cf71420f7e106f3072c40125114df5157749?s=96&d=mm&r=g","caption":"Cecilia Pastrana"},"sameAs":["cecy"],"url":"https:\/\/nahuelproducciones.com.ar\/radioquijano\/author\/cecy\/"}]}},"_links":{"self":[{"href":"https:\/\/nahuelproducciones.com.ar\/radioquijano\/wp-json\/wp\/v2\/posts\/9714","targetHints":{"allow":["GET"]}}],"collection":[{"href":"https:\/\/nahuelproducciones.com.ar\/radioquijano\/wp-json\/wp\/v2\/posts"}],"about":[{"href":"https:\/\/nahuelproducciones.com.ar\/radioquijano\/wp-json\/wp\/v2\/types\/post"}],"author":[{"embeddable":true,"href":"https:\/\/nahuelproducciones.com.ar\/radioquijano\/wp-json\/wp\/v2\/users\/8"}],"replies":[{"embeddable":true,"href":"https:\/\/nahuelproducciones.com.ar\/radioquijano\/wp-json\/wp\/v2\/comments?post=9714"}],"version-history":[{"count":1,"href":"https:\/\/nahuelproducciones.com.ar\/radioquijano\/wp-json\/wp\/v2\/posts\/9714\/revisions"}],"predecessor-version":[{"id":9716,"href":"https:\/\/nahuelproducciones.com.ar\/radioquijano\/wp-json\/wp\/v2\/posts\/9714\/revisions\/9716"}],"wp:featuredmedia":[{"embeddable":true,"href":"https:\/\/nahuelproducciones.com.ar\/radioquijano\/wp-json\/wp\/v2\/media\/9715"}],"wp:attachment":[{"href":"https:\/\/nahuelproducciones.com.ar\/radioquijano\/wp-json\/wp\/v2\/media?parent=9714"}],"wp:term":[{"taxonomy":"category","embeddable":true,"href":"https:\/\/nahuelproducciones.com.ar\/radioquijano\/wp-json\/wp\/v2\/categories?post=9714"},{"taxonomy":"post_tag","embeddable":true,"href":"https:\/\/nahuelproducciones.com.ar\/radioquijano\/wp-json\/wp\/v2\/tags?post=9714"}],"curies":[{"name":"wp","href":"https:\/\/api.w.org\/{rel}","templated":true}]}}