{"id":9717,"date":"2025-02-26T16:59:13","date_gmt":"2025-02-26T19:59:13","guid":{"rendered":"https:\/\/nahuelproducciones.com.ar\/radioquijano\/?p=9717"},"modified":"2025-02-26T16:59:14","modified_gmt":"2025-02-26T19:59:14","slug":"el-gobierno-dispuso-la-intervencion-administrativa-del-ips","status":"publish","type":"post","link":"https:\/\/nahuelproducciones.com.ar\/radioquijano\/el-gobierno-dispuso-la-intervencion-administrativa-del-ips\/","title":{"rendered":"El Gobierno dispuso la intervenci\u00f3n administrativa del IPS"},"content":{"rendered":"\n<p>El Gobierno, mediante el Decreto N\u00b0108, dispuso la intervenci\u00f3n administrativa del Instituto Provincial de Salud (IPS), una medida de excepci\u00f3n para recuperar el equilibrio y eficiencia de los servicios que presta a sus afiliados. La intervenci\u00f3n estar\u00e1 a cargo del contador Emilio Savoy por el lapso de 180 d\u00edas.<\/p>\n\n\n\n<p>En los considerandos se destaca el delicado estado que atraviesan las obras sociales del pa\u00eds, incluido el IPS, situaci\u00f3n que se profundiz\u00f3 por la alta variabilidad de insumos y medicamentos, provoc\u00e1ndoles serios problemas econ\u00f3micos. Se establece adem\u00e1s la necesidad de agilizar mecanismos para recuperar el funcionamiento del IPS.<\/p>\n\n\n\n<p>Ser\u00e1 funci\u00f3n de Savoy implementar las acciones necesarias para regularizar el gasto, fortaleciendo los mecanismos de control y auditor\u00eda como la administraci\u00f3n del v\u00ednculo con los prestadores.<\/p>\n\n\n\n<p>\u201cLo que buscamos es solucionar el problema, regularizar la situaci\u00f3n de los servicios del IPS para que la prestaci\u00f3n vuelva a ser normal. En ning\u00fan caso existe la posibilidad de una privatizaci\u00f3n ni nada por el estilo. Simplemente se va a trabajar sobre las cuentas del IPS\u201d, indic\u00f3 Savoy.<\/p>\n\n\n\n<p>Al mismo tiempo dijo que solicitar\u00e1 la colaboraci\u00f3n para \u201csacar entre todos adelante la instituci\u00f3n adelante por la situaci\u00f3n que est\u00e1 atravesando\u201d.<\/p>\n\n\n\n<p><\/p>\n\n\n\n<p><\/p>\n\n\n\n<p>Fuente: IPSSalta<\/p>\n\n\n\n<p><a href=\"https:\/\/www.facebook.com\/photo\/?fbid=928120479523937&amp;set=a.540883851580937&amp;__cft__[0]=AZX9JNMyafk9wIzZMH0km5ajsmDCxEg3wmY5-FyHsFNEaLHNwET6KqG6m2dgeXbHxix8G6jgFB0kx6RLR3D6rXLygHlGkb1gI_LLGbaH9KrnfX1dHJ0A0_vQyq8RwSTANwolxCt9Bu7YkQPi89TNQjMMrPft5ovdcSu7QI3-8al2WZx65CHw9FKekhO3mnYkMayPruyMdjPsY4Poy_fweziSANnwJumzzOQXH4kGPMcsWg&amp;__tn__=EH-R\"><\/a><\/p>\n","protected":false},"excerpt":{"rendered":"<p>El Gobierno, mediante el Decreto N\u00b0108, dispuso la intervenci\u00f3n administrativa del Instituto Provincial de Salud (IPS), una medida de excepci\u00f3n para recuperar el equilibrio y eficiencia de los servicios que presta a sus afiliados. La intervenci\u00f3n estar\u00e1 a cargo del contador Emilio Savoy por el lapso de 180 d\u00edas. En los considerandos se destaca el [&hellip;]<\/p>\n","protected":false},"author":8,"featured_media":9718,"comment_status":"open","ping_status":"open","sticky":false,"template":"","format":"standard","meta":{"_monsterinsights_skip_tracking":false,"_monsterinsights_sitenote_active":false,"_monsterinsights_sitenote_note":"","_monsterinsights_sitenote_category":0,"footnotes":""},"categories":[16],"tags":[1735,1208,100],"class_list":["post-9717","post","type-post","status-publish","format-standard","has-post-thumbnail","hentry","category-noticias","tag-intervencion","tag-ips","tag-municipio-de-campo-quijano"],"yoast_head":"<!-- This site is optimized with the Yoast SEO plugin v20.8 - https:\/\/yoast.com\/wordpress\/plugins\/seo\/ -->\n<title>El Gobierno dispuso la intervenci\u00f3n administrativa del IPS - RQ 99.9<\/title>\n<meta name=\"description\" content=\"Por decreto fue designado Emilio Savoy. La medida tiene por objetivo recuperar el equilibrio de los servicios y prestaciones de la obra social provincial.\" \/>\n<meta name=\"robots\" content=\"index, follow, max-snippet:-1, max-image-preview:large, max-video-preview:-1\" \/>\n<link rel=\"canonical\" href=\"https:\/\/nahuelproducciones.com.ar\/radioquijano\/el-gobierno-dispuso-la-intervencion-administrativa-del-ips\/\" \/>\n<meta property=\"og:locale\" content=\"es_ES\" \/>\n<meta property=\"og:type\" content=\"article\" \/>\n<meta property=\"og:title\" content=\"El Gobierno dispuso la intervenci\u00f3n administrativa del IPS - RQ 99.9\" \/>\n<meta property=\"og:description\" content=\"Por decreto fue designado Emilio Savoy. La medida tiene por objetivo recuperar el equilibrio de los servicios y prestaciones de la obra social provincial.\" \/>\n<meta property=\"og:url\" content=\"https:\/\/nahuelproducciones.com.ar\/radioquijano\/el-gobierno-dispuso-la-intervencion-administrativa-del-ips\/\" \/>\n<meta property=\"og:site_name\" content=\"RQ 99.9\" \/>\n<meta property=\"article:publisher\" content=\"https:\/\/www.facebook.com\/nahuelproducciones999\/\" \/>\n<meta property=\"article:published_time\" content=\"2025-02-26T19:59:13+00:00\" \/>\n<meta property=\"article:modified_time\" content=\"2025-02-26T19:59:14+00:00\" \/>\n<meta property=\"og:image\" content=\"https:\/\/nahuelproducciones.com.ar\/radioquijano\/wp-content\/uploads\/2025\/02\/480794081_928120489523936_6896869719619323894_n-e1740599931432.jpg\" \/>\n\t<meta property=\"og:image:width\" content=\"700\" \/>\n\t<meta property=\"og:image:height\" content=\"394\" \/>\n\t<meta property=\"og:image:type\" content=\"image\/jpeg\" \/>\n<meta name=\"author\" content=\"Cecilia Pastrana\" \/>\n<meta name=\"twitter:card\" content=\"summary_large_image\" \/>\n<meta name=\"twitter:creator\" content=\"@nahuproduciones\" \/>\n<meta name=\"twitter:site\" content=\"@nahuproduciones\" \/>\n<meta name=\"twitter:label1\" content=\"Escrito por\" \/>\n\t<meta name=\"twitter:data1\" content=\"Cecilia Pastrana\" \/>\n\t<meta name=\"twitter:label2\" content=\"Tiempo de lectura\" \/>\n\t<meta name=\"twitter:data2\" content=\"1 minuto\" \/>\n<script type=\"application\/ld+json\" class=\"yoast-schema-graph\">{\"@context\":\"https:\/\/schema.org\",\"@graph\":[{\"@type\":\"WebPage\",\"@id\":\"https:\/\/nahuelproducciones.com.ar\/radioquijano\/el-gobierno-dispuso-la-intervencion-administrativa-del-ips\/\",\"url\":\"https:\/\/nahuelproducciones.com.ar\/radioquijano\/el-gobierno-dispuso-la-intervencion-administrativa-del-ips\/\",\"name\":\"El Gobierno dispuso la intervenci\u00f3n administrativa del IPS - RQ 99.9\",\"isPartOf\":{\"@id\":\"https:\/\/nahuelproducciones.com.ar\/radioquijano\/#website\"},\"datePublished\":\"2025-02-26T19:59:13+00:00\",\"dateModified\":\"2025-02-26T19:59:14+00:00\",\"author\":{\"@id\":\"https:\/\/nahuelproducciones.com.ar\/radioquijano\/#\/schema\/person\/e8a4f939e2cb487fe6d0c54042c9d32c\"},\"description\":\"Por decreto fue designado Emilio Savoy. La medida tiene por objetivo recuperar el equilibrio de los servicios y prestaciones de la obra social provincial.\",\"breadcrumb\":{\"@id\":\"https:\/\/nahuelproducciones.com.ar\/radioquijano\/el-gobierno-dispuso-la-intervencion-administrativa-del-ips\/#breadcrumb\"},\"inLanguage\":\"es\",\"potentialAction\":[{\"@type\":\"ReadAction\",\"target\":[\"https:\/\/nahuelproducciones.com.ar\/radioquijano\/el-gobierno-dispuso-la-intervencion-administrativa-del-ips\/\"]}]},{\"@type\":\"BreadcrumbList\",\"@id\":\"https:\/\/nahuelproducciones.com.ar\/radioquijano\/el-gobierno-dispuso-la-intervencion-administrativa-del-ips\/#breadcrumb\",\"itemListElement\":[{\"@type\":\"ListItem\",\"position\":1,\"name\":\"Portada\",\"item\":\"https:\/\/nahuelproducciones.com.ar\/radioquijano\/\"},{\"@type\":\"ListItem\",\"position\":2,\"name\":\"El Gobierno dispuso la intervenci\u00f3n administrativa del IPS\"}]},{\"@type\":\"WebSite\",\"@id\":\"https:\/\/nahuelproducciones.com.ar\/radioquijano\/#website\",\"url\":\"https:\/\/nahuelproducciones.com.ar\/radioquijano\/\",\"name\":\"RQ 99.9\",\"description\":\"Radio Quijano 99.9 MHz\",\"potentialAction\":[{\"@type\":\"SearchAction\",\"target\":{\"@type\":\"EntryPoint\",\"urlTemplate\":\"https:\/\/nahuelproducciones.com.ar\/radioquijano\/?s={search_term_string}\"},\"query-input\":\"required name=search_term_string\"}],\"inLanguage\":\"es\"},{\"@type\":\"Person\",\"@id\":\"https:\/\/nahuelproducciones.com.ar\/radioquijano\/#\/schema\/person\/e8a4f939e2cb487fe6d0c54042c9d32c\",\"name\":\"Cecilia Pastrana\",\"image\":{\"@type\":\"ImageObject\",\"inLanguage\":\"es\",\"@id\":\"https:\/\/nahuelproducciones.com.ar\/radioquijano\/#\/schema\/person\/image\/\",\"url\":\"https:\/\/secure.gravatar.com\/avatar\/661a3ef63a8488d4f2794ed44af8cf71420f7e106f3072c40125114df5157749?s=96&d=mm&r=g\",\"contentUrl\":\"https:\/\/secure.gravatar.com\/avatar\/661a3ef63a8488d4f2794ed44af8cf71420f7e106f3072c40125114df5157749?s=96&d=mm&r=g\",\"caption\":\"Cecilia Pastrana\"},\"sameAs\":[\"cecy\"],\"url\":\"https:\/\/nahuelproducciones.com.ar\/radioquijano\/author\/cecy\/\"}]}<\/script>\n<!-- \/ Yoast SEO plugin. -->","yoast_head_json":{"title":"El Gobierno dispuso la intervenci\u00f3n administrativa del IPS - RQ 99.9","description":"Por decreto fue designado Emilio Savoy. La medida tiene por objetivo recuperar el equilibrio de los servicios y prestaciones de la obra social provincial.","robots":{"index":"index","follow":"follow","max-snippet":"max-snippet:-1","max-image-preview":"max-image-preview:large","max-video-preview":"max-video-preview:-1"},"canonical":"https:\/\/nahuelproducciones.com.ar\/radioquijano\/el-gobierno-dispuso-la-intervencion-administrativa-del-ips\/","og_locale":"es_ES","og_type":"article","og_title":"El Gobierno dispuso la intervenci\u00f3n administrativa del IPS - RQ 99.9","og_description":"Por decreto fue designado Emilio Savoy. La medida tiene por objetivo recuperar el equilibrio de los servicios y prestaciones de la obra social provincial.","og_url":"https:\/\/nahuelproducciones.com.ar\/radioquijano\/el-gobierno-dispuso-la-intervencion-administrativa-del-ips\/","og_site_name":"RQ 99.9","article_publisher":"https:\/\/www.facebook.com\/nahuelproducciones999\/","article_published_time":"2025-02-26T19:59:13+00:00","article_modified_time":"2025-02-26T19:59:14+00:00","og_image":[{"width":700,"height":394,"url":"https:\/\/nahuelproducciones.com.ar\/radioquijano\/wp-content\/uploads\/2025\/02\/480794081_928120489523936_6896869719619323894_n-e1740599931432.jpg","type":"image\/jpeg"}],"author":"Cecilia Pastrana","twitter_card":"summary_large_image","twitter_creator":"@nahuproduciones","twitter_site":"@nahuproduciones","twitter_misc":{"Escrito por":"Cecilia Pastrana","Tiempo de lectura":"1 minuto"},"schema":{"@context":"https:\/\/schema.org","@graph":[{"@type":"WebPage","@id":"https:\/\/nahuelproducciones.com.ar\/radioquijano\/el-gobierno-dispuso-la-intervencion-administrativa-del-ips\/","url":"https:\/\/nahuelproducciones.com.ar\/radioquijano\/el-gobierno-dispuso-la-intervencion-administrativa-del-ips\/","name":"El Gobierno dispuso la intervenci\u00f3n administrativa del IPS - RQ 99.9","isPartOf":{"@id":"https:\/\/nahuelproducciones.com.ar\/radioquijano\/#website"},"datePublished":"2025-02-26T19:59:13+00:00","dateModified":"2025-02-26T19:59:14+00:00","author":{"@id":"https:\/\/nahuelproducciones.com.ar\/radioquijano\/#\/schema\/person\/e8a4f939e2cb487fe6d0c54042c9d32c"},"description":"Por decreto fue designado Emilio Savoy. La medida tiene por objetivo recuperar el equilibrio de los servicios y prestaciones de la obra social provincial.","breadcrumb":{"@id":"https:\/\/nahuelproducciones.com.ar\/radioquijano\/el-gobierno-dispuso-la-intervencion-administrativa-del-ips\/#breadcrumb"},"inLanguage":"es","potentialAction":[{"@type":"ReadAction","target":["https:\/\/nahuelproducciones.com.ar\/radioquijano\/el-gobierno-dispuso-la-intervencion-administrativa-del-ips\/"]}]},{"@type":"BreadcrumbList","@id":"https:\/\/nahuelproducciones.com.ar\/radioquijano\/el-gobierno-dispuso-la-intervencion-administrativa-del-ips\/#breadcrumb","itemListElement":[{"@type":"ListItem","position":1,"name":"Portada","item":"https:\/\/nahuelproducciones.com.ar\/radioquijano\/"},{"@type":"ListItem","position":2,"name":"El Gobierno dispuso la intervenci\u00f3n administrativa del IPS"}]},{"@type":"WebSite","@id":"https:\/\/nahuelproducciones.com.ar\/radioquijano\/#website","url":"https:\/\/nahuelproducciones.com.ar\/radioquijano\/","name":"RQ 99.9","description":"Radio Quijano 99.9 MHz","potentialAction":[{"@type":"SearchAction","target":{"@type":"EntryPoint","urlTemplate":"https:\/\/nahuelproducciones.com.ar\/radioquijano\/?s={search_term_string}"},"query-input":"required name=search_term_string"}],"inLanguage":"es"},{"@type":"Person","@id":"https:\/\/nahuelproducciones.com.ar\/radioquijano\/#\/schema\/person\/e8a4f939e2cb487fe6d0c54042c9d32c","name":"Cecilia Pastrana","image":{"@type":"ImageObject","inLanguage":"es","@id":"https:\/\/nahuelproducciones.com.ar\/radioquijano\/#\/schema\/person\/image\/","url":"https:\/\/secure.gravatar.com\/avatar\/661a3ef63a8488d4f2794ed44af8cf71420f7e106f3072c40125114df5157749?s=96&d=mm&r=g","contentUrl":"https:\/\/secure.gravatar.com\/avatar\/661a3ef63a8488d4f2794ed44af8cf71420f7e106f3072c40125114df5157749?s=96&d=mm&r=g","caption":"Cecilia Pastrana"},"sameAs":["cecy"],"url":"https:\/\/nahuelproducciones.com.ar\/radioquijano\/author\/cecy\/"}]}},"_links":{"self":[{"href":"https:\/\/nahuelproducciones.com.ar\/radioquijano\/wp-json\/wp\/v2\/posts\/9717","targetHints":{"allow":["GET"]}}],"collection":[{"href":"https:\/\/nahuelproducciones.com.ar\/radioquijano\/wp-json\/wp\/v2\/posts"}],"about":[{"href":"https:\/\/nahuelproducciones.com.ar\/radioquijano\/wp-json\/wp\/v2\/types\/post"}],"author":[{"embeddable":true,"href":"https:\/\/nahuelproducciones.com.ar\/radioquijano\/wp-json\/wp\/v2\/users\/8"}],"replies":[{"embeddable":true,"href":"https:\/\/nahuelproducciones.com.ar\/radioquijano\/wp-json\/wp\/v2\/comments?post=9717"}],"version-history":[{"count":1,"href":"https:\/\/nahuelproducciones.com.ar\/radioquijano\/wp-json\/wp\/v2\/posts\/9717\/revisions"}],"predecessor-version":[{"id":9719,"href":"https:\/\/nahuelproducciones.com.ar\/radioquijano\/wp-json\/wp\/v2\/posts\/9717\/revisions\/9719"}],"wp:featuredmedia":[{"embeddable":true,"href":"https:\/\/nahuelproducciones.com.ar\/radioquijano\/wp-json\/wp\/v2\/media\/9718"}],"wp:attachment":[{"href":"https:\/\/nahuelproducciones.com.ar\/radioquijano\/wp-json\/wp\/v2\/media?parent=9717"}],"wp:term":[{"taxonomy":"category","embeddable":true,"href":"https:\/\/nahuelproducciones.com.ar\/radioquijano\/wp-json\/wp\/v2\/categories?post=9717"},{"taxonomy":"post_tag","embeddable":true,"href":"https:\/\/nahuelproducciones.com.ar\/radioquijano\/wp-json\/wp\/v2\/tags?post=9717"}],"curies":[{"name":"wp","href":"https:\/\/api.w.org\/{rel}","templated":true}]}}