{"id":9720,"date":"2025-02-27T11:47:18","date_gmt":"2025-02-27T14:47:18","guid":{"rendered":"https:\/\/nahuelproducciones.com.ar\/radioquijano\/?p=9720"},"modified":"2025-02-27T11:47:20","modified_gmt":"2025-02-27T14:47:20","slug":"el-carnaval-de-oro-llega-a-campo-quijano-con-musica-baile-y-alegria-para-personas-mayores","status":"publish","type":"post","link":"https:\/\/nahuelproducciones.com.ar\/radioquijano\/el-carnaval-de-oro-llega-a-campo-quijano-con-musica-baile-y-alegria-para-personas-mayores\/","title":{"rendered":"El Carnaval de Oro llega a Campo Quijano con m\u00fasica, baile y alegr\u00eda para personas mayores"},"content":{"rendered":"\n<p>Con la promesa de una jornada llena de energ\u00eda, tradici\u00f3n y diversi\u00f3n, este viernes 28 de febrero se llevar\u00e1 a cabo el <strong>Carnaval de Oro<\/strong>, un evento exclusivo para personas mayores. La celebraci\u00f3n, organizada por la <strong>Secretar\u00eda de las Personas Mayores<\/strong> y el <strong>Centro de Jubilados y Pensionados Portal de los Andes de Campo Quijano<\/strong>, se desarrollar\u00e1 de 9:00 a 18:00 horas en un ambiente de fiesta y camarader\u00eda.<\/p>\n\n\n\n<p>El encuentro contar\u00e1 con entrada <strong>libre y gratuita<\/strong>, y los asistentes podr\u00e1n llegar al lugar a trav\u00e9s del <strong>Corredor 6 de colectivos<\/strong> que conecta con Campo Quijano.<\/p>\n\n\n\n<h3 class=\"wp-block-heading\"><strong>Cronograma del evento:<\/strong><\/h3>\n\n\n\n<ul class=\"wp-block-list\">\n<li><strong>9:00 hs:<\/strong> Inicio del Carnaval de Oro.<\/li>\n\n\n\n<li><strong>10:00 hs:<\/strong> Ingreso de las personas mayores.<\/li>\n\n\n\n<li><strong>12:00 hs:<\/strong> Almuerzo a la canasta.<\/li>\n\n\n\n<li><strong>14:00 hs:<\/strong> Inicio de las presentaciones de artistas y grupos musicales.<\/li>\n\n\n\n<li><strong>18:00 hs:<\/strong> Cierre del evento.<\/li>\n<\/ul>\n\n\n\n<h3 class=\"wp-block-heading\"><strong>M\u00fasica y humor en vivo<\/strong><\/h3>\n\n\n\n<p>La jornada estar\u00e1 animada por destacados artistas que traer\u00e1n lo mejor de la m\u00fasica y el humor:<\/p>\n\n\n\n<ul class=\"wp-block-list\">\n<li><strong>Leo Tejerina<\/strong> con su repertorio de cumbia rom\u00e1ntica.<\/li>\n\n\n\n<li><strong>Luis Quinteros<\/strong>, humorista que promete risas y entretenimiento.<\/li>\n\n\n\n<li><strong>Domingo Quayma<\/strong> y su grupo <strong>Fuelle Andariego<\/strong>, con lo mejor del folclore.<\/li>\n\n\n\n<li><strong>Manuel Caseres<\/strong>, con su banda <strong>Toqueyme Voy<\/strong>, traer\u00e1 la alegr\u00eda de la cumbia carpera.<\/li>\n<\/ul>\n\n\n\n<h3 class=\"wp-block-heading\"><strong>Un carnaval con reglas claras<\/strong><\/h3>\n\n\n\n<p>Para garantizar un festejo seguro y respetuoso, los organizadores recordaron que <strong>no est\u00e1 permitido el uso de harina ni pintura<\/strong>, pero s\u00ed se podr\u00e1 disfrutar de serpentinas, papel picado y lanzanieves.<\/p>\n\n\n\n<p>Amalio Copa, presidente del <strong>Centro de Jubilados y Pensionados de Campo Quijano<\/strong>, destac\u00f3 la importancia de este evento para la comunidad: <em>\u00abQueremos que las personas mayores disfruten de un carnaval pensado especialmente para ellas, con alegr\u00eda, m\u00fasica y un ambiente festivo donde todos puedan sentirse c\u00f3modos\u00bb<\/em>.<\/p>\n\n\n\n<p>El <strong>Carnaval de Oro<\/strong> promete ser una celebraci\u00f3n inolvidable, llena de tradici\u00f3n, baile y buena compa\u00f1\u00eda. \u00a1A prepararse para una jornada \u00fanica en Campo Quijano!<\/p>\n\n\n\n<p>Escucha la entrevista:<\/p>\n\n\n\n<figure class=\"wp-block-audio\"><audio controls src=\"https:\/\/nahuelproducciones.com.ar\/radioquijano\/wp-content\/uploads\/2025\/02\/2025-amalio-copa-pres-del-centro-de-jub-invita-al-carnaval-de-oro.mp3\"><\/audio><\/figure>\n","protected":false},"excerpt":{"rendered":"<p>Con la promesa de una jornada llena de energ\u00eda, tradici\u00f3n y diversi\u00f3n, este viernes 28 de febrero se llevar\u00e1 a cabo el Carnaval de Oro, un evento exclusivo para personas mayores. La celebraci\u00f3n, organizada por la Secretar\u00eda de las Personas Mayores y el Centro de Jubilados y Pensionados Portal de los Andes de Campo Quijano, [&hellip;]<\/p>\n","protected":false},"author":8,"featured_media":9722,"comment_status":"open","ping_status":"open","sticky":false,"template":"","format":"standard","meta":{"_monsterinsights_skip_tracking":false,"_monsterinsights_sitenote_active":false,"_monsterinsights_sitenote_note":"","_monsterinsights_sitenote_category":0,"footnotes":""},"categories":[16],"tags":[1736,124,100,1737],"class_list":["post-9720","post","type-post","status-publish","format-standard","has-post-thumbnail","hentry","category-noticias","tag-carnaval-de-oro","tag-centro-de-jubilados-y-pensionados-el-portal-de-los-andes","tag-municipio-de-campo-quijano","tag-secretaria-de-las-personas-mayores"],"yoast_head":"<!-- This site is optimized with the Yoast SEO plugin v20.8 - https:\/\/yoast.com\/wordpress\/plugins\/seo\/ -->\n<title>El Carnaval de Oro llega a Campo Quijano con m\u00fasica, baile y alegr\u00eda para personas mayores - RQ 99.9<\/title>\n<meta name=\"description\" content=\"Viernes 28 de febrero de 9:00hs a 18:00hs . Entrada libre y gratuita\" \/>\n<meta name=\"robots\" content=\"index, follow, max-snippet:-1, max-image-preview:large, max-video-preview:-1\" \/>\n<link rel=\"canonical\" href=\"https:\/\/nahuelproducciones.com.ar\/radioquijano\/el-carnaval-de-oro-llega-a-campo-quijano-con-musica-baile-y-alegria-para-personas-mayores\/\" \/>\n<meta property=\"og:locale\" content=\"es_ES\" \/>\n<meta property=\"og:type\" content=\"article\" \/>\n<meta property=\"og:title\" content=\"El Carnaval de Oro llega a Campo Quijano con m\u00fasica, baile y alegr\u00eda para personas mayores - RQ 99.9\" \/>\n<meta property=\"og:description\" content=\"Viernes 28 de febrero de 9:00hs a 18:00hs . Entrada libre y gratuita\" \/>\n<meta property=\"og:url\" content=\"https:\/\/nahuelproducciones.com.ar\/radioquijano\/el-carnaval-de-oro-llega-a-campo-quijano-con-musica-baile-y-alegria-para-personas-mayores\/\" \/>\n<meta property=\"og:site_name\" content=\"RQ 99.9\" \/>\n<meta property=\"article:publisher\" content=\"https:\/\/www.facebook.com\/nahuelproducciones999\/\" \/>\n<meta property=\"article:published_time\" content=\"2025-02-27T14:47:18+00:00\" \/>\n<meta property=\"article:modified_time\" content=\"2025-02-27T14:47:20+00:00\" \/>\n<meta property=\"og:image\" content=\"https:\/\/nahuelproducciones.com.ar\/radioquijano\/wp-content\/uploads\/2025\/02\/WhatsApp-Image-2025-02-12-at-5.09.34-PM-e1740667570245.jpeg\" \/>\n\t<meta property=\"og:image:width\" content=\"700\" \/>\n\t<meta property=\"og:image:height\" content=\"1295\" \/>\n\t<meta property=\"og:image:type\" content=\"image\/jpeg\" \/>\n<meta name=\"author\" content=\"Cecilia Pastrana\" \/>\n<meta name=\"twitter:card\" content=\"summary_large_image\" \/>\n<meta name=\"twitter:creator\" content=\"@nahuproduciones\" \/>\n<meta name=\"twitter:site\" content=\"@nahuproduciones\" \/>\n<meta name=\"twitter:label1\" content=\"Escrito por\" \/>\n\t<meta name=\"twitter:data1\" content=\"Cecilia Pastrana\" \/>\n\t<meta name=\"twitter:label2\" content=\"Tiempo de lectura\" \/>\n\t<meta name=\"twitter:data2\" content=\"2 minutos\" \/>\n<script type=\"application\/ld+json\" class=\"yoast-schema-graph\">{\"@context\":\"https:\/\/schema.org\",\"@graph\":[{\"@type\":\"WebPage\",\"@id\":\"https:\/\/nahuelproducciones.com.ar\/radioquijano\/el-carnaval-de-oro-llega-a-campo-quijano-con-musica-baile-y-alegria-para-personas-mayores\/\",\"url\":\"https:\/\/nahuelproducciones.com.ar\/radioquijano\/el-carnaval-de-oro-llega-a-campo-quijano-con-musica-baile-y-alegria-para-personas-mayores\/\",\"name\":\"El Carnaval de Oro llega a Campo Quijano con m\u00fasica, baile y alegr\u00eda para personas mayores - RQ 99.9\",\"isPartOf\":{\"@id\":\"https:\/\/nahuelproducciones.com.ar\/radioquijano\/#website\"},\"datePublished\":\"2025-02-27T14:47:18+00:00\",\"dateModified\":\"2025-02-27T14:47:20+00:00\",\"author\":{\"@id\":\"https:\/\/nahuelproducciones.com.ar\/radioquijano\/#\/schema\/person\/e8a4f939e2cb487fe6d0c54042c9d32c\"},\"description\":\"Viernes 28 de febrero de 9:00hs a 18:00hs . Entrada libre y gratuita\",\"breadcrumb\":{\"@id\":\"https:\/\/nahuelproducciones.com.ar\/radioquijano\/el-carnaval-de-oro-llega-a-campo-quijano-con-musica-baile-y-alegria-para-personas-mayores\/#breadcrumb\"},\"inLanguage\":\"es\",\"potentialAction\":[{\"@type\":\"ReadAction\",\"target\":[\"https:\/\/nahuelproducciones.com.ar\/radioquijano\/el-carnaval-de-oro-llega-a-campo-quijano-con-musica-baile-y-alegria-para-personas-mayores\/\"]}]},{\"@type\":\"BreadcrumbList\",\"@id\":\"https:\/\/nahuelproducciones.com.ar\/radioquijano\/el-carnaval-de-oro-llega-a-campo-quijano-con-musica-baile-y-alegria-para-personas-mayores\/#breadcrumb\",\"itemListElement\":[{\"@type\":\"ListItem\",\"position\":1,\"name\":\"Portada\",\"item\":\"https:\/\/nahuelproducciones.com.ar\/radioquijano\/\"},{\"@type\":\"ListItem\",\"position\":2,\"name\":\"El Carnaval de Oro llega a Campo Quijano con m\u00fasica, baile y alegr\u00eda para personas mayores\"}]},{\"@type\":\"WebSite\",\"@id\":\"https:\/\/nahuelproducciones.com.ar\/radioquijano\/#website\",\"url\":\"https:\/\/nahuelproducciones.com.ar\/radioquijano\/\",\"name\":\"RQ 99.9\",\"description\":\"Radio Quijano 99.9 MHz\",\"potentialAction\":[{\"@type\":\"SearchAction\",\"target\":{\"@type\":\"EntryPoint\",\"urlTemplate\":\"https:\/\/nahuelproducciones.com.ar\/radioquijano\/?s={search_term_string}\"},\"query-input\":\"required name=search_term_string\"}],\"inLanguage\":\"es\"},{\"@type\":\"Person\",\"@id\":\"https:\/\/nahuelproducciones.com.ar\/radioquijano\/#\/schema\/person\/e8a4f939e2cb487fe6d0c54042c9d32c\",\"name\":\"Cecilia Pastrana\",\"image\":{\"@type\":\"ImageObject\",\"inLanguage\":\"es\",\"@id\":\"https:\/\/nahuelproducciones.com.ar\/radioquijano\/#\/schema\/person\/image\/\",\"url\":\"https:\/\/secure.gravatar.com\/avatar\/661a3ef63a8488d4f2794ed44af8cf71420f7e106f3072c40125114df5157749?s=96&d=mm&r=g\",\"contentUrl\":\"https:\/\/secure.gravatar.com\/avatar\/661a3ef63a8488d4f2794ed44af8cf71420f7e106f3072c40125114df5157749?s=96&d=mm&r=g\",\"caption\":\"Cecilia Pastrana\"},\"sameAs\":[\"cecy\"],\"url\":\"https:\/\/nahuelproducciones.com.ar\/radioquijano\/author\/cecy\/\"}]}<\/script>\n<!-- \/ Yoast SEO plugin. -->","yoast_head_json":{"title":"El Carnaval de Oro llega a Campo Quijano con m\u00fasica, baile y alegr\u00eda para personas mayores - RQ 99.9","description":"Viernes 28 de febrero de 9:00hs a 18:00hs . Entrada libre y gratuita","robots":{"index":"index","follow":"follow","max-snippet":"max-snippet:-1","max-image-preview":"max-image-preview:large","max-video-preview":"max-video-preview:-1"},"canonical":"https:\/\/nahuelproducciones.com.ar\/radioquijano\/el-carnaval-de-oro-llega-a-campo-quijano-con-musica-baile-y-alegria-para-personas-mayores\/","og_locale":"es_ES","og_type":"article","og_title":"El Carnaval de Oro llega a Campo Quijano con m\u00fasica, baile y alegr\u00eda para personas mayores - RQ 99.9","og_description":"Viernes 28 de febrero de 9:00hs a 18:00hs . Entrada libre y gratuita","og_url":"https:\/\/nahuelproducciones.com.ar\/radioquijano\/el-carnaval-de-oro-llega-a-campo-quijano-con-musica-baile-y-alegria-para-personas-mayores\/","og_site_name":"RQ 99.9","article_publisher":"https:\/\/www.facebook.com\/nahuelproducciones999\/","article_published_time":"2025-02-27T14:47:18+00:00","article_modified_time":"2025-02-27T14:47:20+00:00","og_image":[{"width":700,"height":1295,"url":"https:\/\/nahuelproducciones.com.ar\/radioquijano\/wp-content\/uploads\/2025\/02\/WhatsApp-Image-2025-02-12-at-5.09.34-PM-e1740667570245.jpeg","type":"image\/jpeg"}],"author":"Cecilia Pastrana","twitter_card":"summary_large_image","twitter_creator":"@nahuproduciones","twitter_site":"@nahuproduciones","twitter_misc":{"Escrito por":"Cecilia Pastrana","Tiempo de lectura":"2 minutos"},"schema":{"@context":"https:\/\/schema.org","@graph":[{"@type":"WebPage","@id":"https:\/\/nahuelproducciones.com.ar\/radioquijano\/el-carnaval-de-oro-llega-a-campo-quijano-con-musica-baile-y-alegria-para-personas-mayores\/","url":"https:\/\/nahuelproducciones.com.ar\/radioquijano\/el-carnaval-de-oro-llega-a-campo-quijano-con-musica-baile-y-alegria-para-personas-mayores\/","name":"El Carnaval de Oro llega a Campo Quijano con m\u00fasica, baile y alegr\u00eda para personas mayores - RQ 99.9","isPartOf":{"@id":"https:\/\/nahuelproducciones.com.ar\/radioquijano\/#website"},"datePublished":"2025-02-27T14:47:18+00:00","dateModified":"2025-02-27T14:47:20+00:00","author":{"@id":"https:\/\/nahuelproducciones.com.ar\/radioquijano\/#\/schema\/person\/e8a4f939e2cb487fe6d0c54042c9d32c"},"description":"Viernes 28 de febrero de 9:00hs a 18:00hs . Entrada libre y gratuita","breadcrumb":{"@id":"https:\/\/nahuelproducciones.com.ar\/radioquijano\/el-carnaval-de-oro-llega-a-campo-quijano-con-musica-baile-y-alegria-para-personas-mayores\/#breadcrumb"},"inLanguage":"es","potentialAction":[{"@type":"ReadAction","target":["https:\/\/nahuelproducciones.com.ar\/radioquijano\/el-carnaval-de-oro-llega-a-campo-quijano-con-musica-baile-y-alegria-para-personas-mayores\/"]}]},{"@type":"BreadcrumbList","@id":"https:\/\/nahuelproducciones.com.ar\/radioquijano\/el-carnaval-de-oro-llega-a-campo-quijano-con-musica-baile-y-alegria-para-personas-mayores\/#breadcrumb","itemListElement":[{"@type":"ListItem","position":1,"name":"Portada","item":"https:\/\/nahuelproducciones.com.ar\/radioquijano\/"},{"@type":"ListItem","position":2,"name":"El Carnaval de Oro llega a Campo Quijano con m\u00fasica, baile y alegr\u00eda para personas mayores"}]},{"@type":"WebSite","@id":"https:\/\/nahuelproducciones.com.ar\/radioquijano\/#website","url":"https:\/\/nahuelproducciones.com.ar\/radioquijano\/","name":"RQ 99.9","description":"Radio Quijano 99.9 MHz","potentialAction":[{"@type":"SearchAction","target":{"@type":"EntryPoint","urlTemplate":"https:\/\/nahuelproducciones.com.ar\/radioquijano\/?s={search_term_string}"},"query-input":"required name=search_term_string"}],"inLanguage":"es"},{"@type":"Person","@id":"https:\/\/nahuelproducciones.com.ar\/radioquijano\/#\/schema\/person\/e8a4f939e2cb487fe6d0c54042c9d32c","name":"Cecilia Pastrana","image":{"@type":"ImageObject","inLanguage":"es","@id":"https:\/\/nahuelproducciones.com.ar\/radioquijano\/#\/schema\/person\/image\/","url":"https:\/\/secure.gravatar.com\/avatar\/661a3ef63a8488d4f2794ed44af8cf71420f7e106f3072c40125114df5157749?s=96&d=mm&r=g","contentUrl":"https:\/\/secure.gravatar.com\/avatar\/661a3ef63a8488d4f2794ed44af8cf71420f7e106f3072c40125114df5157749?s=96&d=mm&r=g","caption":"Cecilia Pastrana"},"sameAs":["cecy"],"url":"https:\/\/nahuelproducciones.com.ar\/radioquijano\/author\/cecy\/"}]}},"_links":{"self":[{"href":"https:\/\/nahuelproducciones.com.ar\/radioquijano\/wp-json\/wp\/v2\/posts\/9720","targetHints":{"allow":["GET"]}}],"collection":[{"href":"https:\/\/nahuelproducciones.com.ar\/radioquijano\/wp-json\/wp\/v2\/posts"}],"about":[{"href":"https:\/\/nahuelproducciones.com.ar\/radioquijano\/wp-json\/wp\/v2\/types\/post"}],"author":[{"embeddable":true,"href":"https:\/\/nahuelproducciones.com.ar\/radioquijano\/wp-json\/wp\/v2\/users\/8"}],"replies":[{"embeddable":true,"href":"https:\/\/nahuelproducciones.com.ar\/radioquijano\/wp-json\/wp\/v2\/comments?post=9720"}],"version-history":[{"count":1,"href":"https:\/\/nahuelproducciones.com.ar\/radioquijano\/wp-json\/wp\/v2\/posts\/9720\/revisions"}],"predecessor-version":[{"id":9723,"href":"https:\/\/nahuelproducciones.com.ar\/radioquijano\/wp-json\/wp\/v2\/posts\/9720\/revisions\/9723"}],"wp:featuredmedia":[{"embeddable":true,"href":"https:\/\/nahuelproducciones.com.ar\/radioquijano\/wp-json\/wp\/v2\/media\/9722"}],"wp:attachment":[{"href":"https:\/\/nahuelproducciones.com.ar\/radioquijano\/wp-json\/wp\/v2\/media?parent=9720"}],"wp:term":[{"taxonomy":"category","embeddable":true,"href":"https:\/\/nahuelproducciones.com.ar\/radioquijano\/wp-json\/wp\/v2\/categories?post=9720"},{"taxonomy":"post_tag","embeddable":true,"href":"https:\/\/nahuelproducciones.com.ar\/radioquijano\/wp-json\/wp\/v2\/tags?post=9720"}],"curies":[{"name":"wp","href":"https:\/\/api.w.org\/{rel}","templated":true}]}}