{"id":9724,"date":"2025-02-28T12:50:14","date_gmt":"2025-02-28T15:50:14","guid":{"rendered":"https:\/\/nahuelproducciones.com.ar\/radioquijano\/?p=9724"},"modified":"2025-02-28T13:26:39","modified_gmt":"2025-02-28T16:26:39","slug":"carnaval-de-oro-en-el-centro-de-jubilados-y-pensionados-portal-de-los-andes-de-campo-quijano","status":"publish","type":"post","link":"https:\/\/nahuelproducciones.com.ar\/radioquijano\/carnaval-de-oro-en-el-centro-de-jubilados-y-pensionados-portal-de-los-andes-de-campo-quijano\/","title":{"rendered":"Carnaval de Oro\u00a0en el\u00a0Centro de Jubilados y Pensionados Portal de los Andes de Campo Quijano"},"content":{"rendered":"\n<p>Una jornada llena de energ\u00eda, tradici\u00f3n y diversi\u00f3n, se llevar\u00e1 a cabo el\u00a0<strong>Carnaval de Oro<\/strong>, un evento exclusivo para personas mayores. La celebraci\u00f3n, organizada por la\u00a0<strong>Secretar\u00eda de las Personas Mayores<\/strong>\u00a0y el\u00a0<strong>Centro de Jubilados y Pensionados Portal de los Andes de Campo Quijano<\/strong>, se desarrolla desde 9:00 a 18:00 horas en un ambiente de fiesta y camarader\u00eda.<\/p>\n\n\n\n<p>Alejandra Guantay Secretar\u00eda del Centro cont\u00f3 a RQ que el encuentro contar\u00e1 con entrada\u00a0<strong>libre y gratuita<\/strong>, y los asistentes podr\u00e1n llegar al lugar a trav\u00e9s del\u00a0<strong>Corredor 6 de colectivos<\/strong>\u00a0que conecta con Campo Quijano.<\/p>\n\n\n\n<h3 class=\"wp-block-heading\"><strong>Cronograma del evento:<\/strong><\/h3>\n\n\n\n<ul class=\"wp-block-list\">\n<li><strong>9:00 hs:<\/strong>&nbsp;Inicio del Carnaval de Oro.<\/li>\n\n\n\n<li><strong>10:00 hs:<\/strong>&nbsp;Ingreso de las personas mayores.<\/li>\n\n\n\n<li><strong>12:00 hs:<\/strong>&nbsp;Almuerzo a la canasta.<\/li>\n\n\n\n<li><strong>14:00 hs:<\/strong>&nbsp;Inicio de las presentaciones de artistas y grupos musicales.<\/li>\n\n\n\n<li><strong>18:00 hs:<\/strong>&nbsp;Cierre del evento.<\/li>\n<\/ul>\n\n\n\n<h3 class=\"wp-block-heading\"><strong>M\u00fasica y humor en vivo<\/strong><\/h3>\n\n\n\n<p>La jornada estar\u00e1 animada por destacados artistas que traer\u00e1n lo mejor de la m\u00fasica y el humor:<\/p>\n\n\n\n<ul class=\"wp-block-list\">\n<li><strong>Leo Tejerina<\/strong>&nbsp;con su repertorio de cumbia rom\u00e1ntica.<\/li>\n\n\n\n<li><strong>Luis Quinteros<\/strong>, humorista que promete risas y entretenimiento.<\/li>\n\n\n\n<li><strong>Domingo Quayma<\/strong>&nbsp;y su grupo&nbsp;<strong>Fuelle Andariego<\/strong>, con lo mejor del folclore.<\/li>\n\n\n\n<li><strong>Manuel Caseres<\/strong>, con su banda&nbsp;<strong>Toqueyme Voy<\/strong>, traer\u00e1 la alegr\u00eda de la cumbia carpera.<\/li>\n<\/ul>\n\n\n\n<h3 class=\"wp-block-heading\"><strong>Un carnaval con reglas claras<\/strong><\/h3>\n\n\n\n<p>Para garantizar un festejo seguro y respetuoso, los organizadores recordaron que\u00a0<strong>no est\u00e1 permitido el uso de harina ni pintura<\/strong>, pero s\u00ed se podr\u00e1 disfrutar de serpentinas, papel picado y lanzanieves.<\/p>\n\n\n\n<p>Escucha la entrevista<\/p>\n\n\n\n<figure class=\"wp-block-audio\"><audio controls src=\"https:\/\/nahuelproducciones.com.ar\/radioquijano\/wp-content\/uploads\/2025\/02\/2025-Alejandra-Guantay-CORSO-DE-ORO.mp3\"><\/audio><\/figure>\n\n\n\n<figure class=\"wp-block-video\"><video controls src=\"https:\/\/nahuelproducciones.com.ar\/radioquijano\/wp-content\/uploads\/2025\/02\/WhatsApp-Video-2025-02-28-at-11.32.57-AM.mp4\"><\/video><\/figure>\n\n\n\n<figure class=\"wp-block-video\"><video controls src=\"https:\/\/nahuelproducciones.com.ar\/radioquijano\/wp-content\/uploads\/2025\/02\/WhatsApp-Video-2025-02-28-at-10.03.35-AM.mp4\"><\/video><\/figure>\n\n\n\n<figure class=\"wp-block-video\"><video controls src=\"https:\/\/nahuelproducciones.com.ar\/radioquijano\/wp-content\/uploads\/2025\/02\/WhatsApp-Video-2025-02-28-at-12.34.55-PM.mp4\"><\/video><\/figure>\n","protected":false},"excerpt":{"rendered":"<p>Una jornada llena de energ\u00eda, tradici\u00f3n y diversi\u00f3n, se llevar\u00e1 a cabo el\u00a0Carnaval de Oro, un evento exclusivo para personas mayores. La celebraci\u00f3n, organizada por la\u00a0Secretar\u00eda de las Personas Mayores\u00a0y el\u00a0Centro de Jubilados y Pensionados Portal de los Andes de Campo Quijano, se desarrolla desde 9:00 a 18:00 horas en un ambiente de fiesta y [&hellip;]<\/p>\n","protected":false},"author":8,"featured_media":9722,"comment_status":"open","ping_status":"open","sticky":false,"template":"","format":"standard","meta":{"_monsterinsights_skip_tracking":false,"_monsterinsights_sitenote_active":false,"_monsterinsights_sitenote_note":"","_monsterinsights_sitenote_category":0,"footnotes":""},"categories":[16],"tags":[124,1738,100],"class_list":["post-9724","post","type-post","status-publish","format-standard","has-post-thumbnail","hentry","category-noticias","tag-centro-de-jubilados-y-pensionados-el-portal-de-los-andes","tag-corso-de-oro","tag-municipio-de-campo-quijano"],"yoast_head":"<!-- This site is optimized with the Yoast SEO plugin v20.8 - https:\/\/yoast.com\/wordpress\/plugins\/seo\/ -->\n<title>Carnaval de Oro\u00a0en el\u00a0Centro de Jubilados y Pensionados Portal de los Andes de Campo Quijano - RQ 99.9<\/title>\n<meta name=\"description\" content=\"Desde 9:00 a 18:00 horas en un ambiente de fiesta y camarader\u00eda.\" \/>\n<meta name=\"robots\" content=\"index, follow, max-snippet:-1, max-image-preview:large, max-video-preview:-1\" \/>\n<link rel=\"canonical\" href=\"https:\/\/nahuelproducciones.com.ar\/radioquijano\/carnaval-de-oro-en-el-centro-de-jubilados-y-pensionados-portal-de-los-andes-de-campo-quijano\/\" \/>\n<meta property=\"og:locale\" content=\"es_ES\" \/>\n<meta property=\"og:type\" content=\"article\" \/>\n<meta property=\"og:title\" content=\"Carnaval de Oro\u00a0en el\u00a0Centro de Jubilados y Pensionados Portal de los Andes de Campo Quijano - RQ 99.9\" \/>\n<meta property=\"og:description\" content=\"Desde 9:00 a 18:00 horas en un ambiente de fiesta y camarader\u00eda.\" \/>\n<meta property=\"og:url\" content=\"https:\/\/nahuelproducciones.com.ar\/radioquijano\/carnaval-de-oro-en-el-centro-de-jubilados-y-pensionados-portal-de-los-andes-de-campo-quijano\/\" \/>\n<meta property=\"og:site_name\" content=\"RQ 99.9\" \/>\n<meta property=\"article:publisher\" content=\"https:\/\/www.facebook.com\/nahuelproducciones999\/\" \/>\n<meta property=\"article:published_time\" content=\"2025-02-28T15:50:14+00:00\" \/>\n<meta property=\"article:modified_time\" content=\"2025-02-28T16:26:39+00:00\" \/>\n<meta property=\"og:image\" content=\"https:\/\/nahuelproducciones.com.ar\/radioquijano\/wp-content\/uploads\/2025\/02\/WhatsApp-Image-2025-02-12-at-5.09.34-PM-e1740667570245.jpeg\" \/>\n\t<meta property=\"og:image:width\" content=\"700\" \/>\n\t<meta property=\"og:image:height\" content=\"1295\" \/>\n\t<meta property=\"og:image:type\" content=\"image\/jpeg\" \/>\n<meta name=\"author\" content=\"Cecilia Pastrana\" \/>\n<meta name=\"twitter:card\" content=\"summary_large_image\" \/>\n<meta name=\"twitter:creator\" content=\"@nahuproduciones\" \/>\n<meta name=\"twitter:site\" content=\"@nahuproduciones\" \/>\n<meta name=\"twitter:label1\" content=\"Escrito por\" \/>\n\t<meta name=\"twitter:data1\" content=\"Cecilia Pastrana\" \/>\n\t<meta name=\"twitter:label2\" content=\"Tiempo de lectura\" \/>\n\t<meta name=\"twitter:data2\" content=\"2 minutos\" \/>\n<script type=\"application\/ld+json\" class=\"yoast-schema-graph\">{\"@context\":\"https:\/\/schema.org\",\"@graph\":[{\"@type\":\"WebPage\",\"@id\":\"https:\/\/nahuelproducciones.com.ar\/radioquijano\/carnaval-de-oro-en-el-centro-de-jubilados-y-pensionados-portal-de-los-andes-de-campo-quijano\/\",\"url\":\"https:\/\/nahuelproducciones.com.ar\/radioquijano\/carnaval-de-oro-en-el-centro-de-jubilados-y-pensionados-portal-de-los-andes-de-campo-quijano\/\",\"name\":\"Carnaval de Oro\u00a0en el\u00a0Centro de Jubilados y Pensionados Portal de los Andes de Campo Quijano - RQ 99.9\",\"isPartOf\":{\"@id\":\"https:\/\/nahuelproducciones.com.ar\/radioquijano\/#website\"},\"datePublished\":\"2025-02-28T15:50:14+00:00\",\"dateModified\":\"2025-02-28T16:26:39+00:00\",\"author\":{\"@id\":\"https:\/\/nahuelproducciones.com.ar\/radioquijano\/#\/schema\/person\/e8a4f939e2cb487fe6d0c54042c9d32c\"},\"description\":\"Desde 9:00 a 18:00 horas en un ambiente de fiesta y camarader\u00eda.\",\"breadcrumb\":{\"@id\":\"https:\/\/nahuelproducciones.com.ar\/radioquijano\/carnaval-de-oro-en-el-centro-de-jubilados-y-pensionados-portal-de-los-andes-de-campo-quijano\/#breadcrumb\"},\"inLanguage\":\"es\",\"potentialAction\":[{\"@type\":\"ReadAction\",\"target\":[\"https:\/\/nahuelproducciones.com.ar\/radioquijano\/carnaval-de-oro-en-el-centro-de-jubilados-y-pensionados-portal-de-los-andes-de-campo-quijano\/\"]}]},{\"@type\":\"BreadcrumbList\",\"@id\":\"https:\/\/nahuelproducciones.com.ar\/radioquijano\/carnaval-de-oro-en-el-centro-de-jubilados-y-pensionados-portal-de-los-andes-de-campo-quijano\/#breadcrumb\",\"itemListElement\":[{\"@type\":\"ListItem\",\"position\":1,\"name\":\"Portada\",\"item\":\"https:\/\/nahuelproducciones.com.ar\/radioquijano\/\"},{\"@type\":\"ListItem\",\"position\":2,\"name\":\"Carnaval de Oro\u00a0en el\u00a0Centro de Jubilados y Pensionados Portal de los Andes de Campo Quijano\"}]},{\"@type\":\"WebSite\",\"@id\":\"https:\/\/nahuelproducciones.com.ar\/radioquijano\/#website\",\"url\":\"https:\/\/nahuelproducciones.com.ar\/radioquijano\/\",\"name\":\"RQ 99.9\",\"description\":\"Radio Quijano 99.9 MHz\",\"potentialAction\":[{\"@type\":\"SearchAction\",\"target\":{\"@type\":\"EntryPoint\",\"urlTemplate\":\"https:\/\/nahuelproducciones.com.ar\/radioquijano\/?s={search_term_string}\"},\"query-input\":\"required name=search_term_string\"}],\"inLanguage\":\"es\"},{\"@type\":\"Person\",\"@id\":\"https:\/\/nahuelproducciones.com.ar\/radioquijano\/#\/schema\/person\/e8a4f939e2cb487fe6d0c54042c9d32c\",\"name\":\"Cecilia Pastrana\",\"image\":{\"@type\":\"ImageObject\",\"inLanguage\":\"es\",\"@id\":\"https:\/\/nahuelproducciones.com.ar\/radioquijano\/#\/schema\/person\/image\/\",\"url\":\"https:\/\/secure.gravatar.com\/avatar\/661a3ef63a8488d4f2794ed44af8cf71420f7e106f3072c40125114df5157749?s=96&d=mm&r=g\",\"contentUrl\":\"https:\/\/secure.gravatar.com\/avatar\/661a3ef63a8488d4f2794ed44af8cf71420f7e106f3072c40125114df5157749?s=96&d=mm&r=g\",\"caption\":\"Cecilia Pastrana\"},\"sameAs\":[\"cecy\"],\"url\":\"https:\/\/nahuelproducciones.com.ar\/radioquijano\/author\/cecy\/\"}]}<\/script>\n<!-- \/ Yoast SEO plugin. -->","yoast_head_json":{"title":"Carnaval de Oro\u00a0en el\u00a0Centro de Jubilados y Pensionados Portal de los Andes de Campo Quijano - RQ 99.9","description":"Desde 9:00 a 18:00 horas en un ambiente de fiesta y camarader\u00eda.","robots":{"index":"index","follow":"follow","max-snippet":"max-snippet:-1","max-image-preview":"max-image-preview:large","max-video-preview":"max-video-preview:-1"},"canonical":"https:\/\/nahuelproducciones.com.ar\/radioquijano\/carnaval-de-oro-en-el-centro-de-jubilados-y-pensionados-portal-de-los-andes-de-campo-quijano\/","og_locale":"es_ES","og_type":"article","og_title":"Carnaval de Oro\u00a0en el\u00a0Centro de Jubilados y Pensionados Portal de los Andes de Campo Quijano - RQ 99.9","og_description":"Desde 9:00 a 18:00 horas en un ambiente de fiesta y camarader\u00eda.","og_url":"https:\/\/nahuelproducciones.com.ar\/radioquijano\/carnaval-de-oro-en-el-centro-de-jubilados-y-pensionados-portal-de-los-andes-de-campo-quijano\/","og_site_name":"RQ 99.9","article_publisher":"https:\/\/www.facebook.com\/nahuelproducciones999\/","article_published_time":"2025-02-28T15:50:14+00:00","article_modified_time":"2025-02-28T16:26:39+00:00","og_image":[{"width":700,"height":1295,"url":"https:\/\/nahuelproducciones.com.ar\/radioquijano\/wp-content\/uploads\/2025\/02\/WhatsApp-Image-2025-02-12-at-5.09.34-PM-e1740667570245.jpeg","type":"image\/jpeg"}],"author":"Cecilia Pastrana","twitter_card":"summary_large_image","twitter_creator":"@nahuproduciones","twitter_site":"@nahuproduciones","twitter_misc":{"Escrito por":"Cecilia Pastrana","Tiempo de lectura":"2 minutos"},"schema":{"@context":"https:\/\/schema.org","@graph":[{"@type":"WebPage","@id":"https:\/\/nahuelproducciones.com.ar\/radioquijano\/carnaval-de-oro-en-el-centro-de-jubilados-y-pensionados-portal-de-los-andes-de-campo-quijano\/","url":"https:\/\/nahuelproducciones.com.ar\/radioquijano\/carnaval-de-oro-en-el-centro-de-jubilados-y-pensionados-portal-de-los-andes-de-campo-quijano\/","name":"Carnaval de Oro\u00a0en el\u00a0Centro de Jubilados y Pensionados Portal de los Andes de Campo Quijano - RQ 99.9","isPartOf":{"@id":"https:\/\/nahuelproducciones.com.ar\/radioquijano\/#website"},"datePublished":"2025-02-28T15:50:14+00:00","dateModified":"2025-02-28T16:26:39+00:00","author":{"@id":"https:\/\/nahuelproducciones.com.ar\/radioquijano\/#\/schema\/person\/e8a4f939e2cb487fe6d0c54042c9d32c"},"description":"Desde 9:00 a 18:00 horas en un ambiente de fiesta y camarader\u00eda.","breadcrumb":{"@id":"https:\/\/nahuelproducciones.com.ar\/radioquijano\/carnaval-de-oro-en-el-centro-de-jubilados-y-pensionados-portal-de-los-andes-de-campo-quijano\/#breadcrumb"},"inLanguage":"es","potentialAction":[{"@type":"ReadAction","target":["https:\/\/nahuelproducciones.com.ar\/radioquijano\/carnaval-de-oro-en-el-centro-de-jubilados-y-pensionados-portal-de-los-andes-de-campo-quijano\/"]}]},{"@type":"BreadcrumbList","@id":"https:\/\/nahuelproducciones.com.ar\/radioquijano\/carnaval-de-oro-en-el-centro-de-jubilados-y-pensionados-portal-de-los-andes-de-campo-quijano\/#breadcrumb","itemListElement":[{"@type":"ListItem","position":1,"name":"Portada","item":"https:\/\/nahuelproducciones.com.ar\/radioquijano\/"},{"@type":"ListItem","position":2,"name":"Carnaval de Oro\u00a0en el\u00a0Centro de Jubilados y Pensionados Portal de los Andes de Campo Quijano"}]},{"@type":"WebSite","@id":"https:\/\/nahuelproducciones.com.ar\/radioquijano\/#website","url":"https:\/\/nahuelproducciones.com.ar\/radioquijano\/","name":"RQ 99.9","description":"Radio Quijano 99.9 MHz","potentialAction":[{"@type":"SearchAction","target":{"@type":"EntryPoint","urlTemplate":"https:\/\/nahuelproducciones.com.ar\/radioquijano\/?s={search_term_string}"},"query-input":"required name=search_term_string"}],"inLanguage":"es"},{"@type":"Person","@id":"https:\/\/nahuelproducciones.com.ar\/radioquijano\/#\/schema\/person\/e8a4f939e2cb487fe6d0c54042c9d32c","name":"Cecilia Pastrana","image":{"@type":"ImageObject","inLanguage":"es","@id":"https:\/\/nahuelproducciones.com.ar\/radioquijano\/#\/schema\/person\/image\/","url":"https:\/\/secure.gravatar.com\/avatar\/661a3ef63a8488d4f2794ed44af8cf71420f7e106f3072c40125114df5157749?s=96&d=mm&r=g","contentUrl":"https:\/\/secure.gravatar.com\/avatar\/661a3ef63a8488d4f2794ed44af8cf71420f7e106f3072c40125114df5157749?s=96&d=mm&r=g","caption":"Cecilia Pastrana"},"sameAs":["cecy"],"url":"https:\/\/nahuelproducciones.com.ar\/radioquijano\/author\/cecy\/"}]}},"_links":{"self":[{"href":"https:\/\/nahuelproducciones.com.ar\/radioquijano\/wp-json\/wp\/v2\/posts\/9724","targetHints":{"allow":["GET"]}}],"collection":[{"href":"https:\/\/nahuelproducciones.com.ar\/radioquijano\/wp-json\/wp\/v2\/posts"}],"about":[{"href":"https:\/\/nahuelproducciones.com.ar\/radioquijano\/wp-json\/wp\/v2\/types\/post"}],"author":[{"embeddable":true,"href":"https:\/\/nahuelproducciones.com.ar\/radioquijano\/wp-json\/wp\/v2\/users\/8"}],"replies":[{"embeddable":true,"href":"https:\/\/nahuelproducciones.com.ar\/radioquijano\/wp-json\/wp\/v2\/comments?post=9724"}],"version-history":[{"count":2,"href":"https:\/\/nahuelproducciones.com.ar\/radioquijano\/wp-json\/wp\/v2\/posts\/9724\/revisions"}],"predecessor-version":[{"id":9731,"href":"https:\/\/nahuelproducciones.com.ar\/radioquijano\/wp-json\/wp\/v2\/posts\/9724\/revisions\/9731"}],"wp:featuredmedia":[{"embeddable":true,"href":"https:\/\/nahuelproducciones.com.ar\/radioquijano\/wp-json\/wp\/v2\/media\/9722"}],"wp:attachment":[{"href":"https:\/\/nahuelproducciones.com.ar\/radioquijano\/wp-json\/wp\/v2\/media?parent=9724"}],"wp:term":[{"taxonomy":"category","embeddable":true,"href":"https:\/\/nahuelproducciones.com.ar\/radioquijano\/wp-json\/wp\/v2\/categories?post=9724"},{"taxonomy":"post_tag","embeddable":true,"href":"https:\/\/nahuelproducciones.com.ar\/radioquijano\/wp-json\/wp\/v2\/tags?post=9724"}],"curies":[{"name":"wp","href":"https:\/\/api.w.org\/{rel}","templated":true}]}}