{"id":9732,"date":"2025-03-01T22:33:17","date_gmt":"2025-03-02T01:33:17","guid":{"rendered":"https:\/\/nahuelproducciones.com.ar\/radioquijano\/?p=9732"},"modified":"2025-03-01T22:33:18","modified_gmt":"2025-03-02T01:33:18","slug":"campo-quijano-se-investiga-la-muerte-de-un-hombre","status":"publish","type":"post","link":"https:\/\/nahuelproducciones.com.ar\/radioquijano\/campo-quijano-se-investiga-la-muerte-de-un-hombre\/","title":{"rendered":"Campo Quijano: Se investiga la muerte de un hombre"},"content":{"rendered":"\n<p><em><strong>Ocurri\u00f3 durante la madrugada de este s\u00e1bado, cuando se report\u00f3 el deceso de un hombre en esa localidad. Por el hecho se detuvo a una persona como sospechosa y ser\u00e1 imputada el pr\u00f3ximo lunes.&nbsp;<\/strong><\/em><\/p>\n\n\n\n<p>El&nbsp;<strong>fiscal penal 2 de la Unidad de Graves Atentados contra las Personas en turno, Gabriel Gonz\u00e1lez<\/strong>, investiga las circunstancias en que se produjo el fallecimiento de un hombre de 36 a\u00f1os, durante las primeras horas de este s\u00e1bado en barrio San Jorge de Campo Quijano.<\/p>\n\n\n\n<p>Tras el reporte realizado al Sistema de Emergencias 911, el fiscal Gonz\u00e1lez dio intervenci\u00f3n al Cuerpo de Investigaciones Fiscales y a la Unidad de Investigaci\u00f3n UGAP, para dar cumplimiento a las medidas de rigor en el lugar.<\/p>\n\n\n\n<p>El cuerpo fue trasladado al Servicio de Tanatolog\u00eda Forense del CIF para realizar la autopsia que permitir\u00e1 determinar la causa del fallecimiento.<\/p>\n\n\n\n<p>De an\u00e1lisis de las primeras diligencias realizadas, se solicit\u00f3 al Juzgado de Garant\u00edas en turno, la detenci\u00f3n de un hombre, quien compart\u00eda una reuni\u00f3n con el fallecido. El pr\u00f3ximo lunes ser\u00e1 imputado provisionalmente por la presunta comisi\u00f3n del delito de homicidio preterintencional.<\/p>\n\n\n\n<p>Fuente: Ministerio Publico Fiscal de Salta<\/p>\n","protected":false},"excerpt":{"rendered":"<p>Ocurri\u00f3 durante la madrugada de este s\u00e1bado, cuando se report\u00f3 el deceso de un hombre en esa localidad. Por el hecho se detuvo a una persona como sospechosa y ser\u00e1 imputada el pr\u00f3ximo lunes.&nbsp; El&nbsp;fiscal penal 2 de la Unidad de Graves Atentados contra las Personas en turno, Gabriel Gonz\u00e1lez, investiga las circunstancias en que [&hellip;]<\/p>\n","protected":false},"author":8,"featured_media":9733,"comment_status":"open","ping_status":"open","sticky":false,"template":"","format":"standard","meta":{"_monsterinsights_skip_tracking":false,"_monsterinsights_sitenote_active":false,"_monsterinsights_sitenote_note":"","_monsterinsights_sitenote_category":0,"footnotes":""},"categories":[16],"tags":[100,868],"class_list":["post-9732","post","type-post","status-publish","format-standard","has-post-thumbnail","hentry","category-noticias","tag-municipio-de-campo-quijano","tag-unidad-de-graves-atentados"],"yoast_head":"<!-- This site is optimized with the Yoast SEO plugin v20.8 - https:\/\/yoast.com\/wordpress\/plugins\/seo\/ -->\n<title>Campo Quijano: Se investiga la muerte de un hombre - RQ 99.9<\/title>\n<meta name=\"description\" content=\"Ocurri\u00f3 durante la madrugada de este s\u00e1bado, cuando se report\u00f3 el deceso de un hombre en esa localidad. Por el hecho se detuvo a una persona como sospechosa y ser\u00e1 imputada el pr\u00f3ximo lunes.\" \/>\n<meta name=\"robots\" content=\"index, follow, max-snippet:-1, max-image-preview:large, max-video-preview:-1\" \/>\n<link rel=\"canonical\" href=\"https:\/\/nahuelproducciones.com.ar\/radioquijano\/campo-quijano-se-investiga-la-muerte-de-un-hombre\/\" \/>\n<meta property=\"og:locale\" content=\"es_ES\" \/>\n<meta property=\"og:type\" content=\"article\" \/>\n<meta property=\"og:title\" content=\"Campo Quijano: Se investiga la muerte de un hombre - RQ 99.9\" \/>\n<meta property=\"og:description\" content=\"Ocurri\u00f3 durante la madrugada de este s\u00e1bado, cuando se report\u00f3 el deceso de un hombre en esa localidad. Por el hecho se detuvo a una persona como sospechosa y ser\u00e1 imputada el pr\u00f3ximo lunes.\" \/>\n<meta property=\"og:url\" content=\"https:\/\/nahuelproducciones.com.ar\/radioquijano\/campo-quijano-se-investiga-la-muerte-de-un-hombre\/\" \/>\n<meta property=\"og:site_name\" content=\"RQ 99.9\" \/>\n<meta property=\"article:publisher\" content=\"https:\/\/www.facebook.com\/nahuelproducciones999\/\" \/>\n<meta property=\"article:published_time\" content=\"2025-03-02T01:33:17+00:00\" \/>\n<meta property=\"article:modified_time\" content=\"2025-03-02T01:33:18+00:00\" \/>\n<meta property=\"og:image\" content=\"https:\/\/nahuelproducciones.com.ar\/radioquijano\/wp-content\/uploads\/2025\/03\/WhatsApp-Image-2025-03-01-at-10.27.33-PM.jpeg\" \/>\n\t<meta property=\"og:image:width\" content=\"700\" \/>\n\t<meta property=\"og:image:height\" content=\"285\" \/>\n\t<meta property=\"og:image:type\" content=\"image\/jpeg\" \/>\n<meta name=\"author\" content=\"Cecilia Pastrana\" \/>\n<meta name=\"twitter:card\" content=\"summary_large_image\" \/>\n<meta name=\"twitter:creator\" content=\"@nahuproduciones\" \/>\n<meta name=\"twitter:site\" content=\"@nahuproduciones\" \/>\n<meta name=\"twitter:label1\" content=\"Escrito por\" \/>\n\t<meta name=\"twitter:data1\" content=\"Cecilia Pastrana\" \/>\n\t<meta name=\"twitter:label2\" content=\"Tiempo de lectura\" \/>\n\t<meta name=\"twitter:data2\" content=\"1 minuto\" \/>\n<script type=\"application\/ld+json\" class=\"yoast-schema-graph\">{\"@context\":\"https:\/\/schema.org\",\"@graph\":[{\"@type\":\"WebPage\",\"@id\":\"https:\/\/nahuelproducciones.com.ar\/radioquijano\/campo-quijano-se-investiga-la-muerte-de-un-hombre\/\",\"url\":\"https:\/\/nahuelproducciones.com.ar\/radioquijano\/campo-quijano-se-investiga-la-muerte-de-un-hombre\/\",\"name\":\"Campo Quijano: Se investiga la muerte de un hombre - RQ 99.9\",\"isPartOf\":{\"@id\":\"https:\/\/nahuelproducciones.com.ar\/radioquijano\/#website\"},\"datePublished\":\"2025-03-02T01:33:17+00:00\",\"dateModified\":\"2025-03-02T01:33:18+00:00\",\"author\":{\"@id\":\"https:\/\/nahuelproducciones.com.ar\/radioquijano\/#\/schema\/person\/e8a4f939e2cb487fe6d0c54042c9d32c\"},\"description\":\"Ocurri\u00f3 durante la madrugada de este s\u00e1bado, cuando se report\u00f3 el deceso de un hombre en esa localidad. Por el hecho se detuvo a una persona como sospechosa y ser\u00e1 imputada el pr\u00f3ximo lunes.\",\"breadcrumb\":{\"@id\":\"https:\/\/nahuelproducciones.com.ar\/radioquijano\/campo-quijano-se-investiga-la-muerte-de-un-hombre\/#breadcrumb\"},\"inLanguage\":\"es\",\"potentialAction\":[{\"@type\":\"ReadAction\",\"target\":[\"https:\/\/nahuelproducciones.com.ar\/radioquijano\/campo-quijano-se-investiga-la-muerte-de-un-hombre\/\"]}]},{\"@type\":\"BreadcrumbList\",\"@id\":\"https:\/\/nahuelproducciones.com.ar\/radioquijano\/campo-quijano-se-investiga-la-muerte-de-un-hombre\/#breadcrumb\",\"itemListElement\":[{\"@type\":\"ListItem\",\"position\":1,\"name\":\"Portada\",\"item\":\"https:\/\/nahuelproducciones.com.ar\/radioquijano\/\"},{\"@type\":\"ListItem\",\"position\":2,\"name\":\"Campo Quijano: Se investiga la muerte de un hombre\"}]},{\"@type\":\"WebSite\",\"@id\":\"https:\/\/nahuelproducciones.com.ar\/radioquijano\/#website\",\"url\":\"https:\/\/nahuelproducciones.com.ar\/radioquijano\/\",\"name\":\"RQ 99.9\",\"description\":\"Radio Quijano 99.9 MHz\",\"potentialAction\":[{\"@type\":\"SearchAction\",\"target\":{\"@type\":\"EntryPoint\",\"urlTemplate\":\"https:\/\/nahuelproducciones.com.ar\/radioquijano\/?s={search_term_string}\"},\"query-input\":\"required name=search_term_string\"}],\"inLanguage\":\"es\"},{\"@type\":\"Person\",\"@id\":\"https:\/\/nahuelproducciones.com.ar\/radioquijano\/#\/schema\/person\/e8a4f939e2cb487fe6d0c54042c9d32c\",\"name\":\"Cecilia Pastrana\",\"image\":{\"@type\":\"ImageObject\",\"inLanguage\":\"es\",\"@id\":\"https:\/\/nahuelproducciones.com.ar\/radioquijano\/#\/schema\/person\/image\/\",\"url\":\"https:\/\/secure.gravatar.com\/avatar\/661a3ef63a8488d4f2794ed44af8cf71420f7e106f3072c40125114df5157749?s=96&d=mm&r=g\",\"contentUrl\":\"https:\/\/secure.gravatar.com\/avatar\/661a3ef63a8488d4f2794ed44af8cf71420f7e106f3072c40125114df5157749?s=96&d=mm&r=g\",\"caption\":\"Cecilia Pastrana\"},\"sameAs\":[\"cecy\"],\"url\":\"https:\/\/nahuelproducciones.com.ar\/radioquijano\/author\/cecy\/\"}]}<\/script>\n<!-- \/ Yoast SEO plugin. -->","yoast_head_json":{"title":"Campo Quijano: Se investiga la muerte de un hombre - RQ 99.9","description":"Ocurri\u00f3 durante la madrugada de este s\u00e1bado, cuando se report\u00f3 el deceso de un hombre en esa localidad. Por el hecho se detuvo a una persona como sospechosa y ser\u00e1 imputada el pr\u00f3ximo lunes.","robots":{"index":"index","follow":"follow","max-snippet":"max-snippet:-1","max-image-preview":"max-image-preview:large","max-video-preview":"max-video-preview:-1"},"canonical":"https:\/\/nahuelproducciones.com.ar\/radioquijano\/campo-quijano-se-investiga-la-muerte-de-un-hombre\/","og_locale":"es_ES","og_type":"article","og_title":"Campo Quijano: Se investiga la muerte de un hombre - RQ 99.9","og_description":"Ocurri\u00f3 durante la madrugada de este s\u00e1bado, cuando se report\u00f3 el deceso de un hombre en esa localidad. Por el hecho se detuvo a una persona como sospechosa y ser\u00e1 imputada el pr\u00f3ximo lunes.","og_url":"https:\/\/nahuelproducciones.com.ar\/radioquijano\/campo-quijano-se-investiga-la-muerte-de-un-hombre\/","og_site_name":"RQ 99.9","article_publisher":"https:\/\/www.facebook.com\/nahuelproducciones999\/","article_published_time":"2025-03-02T01:33:17+00:00","article_modified_time":"2025-03-02T01:33:18+00:00","og_image":[{"width":700,"height":285,"url":"https:\/\/nahuelproducciones.com.ar\/radioquijano\/wp-content\/uploads\/2025\/03\/WhatsApp-Image-2025-03-01-at-10.27.33-PM.jpeg","type":"image\/jpeg"}],"author":"Cecilia Pastrana","twitter_card":"summary_large_image","twitter_creator":"@nahuproduciones","twitter_site":"@nahuproduciones","twitter_misc":{"Escrito por":"Cecilia Pastrana","Tiempo de lectura":"1 minuto"},"schema":{"@context":"https:\/\/schema.org","@graph":[{"@type":"WebPage","@id":"https:\/\/nahuelproducciones.com.ar\/radioquijano\/campo-quijano-se-investiga-la-muerte-de-un-hombre\/","url":"https:\/\/nahuelproducciones.com.ar\/radioquijano\/campo-quijano-se-investiga-la-muerte-de-un-hombre\/","name":"Campo Quijano: Se investiga la muerte de un hombre - RQ 99.9","isPartOf":{"@id":"https:\/\/nahuelproducciones.com.ar\/radioquijano\/#website"},"datePublished":"2025-03-02T01:33:17+00:00","dateModified":"2025-03-02T01:33:18+00:00","author":{"@id":"https:\/\/nahuelproducciones.com.ar\/radioquijano\/#\/schema\/person\/e8a4f939e2cb487fe6d0c54042c9d32c"},"description":"Ocurri\u00f3 durante la madrugada de este s\u00e1bado, cuando se report\u00f3 el deceso de un hombre en esa localidad. Por el hecho se detuvo a una persona como sospechosa y ser\u00e1 imputada el pr\u00f3ximo lunes.","breadcrumb":{"@id":"https:\/\/nahuelproducciones.com.ar\/radioquijano\/campo-quijano-se-investiga-la-muerte-de-un-hombre\/#breadcrumb"},"inLanguage":"es","potentialAction":[{"@type":"ReadAction","target":["https:\/\/nahuelproducciones.com.ar\/radioquijano\/campo-quijano-se-investiga-la-muerte-de-un-hombre\/"]}]},{"@type":"BreadcrumbList","@id":"https:\/\/nahuelproducciones.com.ar\/radioquijano\/campo-quijano-se-investiga-la-muerte-de-un-hombre\/#breadcrumb","itemListElement":[{"@type":"ListItem","position":1,"name":"Portada","item":"https:\/\/nahuelproducciones.com.ar\/radioquijano\/"},{"@type":"ListItem","position":2,"name":"Campo Quijano: Se investiga la muerte de un hombre"}]},{"@type":"WebSite","@id":"https:\/\/nahuelproducciones.com.ar\/radioquijano\/#website","url":"https:\/\/nahuelproducciones.com.ar\/radioquijano\/","name":"RQ 99.9","description":"Radio Quijano 99.9 MHz","potentialAction":[{"@type":"SearchAction","target":{"@type":"EntryPoint","urlTemplate":"https:\/\/nahuelproducciones.com.ar\/radioquijano\/?s={search_term_string}"},"query-input":"required name=search_term_string"}],"inLanguage":"es"},{"@type":"Person","@id":"https:\/\/nahuelproducciones.com.ar\/radioquijano\/#\/schema\/person\/e8a4f939e2cb487fe6d0c54042c9d32c","name":"Cecilia Pastrana","image":{"@type":"ImageObject","inLanguage":"es","@id":"https:\/\/nahuelproducciones.com.ar\/radioquijano\/#\/schema\/person\/image\/","url":"https:\/\/secure.gravatar.com\/avatar\/661a3ef63a8488d4f2794ed44af8cf71420f7e106f3072c40125114df5157749?s=96&d=mm&r=g","contentUrl":"https:\/\/secure.gravatar.com\/avatar\/661a3ef63a8488d4f2794ed44af8cf71420f7e106f3072c40125114df5157749?s=96&d=mm&r=g","caption":"Cecilia Pastrana"},"sameAs":["cecy"],"url":"https:\/\/nahuelproducciones.com.ar\/radioquijano\/author\/cecy\/"}]}},"_links":{"self":[{"href":"https:\/\/nahuelproducciones.com.ar\/radioquijano\/wp-json\/wp\/v2\/posts\/9732","targetHints":{"allow":["GET"]}}],"collection":[{"href":"https:\/\/nahuelproducciones.com.ar\/radioquijano\/wp-json\/wp\/v2\/posts"}],"about":[{"href":"https:\/\/nahuelproducciones.com.ar\/radioquijano\/wp-json\/wp\/v2\/types\/post"}],"author":[{"embeddable":true,"href":"https:\/\/nahuelproducciones.com.ar\/radioquijano\/wp-json\/wp\/v2\/users\/8"}],"replies":[{"embeddable":true,"href":"https:\/\/nahuelproducciones.com.ar\/radioquijano\/wp-json\/wp\/v2\/comments?post=9732"}],"version-history":[{"count":1,"href":"https:\/\/nahuelproducciones.com.ar\/radioquijano\/wp-json\/wp\/v2\/posts\/9732\/revisions"}],"predecessor-version":[{"id":9734,"href":"https:\/\/nahuelproducciones.com.ar\/radioquijano\/wp-json\/wp\/v2\/posts\/9732\/revisions\/9734"}],"wp:featuredmedia":[{"embeddable":true,"href":"https:\/\/nahuelproducciones.com.ar\/radioquijano\/wp-json\/wp\/v2\/media\/9733"}],"wp:attachment":[{"href":"https:\/\/nahuelproducciones.com.ar\/radioquijano\/wp-json\/wp\/v2\/media?parent=9732"}],"wp:term":[{"taxonomy":"category","embeddable":true,"href":"https:\/\/nahuelproducciones.com.ar\/radioquijano\/wp-json\/wp\/v2\/categories?post=9732"},{"taxonomy":"post_tag","embeddable":true,"href":"https:\/\/nahuelproducciones.com.ar\/radioquijano\/wp-json\/wp\/v2\/tags?post=9732"}],"curies":[{"name":"wp","href":"https:\/\/api.w.org\/{rel}","templated":true}]}}