{"id":9735,"date":"2025-03-01T22:44:28","date_gmt":"2025-03-02T01:44:28","guid":{"rendered":"https:\/\/nahuelproducciones.com.ar\/radioquijano\/?p=9735"},"modified":"2025-03-02T00:06:40","modified_gmt":"2025-03-02T03:06:40","slug":"personas-mayores-disfrutaron-de-un-multitudinario-festejo-de-carnaval-en-campo-quijano","status":"publish","type":"post","link":"https:\/\/nahuelproducciones.com.ar\/radioquijano\/personas-mayores-disfrutaron-de-un-multitudinario-festejo-de-carnaval-en-campo-quijano\/","title":{"rendered":"Personas mayores disfrutaron de un multitudinario festejo de carnaval en Campo Quijano"},"content":{"rendered":"\n<p>Este viernes, se realiz\u00f3 en el Centro de Jubilados y Pensionados El Portal de los Andes, de Campo Quijano el \u201cCarnaval de Oro\u201d, una jornada especial organizada por la Secretar\u00eda de las Personas Mayores a trav\u00e9s de la Direcci\u00f3n de Promoci\u00f3n Social y Organizaciones en articulaci\u00f3n con este&nbsp;Centro a trav\u00e9s de su presidente Amalio Copa.<\/p>\n\n\n\n<p>El evento permiti\u00f3 reunir a cientos de adultos mayores en una jornada llena de m\u00fasica, baile, sorteos, camarader\u00eda, reafirmando su vigencia y protagonismo en la vida comunitaria. La jornada de disfrute y alegr\u00eda&nbsp;&nbsp;se extendi\u00f3 desde las 9 hasta la tarde.<\/p>\n\n\n\n<p>El&nbsp;<strong>secretario de las Personas Mayores, Juan Carlos Villamayor<\/strong>,&nbsp;destac\u00f3 la importancia de estos eventos para promover un envejecimiento activo y saludable. \u00abUnidad, salud, alegr\u00eda, red de contenci\u00f3n mutua, dignidad y amor son los pilares de este nuevo paradigma de las personas mayores, que se abren paso como un colectivo vigente y protagonista en la vida comunitaria\u00bb, afirm\u00f3 Villamayor. A lo que agreg\u00f3 \u00abla solidaridad com\u00fan permite un ambiente donde pueden desplegar su energ\u00eda vital y ser felices, alej\u00e1ndose de la soledad y el confinamiento que atentan contra su salud f\u00edsica y mental\u00bb.<\/p>\n\n\n\n<p>\u00abEn el mundo est\u00e1 probado que el incentivo y el amor elevan la calidad de vida de las personas mayores\u00bb, agreg\u00f3 Villamayor. \u00abY en Quijano, nuestros adultos mayores nos dieron un mensaje claro: estamos vivos y tenemos derecho a ser felices\u00bb. El funcionario tambi\u00e9n resalt\u00f3 que esta pol\u00edtica de la Secretar\u00eda se replica en todos los rincones de la provincia, llevando alegr\u00eda y bienestar a las personas mayores de Salta.<\/p>\n\n\n\n<p>En otro sentido expres\u00f3 que \u201cel nuevo paradigma de las personas mayores es su vigencia en los distintos roles de la vida comunitaria. La solidaridad com\u00fan permite un ambiente donde pueden desplegar su energ\u00eda vital y ser felices\u201d. Asimismo dijo que la soledad y el confinamiento de los mayores en roles prejuiciosos atentan contra su salud f\u00edsica y mental por eso este tipo de eventos son mensajes claros de que ellos se abren paso como un colectivo vigente y protagonista.<\/p>\n\n\n\n<p>Estuvieron presentes integrantes de distintos centros de jubilados de Capital, pero tambi\u00e9n llegaron delegaciones de personas mayores de Cachi, Campo Santo, Salvador Mazza, Rosario de Lerma, El Tala, General G\u00fcemes, Cerrillos, El Carril, Vaqueros, San Lorenzo, Coronel Moldes, Guachipas, La Vi\u00f1a, El Enc\u00f3n, La Candelaria, El Jard\u00edn. El agradecimiento tambi\u00e9n a los funcionarios municipales que en concordancia con la visi\u00f3n de la Secretar\u00eda colaboraron para que los mayores pudieran asistir al evento.&nbsp;<\/p>\n\n\n\n<figure class=\"wp-block-gallery has-nested-images columns-default is-cropped wp-block-gallery-1 is-layout-flex wp-block-gallery-is-layout-flex\">\n<figure class=\"wp-block-image size-large\"><img loading=\"lazy\" decoding=\"async\" width=\"560\" height=\"315\" data-id=\"9738\" src=\"https:\/\/nahuelproducciones.com.ar\/radioquijano\/wp-content\/uploads\/2025\/03\/10840-jornada.webp\" alt=\"\" class=\"wp-image-9738\" srcset=\"https:\/\/nahuelproducciones.com.ar\/radioquijano\/wp-content\/uploads\/2025\/03\/10840-jornada.webp 560w, https:\/\/nahuelproducciones.com.ar\/radioquijano\/wp-content\/uploads\/2025\/03\/10840-jornada-300x169.webp 300w, https:\/\/nahuelproducciones.com.ar\/radioquijano\/wp-content\/uploads\/2025\/03\/10840-jornada-150x84.webp 150w\" sizes=\"auto, (max-width: 560px) 100vw, 560px\" \/><\/figure>\n\n\n\n<figure class=\"wp-block-image size-large\"><img loading=\"lazy\" decoding=\"async\" width=\"560\" height=\"314\" data-id=\"9742\" src=\"https:\/\/nahuelproducciones.com.ar\/radioquijano\/wp-content\/uploads\/2025\/03\/10841-jornada.webp\" alt=\"\" class=\"wp-image-9742\" srcset=\"https:\/\/nahuelproducciones.com.ar\/radioquijano\/wp-content\/uploads\/2025\/03\/10841-jornada.webp 560w, https:\/\/nahuelproducciones.com.ar\/radioquijano\/wp-content\/uploads\/2025\/03\/10841-jornada-300x168.webp 300w, https:\/\/nahuelproducciones.com.ar\/radioquijano\/wp-content\/uploads\/2025\/03\/10841-jornada-150x84.webp 150w\" sizes=\"auto, (max-width: 560px) 100vw, 560px\" \/><\/figure>\n\n\n\n<figure class=\"wp-block-image size-large\"><img loading=\"lazy\" decoding=\"async\" width=\"560\" height=\"315\" data-id=\"9740\" src=\"https:\/\/nahuelproducciones.com.ar\/radioquijano\/wp-content\/uploads\/2025\/03\/10842-jornada-20250301210851.webp\" alt=\"\" class=\"wp-image-9740\" srcset=\"https:\/\/nahuelproducciones.com.ar\/radioquijano\/wp-content\/uploads\/2025\/03\/10842-jornada-20250301210851.webp 560w, https:\/\/nahuelproducciones.com.ar\/radioquijano\/wp-content\/uploads\/2025\/03\/10842-jornada-20250301210851-300x169.webp 300w, https:\/\/nahuelproducciones.com.ar\/radioquijano\/wp-content\/uploads\/2025\/03\/10842-jornada-20250301210851-150x84.webp 150w\" sizes=\"auto, (max-width: 560px) 100vw, 560px\" \/><\/figure>\n\n\n\n<figure class=\"wp-block-image size-large\"><img loading=\"lazy\" decoding=\"async\" width=\"1024\" height=\"576\" data-id=\"9739\" src=\"https:\/\/nahuelproducciones.com.ar\/radioquijano\/wp-content\/uploads\/2025\/03\/16244-jornada-1024x576.webp\" alt=\"\" class=\"wp-image-9739\" srcset=\"https:\/\/nahuelproducciones.com.ar\/radioquijano\/wp-content\/uploads\/2025\/03\/16244-jornada-1024x576.webp 1024w, https:\/\/nahuelproducciones.com.ar\/radioquijano\/wp-content\/uploads\/2025\/03\/16244-jornada-300x169.webp 300w, https:\/\/nahuelproducciones.com.ar\/radioquijano\/wp-content\/uploads\/2025\/03\/16244-jornada-768x432.webp 768w, https:\/\/nahuelproducciones.com.ar\/radioquijano\/wp-content\/uploads\/2025\/03\/16244-jornada-150x84.webp 150w, https:\/\/nahuelproducciones.com.ar\/radioquijano\/wp-content\/uploads\/2025\/03\/16244-jornada.webp 1066w\" sizes=\"auto, (max-width: 1024px) 100vw, 1024px\" \/><\/figure>\n\n\n\n<figure class=\"wp-block-image size-large\"><img loading=\"lazy\" decoding=\"async\" width=\"1024\" height=\"576\" data-id=\"9741\" src=\"https:\/\/nahuelproducciones.com.ar\/radioquijano\/wp-content\/uploads\/2025\/03\/16245-jornada-1024x576.webp\" alt=\"\" class=\"wp-image-9741\" srcset=\"https:\/\/nahuelproducciones.com.ar\/radioquijano\/wp-content\/uploads\/2025\/03\/16245-jornada-1024x576.webp 1024w, https:\/\/nahuelproducciones.com.ar\/radioquijano\/wp-content\/uploads\/2025\/03\/16245-jornada-300x169.webp 300w, https:\/\/nahuelproducciones.com.ar\/radioquijano\/wp-content\/uploads\/2025\/03\/16245-jornada-768x432.webp 768w, https:\/\/nahuelproducciones.com.ar\/radioquijano\/wp-content\/uploads\/2025\/03\/16245-jornada-150x84.webp 150w, https:\/\/nahuelproducciones.com.ar\/radioquijano\/wp-content\/uploads\/2025\/03\/16245-jornada.webp 1066w\" sizes=\"auto, (max-width: 1024px) 100vw, 1024px\" \/><\/figure>\n\n\n\n<figure class=\"wp-block-image size-large\"><img loading=\"lazy\" decoding=\"async\" width=\"1024\" height=\"1024\" data-id=\"9748\" src=\"https:\/\/nahuelproducciones.com.ar\/radioquijano\/wp-content\/uploads\/2025\/03\/481296738_122139189560539886_8054283280691539251_n-1024x1024.jpg\" alt=\"\" class=\"wp-image-9748\" srcset=\"https:\/\/nahuelproducciones.com.ar\/radioquijano\/wp-content\/uploads\/2025\/03\/481296738_122139189560539886_8054283280691539251_n-1024x1024.jpg 1024w, https:\/\/nahuelproducciones.com.ar\/radioquijano\/wp-content\/uploads\/2025\/03\/481296738_122139189560539886_8054283280691539251_n-300x300.jpg 300w, https:\/\/nahuelproducciones.com.ar\/radioquijano\/wp-content\/uploads\/2025\/03\/481296738_122139189560539886_8054283280691539251_n-768x768.jpg 768w, https:\/\/nahuelproducciones.com.ar\/radioquijano\/wp-content\/uploads\/2025\/03\/481296738_122139189560539886_8054283280691539251_n-1536x1536.jpg 1536w, https:\/\/nahuelproducciones.com.ar\/radioquijano\/wp-content\/uploads\/2025\/03\/481296738_122139189560539886_8054283280691539251_n-96x96.jpg 96w, https:\/\/nahuelproducciones.com.ar\/radioquijano\/wp-content\/uploads\/2025\/03\/481296738_122139189560539886_8054283280691539251_n-150x150.jpg 150w, https:\/\/nahuelproducciones.com.ar\/radioquijano\/wp-content\/uploads\/2025\/03\/481296738_122139189560539886_8054283280691539251_n.jpg 2048w\" sizes=\"auto, (max-width: 1024px) 100vw, 1024px\" \/><\/figure>\n<\/figure>\n\n\n\n<p>Fuente:&nbsp;<strong>Secretar\u00eda de Prensa y Comunicaci\u00f3n<\/strong><\/p>\n","protected":false},"excerpt":{"rendered":"<p>Este viernes, se realiz\u00f3 en el Centro de Jubilados y Pensionados El Portal de los Andes, de Campo Quijano el \u201cCarnaval de Oro\u201d, una jornada especial organizada por la Secretar\u00eda de las Personas Mayores a trav\u00e9s de la Direcci\u00f3n de Promoci\u00f3n Social y Organizaciones en articulaci\u00f3n con este&nbsp;Centro a trav\u00e9s de su presidente Amalio Copa. [&hellip;]<\/p>\n","protected":false},"author":8,"featured_media":9743,"comment_status":"open","ping_status":"open","sticky":false,"template":"","format":"standard","meta":{"_monsterinsights_skip_tracking":false,"_monsterinsights_sitenote_active":false,"_monsterinsights_sitenote_note":"","_monsterinsights_sitenote_category":0,"footnotes":""},"categories":[16],"tags":[124,100,1737],"class_list":["post-9735","post","type-post","status-publish","format-standard","has-post-thumbnail","hentry","category-noticias","tag-centro-de-jubilados-y-pensionados-el-portal-de-los-andes","tag-municipio-de-campo-quijano","tag-secretaria-de-las-personas-mayores"],"yoast_head":"<!-- This site is optimized with the Yoast SEO plugin v20.8 - https:\/\/yoast.com\/wordpress\/plugins\/seo\/ -->\n<title>Personas mayores disfrutaron de un multitudinario festejo de carnaval en Campo Quijano - RQ 99.9<\/title>\n<meta name=\"description\" content=\"La jornada recreativa se realiz\u00f3 en el Centro de Jubilados y Pensionados El Portal de los Andes. Participaron miembros de centros de jubilados de capital e interior.\" \/>\n<meta name=\"robots\" content=\"index, follow, max-snippet:-1, max-image-preview:large, max-video-preview:-1\" \/>\n<link rel=\"canonical\" href=\"https:\/\/nahuelproducciones.com.ar\/radioquijano\/personas-mayores-disfrutaron-de-un-multitudinario-festejo-de-carnaval-en-campo-quijano\/\" \/>\n<meta property=\"og:locale\" content=\"es_ES\" \/>\n<meta property=\"og:type\" content=\"article\" \/>\n<meta property=\"og:title\" content=\"Personas mayores disfrutaron de un multitudinario festejo de carnaval en Campo Quijano - RQ 99.9\" \/>\n<meta property=\"og:description\" content=\"La jornada recreativa se realiz\u00f3 en el Centro de Jubilados y Pensionados El Portal de los Andes. Participaron miembros de centros de jubilados de capital e interior.\" \/>\n<meta property=\"og:url\" content=\"https:\/\/nahuelproducciones.com.ar\/radioquijano\/personas-mayores-disfrutaron-de-un-multitudinario-festejo-de-carnaval-en-campo-quijano\/\" \/>\n<meta property=\"og:site_name\" content=\"RQ 99.9\" \/>\n<meta property=\"article:publisher\" content=\"https:\/\/www.facebook.com\/nahuelproducciones999\/\" \/>\n<meta property=\"article:published_time\" content=\"2025-03-02T01:44:28+00:00\" \/>\n<meta property=\"article:modified_time\" content=\"2025-03-02T03:06:40+00:00\" \/>\n<meta property=\"og:image\" content=\"https:\/\/nahuelproducciones.com.ar\/radioquijano\/wp-content\/uploads\/2025\/03\/100361-personas-mayores-disfrutaron-de-un-multitudinario-festejo-de-carnaval-en-campo-quijano-1-e1740879843453.webp\" \/>\n\t<meta property=\"og:image:width\" content=\"560\" \/>\n\t<meta property=\"og:image:height\" content=\"315\" \/>\n\t<meta property=\"og:image:type\" content=\"image\/webp\" \/>\n<meta name=\"author\" content=\"Cecilia Pastrana\" \/>\n<meta name=\"twitter:card\" content=\"summary_large_image\" \/>\n<meta name=\"twitter:creator\" content=\"@nahuproduciones\" \/>\n<meta name=\"twitter:site\" content=\"@nahuproduciones\" \/>\n<meta name=\"twitter:label1\" content=\"Escrito por\" \/>\n\t<meta name=\"twitter:data1\" content=\"Cecilia Pastrana\" \/>\n\t<meta name=\"twitter:label2\" content=\"Tiempo de lectura\" \/>\n\t<meta name=\"twitter:data2\" content=\"4 minutos\" \/>\n<script type=\"application\/ld+json\" class=\"yoast-schema-graph\">{\"@context\":\"https:\/\/schema.org\",\"@graph\":[{\"@type\":\"WebPage\",\"@id\":\"https:\/\/nahuelproducciones.com.ar\/radioquijano\/personas-mayores-disfrutaron-de-un-multitudinario-festejo-de-carnaval-en-campo-quijano\/\",\"url\":\"https:\/\/nahuelproducciones.com.ar\/radioquijano\/personas-mayores-disfrutaron-de-un-multitudinario-festejo-de-carnaval-en-campo-quijano\/\",\"name\":\"Personas mayores disfrutaron de un multitudinario festejo de carnaval en Campo Quijano - RQ 99.9\",\"isPartOf\":{\"@id\":\"https:\/\/nahuelproducciones.com.ar\/radioquijano\/#website\"},\"datePublished\":\"2025-03-02T01:44:28+00:00\",\"dateModified\":\"2025-03-02T03:06:40+00:00\",\"author\":{\"@id\":\"https:\/\/nahuelproducciones.com.ar\/radioquijano\/#\/schema\/person\/e8a4f939e2cb487fe6d0c54042c9d32c\"},\"description\":\"La jornada recreativa se realiz\u00f3 en el Centro de Jubilados y Pensionados El Portal de los Andes. Participaron miembros de centros de jubilados de capital e interior.\",\"breadcrumb\":{\"@id\":\"https:\/\/nahuelproducciones.com.ar\/radioquijano\/personas-mayores-disfrutaron-de-un-multitudinario-festejo-de-carnaval-en-campo-quijano\/#breadcrumb\"},\"inLanguage\":\"es\",\"potentialAction\":[{\"@type\":\"ReadAction\",\"target\":[\"https:\/\/nahuelproducciones.com.ar\/radioquijano\/personas-mayores-disfrutaron-de-un-multitudinario-festejo-de-carnaval-en-campo-quijano\/\"]}]},{\"@type\":\"BreadcrumbList\",\"@id\":\"https:\/\/nahuelproducciones.com.ar\/radioquijano\/personas-mayores-disfrutaron-de-un-multitudinario-festejo-de-carnaval-en-campo-quijano\/#breadcrumb\",\"itemListElement\":[{\"@type\":\"ListItem\",\"position\":1,\"name\":\"Portada\",\"item\":\"https:\/\/nahuelproducciones.com.ar\/radioquijano\/\"},{\"@type\":\"ListItem\",\"position\":2,\"name\":\"Personas mayores disfrutaron de un multitudinario festejo de carnaval en Campo Quijano\"}]},{\"@type\":\"WebSite\",\"@id\":\"https:\/\/nahuelproducciones.com.ar\/radioquijano\/#website\",\"url\":\"https:\/\/nahuelproducciones.com.ar\/radioquijano\/\",\"name\":\"RQ 99.9\",\"description\":\"Radio Quijano 99.9 MHz\",\"potentialAction\":[{\"@type\":\"SearchAction\",\"target\":{\"@type\":\"EntryPoint\",\"urlTemplate\":\"https:\/\/nahuelproducciones.com.ar\/radioquijano\/?s={search_term_string}\"},\"query-input\":\"required name=search_term_string\"}],\"inLanguage\":\"es\"},{\"@type\":\"Person\",\"@id\":\"https:\/\/nahuelproducciones.com.ar\/radioquijano\/#\/schema\/person\/e8a4f939e2cb487fe6d0c54042c9d32c\",\"name\":\"Cecilia Pastrana\",\"image\":{\"@type\":\"ImageObject\",\"inLanguage\":\"es\",\"@id\":\"https:\/\/nahuelproducciones.com.ar\/radioquijano\/#\/schema\/person\/image\/\",\"url\":\"https:\/\/secure.gravatar.com\/avatar\/661a3ef63a8488d4f2794ed44af8cf71420f7e106f3072c40125114df5157749?s=96&d=mm&r=g\",\"contentUrl\":\"https:\/\/secure.gravatar.com\/avatar\/661a3ef63a8488d4f2794ed44af8cf71420f7e106f3072c40125114df5157749?s=96&d=mm&r=g\",\"caption\":\"Cecilia Pastrana\"},\"sameAs\":[\"cecy\"],\"url\":\"https:\/\/nahuelproducciones.com.ar\/radioquijano\/author\/cecy\/\"}]}<\/script>\n<!-- \/ Yoast SEO plugin. -->","yoast_head_json":{"title":"Personas mayores disfrutaron de un multitudinario festejo de carnaval en Campo Quijano - RQ 99.9","description":"La jornada recreativa se realiz\u00f3 en el Centro de Jubilados y Pensionados El Portal de los Andes. Participaron miembros de centros de jubilados de capital e interior.","robots":{"index":"index","follow":"follow","max-snippet":"max-snippet:-1","max-image-preview":"max-image-preview:large","max-video-preview":"max-video-preview:-1"},"canonical":"https:\/\/nahuelproducciones.com.ar\/radioquijano\/personas-mayores-disfrutaron-de-un-multitudinario-festejo-de-carnaval-en-campo-quijano\/","og_locale":"es_ES","og_type":"article","og_title":"Personas mayores disfrutaron de un multitudinario festejo de carnaval en Campo Quijano - RQ 99.9","og_description":"La jornada recreativa se realiz\u00f3 en el Centro de Jubilados y Pensionados El Portal de los Andes. Participaron miembros de centros de jubilados de capital e interior.","og_url":"https:\/\/nahuelproducciones.com.ar\/radioquijano\/personas-mayores-disfrutaron-de-un-multitudinario-festejo-de-carnaval-en-campo-quijano\/","og_site_name":"RQ 99.9","article_publisher":"https:\/\/www.facebook.com\/nahuelproducciones999\/","article_published_time":"2025-03-02T01:44:28+00:00","article_modified_time":"2025-03-02T03:06:40+00:00","og_image":[{"width":560,"height":315,"url":"https:\/\/nahuelproducciones.com.ar\/radioquijano\/wp-content\/uploads\/2025\/03\/100361-personas-mayores-disfrutaron-de-un-multitudinario-festejo-de-carnaval-en-campo-quijano-1-e1740879843453.webp","type":"image\/webp"}],"author":"Cecilia Pastrana","twitter_card":"summary_large_image","twitter_creator":"@nahuproduciones","twitter_site":"@nahuproduciones","twitter_misc":{"Escrito por":"Cecilia Pastrana","Tiempo de lectura":"4 minutos"},"schema":{"@context":"https:\/\/schema.org","@graph":[{"@type":"WebPage","@id":"https:\/\/nahuelproducciones.com.ar\/radioquijano\/personas-mayores-disfrutaron-de-un-multitudinario-festejo-de-carnaval-en-campo-quijano\/","url":"https:\/\/nahuelproducciones.com.ar\/radioquijano\/personas-mayores-disfrutaron-de-un-multitudinario-festejo-de-carnaval-en-campo-quijano\/","name":"Personas mayores disfrutaron de un multitudinario festejo de carnaval en Campo Quijano - RQ 99.9","isPartOf":{"@id":"https:\/\/nahuelproducciones.com.ar\/radioquijano\/#website"},"datePublished":"2025-03-02T01:44:28+00:00","dateModified":"2025-03-02T03:06:40+00:00","author":{"@id":"https:\/\/nahuelproducciones.com.ar\/radioquijano\/#\/schema\/person\/e8a4f939e2cb487fe6d0c54042c9d32c"},"description":"La jornada recreativa se realiz\u00f3 en el Centro de Jubilados y Pensionados El Portal de los Andes. Participaron miembros de centros de jubilados de capital e interior.","breadcrumb":{"@id":"https:\/\/nahuelproducciones.com.ar\/radioquijano\/personas-mayores-disfrutaron-de-un-multitudinario-festejo-de-carnaval-en-campo-quijano\/#breadcrumb"},"inLanguage":"es","potentialAction":[{"@type":"ReadAction","target":["https:\/\/nahuelproducciones.com.ar\/radioquijano\/personas-mayores-disfrutaron-de-un-multitudinario-festejo-de-carnaval-en-campo-quijano\/"]}]},{"@type":"BreadcrumbList","@id":"https:\/\/nahuelproducciones.com.ar\/radioquijano\/personas-mayores-disfrutaron-de-un-multitudinario-festejo-de-carnaval-en-campo-quijano\/#breadcrumb","itemListElement":[{"@type":"ListItem","position":1,"name":"Portada","item":"https:\/\/nahuelproducciones.com.ar\/radioquijano\/"},{"@type":"ListItem","position":2,"name":"Personas mayores disfrutaron de un multitudinario festejo de carnaval en Campo Quijano"}]},{"@type":"WebSite","@id":"https:\/\/nahuelproducciones.com.ar\/radioquijano\/#website","url":"https:\/\/nahuelproducciones.com.ar\/radioquijano\/","name":"RQ 99.9","description":"Radio Quijano 99.9 MHz","potentialAction":[{"@type":"SearchAction","target":{"@type":"EntryPoint","urlTemplate":"https:\/\/nahuelproducciones.com.ar\/radioquijano\/?s={search_term_string}"},"query-input":"required name=search_term_string"}],"inLanguage":"es"},{"@type":"Person","@id":"https:\/\/nahuelproducciones.com.ar\/radioquijano\/#\/schema\/person\/e8a4f939e2cb487fe6d0c54042c9d32c","name":"Cecilia Pastrana","image":{"@type":"ImageObject","inLanguage":"es","@id":"https:\/\/nahuelproducciones.com.ar\/radioquijano\/#\/schema\/person\/image\/","url":"https:\/\/secure.gravatar.com\/avatar\/661a3ef63a8488d4f2794ed44af8cf71420f7e106f3072c40125114df5157749?s=96&d=mm&r=g","contentUrl":"https:\/\/secure.gravatar.com\/avatar\/661a3ef63a8488d4f2794ed44af8cf71420f7e106f3072c40125114df5157749?s=96&d=mm&r=g","caption":"Cecilia Pastrana"},"sameAs":["cecy"],"url":"https:\/\/nahuelproducciones.com.ar\/radioquijano\/author\/cecy\/"}]}},"_links":{"self":[{"href":"https:\/\/nahuelproducciones.com.ar\/radioquijano\/wp-json\/wp\/v2\/posts\/9735","targetHints":{"allow":["GET"]}}],"collection":[{"href":"https:\/\/nahuelproducciones.com.ar\/radioquijano\/wp-json\/wp\/v2\/posts"}],"about":[{"href":"https:\/\/nahuelproducciones.com.ar\/radioquijano\/wp-json\/wp\/v2\/types\/post"}],"author":[{"embeddable":true,"href":"https:\/\/nahuelproducciones.com.ar\/radioquijano\/wp-json\/wp\/v2\/users\/8"}],"replies":[{"embeddable":true,"href":"https:\/\/nahuelproducciones.com.ar\/radioquijano\/wp-json\/wp\/v2\/comments?post=9735"}],"version-history":[{"count":2,"href":"https:\/\/nahuelproducciones.com.ar\/radioquijano\/wp-json\/wp\/v2\/posts\/9735\/revisions"}],"predecessor-version":[{"id":9749,"href":"https:\/\/nahuelproducciones.com.ar\/radioquijano\/wp-json\/wp\/v2\/posts\/9735\/revisions\/9749"}],"wp:featuredmedia":[{"embeddable":true,"href":"https:\/\/nahuelproducciones.com.ar\/radioquijano\/wp-json\/wp\/v2\/media\/9743"}],"wp:attachment":[{"href":"https:\/\/nahuelproducciones.com.ar\/radioquijano\/wp-json\/wp\/v2\/media?parent=9735"}],"wp:term":[{"taxonomy":"category","embeddable":true,"href":"https:\/\/nahuelproducciones.com.ar\/radioquijano\/wp-json\/wp\/v2\/categories?post=9735"},{"taxonomy":"post_tag","embeddable":true,"href":"https:\/\/nahuelproducciones.com.ar\/radioquijano\/wp-json\/wp\/v2\/tags?post=9735"}],"curies":[{"name":"wp","href":"https:\/\/api.w.org\/{rel}","templated":true}]}}