{"id":9745,"date":"2025-03-01T22:58:32","date_gmt":"2025-03-02T01:58:32","guid":{"rendered":"https:\/\/nahuelproducciones.com.ar\/radioquijano\/?p=9745"},"modified":"2025-03-01T22:58:33","modified_gmt":"2025-03-02T01:58:33","slug":"este-fin-de-semana-se-activan-las-guardias-de-identificacion-en-el-registro-civil","status":"publish","type":"post","link":"https:\/\/nahuelproducciones.com.ar\/radioquijano\/este-fin-de-semana-se-activan-las-guardias-de-identificacion-en-el-registro-civil\/","title":{"rendered":"Este fin de semana se activan las guardias de identificaci\u00f3n en el Registro Civil"},"content":{"rendered":"\n<p>El&nbsp;<strong>Registro Civil<\/strong>&nbsp;inform\u00f3 que ma\u00f1ana s\u00e1bado y el domingo se activar\u00e1n las guardias de identificaci\u00f3n en la sede central de Almirante Brown 160 y en el Hiper Libertad. A partir de las 8, se entregar\u00e1n 100 n\u00fameros por orden de llegada para su posterior atenci\u00f3n, hasta las 13.<\/p>\n\n\n\n<p>Los ciudadanos interesados podr\u00e1n realizar tr\u00e1mites de nuevos ejemplares de DNI, cambios de domicilio, actualizaciones y pasaportes. Adem\u00e1s, se recuerda que a partir del 1 de marzo rigen nuevos valores establecidos por el RENAPER.<\/p>\n\n\n\n<p>El primer ejemplar de DNI para reci\u00e9n nacidos continuar\u00e1 siendo sin cargo. Los dem\u00e1s ejemplares regulares (actualizaciones de menores y mayores, cambios de domicilio y nuevos ejemplares) tendr\u00e1n un costo de $7.500, mientras que los tr\u00e1mites expr\u00e9s costar\u00e1n $18.500. En tanto, la reposici\u00f3n por error u omisi\u00f3n seguir\u00e1 siendo gratuita.<\/p>\n\n\n\n<p>En el caso de los ejemplares para extranjeros, los nuevos valores son: primera identificaci\u00f3n, actualizaciones de menores y mayores, cambios de domicilio, rectificaciones de datos y otros ejemplares, $14.000.<br>&nbsp;<\/p>\n\n\n<div class=\"wp-block-image\">\n<figure class=\"aligncenter is-resized\"><a href=\"https:\/\/www.salta.gob.ar\/public\/images\/noticias\/contenidos\/16222-este-fin-de-semana-se-activan-las-guardias-de-identificacion-en-el-registro-civil.webp\"><img loading=\"lazy\" decoding=\"async\" src=\"https:\/\/www.salta.gob.ar\/public\/images\/noticias\/contenidos\/16222-este-fin-de-semana-se-activan-las-guardias-de-identificacion-en-el-registro-civil.webp\" alt=\"Este fin de semana se activan las guardias de identificaci\u00f3n en el Registro Civil\" width=\"520\" height=\"284\"\/><\/a><\/figure><\/div>\n\n\n<p><strong>Feriados de carnaval<\/strong><\/p>\n\n\n\n<p>Debido a los feriados de carnaval, el Registro Civil activar\u00e1 las guardias de inscripci\u00f3n de reci\u00e9n nacidos. En la oficina ubicada dentro del Hospital Materno Infantil se inscribir\u00e1n los nacidos en ese nosocomio, mientras que en la sede de Almirante Brown 160 se inscribir\u00e1 a los nacidos en cl\u00ednicas privadas o domicilios particulares, adem\u00e1s de registrarse las defunciones. En todos los casos, la atenci\u00f3n ser\u00e1 de 8 a 13.<\/p>\n\n\n\n<p>Cabe recordar que el Registro Civil trabaja los 365 d\u00edas del a\u00f1o cubriendo las necesidades de la ciudadan\u00eda.<br>&nbsp;<\/p>\n\n\n\n<hr class=\"wp-block-separator has-alpha-channel-opacity\"\/>\n\n\n\n<p>Fuente:&nbsp;<strong>Secretar\u00eda de Prensa y Comunicaci\u00f3n<\/strong><\/p>\n","protected":false},"excerpt":{"rendered":"<p>El&nbsp;Registro Civil&nbsp;inform\u00f3 que ma\u00f1ana s\u00e1bado y el domingo se activar\u00e1n las guardias de identificaci\u00f3n en la sede central de Almirante Brown 160 y en el Hiper Libertad. A partir de las 8, se entregar\u00e1n 100 n\u00fameros por orden de llegada para su posterior atenci\u00f3n, hasta las 13. Los ciudadanos interesados podr\u00e1n realizar tr\u00e1mites de nuevos [&hellip;]<\/p>\n","protected":false},"author":8,"featured_media":9746,"comment_status":"open","ping_status":"open","sticky":false,"template":"","format":"standard","meta":{"_monsterinsights_skip_tracking":false,"_monsterinsights_sitenote_active":false,"_monsterinsights_sitenote_note":"","_monsterinsights_sitenote_category":0,"footnotes":""},"categories":[16],"tags":[100,787],"class_list":["post-9745","post","type-post","status-publish","format-standard","has-post-thumbnail","hentry","category-noticias","tag-municipio-de-campo-quijano","tag-registro-civil"],"yoast_head":"<!-- This site is optimized with the Yoast SEO plugin v20.8 - https:\/\/yoast.com\/wordpress\/plugins\/seo\/ -->\n<title>Este fin de semana se activan las guardias de identificaci\u00f3n en el Registro Civil - RQ 99.9<\/title>\n<meta name=\"description\" content=\"Este s\u00e1bado y domingo, el organismo atender\u00e1 solicitudes de tr\u00e1mites de DNI y Pasaportes en la sede central de Almirante Brown 160 y en el CDR del Hiper Libertad.\" \/>\n<meta name=\"robots\" content=\"index, follow, max-snippet:-1, max-image-preview:large, max-video-preview:-1\" \/>\n<link rel=\"canonical\" href=\"https:\/\/nahuelproducciones.com.ar\/radioquijano\/este-fin-de-semana-se-activan-las-guardias-de-identificacion-en-el-registro-civil\/\" \/>\n<meta property=\"og:locale\" content=\"es_ES\" \/>\n<meta property=\"og:type\" content=\"article\" \/>\n<meta property=\"og:title\" content=\"Este fin de semana se activan las guardias de identificaci\u00f3n en el Registro Civil - RQ 99.9\" \/>\n<meta property=\"og:description\" content=\"Este s\u00e1bado y domingo, el organismo atender\u00e1 solicitudes de tr\u00e1mites de DNI y Pasaportes en la sede central de Almirante Brown 160 y en el CDR del Hiper Libertad.\" \/>\n<meta property=\"og:url\" content=\"https:\/\/nahuelproducciones.com.ar\/radioquijano\/este-fin-de-semana-se-activan-las-guardias-de-identificacion-en-el-registro-civil\/\" \/>\n<meta property=\"og:site_name\" content=\"RQ 99.9\" \/>\n<meta property=\"article:publisher\" content=\"https:\/\/www.facebook.com\/nahuelproducciones999\/\" \/>\n<meta property=\"article:published_time\" content=\"2025-03-02T01:58:32+00:00\" \/>\n<meta property=\"article:modified_time\" content=\"2025-03-02T01:58:33+00:00\" \/>\n<meta property=\"og:image\" content=\"https:\/\/nahuelproducciones.com.ar\/radioquijano\/wp-content\/uploads\/2025\/03\/100356-este-fin-de-semana-se-activan-las-guardias-de-identificacion-en-el-registro-civil-e1740880702179.webp\" \/>\n\t<meta property=\"og:image:width\" content=\"700\" \/>\n\t<meta property=\"og:image:height\" content=\"383\" \/>\n\t<meta property=\"og:image:type\" content=\"image\/webp\" \/>\n<meta name=\"author\" content=\"Cecilia Pastrana\" \/>\n<meta name=\"twitter:card\" content=\"summary_large_image\" \/>\n<meta name=\"twitter:creator\" content=\"@nahuproduciones\" \/>\n<meta name=\"twitter:site\" content=\"@nahuproduciones\" \/>\n<meta name=\"twitter:label1\" content=\"Escrito por\" \/>\n\t<meta name=\"twitter:data1\" content=\"Cecilia Pastrana\" \/>\n\t<meta name=\"twitter:label2\" content=\"Tiempo de lectura\" \/>\n\t<meta name=\"twitter:data2\" content=\"2 minutos\" \/>\n<script type=\"application\/ld+json\" class=\"yoast-schema-graph\">{\"@context\":\"https:\/\/schema.org\",\"@graph\":[{\"@type\":\"WebPage\",\"@id\":\"https:\/\/nahuelproducciones.com.ar\/radioquijano\/este-fin-de-semana-se-activan-las-guardias-de-identificacion-en-el-registro-civil\/\",\"url\":\"https:\/\/nahuelproducciones.com.ar\/radioquijano\/este-fin-de-semana-se-activan-las-guardias-de-identificacion-en-el-registro-civil\/\",\"name\":\"Este fin de semana se activan las guardias de identificaci\u00f3n en el Registro Civil - RQ 99.9\",\"isPartOf\":{\"@id\":\"https:\/\/nahuelproducciones.com.ar\/radioquijano\/#website\"},\"datePublished\":\"2025-03-02T01:58:32+00:00\",\"dateModified\":\"2025-03-02T01:58:33+00:00\",\"author\":{\"@id\":\"https:\/\/nahuelproducciones.com.ar\/radioquijano\/#\/schema\/person\/e8a4f939e2cb487fe6d0c54042c9d32c\"},\"description\":\"Este s\u00e1bado y domingo, el organismo atender\u00e1 solicitudes de tr\u00e1mites de DNI y Pasaportes en la sede central de Almirante Brown 160 y en el CDR del Hiper Libertad.\",\"breadcrumb\":{\"@id\":\"https:\/\/nahuelproducciones.com.ar\/radioquijano\/este-fin-de-semana-se-activan-las-guardias-de-identificacion-en-el-registro-civil\/#breadcrumb\"},\"inLanguage\":\"es\",\"potentialAction\":[{\"@type\":\"ReadAction\",\"target\":[\"https:\/\/nahuelproducciones.com.ar\/radioquijano\/este-fin-de-semana-se-activan-las-guardias-de-identificacion-en-el-registro-civil\/\"]}]},{\"@type\":\"BreadcrumbList\",\"@id\":\"https:\/\/nahuelproducciones.com.ar\/radioquijano\/este-fin-de-semana-se-activan-las-guardias-de-identificacion-en-el-registro-civil\/#breadcrumb\",\"itemListElement\":[{\"@type\":\"ListItem\",\"position\":1,\"name\":\"Portada\",\"item\":\"https:\/\/nahuelproducciones.com.ar\/radioquijano\/\"},{\"@type\":\"ListItem\",\"position\":2,\"name\":\"Este fin de semana se activan las guardias de identificaci\u00f3n en el Registro Civil\"}]},{\"@type\":\"WebSite\",\"@id\":\"https:\/\/nahuelproducciones.com.ar\/radioquijano\/#website\",\"url\":\"https:\/\/nahuelproducciones.com.ar\/radioquijano\/\",\"name\":\"RQ 99.9\",\"description\":\"Radio Quijano 99.9 MHz\",\"potentialAction\":[{\"@type\":\"SearchAction\",\"target\":{\"@type\":\"EntryPoint\",\"urlTemplate\":\"https:\/\/nahuelproducciones.com.ar\/radioquijano\/?s={search_term_string}\"},\"query-input\":\"required name=search_term_string\"}],\"inLanguage\":\"es\"},{\"@type\":\"Person\",\"@id\":\"https:\/\/nahuelproducciones.com.ar\/radioquijano\/#\/schema\/person\/e8a4f939e2cb487fe6d0c54042c9d32c\",\"name\":\"Cecilia Pastrana\",\"image\":{\"@type\":\"ImageObject\",\"inLanguage\":\"es\",\"@id\":\"https:\/\/nahuelproducciones.com.ar\/radioquijano\/#\/schema\/person\/image\/\",\"url\":\"https:\/\/secure.gravatar.com\/avatar\/661a3ef63a8488d4f2794ed44af8cf71420f7e106f3072c40125114df5157749?s=96&d=mm&r=g\",\"contentUrl\":\"https:\/\/secure.gravatar.com\/avatar\/661a3ef63a8488d4f2794ed44af8cf71420f7e106f3072c40125114df5157749?s=96&d=mm&r=g\",\"caption\":\"Cecilia Pastrana\"},\"sameAs\":[\"cecy\"],\"url\":\"https:\/\/nahuelproducciones.com.ar\/radioquijano\/author\/cecy\/\"}]}<\/script>\n<!-- \/ Yoast SEO plugin. -->","yoast_head_json":{"title":"Este fin de semana se activan las guardias de identificaci\u00f3n en el Registro Civil - RQ 99.9","description":"Este s\u00e1bado y domingo, el organismo atender\u00e1 solicitudes de tr\u00e1mites de DNI y Pasaportes en la sede central de Almirante Brown 160 y en el CDR del Hiper Libertad.","robots":{"index":"index","follow":"follow","max-snippet":"max-snippet:-1","max-image-preview":"max-image-preview:large","max-video-preview":"max-video-preview:-1"},"canonical":"https:\/\/nahuelproducciones.com.ar\/radioquijano\/este-fin-de-semana-se-activan-las-guardias-de-identificacion-en-el-registro-civil\/","og_locale":"es_ES","og_type":"article","og_title":"Este fin de semana se activan las guardias de identificaci\u00f3n en el Registro Civil - RQ 99.9","og_description":"Este s\u00e1bado y domingo, el organismo atender\u00e1 solicitudes de tr\u00e1mites de DNI y Pasaportes en la sede central de Almirante Brown 160 y en el CDR del Hiper Libertad.","og_url":"https:\/\/nahuelproducciones.com.ar\/radioquijano\/este-fin-de-semana-se-activan-las-guardias-de-identificacion-en-el-registro-civil\/","og_site_name":"RQ 99.9","article_publisher":"https:\/\/www.facebook.com\/nahuelproducciones999\/","article_published_time":"2025-03-02T01:58:32+00:00","article_modified_time":"2025-03-02T01:58:33+00:00","og_image":[{"width":700,"height":383,"url":"https:\/\/nahuelproducciones.com.ar\/radioquijano\/wp-content\/uploads\/2025\/03\/100356-este-fin-de-semana-se-activan-las-guardias-de-identificacion-en-el-registro-civil-e1740880702179.webp","type":"image\/webp"}],"author":"Cecilia Pastrana","twitter_card":"summary_large_image","twitter_creator":"@nahuproduciones","twitter_site":"@nahuproduciones","twitter_misc":{"Escrito por":"Cecilia Pastrana","Tiempo de lectura":"2 minutos"},"schema":{"@context":"https:\/\/schema.org","@graph":[{"@type":"WebPage","@id":"https:\/\/nahuelproducciones.com.ar\/radioquijano\/este-fin-de-semana-se-activan-las-guardias-de-identificacion-en-el-registro-civil\/","url":"https:\/\/nahuelproducciones.com.ar\/radioquijano\/este-fin-de-semana-se-activan-las-guardias-de-identificacion-en-el-registro-civil\/","name":"Este fin de semana se activan las guardias de identificaci\u00f3n en el Registro Civil - RQ 99.9","isPartOf":{"@id":"https:\/\/nahuelproducciones.com.ar\/radioquijano\/#website"},"datePublished":"2025-03-02T01:58:32+00:00","dateModified":"2025-03-02T01:58:33+00:00","author":{"@id":"https:\/\/nahuelproducciones.com.ar\/radioquijano\/#\/schema\/person\/e8a4f939e2cb487fe6d0c54042c9d32c"},"description":"Este s\u00e1bado y domingo, el organismo atender\u00e1 solicitudes de tr\u00e1mites de DNI y Pasaportes en la sede central de Almirante Brown 160 y en el CDR del Hiper Libertad.","breadcrumb":{"@id":"https:\/\/nahuelproducciones.com.ar\/radioquijano\/este-fin-de-semana-se-activan-las-guardias-de-identificacion-en-el-registro-civil\/#breadcrumb"},"inLanguage":"es","potentialAction":[{"@type":"ReadAction","target":["https:\/\/nahuelproducciones.com.ar\/radioquijano\/este-fin-de-semana-se-activan-las-guardias-de-identificacion-en-el-registro-civil\/"]}]},{"@type":"BreadcrumbList","@id":"https:\/\/nahuelproducciones.com.ar\/radioquijano\/este-fin-de-semana-se-activan-las-guardias-de-identificacion-en-el-registro-civil\/#breadcrumb","itemListElement":[{"@type":"ListItem","position":1,"name":"Portada","item":"https:\/\/nahuelproducciones.com.ar\/radioquijano\/"},{"@type":"ListItem","position":2,"name":"Este fin de semana se activan las guardias de identificaci\u00f3n en el Registro Civil"}]},{"@type":"WebSite","@id":"https:\/\/nahuelproducciones.com.ar\/radioquijano\/#website","url":"https:\/\/nahuelproducciones.com.ar\/radioquijano\/","name":"RQ 99.9","description":"Radio Quijano 99.9 MHz","potentialAction":[{"@type":"SearchAction","target":{"@type":"EntryPoint","urlTemplate":"https:\/\/nahuelproducciones.com.ar\/radioquijano\/?s={search_term_string}"},"query-input":"required name=search_term_string"}],"inLanguage":"es"},{"@type":"Person","@id":"https:\/\/nahuelproducciones.com.ar\/radioquijano\/#\/schema\/person\/e8a4f939e2cb487fe6d0c54042c9d32c","name":"Cecilia Pastrana","image":{"@type":"ImageObject","inLanguage":"es","@id":"https:\/\/nahuelproducciones.com.ar\/radioquijano\/#\/schema\/person\/image\/","url":"https:\/\/secure.gravatar.com\/avatar\/661a3ef63a8488d4f2794ed44af8cf71420f7e106f3072c40125114df5157749?s=96&d=mm&r=g","contentUrl":"https:\/\/secure.gravatar.com\/avatar\/661a3ef63a8488d4f2794ed44af8cf71420f7e106f3072c40125114df5157749?s=96&d=mm&r=g","caption":"Cecilia Pastrana"},"sameAs":["cecy"],"url":"https:\/\/nahuelproducciones.com.ar\/radioquijano\/author\/cecy\/"}]}},"_links":{"self":[{"href":"https:\/\/nahuelproducciones.com.ar\/radioquijano\/wp-json\/wp\/v2\/posts\/9745","targetHints":{"allow":["GET"]}}],"collection":[{"href":"https:\/\/nahuelproducciones.com.ar\/radioquijano\/wp-json\/wp\/v2\/posts"}],"about":[{"href":"https:\/\/nahuelproducciones.com.ar\/radioquijano\/wp-json\/wp\/v2\/types\/post"}],"author":[{"embeddable":true,"href":"https:\/\/nahuelproducciones.com.ar\/radioquijano\/wp-json\/wp\/v2\/users\/8"}],"replies":[{"embeddable":true,"href":"https:\/\/nahuelproducciones.com.ar\/radioquijano\/wp-json\/wp\/v2\/comments?post=9745"}],"version-history":[{"count":1,"href":"https:\/\/nahuelproducciones.com.ar\/radioquijano\/wp-json\/wp\/v2\/posts\/9745\/revisions"}],"predecessor-version":[{"id":9747,"href":"https:\/\/nahuelproducciones.com.ar\/radioquijano\/wp-json\/wp\/v2\/posts\/9745\/revisions\/9747"}],"wp:featuredmedia":[{"embeddable":true,"href":"https:\/\/nahuelproducciones.com.ar\/radioquijano\/wp-json\/wp\/v2\/media\/9746"}],"wp:attachment":[{"href":"https:\/\/nahuelproducciones.com.ar\/radioquijano\/wp-json\/wp\/v2\/media?parent=9745"}],"wp:term":[{"taxonomy":"category","embeddable":true,"href":"https:\/\/nahuelproducciones.com.ar\/radioquijano\/wp-json\/wp\/v2\/categories?post=9745"},{"taxonomy":"post_tag","embeddable":true,"href":"https:\/\/nahuelproducciones.com.ar\/radioquijano\/wp-json\/wp\/v2\/tags?post=9745"}],"curies":[{"name":"wp","href":"https:\/\/api.w.org\/{rel}","templated":true}]}}