{"id":9751,"date":"2025-03-05T10:46:49","date_gmt":"2025-03-05T13:46:49","guid":{"rendered":"https:\/\/nahuelproducciones.com.ar\/radioquijano\/?p=9751"},"modified":"2025-03-05T10:46:51","modified_gmt":"2025-03-05T13:46:51","slug":"importante-jornada-institucional-en-campo-quijano-inauguracion-de-escuela-y-apertura-del-ciclo-lectivo-2025","status":"publish","type":"post","link":"https:\/\/nahuelproducciones.com.ar\/radioquijano\/importante-jornada-institucional-en-campo-quijano-inauguracion-de-escuela-y-apertura-del-ciclo-lectivo-2025\/","title":{"rendered":"Importante jornada institucional en Campo Quijano: inauguraci\u00f3n de escuela y apertura del ciclo lectivo 2025"},"content":{"rendered":"\n<p>Campo Quijano, 5 de marzo de 2025 &#8211; La Municipalidad de Campo Quijano informa que en la jornada de hoy a las 9:00 horas, se realizar\u00e1 la inauguraci\u00f3n de la Escuela Virrey Francisco de Toledo, ubicada en Islas Malvinas 801, La Silleta. <\/p>\n\n\n\n<p>Este evento contar\u00e1 con la presencia del Sr. Gobernador de la Provincia, Dr. Gustavo S\u00e1enz, y la Ministra de Educaci\u00f3n, Cristina Fiore Vi\u00f1uals.<\/p>\n\n\n\n<p>Durante la ceremonia, adem\u00e1s de la apertura oficial de la instituci\u00f3n educativa, se dar\u00e1 inicio formal al ciclo lectivo 2025 en la provincia, marcando un hito significativo para la comunidad educativa local.<\/p>\n\n\n\n<p>Las autoridades destacaron la importancia de este nuevo establecimiento escolar para el desarrollo educativo de la regi\u00f3n, brindando mejores oportunidades para ni\u00f1os y j\u00f3venes de La Silleta y zonas aleda\u00f1as.<\/p>\n\n\n\n<p>En la oportunidad se  inauguraran  las obras de ampliaci\u00f3n y refacci\u00f3n del establecimiento, que incluyen la construcci\u00f3n de nuevas aulas, un laboratorio, una biblioteca y ba\u00f1os adaptados para personas con discapacidad.<\/p>\n\n\n\n<p>&nbsp;Foto: Municipalidad de Campo Quijano<\/p>\n","protected":false},"excerpt":{"rendered":"<p>Campo Quijano, 5 de marzo de 2025 &#8211; La Municipalidad de Campo Quijano informa que en la jornada de hoy a las 9:00 horas, se realizar\u00e1 la inauguraci\u00f3n de la Escuela Virrey Francisco de Toledo, ubicada en Islas Malvinas 801, La Silleta. Este evento contar\u00e1 con la presencia del Sr. Gobernador de la Provincia, Dr. [&hellip;]<\/p>\n","protected":false},"author":8,"featured_media":9752,"comment_status":"open","ping_status":"open","sticky":false,"template":"","format":"standard","meta":{"_monsterinsights_skip_tracking":false,"_monsterinsights_sitenote_active":false,"_monsterinsights_sitenote_note":"","_monsterinsights_sitenote_category":0,"footnotes":""},"categories":[2,16],"tags":[],"class_list":["post-9751","post","type-post","status-publish","format-standard","has-post-thumbnail","hentry","category-cultura","category-noticias"],"yoast_head":"<!-- This site is optimized with the Yoast SEO plugin v20.8 - https:\/\/yoast.com\/wordpress\/plugins\/seo\/ -->\n<title>Importante jornada institucional en Campo Quijano: inauguraci\u00f3n de escuela y apertura del ciclo lectivo 2025 - RQ 99.9<\/title>\n<meta name=\"description\" content=\"Se inauguraran las obras de ampliaci\u00f3n y refacci\u00f3n del establecimiento.\" \/>\n<meta name=\"robots\" content=\"index, follow, max-snippet:-1, max-image-preview:large, max-video-preview:-1\" \/>\n<link rel=\"canonical\" href=\"https:\/\/nahuelproducciones.com.ar\/radioquijano\/importante-jornada-institucional-en-campo-quijano-inauguracion-de-escuela-y-apertura-del-ciclo-lectivo-2025\/\" \/>\n<meta property=\"og:locale\" content=\"es_ES\" \/>\n<meta property=\"og:type\" content=\"article\" \/>\n<meta property=\"og:title\" content=\"Importante jornada institucional en Campo Quijano: inauguraci\u00f3n de escuela y apertura del ciclo lectivo 2025 - RQ 99.9\" \/>\n<meta property=\"og:description\" content=\"Se inauguraran las obras de ampliaci\u00f3n y refacci\u00f3n del establecimiento.\" \/>\n<meta property=\"og:url\" content=\"https:\/\/nahuelproducciones.com.ar\/radioquijano\/importante-jornada-institucional-en-campo-quijano-inauguracion-de-escuela-y-apertura-del-ciclo-lectivo-2025\/\" \/>\n<meta property=\"og:site_name\" content=\"RQ 99.9\" \/>\n<meta property=\"article:publisher\" content=\"https:\/\/www.facebook.com\/nahuelproducciones999\/\" \/>\n<meta property=\"article:published_time\" content=\"2025-03-05T13:46:49+00:00\" \/>\n<meta property=\"article:modified_time\" content=\"2025-03-05T13:46:51+00:00\" \/>\n<meta property=\"og:image\" content=\"https:\/\/nahuelproducciones.com.ar\/radioquijano\/wp-content\/uploads\/2025\/03\/480966700_1047597204063356_6407632568838363925_n-780x470-1-e1741182275517.jpg\" \/>\n\t<meta property=\"og:image:width\" content=\"700\" \/>\n\t<meta property=\"og:image:height\" content=\"422\" \/>\n\t<meta property=\"og:image:type\" content=\"image\/jpeg\" \/>\n<meta name=\"author\" content=\"Cecilia Pastrana\" \/>\n<meta name=\"twitter:card\" content=\"summary_large_image\" \/>\n<meta name=\"twitter:creator\" content=\"@nahuproduciones\" \/>\n<meta name=\"twitter:site\" content=\"@nahuproduciones\" \/>\n<meta name=\"twitter:label1\" content=\"Escrito por\" \/>\n\t<meta name=\"twitter:data1\" content=\"Cecilia Pastrana\" \/>\n\t<meta name=\"twitter:label2\" content=\"Tiempo de lectura\" \/>\n\t<meta name=\"twitter:data2\" content=\"1 minuto\" \/>\n<script type=\"application\/ld+json\" class=\"yoast-schema-graph\">{\"@context\":\"https:\/\/schema.org\",\"@graph\":[{\"@type\":\"WebPage\",\"@id\":\"https:\/\/nahuelproducciones.com.ar\/radioquijano\/importante-jornada-institucional-en-campo-quijano-inauguracion-de-escuela-y-apertura-del-ciclo-lectivo-2025\/\",\"url\":\"https:\/\/nahuelproducciones.com.ar\/radioquijano\/importante-jornada-institucional-en-campo-quijano-inauguracion-de-escuela-y-apertura-del-ciclo-lectivo-2025\/\",\"name\":\"Importante jornada institucional en Campo Quijano: inauguraci\u00f3n de escuela y apertura del ciclo lectivo 2025 - RQ 99.9\",\"isPartOf\":{\"@id\":\"https:\/\/nahuelproducciones.com.ar\/radioquijano\/#website\"},\"datePublished\":\"2025-03-05T13:46:49+00:00\",\"dateModified\":\"2025-03-05T13:46:51+00:00\",\"author\":{\"@id\":\"https:\/\/nahuelproducciones.com.ar\/radioquijano\/#\/schema\/person\/e8a4f939e2cb487fe6d0c54042c9d32c\"},\"description\":\"Se inauguraran las obras de ampliaci\u00f3n y refacci\u00f3n del establecimiento.\",\"breadcrumb\":{\"@id\":\"https:\/\/nahuelproducciones.com.ar\/radioquijano\/importante-jornada-institucional-en-campo-quijano-inauguracion-de-escuela-y-apertura-del-ciclo-lectivo-2025\/#breadcrumb\"},\"inLanguage\":\"es\",\"potentialAction\":[{\"@type\":\"ReadAction\",\"target\":[\"https:\/\/nahuelproducciones.com.ar\/radioquijano\/importante-jornada-institucional-en-campo-quijano-inauguracion-de-escuela-y-apertura-del-ciclo-lectivo-2025\/\"]}]},{\"@type\":\"BreadcrumbList\",\"@id\":\"https:\/\/nahuelproducciones.com.ar\/radioquijano\/importante-jornada-institucional-en-campo-quijano-inauguracion-de-escuela-y-apertura-del-ciclo-lectivo-2025\/#breadcrumb\",\"itemListElement\":[{\"@type\":\"ListItem\",\"position\":1,\"name\":\"Portada\",\"item\":\"https:\/\/nahuelproducciones.com.ar\/radioquijano\/\"},{\"@type\":\"ListItem\",\"position\":2,\"name\":\"Importante jornada institucional en Campo Quijano: inauguraci\u00f3n de escuela y apertura del ciclo lectivo 2025\"}]},{\"@type\":\"WebSite\",\"@id\":\"https:\/\/nahuelproducciones.com.ar\/radioquijano\/#website\",\"url\":\"https:\/\/nahuelproducciones.com.ar\/radioquijano\/\",\"name\":\"RQ 99.9\",\"description\":\"Radio Quijano 99.9 MHz\",\"potentialAction\":[{\"@type\":\"SearchAction\",\"target\":{\"@type\":\"EntryPoint\",\"urlTemplate\":\"https:\/\/nahuelproducciones.com.ar\/radioquijano\/?s={search_term_string}\"},\"query-input\":\"required name=search_term_string\"}],\"inLanguage\":\"es\"},{\"@type\":\"Person\",\"@id\":\"https:\/\/nahuelproducciones.com.ar\/radioquijano\/#\/schema\/person\/e8a4f939e2cb487fe6d0c54042c9d32c\",\"name\":\"Cecilia Pastrana\",\"image\":{\"@type\":\"ImageObject\",\"inLanguage\":\"es\",\"@id\":\"https:\/\/nahuelproducciones.com.ar\/radioquijano\/#\/schema\/person\/image\/\",\"url\":\"https:\/\/secure.gravatar.com\/avatar\/661a3ef63a8488d4f2794ed44af8cf71420f7e106f3072c40125114df5157749?s=96&d=mm&r=g\",\"contentUrl\":\"https:\/\/secure.gravatar.com\/avatar\/661a3ef63a8488d4f2794ed44af8cf71420f7e106f3072c40125114df5157749?s=96&d=mm&r=g\",\"caption\":\"Cecilia Pastrana\"},\"sameAs\":[\"cecy\"],\"url\":\"https:\/\/nahuelproducciones.com.ar\/radioquijano\/author\/cecy\/\"}]}<\/script>\n<!-- \/ Yoast SEO plugin. -->","yoast_head_json":{"title":"Importante jornada institucional en Campo Quijano: inauguraci\u00f3n de escuela y apertura del ciclo lectivo 2025 - RQ 99.9","description":"Se inauguraran las obras de ampliaci\u00f3n y refacci\u00f3n del establecimiento.","robots":{"index":"index","follow":"follow","max-snippet":"max-snippet:-1","max-image-preview":"max-image-preview:large","max-video-preview":"max-video-preview:-1"},"canonical":"https:\/\/nahuelproducciones.com.ar\/radioquijano\/importante-jornada-institucional-en-campo-quijano-inauguracion-de-escuela-y-apertura-del-ciclo-lectivo-2025\/","og_locale":"es_ES","og_type":"article","og_title":"Importante jornada institucional en Campo Quijano: inauguraci\u00f3n de escuela y apertura del ciclo lectivo 2025 - RQ 99.9","og_description":"Se inauguraran las obras de ampliaci\u00f3n y refacci\u00f3n del establecimiento.","og_url":"https:\/\/nahuelproducciones.com.ar\/radioquijano\/importante-jornada-institucional-en-campo-quijano-inauguracion-de-escuela-y-apertura-del-ciclo-lectivo-2025\/","og_site_name":"RQ 99.9","article_publisher":"https:\/\/www.facebook.com\/nahuelproducciones999\/","article_published_time":"2025-03-05T13:46:49+00:00","article_modified_time":"2025-03-05T13:46:51+00:00","og_image":[{"width":700,"height":422,"url":"https:\/\/nahuelproducciones.com.ar\/radioquijano\/wp-content\/uploads\/2025\/03\/480966700_1047597204063356_6407632568838363925_n-780x470-1-e1741182275517.jpg","type":"image\/jpeg"}],"author":"Cecilia Pastrana","twitter_card":"summary_large_image","twitter_creator":"@nahuproduciones","twitter_site":"@nahuproduciones","twitter_misc":{"Escrito por":"Cecilia Pastrana","Tiempo de lectura":"1 minuto"},"schema":{"@context":"https:\/\/schema.org","@graph":[{"@type":"WebPage","@id":"https:\/\/nahuelproducciones.com.ar\/radioquijano\/importante-jornada-institucional-en-campo-quijano-inauguracion-de-escuela-y-apertura-del-ciclo-lectivo-2025\/","url":"https:\/\/nahuelproducciones.com.ar\/radioquijano\/importante-jornada-institucional-en-campo-quijano-inauguracion-de-escuela-y-apertura-del-ciclo-lectivo-2025\/","name":"Importante jornada institucional en Campo Quijano: inauguraci\u00f3n de escuela y apertura del ciclo lectivo 2025 - RQ 99.9","isPartOf":{"@id":"https:\/\/nahuelproducciones.com.ar\/radioquijano\/#website"},"datePublished":"2025-03-05T13:46:49+00:00","dateModified":"2025-03-05T13:46:51+00:00","author":{"@id":"https:\/\/nahuelproducciones.com.ar\/radioquijano\/#\/schema\/person\/e8a4f939e2cb487fe6d0c54042c9d32c"},"description":"Se inauguraran las obras de ampliaci\u00f3n y refacci\u00f3n del establecimiento.","breadcrumb":{"@id":"https:\/\/nahuelproducciones.com.ar\/radioquijano\/importante-jornada-institucional-en-campo-quijano-inauguracion-de-escuela-y-apertura-del-ciclo-lectivo-2025\/#breadcrumb"},"inLanguage":"es","potentialAction":[{"@type":"ReadAction","target":["https:\/\/nahuelproducciones.com.ar\/radioquijano\/importante-jornada-institucional-en-campo-quijano-inauguracion-de-escuela-y-apertura-del-ciclo-lectivo-2025\/"]}]},{"@type":"BreadcrumbList","@id":"https:\/\/nahuelproducciones.com.ar\/radioquijano\/importante-jornada-institucional-en-campo-quijano-inauguracion-de-escuela-y-apertura-del-ciclo-lectivo-2025\/#breadcrumb","itemListElement":[{"@type":"ListItem","position":1,"name":"Portada","item":"https:\/\/nahuelproducciones.com.ar\/radioquijano\/"},{"@type":"ListItem","position":2,"name":"Importante jornada institucional en Campo Quijano: inauguraci\u00f3n de escuela y apertura del ciclo lectivo 2025"}]},{"@type":"WebSite","@id":"https:\/\/nahuelproducciones.com.ar\/radioquijano\/#website","url":"https:\/\/nahuelproducciones.com.ar\/radioquijano\/","name":"RQ 99.9","description":"Radio Quijano 99.9 MHz","potentialAction":[{"@type":"SearchAction","target":{"@type":"EntryPoint","urlTemplate":"https:\/\/nahuelproducciones.com.ar\/radioquijano\/?s={search_term_string}"},"query-input":"required name=search_term_string"}],"inLanguage":"es"},{"@type":"Person","@id":"https:\/\/nahuelproducciones.com.ar\/radioquijano\/#\/schema\/person\/e8a4f939e2cb487fe6d0c54042c9d32c","name":"Cecilia Pastrana","image":{"@type":"ImageObject","inLanguage":"es","@id":"https:\/\/nahuelproducciones.com.ar\/radioquijano\/#\/schema\/person\/image\/","url":"https:\/\/secure.gravatar.com\/avatar\/661a3ef63a8488d4f2794ed44af8cf71420f7e106f3072c40125114df5157749?s=96&d=mm&r=g","contentUrl":"https:\/\/secure.gravatar.com\/avatar\/661a3ef63a8488d4f2794ed44af8cf71420f7e106f3072c40125114df5157749?s=96&d=mm&r=g","caption":"Cecilia Pastrana"},"sameAs":["cecy"],"url":"https:\/\/nahuelproducciones.com.ar\/radioquijano\/author\/cecy\/"}]}},"_links":{"self":[{"href":"https:\/\/nahuelproducciones.com.ar\/radioquijano\/wp-json\/wp\/v2\/posts\/9751","targetHints":{"allow":["GET"]}}],"collection":[{"href":"https:\/\/nahuelproducciones.com.ar\/radioquijano\/wp-json\/wp\/v2\/posts"}],"about":[{"href":"https:\/\/nahuelproducciones.com.ar\/radioquijano\/wp-json\/wp\/v2\/types\/post"}],"author":[{"embeddable":true,"href":"https:\/\/nahuelproducciones.com.ar\/radioquijano\/wp-json\/wp\/v2\/users\/8"}],"replies":[{"embeddable":true,"href":"https:\/\/nahuelproducciones.com.ar\/radioquijano\/wp-json\/wp\/v2\/comments?post=9751"}],"version-history":[{"count":1,"href":"https:\/\/nahuelproducciones.com.ar\/radioquijano\/wp-json\/wp\/v2\/posts\/9751\/revisions"}],"predecessor-version":[{"id":9753,"href":"https:\/\/nahuelproducciones.com.ar\/radioquijano\/wp-json\/wp\/v2\/posts\/9751\/revisions\/9753"}],"wp:featuredmedia":[{"embeddable":true,"href":"https:\/\/nahuelproducciones.com.ar\/radioquijano\/wp-json\/wp\/v2\/media\/9752"}],"wp:attachment":[{"href":"https:\/\/nahuelproducciones.com.ar\/radioquijano\/wp-json\/wp\/v2\/media?parent=9751"}],"wp:term":[{"taxonomy":"category","embeddable":true,"href":"https:\/\/nahuelproducciones.com.ar\/radioquijano\/wp-json\/wp\/v2\/categories?post=9751"},{"taxonomy":"post_tag","embeddable":true,"href":"https:\/\/nahuelproducciones.com.ar\/radioquijano\/wp-json\/wp\/v2\/tags?post=9751"}],"curies":[{"name":"wp","href":"https:\/\/api.w.org\/{rel}","templated":true}]}}