{"id":9754,"date":"2025-03-05T12:49:11","date_gmt":"2025-03-05T15:49:11","guid":{"rendered":"https:\/\/nahuelproducciones.com.ar\/radioquijano\/?p=9754"},"modified":"2025-03-05T13:03:32","modified_gmt":"2025-03-05T16:03:32","slug":"sin-invitacion-al-pueblo-el-concejo-deliberante-de-campo-quijano-abre-el-ano-legislativo","status":"publish","type":"post","link":"https:\/\/nahuelproducciones.com.ar\/radioquijano\/sin-invitacion-al-pueblo-el-concejo-deliberante-de-campo-quijano-abre-el-ano-legislativo\/","title":{"rendered":"Sin invitaci\u00f3n al Pueblo, el Concejo Deliberante de Campo Quijano abre el A\u00f1o Legislativo"},"content":{"rendered":"\n<p>Campo Quijano, 1 de marzo de 2025 \u2013 Este mediod\u00eda, el Concejo Deliberante de Campo Quijano llevar\u00e1 a cabo la apertura del A\u00f1o Legislativo 2025. Sin embargo, la ausencia de una convocatoria p\u00fablica ha generado cr\u00edticas y preocupaci\u00f3n en la comunidad, ya que ni el Concejo ni la Municipalidad emitieron invitaciones a trav\u00e9s de sus canales oficiales, como la red social Facebook.<\/p>\n\n\n\n<p>La Ley N.\u00ba 8126 de la Provincia de Salta establece con claridad que el per\u00edodo de sesiones ordinarias de los Concejos Deliberantes es del <strong>1 de marzo al 30 de noviembre<\/strong> . Como esta disposici\u00f3n est\u00e1 establecida por una ley provincial, una resoluci\u00f3n de presidencia del Concejo Deliberante no puede modificar la fecha de inicio de sesiones, ya que estar\u00eda contraviniendo una norma de jerarqu\u00eda superior.<\/p>\n\n\n\n<p>Adem\u00e1s, el <strong>Art\u00edculo 69, inciso 6<\/strong> de la misma ley impone al intendente la obligaci\u00f3n de informar sobre el estado general y la memoria del municipio en la <strong>primera sesi\u00f3n ordinaria<\/strong> de cada a\u00f1o, lo que refuerza la importancia del inicio formal de sesiones en la fecha establecida.<\/p>\n\n\n\n<p>Si hubiera alguna modificaci\u00f3n en el inicio del per\u00edodo legislativo, deber\u00eda realizarse mediante una reforma de la ley provincial y no por una simple resoluci\u00f3n de presidencia.<\/p>\n\n\n\n<p>La falta de convocatoria ha despertado interrogantes sobre la apertura y la participaci\u00f3n ciudadana en la gesti\u00f3n municipal. Habitualmente, la inauguraci\u00f3n del per\u00edodo legislativo es un acto institucional relevante en el que se presentan los lineamientos de trabajo y se brinda la oportunidad a los vecinos de conocer el estado del municipio.<\/p>\n\n\n\n<p>El intendente cumplir\u00e1 con la presentaci\u00f3n del informe anual sobre el estado general y la memoria del municipio en la primera sesi\u00f3n ordinaria del Concejo Deliberante de cada a\u00f1o. Este informe es clave para la transparencia de la gesti\u00f3n y el acceso a la informaci\u00f3n p\u00fablica.<\/p>\n\n\n\n<p> La comunidad se mantiene atenta ante la posibilidad de que este evento, que deber\u00eda ser de car\u00e1cter p\u00fablico, se desarrolle sin la presencia de vecinos ni la debida difusi\u00f3n oficial.<\/p>\n\n\n\n<p>Se espera que en las pr\u00f3ximas horas las autoridades brinden explicaciones sobre esta decisi\u00f3n y sobre la manera en que garantizar\u00e1n la participaci\u00f3n ciudadana en el ejercicio de la gesti\u00f3n p\u00fablica.<\/p>\n\n\n\n<figure class=\"wp-block-gallery has-nested-images columns-default is-cropped wp-block-gallery-1 is-layout-flex wp-block-gallery-is-layout-flex\">\n<figure class=\"wp-block-image size-large\"><img loading=\"lazy\" decoding=\"async\" width=\"405\" height=\"609\" data-id=\"9758\" src=\"https:\/\/nahuelproducciones.com.ar\/radioquijano\/wp-content\/uploads\/2025\/03\/WhatsApp-Image-2025-03-05-at-12.39.59-PM.jpeg\" alt=\"\" class=\"wp-image-9758\" srcset=\"https:\/\/nahuelproducciones.com.ar\/radioquijano\/wp-content\/uploads\/2025\/03\/WhatsApp-Image-2025-03-05-at-12.39.59-PM.jpeg 405w, https:\/\/nahuelproducciones.com.ar\/radioquijano\/wp-content\/uploads\/2025\/03\/WhatsApp-Image-2025-03-05-at-12.39.59-PM-200x300.jpeg 200w, https:\/\/nahuelproducciones.com.ar\/radioquijano\/wp-content\/uploads\/2025\/03\/WhatsApp-Image-2025-03-05-at-12.39.59-PM-150x226.jpeg 150w\" sizes=\"auto, (max-width: 405px) 100vw, 405px\" \/><\/figure>\n\n\n\n<figure class=\"wp-block-image size-large\"><img loading=\"lazy\" decoding=\"async\" width=\"431\" height=\"571\" data-id=\"9757\" src=\"https:\/\/nahuelproducciones.com.ar\/radioquijano\/wp-content\/uploads\/2025\/03\/WhatsApp-Image-2025-03-05-at-12.39.24-PM.jpeg\" alt=\"\" class=\"wp-image-9757\" srcset=\"https:\/\/nahuelproducciones.com.ar\/radioquijano\/wp-content\/uploads\/2025\/03\/WhatsApp-Image-2025-03-05-at-12.39.24-PM.jpeg 431w, https:\/\/nahuelproducciones.com.ar\/radioquijano\/wp-content\/uploads\/2025\/03\/WhatsApp-Image-2025-03-05-at-12.39.24-PM-226x300.jpeg 226w, https:\/\/nahuelproducciones.com.ar\/radioquijano\/wp-content\/uploads\/2025\/03\/WhatsApp-Image-2025-03-05-at-12.39.24-PM-150x199.jpeg 150w\" sizes=\"auto, (max-width: 431px) 100vw, 431px\" \/><\/figure>\n<\/figure>\n\n\n\n<div data-wp-interactive=\"core\/file\" class=\"wp-block-file\"><object data-wp-bind--hidden=\"!state.hasPdfPreview\" hidden class=\"wp-block-file__embed\" data=\"https:\/\/nahuelproducciones.com.ar\/radioquijano\/wp-content\/uploads\/2025\/03\/Resolucion-de-Presidencia-04-25-1.pdf\" type=\"application\/pdf\" style=\"width:100%;height:600px\" aria-label=\"Incrustado de Resolucion-de-Presidencia-04-25-1.\"><\/object><a id=\"wp-block-file--media-b201ccc0-9eb6-4954-8d6d-3018cad5cae7\" href=\"https:\/\/nahuelproducciones.com.ar\/radioquijano\/wp-content\/uploads\/2025\/03\/Resolucion-de-Presidencia-04-25-1.pdf\">Resolucion-de-Presidencia-04-25-1<\/a><a href=\"https:\/\/nahuelproducciones.com.ar\/radioquijano\/wp-content\/uploads\/2025\/03\/Resolucion-de-Presidencia-04-25-1.pdf\" class=\"wp-block-file__button wp-element-button\" download aria-describedby=\"wp-block-file--media-b201ccc0-9eb6-4954-8d6d-3018cad5cae7\">Descarga<\/a><\/div>\n","protected":false},"excerpt":{"rendered":"<p>Campo Quijano, 1 de marzo de 2025 \u2013 Este mediod\u00eda, el Concejo Deliberante de Campo Quijano llevar\u00e1 a cabo la apertura del A\u00f1o Legislativo 2025. Sin embargo, la ausencia de una convocatoria p\u00fablica ha generado cr\u00edticas y preocupaci\u00f3n en la comunidad, ya que ni el Concejo ni la Municipalidad emitieron invitaciones a trav\u00e9s de sus [&hellip;]<\/p>\n","protected":false},"author":8,"featured_media":9756,"comment_status":"open","ping_status":"open","sticky":false,"template":"","format":"standard","meta":{"_monsterinsights_skip_tracking":false,"_monsterinsights_sitenote_active":false,"_monsterinsights_sitenote_note":"","_monsterinsights_sitenote_category":0,"footnotes":""},"categories":[16],"tags":[899,75,71,100],"class_list":["post-9754","post","type-post","status-publish","format-standard","has-post-thumbnail","hentry","category-noticias","tag-apertura-de-sesiones-ordinarias","tag-concejo-deliberante-de-campo-quijano","tag-municipalidad-de-campo-quijano","tag-municipio-de-campo-quijano"],"yoast_head":"<!-- This site is optimized with the Yoast SEO plugin v20.8 - https:\/\/yoast.com\/wordpress\/plugins\/seo\/ -->\n<title>Sin invitaci\u00f3n al Pueblo, el Concejo Deliberante de Campo Quijano abre el A\u00f1o Legislativo - RQ 99.9<\/title>\n<meta name=\"description\" content=\"Se espera que en las pr\u00f3ximas horas las autoridades brinden explicaciones sobre esta decisi\u00f3n y sobre la manera en que garantizar\u00e1n la participaci\u00f3n ciudadana en el ejercicio de la gesti\u00f3n p\u00fablica.\" \/>\n<meta name=\"robots\" content=\"index, follow, max-snippet:-1, max-image-preview:large, max-video-preview:-1\" \/>\n<link rel=\"canonical\" href=\"https:\/\/nahuelproducciones.com.ar\/radioquijano\/sin-invitacion-al-pueblo-el-concejo-deliberante-de-campo-quijano-abre-el-ano-legislativo\/\" \/>\n<meta property=\"og:locale\" content=\"es_ES\" \/>\n<meta property=\"og:type\" content=\"article\" \/>\n<meta property=\"og:title\" content=\"Sin invitaci\u00f3n al Pueblo, el Concejo Deliberante de Campo Quijano abre el A\u00f1o Legislativo - RQ 99.9\" \/>\n<meta property=\"og:description\" content=\"Se espera que en las pr\u00f3ximas horas las autoridades brinden explicaciones sobre esta decisi\u00f3n y sobre la manera en que garantizar\u00e1n la participaci\u00f3n ciudadana en el ejercicio de la gesti\u00f3n p\u00fablica.\" \/>\n<meta property=\"og:url\" content=\"https:\/\/nahuelproducciones.com.ar\/radioquijano\/sin-invitacion-al-pueblo-el-concejo-deliberante-de-campo-quijano-abre-el-ano-legislativo\/\" \/>\n<meta property=\"og:site_name\" content=\"RQ 99.9\" \/>\n<meta property=\"article:publisher\" content=\"https:\/\/www.facebook.com\/nahuelproducciones999\/\" \/>\n<meta property=\"article:published_time\" content=\"2025-03-05T15:49:11+00:00\" \/>\n<meta property=\"article:modified_time\" content=\"2025-03-05T16:03:32+00:00\" \/>\n<meta property=\"og:image\" content=\"https:\/\/nahuelproducciones.com.ar\/radioquijano\/wp-content\/uploads\/2025\/03\/409692745_7109146162441428_5947129086985140626_n-e1741189589681.jpg\" \/>\n\t<meta property=\"og:image:width\" content=\"700\" \/>\n\t<meta property=\"og:image:height\" content=\"700\" \/>\n\t<meta property=\"og:image:type\" content=\"image\/jpeg\" \/>\n<meta name=\"author\" content=\"Cecilia Pastrana\" \/>\n<meta name=\"twitter:card\" content=\"summary_large_image\" \/>\n<meta name=\"twitter:creator\" content=\"@nahuproduciones\" \/>\n<meta name=\"twitter:site\" content=\"@nahuproduciones\" \/>\n<meta name=\"twitter:label1\" content=\"Escrito por\" \/>\n\t<meta name=\"twitter:data1\" content=\"Cecilia Pastrana\" \/>\n\t<meta name=\"twitter:label2\" content=\"Tiempo de lectura\" \/>\n\t<meta name=\"twitter:data2\" content=\"3 minutos\" \/>\n<script type=\"application\/ld+json\" class=\"yoast-schema-graph\">{\"@context\":\"https:\/\/schema.org\",\"@graph\":[{\"@type\":\"WebPage\",\"@id\":\"https:\/\/nahuelproducciones.com.ar\/radioquijano\/sin-invitacion-al-pueblo-el-concejo-deliberante-de-campo-quijano-abre-el-ano-legislativo\/\",\"url\":\"https:\/\/nahuelproducciones.com.ar\/radioquijano\/sin-invitacion-al-pueblo-el-concejo-deliberante-de-campo-quijano-abre-el-ano-legislativo\/\",\"name\":\"Sin invitaci\u00f3n al Pueblo, el Concejo Deliberante de Campo Quijano abre el A\u00f1o Legislativo - RQ 99.9\",\"isPartOf\":{\"@id\":\"https:\/\/nahuelproducciones.com.ar\/radioquijano\/#website\"},\"datePublished\":\"2025-03-05T15:49:11+00:00\",\"dateModified\":\"2025-03-05T16:03:32+00:00\",\"author\":{\"@id\":\"https:\/\/nahuelproducciones.com.ar\/radioquijano\/#\/schema\/person\/e8a4f939e2cb487fe6d0c54042c9d32c\"},\"description\":\"Se espera que en las pr\u00f3ximas horas las autoridades brinden explicaciones sobre esta decisi\u00f3n y sobre la manera en que garantizar\u00e1n la participaci\u00f3n ciudadana en el ejercicio de la gesti\u00f3n p\u00fablica.\",\"breadcrumb\":{\"@id\":\"https:\/\/nahuelproducciones.com.ar\/radioquijano\/sin-invitacion-al-pueblo-el-concejo-deliberante-de-campo-quijano-abre-el-ano-legislativo\/#breadcrumb\"},\"inLanguage\":\"es\",\"potentialAction\":[{\"@type\":\"ReadAction\",\"target\":[\"https:\/\/nahuelproducciones.com.ar\/radioquijano\/sin-invitacion-al-pueblo-el-concejo-deliberante-de-campo-quijano-abre-el-ano-legislativo\/\"]}]},{\"@type\":\"BreadcrumbList\",\"@id\":\"https:\/\/nahuelproducciones.com.ar\/radioquijano\/sin-invitacion-al-pueblo-el-concejo-deliberante-de-campo-quijano-abre-el-ano-legislativo\/#breadcrumb\",\"itemListElement\":[{\"@type\":\"ListItem\",\"position\":1,\"name\":\"Portada\",\"item\":\"https:\/\/nahuelproducciones.com.ar\/radioquijano\/\"},{\"@type\":\"ListItem\",\"position\":2,\"name\":\"Sin invitaci\u00f3n al Pueblo, el Concejo Deliberante de Campo Quijano abre el A\u00f1o Legislativo\"}]},{\"@type\":\"WebSite\",\"@id\":\"https:\/\/nahuelproducciones.com.ar\/radioquijano\/#website\",\"url\":\"https:\/\/nahuelproducciones.com.ar\/radioquijano\/\",\"name\":\"RQ 99.9\",\"description\":\"Radio Quijano 99.9 MHz\",\"potentialAction\":[{\"@type\":\"SearchAction\",\"target\":{\"@type\":\"EntryPoint\",\"urlTemplate\":\"https:\/\/nahuelproducciones.com.ar\/radioquijano\/?s={search_term_string}\"},\"query-input\":\"required name=search_term_string\"}],\"inLanguage\":\"es\"},{\"@type\":\"Person\",\"@id\":\"https:\/\/nahuelproducciones.com.ar\/radioquijano\/#\/schema\/person\/e8a4f939e2cb487fe6d0c54042c9d32c\",\"name\":\"Cecilia Pastrana\",\"image\":{\"@type\":\"ImageObject\",\"inLanguage\":\"es\",\"@id\":\"https:\/\/nahuelproducciones.com.ar\/radioquijano\/#\/schema\/person\/image\/\",\"url\":\"https:\/\/secure.gravatar.com\/avatar\/661a3ef63a8488d4f2794ed44af8cf71420f7e106f3072c40125114df5157749?s=96&d=mm&r=g\",\"contentUrl\":\"https:\/\/secure.gravatar.com\/avatar\/661a3ef63a8488d4f2794ed44af8cf71420f7e106f3072c40125114df5157749?s=96&d=mm&r=g\",\"caption\":\"Cecilia Pastrana\"},\"sameAs\":[\"cecy\"],\"url\":\"https:\/\/nahuelproducciones.com.ar\/radioquijano\/author\/cecy\/\"}]}<\/script>\n<!-- \/ Yoast SEO plugin. -->","yoast_head_json":{"title":"Sin invitaci\u00f3n al Pueblo, el Concejo Deliberante de Campo Quijano abre el A\u00f1o Legislativo - RQ 99.9","description":"Se espera que en las pr\u00f3ximas horas las autoridades brinden explicaciones sobre esta decisi\u00f3n y sobre la manera en que garantizar\u00e1n la participaci\u00f3n ciudadana en el ejercicio de la gesti\u00f3n p\u00fablica.","robots":{"index":"index","follow":"follow","max-snippet":"max-snippet:-1","max-image-preview":"max-image-preview:large","max-video-preview":"max-video-preview:-1"},"canonical":"https:\/\/nahuelproducciones.com.ar\/radioquijano\/sin-invitacion-al-pueblo-el-concejo-deliberante-de-campo-quijano-abre-el-ano-legislativo\/","og_locale":"es_ES","og_type":"article","og_title":"Sin invitaci\u00f3n al Pueblo, el Concejo Deliberante de Campo Quijano abre el A\u00f1o Legislativo - RQ 99.9","og_description":"Se espera que en las pr\u00f3ximas horas las autoridades brinden explicaciones sobre esta decisi\u00f3n y sobre la manera en que garantizar\u00e1n la participaci\u00f3n ciudadana en el ejercicio de la gesti\u00f3n p\u00fablica.","og_url":"https:\/\/nahuelproducciones.com.ar\/radioquijano\/sin-invitacion-al-pueblo-el-concejo-deliberante-de-campo-quijano-abre-el-ano-legislativo\/","og_site_name":"RQ 99.9","article_publisher":"https:\/\/www.facebook.com\/nahuelproducciones999\/","article_published_time":"2025-03-05T15:49:11+00:00","article_modified_time":"2025-03-05T16:03:32+00:00","og_image":[{"width":700,"height":700,"url":"https:\/\/nahuelproducciones.com.ar\/radioquijano\/wp-content\/uploads\/2025\/03\/409692745_7109146162441428_5947129086985140626_n-e1741189589681.jpg","type":"image\/jpeg"}],"author":"Cecilia Pastrana","twitter_card":"summary_large_image","twitter_creator":"@nahuproduciones","twitter_site":"@nahuproduciones","twitter_misc":{"Escrito por":"Cecilia Pastrana","Tiempo de lectura":"3 minutos"},"schema":{"@context":"https:\/\/schema.org","@graph":[{"@type":"WebPage","@id":"https:\/\/nahuelproducciones.com.ar\/radioquijano\/sin-invitacion-al-pueblo-el-concejo-deliberante-de-campo-quijano-abre-el-ano-legislativo\/","url":"https:\/\/nahuelproducciones.com.ar\/radioquijano\/sin-invitacion-al-pueblo-el-concejo-deliberante-de-campo-quijano-abre-el-ano-legislativo\/","name":"Sin invitaci\u00f3n al Pueblo, el Concejo Deliberante de Campo Quijano abre el A\u00f1o Legislativo - RQ 99.9","isPartOf":{"@id":"https:\/\/nahuelproducciones.com.ar\/radioquijano\/#website"},"datePublished":"2025-03-05T15:49:11+00:00","dateModified":"2025-03-05T16:03:32+00:00","author":{"@id":"https:\/\/nahuelproducciones.com.ar\/radioquijano\/#\/schema\/person\/e8a4f939e2cb487fe6d0c54042c9d32c"},"description":"Se espera que en las pr\u00f3ximas horas las autoridades brinden explicaciones sobre esta decisi\u00f3n y sobre la manera en que garantizar\u00e1n la participaci\u00f3n ciudadana en el ejercicio de la gesti\u00f3n p\u00fablica.","breadcrumb":{"@id":"https:\/\/nahuelproducciones.com.ar\/radioquijano\/sin-invitacion-al-pueblo-el-concejo-deliberante-de-campo-quijano-abre-el-ano-legislativo\/#breadcrumb"},"inLanguage":"es","potentialAction":[{"@type":"ReadAction","target":["https:\/\/nahuelproducciones.com.ar\/radioquijano\/sin-invitacion-al-pueblo-el-concejo-deliberante-de-campo-quijano-abre-el-ano-legislativo\/"]}]},{"@type":"BreadcrumbList","@id":"https:\/\/nahuelproducciones.com.ar\/radioquijano\/sin-invitacion-al-pueblo-el-concejo-deliberante-de-campo-quijano-abre-el-ano-legislativo\/#breadcrumb","itemListElement":[{"@type":"ListItem","position":1,"name":"Portada","item":"https:\/\/nahuelproducciones.com.ar\/radioquijano\/"},{"@type":"ListItem","position":2,"name":"Sin invitaci\u00f3n al Pueblo, el Concejo Deliberante de Campo Quijano abre el A\u00f1o Legislativo"}]},{"@type":"WebSite","@id":"https:\/\/nahuelproducciones.com.ar\/radioquijano\/#website","url":"https:\/\/nahuelproducciones.com.ar\/radioquijano\/","name":"RQ 99.9","description":"Radio Quijano 99.9 MHz","potentialAction":[{"@type":"SearchAction","target":{"@type":"EntryPoint","urlTemplate":"https:\/\/nahuelproducciones.com.ar\/radioquijano\/?s={search_term_string}"},"query-input":"required name=search_term_string"}],"inLanguage":"es"},{"@type":"Person","@id":"https:\/\/nahuelproducciones.com.ar\/radioquijano\/#\/schema\/person\/e8a4f939e2cb487fe6d0c54042c9d32c","name":"Cecilia Pastrana","image":{"@type":"ImageObject","inLanguage":"es","@id":"https:\/\/nahuelproducciones.com.ar\/radioquijano\/#\/schema\/person\/image\/","url":"https:\/\/secure.gravatar.com\/avatar\/661a3ef63a8488d4f2794ed44af8cf71420f7e106f3072c40125114df5157749?s=96&d=mm&r=g","contentUrl":"https:\/\/secure.gravatar.com\/avatar\/661a3ef63a8488d4f2794ed44af8cf71420f7e106f3072c40125114df5157749?s=96&d=mm&r=g","caption":"Cecilia Pastrana"},"sameAs":["cecy"],"url":"https:\/\/nahuelproducciones.com.ar\/radioquijano\/author\/cecy\/"}]}},"_links":{"self":[{"href":"https:\/\/nahuelproducciones.com.ar\/radioquijano\/wp-json\/wp\/v2\/posts\/9754","targetHints":{"allow":["GET"]}}],"collection":[{"href":"https:\/\/nahuelproducciones.com.ar\/radioquijano\/wp-json\/wp\/v2\/posts"}],"about":[{"href":"https:\/\/nahuelproducciones.com.ar\/radioquijano\/wp-json\/wp\/v2\/types\/post"}],"author":[{"embeddable":true,"href":"https:\/\/nahuelproducciones.com.ar\/radioquijano\/wp-json\/wp\/v2\/users\/8"}],"replies":[{"embeddable":true,"href":"https:\/\/nahuelproducciones.com.ar\/radioquijano\/wp-json\/wp\/v2\/comments?post=9754"}],"version-history":[{"count":3,"href":"https:\/\/nahuelproducciones.com.ar\/radioquijano\/wp-json\/wp\/v2\/posts\/9754\/revisions"}],"predecessor-version":[{"id":9763,"href":"https:\/\/nahuelproducciones.com.ar\/radioquijano\/wp-json\/wp\/v2\/posts\/9754\/revisions\/9763"}],"wp:featuredmedia":[{"embeddable":true,"href":"https:\/\/nahuelproducciones.com.ar\/radioquijano\/wp-json\/wp\/v2\/media\/9756"}],"wp:attachment":[{"href":"https:\/\/nahuelproducciones.com.ar\/radioquijano\/wp-json\/wp\/v2\/media?parent=9754"}],"wp:term":[{"taxonomy":"category","embeddable":true,"href":"https:\/\/nahuelproducciones.com.ar\/radioquijano\/wp-json\/wp\/v2\/categories?post=9754"},{"taxonomy":"post_tag","embeddable":true,"href":"https:\/\/nahuelproducciones.com.ar\/radioquijano\/wp-json\/wp\/v2\/tags?post=9754"}],"curies":[{"name":"wp","href":"https:\/\/api.w.org\/{rel}","templated":true}]}}