{"id":9779,"date":"2025-03-06T15:42:15","date_gmt":"2025-03-06T18:42:15","guid":{"rendered":"https:\/\/nahuelproducciones.com.ar\/radioquijano\/?p=9779"},"modified":"2025-03-06T15:56:49","modified_gmt":"2025-03-06T18:56:49","slug":"9779-2","status":"publish","type":"post","link":"https:\/\/nahuelproducciones.com.ar\/radioquijano\/9779-2\/","title":{"rendered":"Apertura Legislativa en Campo Quijano: Pol\u00e9mica por el Incumplimiento de la Ley Provincial"},"content":{"rendered":"\n<p>El Concejo Deliberante de Campo Quijano llev\u00f3 a cabo la apertura del A\u00f1o Legislativo 2025 el d\u00eda 5 de Marzo.<\/p>\n\n\n\n<p>La Ley N.\u00ba 8126 de la Provincia de Salta establece en su Art\u00edculo 51 que el per\u00edodo de sesiones ordinarias de los Concejos Deliberantes comienza el 1 de marzo y finaliza el 30 de noviembre de cada a\u00f1o. Asimismo, el Art\u00edculo 69, inciso 6, obliga al intendente a informar sobre el estado general y la memoria del municipio en la primera sesi\u00f3n ordinaria del Concejo Deliberante de cada a\u00f1o.<\/p>\n\n\n\n<p>Radio Quijano se comunic\u00f3 con el Dr Gabriel Moreno y le consult\u00f3 en relaci\u00f3n a esta decisi\u00f3n que se tom\u00f3 en el Poder Legislativo y mencion\u00f3, que una resoluci\u00f3n del Concejo Deliberante no puede modificar, derogar ni desplazar lo establecido por la <strong>Ley 8126 de Municipalidades de Salta<\/strong>, ya que esta es una norma de mayor jerarqu\u00eda dentro del ordenamiento jur\u00eddico.<\/p>\n\n\n\n<p>El exconcejal Dr. Gabriel Moreno se pronunci\u00f3 al respecto y expres\u00f3 que esta decisi\u00f3n \u00abva en contra de la legislaci\u00f3n\u00bb, resaltando la importancia de garantizar la participaci\u00f3n ciudadana en actos institucionales de esta magnitud. Sus declaraciones refuerzan la preocupaci\u00f3n de la comunidad sobre la transparencia y la legalidad de esta medida.<\/p>\n\n\n\n<p> Escucha la entrevista:<\/p>\n\n\n\n<figure class=\"wp-block-audio\"><audio controls src=\"https:\/\/nahuelproducciones.com.ar\/radioquijano\/wp-content\/uploads\/2025\/03\/06-03-2025-DR-GABRIEL-MORENO-TEMA-SESION-DEL-1-AL-5-DE-MARZO.mp3\"><\/audio><\/figure>\n\n\n\n<div data-wp-interactive=\"core\/file\" class=\"wp-block-file\"><object data-wp-bind--hidden=\"!state.hasPdfPreview\" hidden class=\"wp-block-file__embed\" data=\"https:\/\/nahuelproducciones.com.ar\/radioquijano\/wp-content\/uploads\/2025\/03\/Resolucion-de-Presidencia-04-25-1-1.pdf\" type=\"application\/pdf\" style=\"width:100%;height:600px\" aria-label=\"Incrustado de Resolucion-de-Presidencia-04-25-1-1.\"><\/object><a id=\"wp-block-file--media-afb5dfff-1744-4419-ac79-129eca183072\" href=\"https:\/\/nahuelproducciones.com.ar\/radioquijano\/wp-content\/uploads\/2025\/03\/Resolucion-de-Presidencia-04-25-1-1.pdf\">Resolucion-de-Presidencia-04-25-1-1<\/a><a href=\"https:\/\/nahuelproducciones.com.ar\/radioquijano\/wp-content\/uploads\/2025\/03\/Resolucion-de-Presidencia-04-25-1-1.pdf\" class=\"wp-block-file__button wp-element-button\" download aria-describedby=\"wp-block-file--media-afb5dfff-1744-4419-ac79-129eca183072\">Descarga<\/a><\/div>\n","protected":false},"excerpt":{"rendered":"<p>El Concejo Deliberante de Campo Quijano llev\u00f3 a cabo la apertura del A\u00f1o Legislativo 2025 el d\u00eda 5 de Marzo. La Ley N.\u00ba 8126 de la Provincia de Salta establece en su Art\u00edculo 51 que el per\u00edodo de sesiones ordinarias de los Concejos Deliberantes comienza el 1 de marzo y finaliza el 30 de noviembre [&hellip;]<\/p>\n","protected":false},"author":8,"featured_media":9783,"comment_status":"open","ping_status":"open","sticky":false,"template":"","format":"standard","meta":{"_monsterinsights_skip_tracking":false,"_monsterinsights_sitenote_active":false,"_monsterinsights_sitenote_note":"","_monsterinsights_sitenote_category":0,"footnotes":""},"categories":[16],"tags":[],"class_list":["post-9779","post","type-post","status-publish","format-standard","has-post-thumbnail","hentry","category-noticias"],"yoast_head":"<!-- This site is optimized with the Yoast SEO plugin v20.8 - https:\/\/yoast.com\/wordpress\/plugins\/seo\/ -->\n<title>Apertura Legislativa en Campo Quijano: Pol\u00e9mica por el Incumplimiento de la Ley Provincial - RQ 99.9<\/title>\n<meta name=\"description\" content=\"Sus declaraciones refuerzan la preocupaci\u00f3n de la comunidad sobre la transparencia y la legalidad de esta medida.\" \/>\n<meta name=\"robots\" content=\"index, follow, max-snippet:-1, max-image-preview:large, max-video-preview:-1\" \/>\n<link rel=\"canonical\" href=\"https:\/\/nahuelproducciones.com.ar\/radioquijano\/9779-2\/\" \/>\n<meta property=\"og:locale\" content=\"es_ES\" \/>\n<meta property=\"og:type\" content=\"article\" \/>\n<meta property=\"og:title\" content=\"Apertura Legislativa en Campo Quijano: Pol\u00e9mica por el Incumplimiento de la Ley Provincial - RQ 99.9\" \/>\n<meta property=\"og:description\" content=\"Sus declaraciones refuerzan la preocupaci\u00f3n de la comunidad sobre la transparencia y la legalidad de esta medida.\" \/>\n<meta property=\"og:url\" content=\"https:\/\/nahuelproducciones.com.ar\/radioquijano\/9779-2\/\" \/>\n<meta property=\"og:site_name\" content=\"RQ 99.9\" \/>\n<meta property=\"article:publisher\" content=\"https:\/\/www.facebook.com\/nahuelproducciones999\/\" \/>\n<meta property=\"article:published_time\" content=\"2025-03-06T18:42:15+00:00\" \/>\n<meta property=\"article:modified_time\" content=\"2025-03-06T18:56:49+00:00\" \/>\n<meta property=\"og:image\" content=\"https:\/\/nahuelproducciones.com.ar\/radioquijano\/wp-content\/uploads\/2025\/03\/Post-de-instagram-para-salon-de-belleza-de-sesiones-de-cuidado-personal-con-estilo-minimalista-color-gris-y-azul-2-e1741286767381.png\" \/>\n\t<meta property=\"og:image:width\" content=\"700\" \/>\n\t<meta property=\"og:image:height\" content=\"700\" \/>\n\t<meta property=\"og:image:type\" content=\"image\/png\" \/>\n<meta name=\"author\" content=\"Cecilia Pastrana\" \/>\n<meta name=\"twitter:card\" content=\"summary_large_image\" \/>\n<meta name=\"twitter:creator\" content=\"@nahuproduciones\" \/>\n<meta name=\"twitter:site\" content=\"@nahuproduciones\" \/>\n<meta name=\"twitter:label1\" content=\"Escrito por\" \/>\n\t<meta name=\"twitter:data1\" content=\"Cecilia Pastrana\" \/>\n\t<meta name=\"twitter:label2\" content=\"Tiempo de lectura\" \/>\n\t<meta name=\"twitter:data2\" content=\"1 minuto\" \/>\n<script type=\"application\/ld+json\" class=\"yoast-schema-graph\">{\"@context\":\"https:\/\/schema.org\",\"@graph\":[{\"@type\":\"WebPage\",\"@id\":\"https:\/\/nahuelproducciones.com.ar\/radioquijano\/9779-2\/\",\"url\":\"https:\/\/nahuelproducciones.com.ar\/radioquijano\/9779-2\/\",\"name\":\"Apertura Legislativa en Campo Quijano: Pol\u00e9mica por el Incumplimiento de la Ley Provincial - RQ 99.9\",\"isPartOf\":{\"@id\":\"https:\/\/nahuelproducciones.com.ar\/radioquijano\/#website\"},\"datePublished\":\"2025-03-06T18:42:15+00:00\",\"dateModified\":\"2025-03-06T18:56:49+00:00\",\"author\":{\"@id\":\"https:\/\/nahuelproducciones.com.ar\/radioquijano\/#\/schema\/person\/e8a4f939e2cb487fe6d0c54042c9d32c\"},\"description\":\"Sus declaraciones refuerzan la preocupaci\u00f3n de la comunidad sobre la transparencia y la legalidad de esta medida.\",\"breadcrumb\":{\"@id\":\"https:\/\/nahuelproducciones.com.ar\/radioquijano\/9779-2\/#breadcrumb\"},\"inLanguage\":\"es\",\"potentialAction\":[{\"@type\":\"ReadAction\",\"target\":[\"https:\/\/nahuelproducciones.com.ar\/radioquijano\/9779-2\/\"]}]},{\"@type\":\"BreadcrumbList\",\"@id\":\"https:\/\/nahuelproducciones.com.ar\/radioquijano\/9779-2\/#breadcrumb\",\"itemListElement\":[{\"@type\":\"ListItem\",\"position\":1,\"name\":\"Portada\",\"item\":\"https:\/\/nahuelproducciones.com.ar\/radioquijano\/\"},{\"@type\":\"ListItem\",\"position\":2,\"name\":\"Apertura Legislativa en Campo Quijano: Pol\u00e9mica por el Incumplimiento de la Ley Provincial\"}]},{\"@type\":\"WebSite\",\"@id\":\"https:\/\/nahuelproducciones.com.ar\/radioquijano\/#website\",\"url\":\"https:\/\/nahuelproducciones.com.ar\/radioquijano\/\",\"name\":\"RQ 99.9\",\"description\":\"Radio Quijano 99.9 MHz\",\"potentialAction\":[{\"@type\":\"SearchAction\",\"target\":{\"@type\":\"EntryPoint\",\"urlTemplate\":\"https:\/\/nahuelproducciones.com.ar\/radioquijano\/?s={search_term_string}\"},\"query-input\":\"required name=search_term_string\"}],\"inLanguage\":\"es\"},{\"@type\":\"Person\",\"@id\":\"https:\/\/nahuelproducciones.com.ar\/radioquijano\/#\/schema\/person\/e8a4f939e2cb487fe6d0c54042c9d32c\",\"name\":\"Cecilia Pastrana\",\"image\":{\"@type\":\"ImageObject\",\"inLanguage\":\"es\",\"@id\":\"https:\/\/nahuelproducciones.com.ar\/radioquijano\/#\/schema\/person\/image\/\",\"url\":\"https:\/\/secure.gravatar.com\/avatar\/661a3ef63a8488d4f2794ed44af8cf71420f7e106f3072c40125114df5157749?s=96&d=mm&r=g\",\"contentUrl\":\"https:\/\/secure.gravatar.com\/avatar\/661a3ef63a8488d4f2794ed44af8cf71420f7e106f3072c40125114df5157749?s=96&d=mm&r=g\",\"caption\":\"Cecilia Pastrana\"},\"sameAs\":[\"cecy\"],\"url\":\"https:\/\/nahuelproducciones.com.ar\/radioquijano\/author\/cecy\/\"}]}<\/script>\n<!-- \/ Yoast SEO plugin. -->","yoast_head_json":{"title":"Apertura Legislativa en Campo Quijano: Pol\u00e9mica por el Incumplimiento de la Ley Provincial - RQ 99.9","description":"Sus declaraciones refuerzan la preocupaci\u00f3n de la comunidad sobre la transparencia y la legalidad de esta medida.","robots":{"index":"index","follow":"follow","max-snippet":"max-snippet:-1","max-image-preview":"max-image-preview:large","max-video-preview":"max-video-preview:-1"},"canonical":"https:\/\/nahuelproducciones.com.ar\/radioquijano\/9779-2\/","og_locale":"es_ES","og_type":"article","og_title":"Apertura Legislativa en Campo Quijano: Pol\u00e9mica por el Incumplimiento de la Ley Provincial - RQ 99.9","og_description":"Sus declaraciones refuerzan la preocupaci\u00f3n de la comunidad sobre la transparencia y la legalidad de esta medida.","og_url":"https:\/\/nahuelproducciones.com.ar\/radioquijano\/9779-2\/","og_site_name":"RQ 99.9","article_publisher":"https:\/\/www.facebook.com\/nahuelproducciones999\/","article_published_time":"2025-03-06T18:42:15+00:00","article_modified_time":"2025-03-06T18:56:49+00:00","og_image":[{"width":700,"height":700,"url":"https:\/\/nahuelproducciones.com.ar\/radioquijano\/wp-content\/uploads\/2025\/03\/Post-de-instagram-para-salon-de-belleza-de-sesiones-de-cuidado-personal-con-estilo-minimalista-color-gris-y-azul-2-e1741286767381.png","type":"image\/png"}],"author":"Cecilia Pastrana","twitter_card":"summary_large_image","twitter_creator":"@nahuproduciones","twitter_site":"@nahuproduciones","twitter_misc":{"Escrito por":"Cecilia Pastrana","Tiempo de lectura":"1 minuto"},"schema":{"@context":"https:\/\/schema.org","@graph":[{"@type":"WebPage","@id":"https:\/\/nahuelproducciones.com.ar\/radioquijano\/9779-2\/","url":"https:\/\/nahuelproducciones.com.ar\/radioquijano\/9779-2\/","name":"Apertura Legislativa en Campo Quijano: Pol\u00e9mica por el Incumplimiento de la Ley Provincial - RQ 99.9","isPartOf":{"@id":"https:\/\/nahuelproducciones.com.ar\/radioquijano\/#website"},"datePublished":"2025-03-06T18:42:15+00:00","dateModified":"2025-03-06T18:56:49+00:00","author":{"@id":"https:\/\/nahuelproducciones.com.ar\/radioquijano\/#\/schema\/person\/e8a4f939e2cb487fe6d0c54042c9d32c"},"description":"Sus declaraciones refuerzan la preocupaci\u00f3n de la comunidad sobre la transparencia y la legalidad de esta medida.","breadcrumb":{"@id":"https:\/\/nahuelproducciones.com.ar\/radioquijano\/9779-2\/#breadcrumb"},"inLanguage":"es","potentialAction":[{"@type":"ReadAction","target":["https:\/\/nahuelproducciones.com.ar\/radioquijano\/9779-2\/"]}]},{"@type":"BreadcrumbList","@id":"https:\/\/nahuelproducciones.com.ar\/radioquijano\/9779-2\/#breadcrumb","itemListElement":[{"@type":"ListItem","position":1,"name":"Portada","item":"https:\/\/nahuelproducciones.com.ar\/radioquijano\/"},{"@type":"ListItem","position":2,"name":"Apertura Legislativa en Campo Quijano: Pol\u00e9mica por el Incumplimiento de la Ley Provincial"}]},{"@type":"WebSite","@id":"https:\/\/nahuelproducciones.com.ar\/radioquijano\/#website","url":"https:\/\/nahuelproducciones.com.ar\/radioquijano\/","name":"RQ 99.9","description":"Radio Quijano 99.9 MHz","potentialAction":[{"@type":"SearchAction","target":{"@type":"EntryPoint","urlTemplate":"https:\/\/nahuelproducciones.com.ar\/radioquijano\/?s={search_term_string}"},"query-input":"required name=search_term_string"}],"inLanguage":"es"},{"@type":"Person","@id":"https:\/\/nahuelproducciones.com.ar\/radioquijano\/#\/schema\/person\/e8a4f939e2cb487fe6d0c54042c9d32c","name":"Cecilia Pastrana","image":{"@type":"ImageObject","inLanguage":"es","@id":"https:\/\/nahuelproducciones.com.ar\/radioquijano\/#\/schema\/person\/image\/","url":"https:\/\/secure.gravatar.com\/avatar\/661a3ef63a8488d4f2794ed44af8cf71420f7e106f3072c40125114df5157749?s=96&d=mm&r=g","contentUrl":"https:\/\/secure.gravatar.com\/avatar\/661a3ef63a8488d4f2794ed44af8cf71420f7e106f3072c40125114df5157749?s=96&d=mm&r=g","caption":"Cecilia Pastrana"},"sameAs":["cecy"],"url":"https:\/\/nahuelproducciones.com.ar\/radioquijano\/author\/cecy\/"}]}},"_links":{"self":[{"href":"https:\/\/nahuelproducciones.com.ar\/radioquijano\/wp-json\/wp\/v2\/posts\/9779","targetHints":{"allow":["GET"]}}],"collection":[{"href":"https:\/\/nahuelproducciones.com.ar\/radioquijano\/wp-json\/wp\/v2\/posts"}],"about":[{"href":"https:\/\/nahuelproducciones.com.ar\/radioquijano\/wp-json\/wp\/v2\/types\/post"}],"author":[{"embeddable":true,"href":"https:\/\/nahuelproducciones.com.ar\/radioquijano\/wp-json\/wp\/v2\/users\/8"}],"replies":[{"embeddable":true,"href":"https:\/\/nahuelproducciones.com.ar\/radioquijano\/wp-json\/wp\/v2\/comments?post=9779"}],"version-history":[{"count":3,"href":"https:\/\/nahuelproducciones.com.ar\/radioquijano\/wp-json\/wp\/v2\/posts\/9779\/revisions"}],"predecessor-version":[{"id":9787,"href":"https:\/\/nahuelproducciones.com.ar\/radioquijano\/wp-json\/wp\/v2\/posts\/9779\/revisions\/9787"}],"wp:featuredmedia":[{"embeddable":true,"href":"https:\/\/nahuelproducciones.com.ar\/radioquijano\/wp-json\/wp\/v2\/media\/9783"}],"wp:attachment":[{"href":"https:\/\/nahuelproducciones.com.ar\/radioquijano\/wp-json\/wp\/v2\/media?parent=9779"}],"wp:term":[{"taxonomy":"category","embeddable":true,"href":"https:\/\/nahuelproducciones.com.ar\/radioquijano\/wp-json\/wp\/v2\/categories?post=9779"},{"taxonomy":"post_tag","embeddable":true,"href":"https:\/\/nahuelproducciones.com.ar\/radioquijano\/wp-json\/wp\/v2\/tags?post=9779"}],"curies":[{"name":"wp","href":"https:\/\/api.w.org\/{rel}","templated":true}]}}