{"id":9788,"date":"2025-03-06T16:03:11","date_gmt":"2025-03-06T19:03:11","guid":{"rendered":"https:\/\/nahuelproducciones.com.ar\/radioquijano\/?p=9788"},"modified":"2025-03-06T16:03:12","modified_gmt":"2025-03-06T19:03:12","slug":"gabriel-moreno-anuncio-su-candidatura-a-senador-y-se-posiciona-como-opositor-al-oficialismo","status":"publish","type":"post","link":"https:\/\/nahuelproducciones.com.ar\/radioquijano\/gabriel-moreno-anuncio-su-candidatura-a-senador-y-se-posiciona-como-opositor-al-oficialismo\/","title":{"rendered":"Gabriel Moreno anunci\u00f3 su candidatura a senador y se posiciona como opositor al oficialismo"},"content":{"rendered":"\n<p>El exconcejal Dr. Gabriel Moreno confirm\u00f3 su candidatura a senador provincial por el departamento de Rosario de Lerma para las elecciones del 11 de mayo de 2025. Aunque a\u00fan no dio a conocer el partido por el que competir\u00e1, s\u00ed dej\u00f3 en claro que se presentar\u00e1 como opositor a los actuales funcionarios alineados con el gobernador Gustavo S\u00e1enz.<\/p>\n\n\n\n<p>Moreno transmiti\u00f3 su decisi\u00f3n en un encuentro con seguidores, donde invit\u00f3 a la comunidad a sumarse a su propuesta, destacando la importancia de una \u00abcompetencia sana\u00bb y el consenso para elegir a los mejores candidatos en todo el municipio.<\/p>\n\n\n\n<p>En su entrevista con RQ99.9Mhz, tambi\u00e9n mencion\u00f3 presuntas irregularidades en las gestiones municipales de Campo Quijano y Rosario de Lerma, afirmando que su candidatura representa una opci\u00f3n genuina para el departamento.<\/p>\n\n\n\n<p>\u201cSoy el \u00fanico candidato genuino del departamento\u201d, asegur\u00f3 Moreno, reafirmando su compromiso con la transparencia y la participaci\u00f3n ciudadana de cara a los comicios provinciales.<\/p>\n\n\n\n<p>Escucha la entrevista:<\/p>\n\n\n\n<figure class=\"wp-block-audio\"><audio controls src=\"https:\/\/nahuelproducciones.com.ar\/radioquijano\/wp-content\/uploads\/2025\/03\/06-03-2025-DR-GABRIEL-MORENO-CNADIDATO-A-SENADOR-ANALISIS-DE-SITUACIONmp3.mp3\"><\/audio><\/figure>\n","protected":false},"excerpt":{"rendered":"<p>El exconcejal Dr. Gabriel Moreno confirm\u00f3 su candidatura a senador provincial por el departamento de Rosario de Lerma para las elecciones del 11 de mayo de 2025. Aunque a\u00fan no dio a conocer el partido por el que competir\u00e1, s\u00ed dej\u00f3 en claro que se presentar\u00e1 como opositor a los actuales funcionarios alineados con el [&hellip;]<\/p>\n","protected":false},"author":8,"featured_media":9790,"comment_status":"open","ping_status":"open","sticky":false,"template":"","format":"standard","meta":{"_monsterinsights_skip_tracking":false,"_monsterinsights_sitenote_active":false,"_monsterinsights_sitenote_note":"","_monsterinsights_sitenote_category":0,"footnotes":""},"categories":[16],"tags":[36,1740,100,47],"class_list":["post-9788","post","type-post","status-publish","format-standard","has-post-thumbnail","hentry","category-noticias","tag-campo-quijano","tag-candidato-a-senador","tag-municipio-de-campo-quijano","tag-rosario-de-lerma"],"yoast_head":"<!-- This site is optimized with the Yoast SEO plugin v20.8 - https:\/\/yoast.com\/wordpress\/plugins\/seo\/ -->\n<title>Gabriel Moreno anunci\u00f3 su candidatura a senador y se posiciona como opositor al oficialismo - RQ 99.9<\/title>\n<meta name=\"description\" content=\"Reafirma su compromiso con la transparencia y la participaci\u00f3n ciudadana de cara a los comicios provinciales.\" \/>\n<meta name=\"robots\" content=\"index, follow, max-snippet:-1, max-image-preview:large, max-video-preview:-1\" \/>\n<link rel=\"canonical\" href=\"https:\/\/nahuelproducciones.com.ar\/radioquijano\/gabriel-moreno-anuncio-su-candidatura-a-senador-y-se-posiciona-como-opositor-al-oficialismo\/\" \/>\n<meta property=\"og:locale\" content=\"es_ES\" \/>\n<meta property=\"og:type\" content=\"article\" \/>\n<meta property=\"og:title\" content=\"Gabriel Moreno anunci\u00f3 su candidatura a senador y se posiciona como opositor al oficialismo - RQ 99.9\" \/>\n<meta property=\"og:description\" content=\"Reafirma su compromiso con la transparencia y la participaci\u00f3n ciudadana de cara a los comicios provinciales.\" \/>\n<meta property=\"og:url\" content=\"https:\/\/nahuelproducciones.com.ar\/radioquijano\/gabriel-moreno-anuncio-su-candidatura-a-senador-y-se-posiciona-como-opositor-al-oficialismo\/\" \/>\n<meta property=\"og:site_name\" content=\"RQ 99.9\" \/>\n<meta property=\"article:publisher\" content=\"https:\/\/www.facebook.com\/nahuelproducciones999\/\" \/>\n<meta property=\"article:published_time\" content=\"2025-03-06T19:03:11+00:00\" \/>\n<meta property=\"article:modified_time\" content=\"2025-03-06T19:03:12+00:00\" \/>\n<meta property=\"og:image\" content=\"https:\/\/nahuelproducciones.com.ar\/radioquijano\/wp-content\/uploads\/2025\/03\/440424632_3727718280879302_371920913693867897_n-e1741287747673.jpg\" \/>\n\t<meta property=\"og:image:width\" content=\"700\" \/>\n\t<meta property=\"og:image:height\" content=\"700\" \/>\n\t<meta property=\"og:image:type\" content=\"image\/jpeg\" \/>\n<meta name=\"author\" content=\"Cecilia Pastrana\" \/>\n<meta name=\"twitter:card\" content=\"summary_large_image\" \/>\n<meta name=\"twitter:creator\" content=\"@nahuproduciones\" \/>\n<meta name=\"twitter:site\" content=\"@nahuproduciones\" \/>\n<meta name=\"twitter:label1\" content=\"Escrito por\" \/>\n\t<meta name=\"twitter:data1\" content=\"Cecilia Pastrana\" \/>\n\t<meta name=\"twitter:label2\" content=\"Tiempo de lectura\" \/>\n\t<meta name=\"twitter:data2\" content=\"1 minuto\" \/>\n<script type=\"application\/ld+json\" class=\"yoast-schema-graph\">{\"@context\":\"https:\/\/schema.org\",\"@graph\":[{\"@type\":\"WebPage\",\"@id\":\"https:\/\/nahuelproducciones.com.ar\/radioquijano\/gabriel-moreno-anuncio-su-candidatura-a-senador-y-se-posiciona-como-opositor-al-oficialismo\/\",\"url\":\"https:\/\/nahuelproducciones.com.ar\/radioquijano\/gabriel-moreno-anuncio-su-candidatura-a-senador-y-se-posiciona-como-opositor-al-oficialismo\/\",\"name\":\"Gabriel Moreno anunci\u00f3 su candidatura a senador y se posiciona como opositor al oficialismo - RQ 99.9\",\"isPartOf\":{\"@id\":\"https:\/\/nahuelproducciones.com.ar\/radioquijano\/#website\"},\"datePublished\":\"2025-03-06T19:03:11+00:00\",\"dateModified\":\"2025-03-06T19:03:12+00:00\",\"author\":{\"@id\":\"https:\/\/nahuelproducciones.com.ar\/radioquijano\/#\/schema\/person\/e8a4f939e2cb487fe6d0c54042c9d32c\"},\"description\":\"Reafirma su compromiso con la transparencia y la participaci\u00f3n ciudadana de cara a los comicios provinciales.\",\"breadcrumb\":{\"@id\":\"https:\/\/nahuelproducciones.com.ar\/radioquijano\/gabriel-moreno-anuncio-su-candidatura-a-senador-y-se-posiciona-como-opositor-al-oficialismo\/#breadcrumb\"},\"inLanguage\":\"es\",\"potentialAction\":[{\"@type\":\"ReadAction\",\"target\":[\"https:\/\/nahuelproducciones.com.ar\/radioquijano\/gabriel-moreno-anuncio-su-candidatura-a-senador-y-se-posiciona-como-opositor-al-oficialismo\/\"]}]},{\"@type\":\"BreadcrumbList\",\"@id\":\"https:\/\/nahuelproducciones.com.ar\/radioquijano\/gabriel-moreno-anuncio-su-candidatura-a-senador-y-se-posiciona-como-opositor-al-oficialismo\/#breadcrumb\",\"itemListElement\":[{\"@type\":\"ListItem\",\"position\":1,\"name\":\"Portada\",\"item\":\"https:\/\/nahuelproducciones.com.ar\/radioquijano\/\"},{\"@type\":\"ListItem\",\"position\":2,\"name\":\"Gabriel Moreno anunci\u00f3 su candidatura a senador y se posiciona como opositor al oficialismo\"}]},{\"@type\":\"WebSite\",\"@id\":\"https:\/\/nahuelproducciones.com.ar\/radioquijano\/#website\",\"url\":\"https:\/\/nahuelproducciones.com.ar\/radioquijano\/\",\"name\":\"RQ 99.9\",\"description\":\"Radio Quijano 99.9 MHz\",\"potentialAction\":[{\"@type\":\"SearchAction\",\"target\":{\"@type\":\"EntryPoint\",\"urlTemplate\":\"https:\/\/nahuelproducciones.com.ar\/radioquijano\/?s={search_term_string}\"},\"query-input\":\"required name=search_term_string\"}],\"inLanguage\":\"es\"},{\"@type\":\"Person\",\"@id\":\"https:\/\/nahuelproducciones.com.ar\/radioquijano\/#\/schema\/person\/e8a4f939e2cb487fe6d0c54042c9d32c\",\"name\":\"Cecilia Pastrana\",\"image\":{\"@type\":\"ImageObject\",\"inLanguage\":\"es\",\"@id\":\"https:\/\/nahuelproducciones.com.ar\/radioquijano\/#\/schema\/person\/image\/\",\"url\":\"https:\/\/secure.gravatar.com\/avatar\/661a3ef63a8488d4f2794ed44af8cf71420f7e106f3072c40125114df5157749?s=96&d=mm&r=g\",\"contentUrl\":\"https:\/\/secure.gravatar.com\/avatar\/661a3ef63a8488d4f2794ed44af8cf71420f7e106f3072c40125114df5157749?s=96&d=mm&r=g\",\"caption\":\"Cecilia Pastrana\"},\"sameAs\":[\"cecy\"],\"url\":\"https:\/\/nahuelproducciones.com.ar\/radioquijano\/author\/cecy\/\"}]}<\/script>\n<!-- \/ Yoast SEO plugin. -->","yoast_head_json":{"title":"Gabriel Moreno anunci\u00f3 su candidatura a senador y se posiciona como opositor al oficialismo - RQ 99.9","description":"Reafirma su compromiso con la transparencia y la participaci\u00f3n ciudadana de cara a los comicios provinciales.","robots":{"index":"index","follow":"follow","max-snippet":"max-snippet:-1","max-image-preview":"max-image-preview:large","max-video-preview":"max-video-preview:-1"},"canonical":"https:\/\/nahuelproducciones.com.ar\/radioquijano\/gabriel-moreno-anuncio-su-candidatura-a-senador-y-se-posiciona-como-opositor-al-oficialismo\/","og_locale":"es_ES","og_type":"article","og_title":"Gabriel Moreno anunci\u00f3 su candidatura a senador y se posiciona como opositor al oficialismo - RQ 99.9","og_description":"Reafirma su compromiso con la transparencia y la participaci\u00f3n ciudadana de cara a los comicios provinciales.","og_url":"https:\/\/nahuelproducciones.com.ar\/radioquijano\/gabriel-moreno-anuncio-su-candidatura-a-senador-y-se-posiciona-como-opositor-al-oficialismo\/","og_site_name":"RQ 99.9","article_publisher":"https:\/\/www.facebook.com\/nahuelproducciones999\/","article_published_time":"2025-03-06T19:03:11+00:00","article_modified_time":"2025-03-06T19:03:12+00:00","og_image":[{"width":700,"height":700,"url":"https:\/\/nahuelproducciones.com.ar\/radioquijano\/wp-content\/uploads\/2025\/03\/440424632_3727718280879302_371920913693867897_n-e1741287747673.jpg","type":"image\/jpeg"}],"author":"Cecilia Pastrana","twitter_card":"summary_large_image","twitter_creator":"@nahuproduciones","twitter_site":"@nahuproduciones","twitter_misc":{"Escrito por":"Cecilia Pastrana","Tiempo de lectura":"1 minuto"},"schema":{"@context":"https:\/\/schema.org","@graph":[{"@type":"WebPage","@id":"https:\/\/nahuelproducciones.com.ar\/radioquijano\/gabriel-moreno-anuncio-su-candidatura-a-senador-y-se-posiciona-como-opositor-al-oficialismo\/","url":"https:\/\/nahuelproducciones.com.ar\/radioquijano\/gabriel-moreno-anuncio-su-candidatura-a-senador-y-se-posiciona-como-opositor-al-oficialismo\/","name":"Gabriel Moreno anunci\u00f3 su candidatura a senador y se posiciona como opositor al oficialismo - RQ 99.9","isPartOf":{"@id":"https:\/\/nahuelproducciones.com.ar\/radioquijano\/#website"},"datePublished":"2025-03-06T19:03:11+00:00","dateModified":"2025-03-06T19:03:12+00:00","author":{"@id":"https:\/\/nahuelproducciones.com.ar\/radioquijano\/#\/schema\/person\/e8a4f939e2cb487fe6d0c54042c9d32c"},"description":"Reafirma su compromiso con la transparencia y la participaci\u00f3n ciudadana de cara a los comicios provinciales.","breadcrumb":{"@id":"https:\/\/nahuelproducciones.com.ar\/radioquijano\/gabriel-moreno-anuncio-su-candidatura-a-senador-y-se-posiciona-como-opositor-al-oficialismo\/#breadcrumb"},"inLanguage":"es","potentialAction":[{"@type":"ReadAction","target":["https:\/\/nahuelproducciones.com.ar\/radioquijano\/gabriel-moreno-anuncio-su-candidatura-a-senador-y-se-posiciona-como-opositor-al-oficialismo\/"]}]},{"@type":"BreadcrumbList","@id":"https:\/\/nahuelproducciones.com.ar\/radioquijano\/gabriel-moreno-anuncio-su-candidatura-a-senador-y-se-posiciona-como-opositor-al-oficialismo\/#breadcrumb","itemListElement":[{"@type":"ListItem","position":1,"name":"Portada","item":"https:\/\/nahuelproducciones.com.ar\/radioquijano\/"},{"@type":"ListItem","position":2,"name":"Gabriel Moreno anunci\u00f3 su candidatura a senador y se posiciona como opositor al oficialismo"}]},{"@type":"WebSite","@id":"https:\/\/nahuelproducciones.com.ar\/radioquijano\/#website","url":"https:\/\/nahuelproducciones.com.ar\/radioquijano\/","name":"RQ 99.9","description":"Radio Quijano 99.9 MHz","potentialAction":[{"@type":"SearchAction","target":{"@type":"EntryPoint","urlTemplate":"https:\/\/nahuelproducciones.com.ar\/radioquijano\/?s={search_term_string}"},"query-input":"required name=search_term_string"}],"inLanguage":"es"},{"@type":"Person","@id":"https:\/\/nahuelproducciones.com.ar\/radioquijano\/#\/schema\/person\/e8a4f939e2cb487fe6d0c54042c9d32c","name":"Cecilia Pastrana","image":{"@type":"ImageObject","inLanguage":"es","@id":"https:\/\/nahuelproducciones.com.ar\/radioquijano\/#\/schema\/person\/image\/","url":"https:\/\/secure.gravatar.com\/avatar\/661a3ef63a8488d4f2794ed44af8cf71420f7e106f3072c40125114df5157749?s=96&d=mm&r=g","contentUrl":"https:\/\/secure.gravatar.com\/avatar\/661a3ef63a8488d4f2794ed44af8cf71420f7e106f3072c40125114df5157749?s=96&d=mm&r=g","caption":"Cecilia Pastrana"},"sameAs":["cecy"],"url":"https:\/\/nahuelproducciones.com.ar\/radioquijano\/author\/cecy\/"}]}},"_links":{"self":[{"href":"https:\/\/nahuelproducciones.com.ar\/radioquijano\/wp-json\/wp\/v2\/posts\/9788","targetHints":{"allow":["GET"]}}],"collection":[{"href":"https:\/\/nahuelproducciones.com.ar\/radioquijano\/wp-json\/wp\/v2\/posts"}],"about":[{"href":"https:\/\/nahuelproducciones.com.ar\/radioquijano\/wp-json\/wp\/v2\/types\/post"}],"author":[{"embeddable":true,"href":"https:\/\/nahuelproducciones.com.ar\/radioquijano\/wp-json\/wp\/v2\/users\/8"}],"replies":[{"embeddable":true,"href":"https:\/\/nahuelproducciones.com.ar\/radioquijano\/wp-json\/wp\/v2\/comments?post=9788"}],"version-history":[{"count":1,"href":"https:\/\/nahuelproducciones.com.ar\/radioquijano\/wp-json\/wp\/v2\/posts\/9788\/revisions"}],"predecessor-version":[{"id":9791,"href":"https:\/\/nahuelproducciones.com.ar\/radioquijano\/wp-json\/wp\/v2\/posts\/9788\/revisions\/9791"}],"wp:featuredmedia":[{"embeddable":true,"href":"https:\/\/nahuelproducciones.com.ar\/radioquijano\/wp-json\/wp\/v2\/media\/9790"}],"wp:attachment":[{"href":"https:\/\/nahuelproducciones.com.ar\/radioquijano\/wp-json\/wp\/v2\/media?parent=9788"}],"wp:term":[{"taxonomy":"category","embeddable":true,"href":"https:\/\/nahuelproducciones.com.ar\/radioquijano\/wp-json\/wp\/v2\/categories?post=9788"},{"taxonomy":"post_tag","embeddable":true,"href":"https:\/\/nahuelproducciones.com.ar\/radioquijano\/wp-json\/wp\/v2\/tags?post=9788"}],"curies":[{"name":"wp","href":"https:\/\/api.w.org\/{rel}","templated":true}]}}