{"id":9792,"date":"2025-03-06T16:24:15","date_gmt":"2025-03-06T19:24:15","guid":{"rendered":"https:\/\/nahuelproducciones.com.ar\/radioquijano\/?p=9792"},"modified":"2025-03-06T16:24:16","modified_gmt":"2025-03-06T19:24:16","slug":"derrumbe-en-la-ruta-nacional-51-corte-total-y-evaluacion-de-danos","status":"publish","type":"post","link":"https:\/\/nahuelproducciones.com.ar\/radioquijano\/derrumbe-en-la-ruta-nacional-51-corte-total-y-evaluacion-de-danos\/","title":{"rendered":"Derrumbe en la Ruta Nacional 51: corte total y evaluaci\u00f3n de da\u00f1os"},"content":{"rendered":"\n<p>Un importante derrumbe provocado por la crecida del r\u00edo ha dejado intransitable la Ruta Nacional 51. El deslizamiento de barro y piedras socav\u00f3 la cinta asf\u00e1ltica, lo que llev\u00f3 a un corte total del tr\u00e1nsito en la zona afectada.<\/p>\n\n\n\n<p>Debido a la magnitud del da\u00f1o en la infraestructura vial, a\u00fan no se ha determinado un tiempo estimado para la reapertura del camino.<\/p>\n\n\n\n<p>En comunicaci\u00f3n telef\u00f3nica con este medio, Alberto Chala Ramos, vecino de la zona, inform\u00f3 a RQ99.9Mhz,  que la provincia ya envi\u00f3 un helic\u00f3ptero para evaluar la situaci\u00f3n desde el aire. \u00abSe est\u00e1 realizando un relevamiento para determinar los pasos a seguir y, posteriormente, llegar\u00e1n las soluciones y provisiones necesarias\u00bb, expres\u00f3.<\/p>\n\n\n\n<p>Las autoridades contin\u00faan trabajando en el lugar para garantizar la seguridad y evaluar las medidas de reparaci\u00f3n. Se recomienda a los conductores estar atentos a las actualizaciones oficiales antes de intentar circular por la zona.<\/p>\n\n\n\n<p>Escucha la entrevista:<\/p>\n\n\n\n<figure class=\"wp-block-audio\"><audio controls src=\"https:\/\/nahuelproducciones.com.ar\/radioquijano\/wp-content\/uploads\/2025\/03\/06-03-2025-CHARA-CARLOS-RAMOS-TEMA-RUTA-51-CORTADA-MUCHA-TORMENTA.mp3\"><\/audio><\/figure>\n","protected":false},"excerpt":{"rendered":"<p>Un importante derrumbe provocado por la crecida del r\u00edo ha dejado intransitable la Ruta Nacional 51. El deslizamiento de barro y piedras socav\u00f3 la cinta asf\u00e1ltica, lo que llev\u00f3 a un corte total del tr\u00e1nsito en la zona afectada. Debido a la magnitud del da\u00f1o en la infraestructura vial, a\u00fan no se ha determinado un [&hellip;]<\/p>\n","protected":false},"author":8,"featured_media":9794,"comment_status":"open","ping_status":"open","sticky":false,"template":"","format":"standard","meta":{"_monsterinsights_skip_tracking":false,"_monsterinsights_sitenote_active":false,"_monsterinsights_sitenote_note":"","_monsterinsights_sitenote_category":0,"footnotes":""},"categories":[16],"tags":[204,100,1739],"class_list":["post-9792","post","type-post","status-publish","format-standard","has-post-thumbnail","hentry","category-noticias","tag-corte-de-ruta","tag-municipio-de-campo-quijano","tag-r-n-n51"],"yoast_head":"<!-- This site is optimized with the Yoast SEO plugin v20.8 - https:\/\/yoast.com\/wordpress\/plugins\/seo\/ -->\n<title>Derrumbe en la Ruta Nacional 51: corte total y evaluaci\u00f3n de da\u00f1os - RQ 99.9<\/title>\n<meta name=\"description\" content=\"Se recomienda a los conductores estar atentos a las actualizaciones oficiales antes de intentar circular por la zona.\" \/>\n<meta name=\"robots\" content=\"index, follow, max-snippet:-1, max-image-preview:large, max-video-preview:-1\" \/>\n<link rel=\"canonical\" href=\"https:\/\/nahuelproducciones.com.ar\/radioquijano\/derrumbe-en-la-ruta-nacional-51-corte-total-y-evaluacion-de-danos\/\" \/>\n<meta property=\"og:locale\" content=\"es_ES\" \/>\n<meta property=\"og:type\" content=\"article\" \/>\n<meta property=\"og:title\" content=\"Derrumbe en la Ruta Nacional 51: corte total y evaluaci\u00f3n de da\u00f1os - RQ 99.9\" \/>\n<meta property=\"og:description\" content=\"Se recomienda a los conductores estar atentos a las actualizaciones oficiales antes de intentar circular por la zona.\" \/>\n<meta property=\"og:url\" content=\"https:\/\/nahuelproducciones.com.ar\/radioquijano\/derrumbe-en-la-ruta-nacional-51-corte-total-y-evaluacion-de-danos\/\" \/>\n<meta property=\"og:site_name\" content=\"RQ 99.9\" \/>\n<meta property=\"article:publisher\" content=\"https:\/\/www.facebook.com\/nahuelproducciones999\/\" \/>\n<meta property=\"article:published_time\" content=\"2025-03-06T19:24:15+00:00\" \/>\n<meta property=\"article:modified_time\" content=\"2025-03-06T19:24:16+00:00\" \/>\n<meta property=\"og:image\" content=\"https:\/\/nahuelproducciones.com.ar\/radioquijano\/wp-content\/uploads\/2025\/03\/Post-de-instagram-para-salon-de-belleza-de-sesiones-de-cuidado-personal-con-estilo-minimalista-color-gris-y-azul-1-1-1024x1024.png\" \/>\n\t<meta property=\"og:image:width\" content=\"1024\" \/>\n\t<meta property=\"og:image:height\" content=\"1024\" \/>\n\t<meta property=\"og:image:type\" content=\"image\/png\" \/>\n<meta name=\"author\" content=\"Cecilia Pastrana\" \/>\n<meta name=\"twitter:card\" content=\"summary_large_image\" \/>\n<meta name=\"twitter:creator\" content=\"@nahuproduciones\" \/>\n<meta name=\"twitter:site\" content=\"@nahuproduciones\" \/>\n<meta name=\"twitter:label1\" content=\"Escrito por\" \/>\n\t<meta name=\"twitter:data1\" content=\"Cecilia Pastrana\" \/>\n\t<meta name=\"twitter:label2\" content=\"Tiempo de lectura\" \/>\n\t<meta name=\"twitter:data2\" content=\"1 minuto\" \/>\n<script type=\"application\/ld+json\" class=\"yoast-schema-graph\">{\"@context\":\"https:\/\/schema.org\",\"@graph\":[{\"@type\":\"WebPage\",\"@id\":\"https:\/\/nahuelproducciones.com.ar\/radioquijano\/derrumbe-en-la-ruta-nacional-51-corte-total-y-evaluacion-de-danos\/\",\"url\":\"https:\/\/nahuelproducciones.com.ar\/radioquijano\/derrumbe-en-la-ruta-nacional-51-corte-total-y-evaluacion-de-danos\/\",\"name\":\"Derrumbe en la Ruta Nacional 51: corte total y evaluaci\u00f3n de da\u00f1os - RQ 99.9\",\"isPartOf\":{\"@id\":\"https:\/\/nahuelproducciones.com.ar\/radioquijano\/#website\"},\"datePublished\":\"2025-03-06T19:24:15+00:00\",\"dateModified\":\"2025-03-06T19:24:16+00:00\",\"author\":{\"@id\":\"https:\/\/nahuelproducciones.com.ar\/radioquijano\/#\/schema\/person\/e8a4f939e2cb487fe6d0c54042c9d32c\"},\"description\":\"Se recomienda a los conductores estar atentos a las actualizaciones oficiales antes de intentar circular por la zona.\",\"breadcrumb\":{\"@id\":\"https:\/\/nahuelproducciones.com.ar\/radioquijano\/derrumbe-en-la-ruta-nacional-51-corte-total-y-evaluacion-de-danos\/#breadcrumb\"},\"inLanguage\":\"es\",\"potentialAction\":[{\"@type\":\"ReadAction\",\"target\":[\"https:\/\/nahuelproducciones.com.ar\/radioquijano\/derrumbe-en-la-ruta-nacional-51-corte-total-y-evaluacion-de-danos\/\"]}]},{\"@type\":\"BreadcrumbList\",\"@id\":\"https:\/\/nahuelproducciones.com.ar\/radioquijano\/derrumbe-en-la-ruta-nacional-51-corte-total-y-evaluacion-de-danos\/#breadcrumb\",\"itemListElement\":[{\"@type\":\"ListItem\",\"position\":1,\"name\":\"Portada\",\"item\":\"https:\/\/nahuelproducciones.com.ar\/radioquijano\/\"},{\"@type\":\"ListItem\",\"position\":2,\"name\":\"Derrumbe en la Ruta Nacional 51: corte total y evaluaci\u00f3n de da\u00f1os\"}]},{\"@type\":\"WebSite\",\"@id\":\"https:\/\/nahuelproducciones.com.ar\/radioquijano\/#website\",\"url\":\"https:\/\/nahuelproducciones.com.ar\/radioquijano\/\",\"name\":\"RQ 99.9\",\"description\":\"Radio Quijano 99.9 MHz\",\"potentialAction\":[{\"@type\":\"SearchAction\",\"target\":{\"@type\":\"EntryPoint\",\"urlTemplate\":\"https:\/\/nahuelproducciones.com.ar\/radioquijano\/?s={search_term_string}\"},\"query-input\":\"required name=search_term_string\"}],\"inLanguage\":\"es\"},{\"@type\":\"Person\",\"@id\":\"https:\/\/nahuelproducciones.com.ar\/radioquijano\/#\/schema\/person\/e8a4f939e2cb487fe6d0c54042c9d32c\",\"name\":\"Cecilia Pastrana\",\"image\":{\"@type\":\"ImageObject\",\"inLanguage\":\"es\",\"@id\":\"https:\/\/nahuelproducciones.com.ar\/radioquijano\/#\/schema\/person\/image\/\",\"url\":\"https:\/\/secure.gravatar.com\/avatar\/661a3ef63a8488d4f2794ed44af8cf71420f7e106f3072c40125114df5157749?s=96&d=mm&r=g\",\"contentUrl\":\"https:\/\/secure.gravatar.com\/avatar\/661a3ef63a8488d4f2794ed44af8cf71420f7e106f3072c40125114df5157749?s=96&d=mm&r=g\",\"caption\":\"Cecilia Pastrana\"},\"sameAs\":[\"cecy\"],\"url\":\"https:\/\/nahuelproducciones.com.ar\/radioquijano\/author\/cecy\/\"}]}<\/script>\n<!-- \/ Yoast SEO plugin. -->","yoast_head_json":{"title":"Derrumbe en la Ruta Nacional 51: corte total y evaluaci\u00f3n de da\u00f1os - RQ 99.9","description":"Se recomienda a los conductores estar atentos a las actualizaciones oficiales antes de intentar circular por la zona.","robots":{"index":"index","follow":"follow","max-snippet":"max-snippet:-1","max-image-preview":"max-image-preview:large","max-video-preview":"max-video-preview:-1"},"canonical":"https:\/\/nahuelproducciones.com.ar\/radioquijano\/derrumbe-en-la-ruta-nacional-51-corte-total-y-evaluacion-de-danos\/","og_locale":"es_ES","og_type":"article","og_title":"Derrumbe en la Ruta Nacional 51: corte total y evaluaci\u00f3n de da\u00f1os - RQ 99.9","og_description":"Se recomienda a los conductores estar atentos a las actualizaciones oficiales antes de intentar circular por la zona.","og_url":"https:\/\/nahuelproducciones.com.ar\/radioquijano\/derrumbe-en-la-ruta-nacional-51-corte-total-y-evaluacion-de-danos\/","og_site_name":"RQ 99.9","article_publisher":"https:\/\/www.facebook.com\/nahuelproducciones999\/","article_published_time":"2025-03-06T19:24:15+00:00","article_modified_time":"2025-03-06T19:24:16+00:00","og_image":[{"width":1024,"height":1024,"url":"https:\/\/nahuelproducciones.com.ar\/radioquijano\/wp-content\/uploads\/2025\/03\/Post-de-instagram-para-salon-de-belleza-de-sesiones-de-cuidado-personal-con-estilo-minimalista-color-gris-y-azul-1-1-1024x1024.png","type":"image\/png"}],"author":"Cecilia Pastrana","twitter_card":"summary_large_image","twitter_creator":"@nahuproduciones","twitter_site":"@nahuproduciones","twitter_misc":{"Escrito por":"Cecilia Pastrana","Tiempo de lectura":"1 minuto"},"schema":{"@context":"https:\/\/schema.org","@graph":[{"@type":"WebPage","@id":"https:\/\/nahuelproducciones.com.ar\/radioquijano\/derrumbe-en-la-ruta-nacional-51-corte-total-y-evaluacion-de-danos\/","url":"https:\/\/nahuelproducciones.com.ar\/radioquijano\/derrumbe-en-la-ruta-nacional-51-corte-total-y-evaluacion-de-danos\/","name":"Derrumbe en la Ruta Nacional 51: corte total y evaluaci\u00f3n de da\u00f1os - RQ 99.9","isPartOf":{"@id":"https:\/\/nahuelproducciones.com.ar\/radioquijano\/#website"},"datePublished":"2025-03-06T19:24:15+00:00","dateModified":"2025-03-06T19:24:16+00:00","author":{"@id":"https:\/\/nahuelproducciones.com.ar\/radioquijano\/#\/schema\/person\/e8a4f939e2cb487fe6d0c54042c9d32c"},"description":"Se recomienda a los conductores estar atentos a las actualizaciones oficiales antes de intentar circular por la zona.","breadcrumb":{"@id":"https:\/\/nahuelproducciones.com.ar\/radioquijano\/derrumbe-en-la-ruta-nacional-51-corte-total-y-evaluacion-de-danos\/#breadcrumb"},"inLanguage":"es","potentialAction":[{"@type":"ReadAction","target":["https:\/\/nahuelproducciones.com.ar\/radioquijano\/derrumbe-en-la-ruta-nacional-51-corte-total-y-evaluacion-de-danos\/"]}]},{"@type":"BreadcrumbList","@id":"https:\/\/nahuelproducciones.com.ar\/radioquijano\/derrumbe-en-la-ruta-nacional-51-corte-total-y-evaluacion-de-danos\/#breadcrumb","itemListElement":[{"@type":"ListItem","position":1,"name":"Portada","item":"https:\/\/nahuelproducciones.com.ar\/radioquijano\/"},{"@type":"ListItem","position":2,"name":"Derrumbe en la Ruta Nacional 51: corte total y evaluaci\u00f3n de da\u00f1os"}]},{"@type":"WebSite","@id":"https:\/\/nahuelproducciones.com.ar\/radioquijano\/#website","url":"https:\/\/nahuelproducciones.com.ar\/radioquijano\/","name":"RQ 99.9","description":"Radio Quijano 99.9 MHz","potentialAction":[{"@type":"SearchAction","target":{"@type":"EntryPoint","urlTemplate":"https:\/\/nahuelproducciones.com.ar\/radioquijano\/?s={search_term_string}"},"query-input":"required name=search_term_string"}],"inLanguage":"es"},{"@type":"Person","@id":"https:\/\/nahuelproducciones.com.ar\/radioquijano\/#\/schema\/person\/e8a4f939e2cb487fe6d0c54042c9d32c","name":"Cecilia Pastrana","image":{"@type":"ImageObject","inLanguage":"es","@id":"https:\/\/nahuelproducciones.com.ar\/radioquijano\/#\/schema\/person\/image\/","url":"https:\/\/secure.gravatar.com\/avatar\/661a3ef63a8488d4f2794ed44af8cf71420f7e106f3072c40125114df5157749?s=96&d=mm&r=g","contentUrl":"https:\/\/secure.gravatar.com\/avatar\/661a3ef63a8488d4f2794ed44af8cf71420f7e106f3072c40125114df5157749?s=96&d=mm&r=g","caption":"Cecilia Pastrana"},"sameAs":["cecy"],"url":"https:\/\/nahuelproducciones.com.ar\/radioquijano\/author\/cecy\/"}]}},"_links":{"self":[{"href":"https:\/\/nahuelproducciones.com.ar\/radioquijano\/wp-json\/wp\/v2\/posts\/9792","targetHints":{"allow":["GET"]}}],"collection":[{"href":"https:\/\/nahuelproducciones.com.ar\/radioquijano\/wp-json\/wp\/v2\/posts"}],"about":[{"href":"https:\/\/nahuelproducciones.com.ar\/radioquijano\/wp-json\/wp\/v2\/types\/post"}],"author":[{"embeddable":true,"href":"https:\/\/nahuelproducciones.com.ar\/radioquijano\/wp-json\/wp\/v2\/users\/8"}],"replies":[{"embeddable":true,"href":"https:\/\/nahuelproducciones.com.ar\/radioquijano\/wp-json\/wp\/v2\/comments?post=9792"}],"version-history":[{"count":1,"href":"https:\/\/nahuelproducciones.com.ar\/radioquijano\/wp-json\/wp\/v2\/posts\/9792\/revisions"}],"predecessor-version":[{"id":9795,"href":"https:\/\/nahuelproducciones.com.ar\/radioquijano\/wp-json\/wp\/v2\/posts\/9792\/revisions\/9795"}],"wp:featuredmedia":[{"embeddable":true,"href":"https:\/\/nahuelproducciones.com.ar\/radioquijano\/wp-json\/wp\/v2\/media\/9794"}],"wp:attachment":[{"href":"https:\/\/nahuelproducciones.com.ar\/radioquijano\/wp-json\/wp\/v2\/media?parent=9792"}],"wp:term":[{"taxonomy":"category","embeddable":true,"href":"https:\/\/nahuelproducciones.com.ar\/radioquijano\/wp-json\/wp\/v2\/categories?post=9792"},{"taxonomy":"post_tag","embeddable":true,"href":"https:\/\/nahuelproducciones.com.ar\/radioquijano\/wp-json\/wp\/v2\/tags?post=9792"}],"curies":[{"name":"wp","href":"https:\/\/api.w.org\/{rel}","templated":true}]}}