{"id":9806,"date":"2025-03-07T11:40:53","date_gmt":"2025-03-07T14:40:53","guid":{"rendered":"https:\/\/nahuelproducciones.com.ar\/radioquijano\/?p=9806"},"modified":"2025-03-07T11:40:56","modified_gmt":"2025-03-07T14:40:56","slug":"solidaridad-y-compromiso-ante-el-desastre-familias-de-la-quebrada-reciben-ayuda-tras-el-temporal","status":"publish","type":"post","link":"https:\/\/nahuelproducciones.com.ar\/radioquijano\/solidaridad-y-compromiso-ante-el-desastre-familias-de-la-quebrada-reciben-ayuda-tras-el-temporal\/","title":{"rendered":"Solidaridad y compromiso ante el desastre: familias de la Quebrada reciben ayuda tras el temporal"},"content":{"rendered":"\n<p>La reciente tormenta que azot\u00f3 la zona de la Quebrada dej\u00f3 severos da\u00f1os materiales, afectando a numerosas familias que perdieron gran parte de sus pertenencias. Ante esta situaci\u00f3n, la respuesta solidaria de la comunidad no se hizo esperar, con donaciones y asistencia por parte de diferentes sectores. Sin embargo, el desaf\u00edo sigue siendo que esta ayuda llegue a quienes realmente la necesitan y que el compromiso se mantenga en el tiempo.<\/p>\n\n\n\n<p>En comunicaci\u00f3n telef\u00f3nica, la Dra. Liliana Casimiro inform\u00f3 que un equipo de salud se encuentra en la zona de Gobernador Sola realizando un relevamiento de la situaci\u00f3n. Entre el mismo personal del Hospital Dr. Francisco Herrera de Campo Quijano, se organizaron para recolectar ropa, insumos m\u00e9dicos, agua y medicamentos, que fueron llevados directamente a los damnificados.<\/p>\n\n\n\n<p>En algunos sectores, los propios afectados manifestaron que esta era la primera asistencia que recib\u00edan desde la tormenta. La doctora destac\u00f3 que la necesidad de calzado en distintos n\u00fameros es urgente debido al barro acumulado en la zona, adem\u00e1s de agua potable y alimentos no perecederos.<\/p>\n\n\n\n<p>Durante el recorrido,hasta el momento de la entrevista,  el equipo de salud encontr\u00f3 al menos siete familias en una situaci\u00f3n cr\u00edtica, muchas de ellas con p\u00e9rdidas totales. \u00abEl agua ingres\u00f3 en las viviendas y ahora est\u00e1n afuera, refugiados en carpas. Est\u00e1n bien de salud, pero han perdido animales y pertenencias esenciales. Lo m\u00e1s preocupante es que no tienen con qu\u00e9 cocinar\u00bb, relat\u00f3 Casimiro. Ante esta situaci\u00f3n, se les entreg\u00f3 alimentos y una gran cantidad de pan para cubrir sus necesidades inmediatas.<\/p>\n\n\n\n<p>A pesar de las dificultades del terreno, el equipo planea continuar su recorrido a pie hacia los parajes m\u00e1s alejados, donde el acceso a la ayuda es a\u00fan m\u00e1s limitado. Estos sectores, al no estar sobre la Ruta 51, reciben menos asistencia y requieren una evaluaci\u00f3n directa para coordinar una respuesta efectiva.<\/p>\n\n\n\n<p>La comunidad ha demostrado una gran solidaridad, pero a\u00fan se necesita m\u00e1s apoyo. Se solicita a quienes puedan colaborar que prioricen donaciones de calzado, agua y alimentos no perecederos. Es fundamental que la ayuda siga llegando de manera organizada y sostenida en el tiempo para garantizar que ninguna familia quede desamparada ante esta dif\u00edcil situaci\u00f3n.<\/p>\n\n\n\n<p>Escucha la entrevista.<\/p>\n\n\n\n<figure class=\"wp-block-audio\"><audio controls src=\"https:\/\/nahuelproducciones.com.ar\/radioquijano\/wp-content\/uploads\/2025\/03\/07-03-2025-DRA-LILIANA-CASIMIRO-EL-HOSP-EN-GOBERNADOR-SOLA.mp3\"><\/audio><\/figure>\n\n\n\n<figure class=\"wp-block-gallery has-nested-images columns-default is-cropped wp-block-gallery-1 is-layout-flex wp-block-gallery-is-layout-flex\">\n<figure class=\"wp-block-image size-large\"><img loading=\"lazy\" decoding=\"async\" width=\"484\" height=\"1024\" data-id=\"9809\" src=\"https:\/\/nahuelproducciones.com.ar\/radioquijano\/wp-content\/uploads\/2025\/03\/WhatsApp-Image-2025-03-07-at-10.32.25-AM-484x1024.jpeg\" alt=\"\" class=\"wp-image-9809\" srcset=\"https:\/\/nahuelproducciones.com.ar\/radioquijano\/wp-content\/uploads\/2025\/03\/WhatsApp-Image-2025-03-07-at-10.32.25-AM-484x1024.jpeg 484w, https:\/\/nahuelproducciones.com.ar\/radioquijano\/wp-content\/uploads\/2025\/03\/WhatsApp-Image-2025-03-07-at-10.32.25-AM-142x300.jpeg 142w, https:\/\/nahuelproducciones.com.ar\/radioquijano\/wp-content\/uploads\/2025\/03\/WhatsApp-Image-2025-03-07-at-10.32.25-AM-150x317.jpeg 150w, https:\/\/nahuelproducciones.com.ar\/radioquijano\/wp-content\/uploads\/2025\/03\/WhatsApp-Image-2025-03-07-at-10.32.25-AM.jpeg 605w\" sizes=\"auto, (max-width: 484px) 100vw, 484px\" \/><\/figure>\n\n\n\n<figure class=\"wp-block-image size-large\"><img loading=\"lazy\" decoding=\"async\" width=\"1024\" height=\"484\" data-id=\"9811\" src=\"https:\/\/nahuelproducciones.com.ar\/radioquijano\/wp-content\/uploads\/2025\/03\/WhatsApp-Image-2025-03-07-at-10.32.27-AM-1024x484.jpeg\" alt=\"\" class=\"wp-image-9811\" srcset=\"https:\/\/nahuelproducciones.com.ar\/radioquijano\/wp-content\/uploads\/2025\/03\/WhatsApp-Image-2025-03-07-at-10.32.27-AM-1024x484.jpeg 1024w, https:\/\/nahuelproducciones.com.ar\/radioquijano\/wp-content\/uploads\/2025\/03\/WhatsApp-Image-2025-03-07-at-10.32.27-AM-300x142.jpeg 300w, https:\/\/nahuelproducciones.com.ar\/radioquijano\/wp-content\/uploads\/2025\/03\/WhatsApp-Image-2025-03-07-at-10.32.27-AM-768x363.jpeg 768w, https:\/\/nahuelproducciones.com.ar\/radioquijano\/wp-content\/uploads\/2025\/03\/WhatsApp-Image-2025-03-07-at-10.32.27-AM-150x71.jpeg 150w, https:\/\/nahuelproducciones.com.ar\/radioquijano\/wp-content\/uploads\/2025\/03\/WhatsApp-Image-2025-03-07-at-10.32.27-AM.jpeg 1280w\" sizes=\"auto, (max-width: 1024px) 100vw, 1024px\" \/><\/figure>\n\n\n\n<figure class=\"wp-block-image size-large\"><img loading=\"lazy\" decoding=\"async\" width=\"1024\" height=\"484\" data-id=\"9819\" src=\"https:\/\/nahuelproducciones.com.ar\/radioquijano\/wp-content\/uploads\/2025\/03\/WhatsApp-Image-2025-03-07-at-10.32.28-AM-1024x484.jpeg\" alt=\"\" class=\"wp-image-9819\" srcset=\"https:\/\/nahuelproducciones.com.ar\/radioquijano\/wp-content\/uploads\/2025\/03\/WhatsApp-Image-2025-03-07-at-10.32.28-AM-1024x484.jpeg 1024w, https:\/\/nahuelproducciones.com.ar\/radioquijano\/wp-content\/uploads\/2025\/03\/WhatsApp-Image-2025-03-07-at-10.32.28-AM-300x142.jpeg 300w, https:\/\/nahuelproducciones.com.ar\/radioquijano\/wp-content\/uploads\/2025\/03\/WhatsApp-Image-2025-03-07-at-10.32.28-AM-768x363.jpeg 768w, https:\/\/nahuelproducciones.com.ar\/radioquijano\/wp-content\/uploads\/2025\/03\/WhatsApp-Image-2025-03-07-at-10.32.28-AM-150x71.jpeg 150w, https:\/\/nahuelproducciones.com.ar\/radioquijano\/wp-content\/uploads\/2025\/03\/WhatsApp-Image-2025-03-07-at-10.32.28-AM.jpeg 1280w\" sizes=\"auto, (max-width: 1024px) 100vw, 1024px\" \/><\/figure>\n\n\n\n<figure class=\"wp-block-image size-large\"><img loading=\"lazy\" decoding=\"async\" width=\"484\" height=\"1024\" data-id=\"9812\" src=\"https:\/\/nahuelproducciones.com.ar\/radioquijano\/wp-content\/uploads\/2025\/03\/WhatsApp-Image-2025-03-07-at-10.32.29-AM-1-484x1024.jpeg\" alt=\"\" class=\"wp-image-9812\" srcset=\"https:\/\/nahuelproducciones.com.ar\/radioquijano\/wp-content\/uploads\/2025\/03\/WhatsApp-Image-2025-03-07-at-10.32.29-AM-1-484x1024.jpeg 484w, https:\/\/nahuelproducciones.com.ar\/radioquijano\/wp-content\/uploads\/2025\/03\/WhatsApp-Image-2025-03-07-at-10.32.29-AM-1-142x300.jpeg 142w, https:\/\/nahuelproducciones.com.ar\/radioquijano\/wp-content\/uploads\/2025\/03\/WhatsApp-Image-2025-03-07-at-10.32.29-AM-1-150x317.jpeg 150w, https:\/\/nahuelproducciones.com.ar\/radioquijano\/wp-content\/uploads\/2025\/03\/WhatsApp-Image-2025-03-07-at-10.32.29-AM-1.jpeg 605w\" sizes=\"auto, (max-width: 484px) 100vw, 484px\" \/><\/figure>\n\n\n\n<figure class=\"wp-block-image size-large\"><img loading=\"lazy\" decoding=\"async\" width=\"1024\" height=\"484\" data-id=\"9813\" src=\"https:\/\/nahuelproducciones.com.ar\/radioquijano\/wp-content\/uploads\/2025\/03\/WhatsApp-Image-2025-03-07-at-10.32.29-AM-1024x484.jpeg\" alt=\"\" class=\"wp-image-9813\" srcset=\"https:\/\/nahuelproducciones.com.ar\/radioquijano\/wp-content\/uploads\/2025\/03\/WhatsApp-Image-2025-03-07-at-10.32.29-AM-1024x484.jpeg 1024w, https:\/\/nahuelproducciones.com.ar\/radioquijano\/wp-content\/uploads\/2025\/03\/WhatsApp-Image-2025-03-07-at-10.32.29-AM-300x142.jpeg 300w, https:\/\/nahuelproducciones.com.ar\/radioquijano\/wp-content\/uploads\/2025\/03\/WhatsApp-Image-2025-03-07-at-10.32.29-AM-768x363.jpeg 768w, https:\/\/nahuelproducciones.com.ar\/radioquijano\/wp-content\/uploads\/2025\/03\/WhatsApp-Image-2025-03-07-at-10.32.29-AM-150x71.jpeg 150w, https:\/\/nahuelproducciones.com.ar\/radioquijano\/wp-content\/uploads\/2025\/03\/WhatsApp-Image-2025-03-07-at-10.32.29-AM.jpeg 1280w\" sizes=\"auto, (max-width: 1024px) 100vw, 1024px\" \/><\/figure>\n\n\n\n<figure class=\"wp-block-image size-large\"><img loading=\"lazy\" decoding=\"async\" width=\"1024\" height=\"484\" data-id=\"9816\" src=\"https:\/\/nahuelproducciones.com.ar\/radioquijano\/wp-content\/uploads\/2025\/03\/WhatsApp-Image-2025-03-07-at-10.32.30-AM-1024x484.jpeg\" alt=\"\" class=\"wp-image-9816\" srcset=\"https:\/\/nahuelproducciones.com.ar\/radioquijano\/wp-content\/uploads\/2025\/03\/WhatsApp-Image-2025-03-07-at-10.32.30-AM-1024x484.jpeg 1024w, https:\/\/nahuelproducciones.com.ar\/radioquijano\/wp-content\/uploads\/2025\/03\/WhatsApp-Image-2025-03-07-at-10.32.30-AM-300x142.jpeg 300w, https:\/\/nahuelproducciones.com.ar\/radioquijano\/wp-content\/uploads\/2025\/03\/WhatsApp-Image-2025-03-07-at-10.32.30-AM-768x363.jpeg 768w, https:\/\/nahuelproducciones.com.ar\/radioquijano\/wp-content\/uploads\/2025\/03\/WhatsApp-Image-2025-03-07-at-10.32.30-AM-150x71.jpeg 150w, https:\/\/nahuelproducciones.com.ar\/radioquijano\/wp-content\/uploads\/2025\/03\/WhatsApp-Image-2025-03-07-at-10.32.30-AM.jpeg 1280w\" sizes=\"auto, (max-width: 1024px) 100vw, 1024px\" \/><\/figure>\n\n\n\n<figure class=\"wp-block-image size-large\"><img loading=\"lazy\" decoding=\"async\" width=\"484\" height=\"1024\" data-id=\"9823\" src=\"https:\/\/nahuelproducciones.com.ar\/radioquijano\/wp-content\/uploads\/2025\/03\/WhatsApp-Image-2025-03-07-at-10.32.31-AM-484x1024.jpeg\" alt=\"\" class=\"wp-image-9823\" srcset=\"https:\/\/nahuelproducciones.com.ar\/radioquijano\/wp-content\/uploads\/2025\/03\/WhatsApp-Image-2025-03-07-at-10.32.31-AM-484x1024.jpeg 484w, https:\/\/nahuelproducciones.com.ar\/radioquijano\/wp-content\/uploads\/2025\/03\/WhatsApp-Image-2025-03-07-at-10.32.31-AM-142x300.jpeg 142w, https:\/\/nahuelproducciones.com.ar\/radioquijano\/wp-content\/uploads\/2025\/03\/WhatsApp-Image-2025-03-07-at-10.32.31-AM-150x317.jpeg 150w, https:\/\/nahuelproducciones.com.ar\/radioquijano\/wp-content\/uploads\/2025\/03\/WhatsApp-Image-2025-03-07-at-10.32.31-AM.jpeg 605w\" sizes=\"auto, (max-width: 484px) 100vw, 484px\" \/><\/figure>\n\n\n\n<figure class=\"wp-block-image size-large\"><img loading=\"lazy\" decoding=\"async\" width=\"1024\" height=\"484\" data-id=\"9810\" src=\"https:\/\/nahuelproducciones.com.ar\/radioquijano\/wp-content\/uploads\/2025\/03\/WhatsApp-Image-2025-03-07-at-10.32.32-AM-1024x484.jpeg\" alt=\"\" class=\"wp-image-9810\" srcset=\"https:\/\/nahuelproducciones.com.ar\/radioquijano\/wp-content\/uploads\/2025\/03\/WhatsApp-Image-2025-03-07-at-10.32.32-AM-1024x484.jpeg 1024w, https:\/\/nahuelproducciones.com.ar\/radioquijano\/wp-content\/uploads\/2025\/03\/WhatsApp-Image-2025-03-07-at-10.32.32-AM-300x142.jpeg 300w, https:\/\/nahuelproducciones.com.ar\/radioquijano\/wp-content\/uploads\/2025\/03\/WhatsApp-Image-2025-03-07-at-10.32.32-AM-768x363.jpeg 768w, https:\/\/nahuelproducciones.com.ar\/radioquijano\/wp-content\/uploads\/2025\/03\/WhatsApp-Image-2025-03-07-at-10.32.32-AM-150x71.jpeg 150w, https:\/\/nahuelproducciones.com.ar\/radioquijano\/wp-content\/uploads\/2025\/03\/WhatsApp-Image-2025-03-07-at-10.32.32-AM.jpeg 1280w\" sizes=\"auto, (max-width: 1024px) 100vw, 1024px\" \/><\/figure>\n\n\n\n<figure class=\"wp-block-image size-large\"><img loading=\"lazy\" decoding=\"async\" width=\"484\" height=\"1024\" data-id=\"9817\" src=\"https:\/\/nahuelproducciones.com.ar\/radioquijano\/wp-content\/uploads\/2025\/03\/WhatsApp-Image-2025-03-07-at-10.32.36-AM-484x1024.jpeg\" alt=\"\" class=\"wp-image-9817\" srcset=\"https:\/\/nahuelproducciones.com.ar\/radioquijano\/wp-content\/uploads\/2025\/03\/WhatsApp-Image-2025-03-07-at-10.32.36-AM-484x1024.jpeg 484w, https:\/\/nahuelproducciones.com.ar\/radioquijano\/wp-content\/uploads\/2025\/03\/WhatsApp-Image-2025-03-07-at-10.32.36-AM-142x300.jpeg 142w, https:\/\/nahuelproducciones.com.ar\/radioquijano\/wp-content\/uploads\/2025\/03\/WhatsApp-Image-2025-03-07-at-10.32.36-AM-150x317.jpeg 150w, https:\/\/nahuelproducciones.com.ar\/radioquijano\/wp-content\/uploads\/2025\/03\/WhatsApp-Image-2025-03-07-at-10.32.36-AM.jpeg 605w\" sizes=\"auto, (max-width: 484px) 100vw, 484px\" \/><\/figure>\n\n\n\n<figure class=\"wp-block-image size-large\"><img loading=\"lazy\" decoding=\"async\" width=\"1024\" height=\"484\" data-id=\"9822\" src=\"https:\/\/nahuelproducciones.com.ar\/radioquijano\/wp-content\/uploads\/2025\/03\/WhatsApp-Image-2025-03-07-at-10.32.37-AM-1024x484.jpeg\" alt=\"\" class=\"wp-image-9822\"\/><\/figure>\n\n\n\n<figure class=\"wp-block-image size-large\"><img loading=\"lazy\" decoding=\"async\" width=\"484\" height=\"1024\" data-id=\"9820\" src=\"https:\/\/nahuelproducciones.com.ar\/radioquijano\/wp-content\/uploads\/2025\/03\/WhatsApp-Image-2025-03-07-at-10.32.38-AM-484x1024.jpeg\" alt=\"\" class=\"wp-image-9820\" srcset=\"https:\/\/nahuelproducciones.com.ar\/radioquijano\/wp-content\/uploads\/2025\/03\/WhatsApp-Image-2025-03-07-at-10.32.38-AM-484x1024.jpeg 484w, https:\/\/nahuelproducciones.com.ar\/radioquijano\/wp-content\/uploads\/2025\/03\/WhatsApp-Image-2025-03-07-at-10.32.38-AM-142x300.jpeg 142w, https:\/\/nahuelproducciones.com.ar\/radioquijano\/wp-content\/uploads\/2025\/03\/WhatsApp-Image-2025-03-07-at-10.32.38-AM-150x317.jpeg 150w, https:\/\/nahuelproducciones.com.ar\/radioquijano\/wp-content\/uploads\/2025\/03\/WhatsApp-Image-2025-03-07-at-10.32.38-AM.jpeg 605w\" sizes=\"auto, (max-width: 484px) 100vw, 484px\" \/><\/figure>\n\n\n\n<figure class=\"wp-block-image size-large\"><img loading=\"lazy\" decoding=\"async\" width=\"1024\" height=\"484\" data-id=\"9814\" src=\"https:\/\/nahuelproducciones.com.ar\/radioquijano\/wp-content\/uploads\/2025\/03\/WhatsApp-Image-2025-03-07-at-10.32.39-AM-1024x484.jpeg\" alt=\"\" class=\"wp-image-9814\" srcset=\"https:\/\/nahuelproducciones.com.ar\/radioquijano\/wp-content\/uploads\/2025\/03\/WhatsApp-Image-2025-03-07-at-10.32.39-AM-1024x484.jpeg 1024w, https:\/\/nahuelproducciones.com.ar\/radioquijano\/wp-content\/uploads\/2025\/03\/WhatsApp-Image-2025-03-07-at-10.32.39-AM-300x142.jpeg 300w, https:\/\/nahuelproducciones.com.ar\/radioquijano\/wp-content\/uploads\/2025\/03\/WhatsApp-Image-2025-03-07-at-10.32.39-AM-768x363.jpeg 768w, https:\/\/nahuelproducciones.com.ar\/radioquijano\/wp-content\/uploads\/2025\/03\/WhatsApp-Image-2025-03-07-at-10.32.39-AM-150x71.jpeg 150w, https:\/\/nahuelproducciones.com.ar\/radioquijano\/wp-content\/uploads\/2025\/03\/WhatsApp-Image-2025-03-07-at-10.32.39-AM.jpeg 1280w\" sizes=\"auto, (max-width: 1024px) 100vw, 1024px\" \/><\/figure>\n\n\n\n<figure class=\"wp-block-image size-large\"><img loading=\"lazy\" decoding=\"async\" width=\"484\" height=\"1024\" data-id=\"9815\" src=\"https:\/\/nahuelproducciones.com.ar\/radioquijano\/wp-content\/uploads\/2025\/03\/WhatsApp-Image-2025-03-07-at-10.32.41-AM-484x1024.jpeg\" alt=\"\" class=\"wp-image-9815\" srcset=\"https:\/\/nahuelproducciones.com.ar\/radioquijano\/wp-content\/uploads\/2025\/03\/WhatsApp-Image-2025-03-07-at-10.32.41-AM-484x1024.jpeg 484w, https:\/\/nahuelproducciones.com.ar\/radioquijano\/wp-content\/uploads\/2025\/03\/WhatsApp-Image-2025-03-07-at-10.32.41-AM-142x300.jpeg 142w, https:\/\/nahuelproducciones.com.ar\/radioquijano\/wp-content\/uploads\/2025\/03\/WhatsApp-Image-2025-03-07-at-10.32.41-AM-150x317.jpeg 150w, https:\/\/nahuelproducciones.com.ar\/radioquijano\/wp-content\/uploads\/2025\/03\/WhatsApp-Image-2025-03-07-at-10.32.41-AM.jpeg 605w\" sizes=\"auto, (max-width: 484px) 100vw, 484px\" \/><\/figure>\n\n\n\n<figure class=\"wp-block-image size-large\"><img loading=\"lazy\" decoding=\"async\" width=\"484\" height=\"1024\" data-id=\"9821\" src=\"https:\/\/nahuelproducciones.com.ar\/radioquijano\/wp-content\/uploads\/2025\/03\/WhatsApp-Image-2025-03-07-at-10.32.42-AM-1-484x1024.jpeg\" alt=\"\" class=\"wp-image-9821\" srcset=\"https:\/\/nahuelproducciones.com.ar\/radioquijano\/wp-content\/uploads\/2025\/03\/WhatsApp-Image-2025-03-07-at-10.32.42-AM-1-484x1024.jpeg 484w, https:\/\/nahuelproducciones.com.ar\/radioquijano\/wp-content\/uploads\/2025\/03\/WhatsApp-Image-2025-03-07-at-10.32.42-AM-1-142x300.jpeg 142w, https:\/\/nahuelproducciones.com.ar\/radioquijano\/wp-content\/uploads\/2025\/03\/WhatsApp-Image-2025-03-07-at-10.32.42-AM-1-150x317.jpeg 150w, https:\/\/nahuelproducciones.com.ar\/radioquijano\/wp-content\/uploads\/2025\/03\/WhatsApp-Image-2025-03-07-at-10.32.42-AM-1.jpeg 605w\" sizes=\"auto, (max-width: 484px) 100vw, 484px\" \/><\/figure>\n\n\n\n<figure class=\"wp-block-image size-large\"><img loading=\"lazy\" decoding=\"async\" width=\"484\" height=\"1024\" data-id=\"9818\" src=\"https:\/\/nahuelproducciones.com.ar\/radioquijano\/wp-content\/uploads\/2025\/03\/WhatsApp-Image-2025-03-07-at-10.32.42-AM-484x1024.jpeg\" alt=\"\" class=\"wp-image-9818\" srcset=\"https:\/\/nahuelproducciones.com.ar\/radioquijano\/wp-content\/uploads\/2025\/03\/WhatsApp-Image-2025-03-07-at-10.32.42-AM-484x1024.jpeg 484w, https:\/\/nahuelproducciones.com.ar\/radioquijano\/wp-content\/uploads\/2025\/03\/WhatsApp-Image-2025-03-07-at-10.32.42-AM-142x300.jpeg 142w, https:\/\/nahuelproducciones.com.ar\/radioquijano\/wp-content\/uploads\/2025\/03\/WhatsApp-Image-2025-03-07-at-10.32.42-AM-150x317.jpeg 150w, https:\/\/nahuelproducciones.com.ar\/radioquijano\/wp-content\/uploads\/2025\/03\/WhatsApp-Image-2025-03-07-at-10.32.42-AM.jpeg 605w\" sizes=\"auto, (max-width: 484px) 100vw, 484px\" \/><\/figure>\n<\/figure>\n","protected":false},"excerpt":{"rendered":"<p>La reciente tormenta que azot\u00f3 la zona de la Quebrada dej\u00f3 severos da\u00f1os materiales, afectando a numerosas familias que perdieron gran parte de sus pertenencias. Ante esta situaci\u00f3n, la respuesta solidaria de la comunidad no se hizo esperar, con donaciones y asistencia por parte de diferentes sectores. Sin embargo, el desaf\u00edo sigue siendo que esta [&hellip;]<\/p>\n","protected":false},"author":8,"featured_media":9822,"comment_status":"open","ping_status":"open","sticky":false,"template":"","format":"standard","meta":{"_monsterinsights_skip_tracking":false,"_monsterinsights_sitenote_active":false,"_monsterinsights_sitenote_note":"","_monsterinsights_sitenote_category":0,"footnotes":""},"categories":[16],"tags":[619,471,100],"class_list":["post-9806","post","type-post","status-publish","format-standard","has-post-thumbnail","hentry","category-noticias","tag-gobernador-sola","tag-hospital-dr-francisco-herrera-2","tag-municipio-de-campo-quijano"],"yoast_head":"<!-- This site is optimized with the Yoast SEO plugin v20.8 - https:\/\/yoast.com\/wordpress\/plugins\/seo\/ -->\n<title>Solidaridad y compromiso ante el desastre: familias de la Quebrada reciben ayuda tras el temporal - RQ 99.9<\/title>\n<meta name=\"description\" content=\"Es fundamental que la ayuda siga llegando de manera organizada y sostenida en el tiempo para garantizar que ninguna familia quede desamparada ante esta dif\u00edcil situaci\u00f3n.\" \/>\n<meta name=\"robots\" content=\"index, follow, max-snippet:-1, max-image-preview:large, max-video-preview:-1\" \/>\n<link rel=\"canonical\" href=\"https:\/\/nahuelproducciones.com.ar\/radioquijano\/solidaridad-y-compromiso-ante-el-desastre-familias-de-la-quebrada-reciben-ayuda-tras-el-temporal\/\" \/>\n<meta property=\"og:locale\" content=\"es_ES\" \/>\n<meta property=\"og:type\" content=\"article\" \/>\n<meta property=\"og:title\" content=\"Solidaridad y compromiso ante el desastre: familias de la Quebrada reciben ayuda tras el temporal - RQ 99.9\" \/>\n<meta property=\"og:description\" content=\"Es fundamental que la ayuda siga llegando de manera organizada y sostenida en el tiempo para garantizar que ninguna familia quede desamparada ante esta dif\u00edcil situaci\u00f3n.\" \/>\n<meta property=\"og:url\" content=\"https:\/\/nahuelproducciones.com.ar\/radioquijano\/solidaridad-y-compromiso-ante-el-desastre-familias-de-la-quebrada-reciben-ayuda-tras-el-temporal\/\" \/>\n<meta property=\"og:site_name\" content=\"RQ 99.9\" \/>\n<meta property=\"article:publisher\" content=\"https:\/\/www.facebook.com\/nahuelproducciones999\/\" \/>\n<meta property=\"article:published_time\" content=\"2025-03-07T14:40:53+00:00\" \/>\n<meta property=\"article:modified_time\" content=\"2025-03-07T14:40:56+00:00\" \/>\n<meta property=\"og:image\" content=\"https:\/\/nahuelproducciones.com.ar\/radioquijano\/wp-content\/uploads\/2025\/03\/WhatsApp-Image-2025-03-07-at-10.32.37-AM-e1741358422372.jpeg\" \/>\n\t<meta property=\"og:image:width\" content=\"700\" \/>\n\t<meta property=\"og:image:height\" content=\"331\" \/>\n\t<meta property=\"og:image:type\" content=\"image\/jpeg\" \/>\n<meta name=\"author\" content=\"Cecilia Pastrana\" \/>\n<meta name=\"twitter:card\" content=\"summary_large_image\" \/>\n<meta name=\"twitter:creator\" content=\"@nahuproduciones\" \/>\n<meta name=\"twitter:site\" content=\"@nahuproduciones\" \/>\n<meta name=\"twitter:label1\" content=\"Escrito por\" \/>\n\t<meta name=\"twitter:data1\" content=\"Cecilia Pastrana\" \/>\n\t<meta name=\"twitter:label2\" content=\"Tiempo de lectura\" \/>\n\t<meta name=\"twitter:data2\" content=\"5 minutos\" \/>\n<script type=\"application\/ld+json\" class=\"yoast-schema-graph\">{\"@context\":\"https:\/\/schema.org\",\"@graph\":[{\"@type\":\"WebPage\",\"@id\":\"https:\/\/nahuelproducciones.com.ar\/radioquijano\/solidaridad-y-compromiso-ante-el-desastre-familias-de-la-quebrada-reciben-ayuda-tras-el-temporal\/\",\"url\":\"https:\/\/nahuelproducciones.com.ar\/radioquijano\/solidaridad-y-compromiso-ante-el-desastre-familias-de-la-quebrada-reciben-ayuda-tras-el-temporal\/\",\"name\":\"Solidaridad y compromiso ante el desastre: familias de la Quebrada reciben ayuda tras el temporal - RQ 99.9\",\"isPartOf\":{\"@id\":\"https:\/\/nahuelproducciones.com.ar\/radioquijano\/#website\"},\"datePublished\":\"2025-03-07T14:40:53+00:00\",\"dateModified\":\"2025-03-07T14:40:56+00:00\",\"author\":{\"@id\":\"https:\/\/nahuelproducciones.com.ar\/radioquijano\/#\/schema\/person\/e8a4f939e2cb487fe6d0c54042c9d32c\"},\"description\":\"Es fundamental que la ayuda siga llegando de manera organizada y sostenida en el tiempo para garantizar que ninguna familia quede desamparada ante esta dif\u00edcil situaci\u00f3n.\",\"breadcrumb\":{\"@id\":\"https:\/\/nahuelproducciones.com.ar\/radioquijano\/solidaridad-y-compromiso-ante-el-desastre-familias-de-la-quebrada-reciben-ayuda-tras-el-temporal\/#breadcrumb\"},\"inLanguage\":\"es\",\"potentialAction\":[{\"@type\":\"ReadAction\",\"target\":[\"https:\/\/nahuelproducciones.com.ar\/radioquijano\/solidaridad-y-compromiso-ante-el-desastre-familias-de-la-quebrada-reciben-ayuda-tras-el-temporal\/\"]}]},{\"@type\":\"BreadcrumbList\",\"@id\":\"https:\/\/nahuelproducciones.com.ar\/radioquijano\/solidaridad-y-compromiso-ante-el-desastre-familias-de-la-quebrada-reciben-ayuda-tras-el-temporal\/#breadcrumb\",\"itemListElement\":[{\"@type\":\"ListItem\",\"position\":1,\"name\":\"Portada\",\"item\":\"https:\/\/nahuelproducciones.com.ar\/radioquijano\/\"},{\"@type\":\"ListItem\",\"position\":2,\"name\":\"Solidaridad y compromiso ante el desastre: familias de la Quebrada reciben ayuda tras el temporal\"}]},{\"@type\":\"WebSite\",\"@id\":\"https:\/\/nahuelproducciones.com.ar\/radioquijano\/#website\",\"url\":\"https:\/\/nahuelproducciones.com.ar\/radioquijano\/\",\"name\":\"RQ 99.9\",\"description\":\"Radio Quijano 99.9 MHz\",\"potentialAction\":[{\"@type\":\"SearchAction\",\"target\":{\"@type\":\"EntryPoint\",\"urlTemplate\":\"https:\/\/nahuelproducciones.com.ar\/radioquijano\/?s={search_term_string}\"},\"query-input\":\"required name=search_term_string\"}],\"inLanguage\":\"es\"},{\"@type\":\"Person\",\"@id\":\"https:\/\/nahuelproducciones.com.ar\/radioquijano\/#\/schema\/person\/e8a4f939e2cb487fe6d0c54042c9d32c\",\"name\":\"Cecilia Pastrana\",\"image\":{\"@type\":\"ImageObject\",\"inLanguage\":\"es\",\"@id\":\"https:\/\/nahuelproducciones.com.ar\/radioquijano\/#\/schema\/person\/image\/\",\"url\":\"https:\/\/secure.gravatar.com\/avatar\/661a3ef63a8488d4f2794ed44af8cf71420f7e106f3072c40125114df5157749?s=96&d=mm&r=g\",\"contentUrl\":\"https:\/\/secure.gravatar.com\/avatar\/661a3ef63a8488d4f2794ed44af8cf71420f7e106f3072c40125114df5157749?s=96&d=mm&r=g\",\"caption\":\"Cecilia Pastrana\"},\"sameAs\":[\"cecy\"],\"url\":\"https:\/\/nahuelproducciones.com.ar\/radioquijano\/author\/cecy\/\"}]}<\/script>\n<!-- \/ Yoast SEO plugin. -->","yoast_head_json":{"title":"Solidaridad y compromiso ante el desastre: familias de la Quebrada reciben ayuda tras el temporal - RQ 99.9","description":"Es fundamental que la ayuda siga llegando de manera organizada y sostenida en el tiempo para garantizar que ninguna familia quede desamparada ante esta dif\u00edcil situaci\u00f3n.","robots":{"index":"index","follow":"follow","max-snippet":"max-snippet:-1","max-image-preview":"max-image-preview:large","max-video-preview":"max-video-preview:-1"},"canonical":"https:\/\/nahuelproducciones.com.ar\/radioquijano\/solidaridad-y-compromiso-ante-el-desastre-familias-de-la-quebrada-reciben-ayuda-tras-el-temporal\/","og_locale":"es_ES","og_type":"article","og_title":"Solidaridad y compromiso ante el desastre: familias de la Quebrada reciben ayuda tras el temporal - RQ 99.9","og_description":"Es fundamental que la ayuda siga llegando de manera organizada y sostenida en el tiempo para garantizar que ninguna familia quede desamparada ante esta dif\u00edcil situaci\u00f3n.","og_url":"https:\/\/nahuelproducciones.com.ar\/radioquijano\/solidaridad-y-compromiso-ante-el-desastre-familias-de-la-quebrada-reciben-ayuda-tras-el-temporal\/","og_site_name":"RQ 99.9","article_publisher":"https:\/\/www.facebook.com\/nahuelproducciones999\/","article_published_time":"2025-03-07T14:40:53+00:00","article_modified_time":"2025-03-07T14:40:56+00:00","og_image":[{"width":700,"height":331,"url":"https:\/\/nahuelproducciones.com.ar\/radioquijano\/wp-content\/uploads\/2025\/03\/WhatsApp-Image-2025-03-07-at-10.32.37-AM-e1741358422372.jpeg","type":"image\/jpeg"}],"author":"Cecilia Pastrana","twitter_card":"summary_large_image","twitter_creator":"@nahuproduciones","twitter_site":"@nahuproduciones","twitter_misc":{"Escrito por":"Cecilia Pastrana","Tiempo de lectura":"5 minutos"},"schema":{"@context":"https:\/\/schema.org","@graph":[{"@type":"WebPage","@id":"https:\/\/nahuelproducciones.com.ar\/radioquijano\/solidaridad-y-compromiso-ante-el-desastre-familias-de-la-quebrada-reciben-ayuda-tras-el-temporal\/","url":"https:\/\/nahuelproducciones.com.ar\/radioquijano\/solidaridad-y-compromiso-ante-el-desastre-familias-de-la-quebrada-reciben-ayuda-tras-el-temporal\/","name":"Solidaridad y compromiso ante el desastre: familias de la Quebrada reciben ayuda tras el temporal - RQ 99.9","isPartOf":{"@id":"https:\/\/nahuelproducciones.com.ar\/radioquijano\/#website"},"datePublished":"2025-03-07T14:40:53+00:00","dateModified":"2025-03-07T14:40:56+00:00","author":{"@id":"https:\/\/nahuelproducciones.com.ar\/radioquijano\/#\/schema\/person\/e8a4f939e2cb487fe6d0c54042c9d32c"},"description":"Es fundamental que la ayuda siga llegando de manera organizada y sostenida en el tiempo para garantizar que ninguna familia quede desamparada ante esta dif\u00edcil situaci\u00f3n.","breadcrumb":{"@id":"https:\/\/nahuelproducciones.com.ar\/radioquijano\/solidaridad-y-compromiso-ante-el-desastre-familias-de-la-quebrada-reciben-ayuda-tras-el-temporal\/#breadcrumb"},"inLanguage":"es","potentialAction":[{"@type":"ReadAction","target":["https:\/\/nahuelproducciones.com.ar\/radioquijano\/solidaridad-y-compromiso-ante-el-desastre-familias-de-la-quebrada-reciben-ayuda-tras-el-temporal\/"]}]},{"@type":"BreadcrumbList","@id":"https:\/\/nahuelproducciones.com.ar\/radioquijano\/solidaridad-y-compromiso-ante-el-desastre-familias-de-la-quebrada-reciben-ayuda-tras-el-temporal\/#breadcrumb","itemListElement":[{"@type":"ListItem","position":1,"name":"Portada","item":"https:\/\/nahuelproducciones.com.ar\/radioquijano\/"},{"@type":"ListItem","position":2,"name":"Solidaridad y compromiso ante el desastre: familias de la Quebrada reciben ayuda tras el temporal"}]},{"@type":"WebSite","@id":"https:\/\/nahuelproducciones.com.ar\/radioquijano\/#website","url":"https:\/\/nahuelproducciones.com.ar\/radioquijano\/","name":"RQ 99.9","description":"Radio Quijano 99.9 MHz","potentialAction":[{"@type":"SearchAction","target":{"@type":"EntryPoint","urlTemplate":"https:\/\/nahuelproducciones.com.ar\/radioquijano\/?s={search_term_string}"},"query-input":"required name=search_term_string"}],"inLanguage":"es"},{"@type":"Person","@id":"https:\/\/nahuelproducciones.com.ar\/radioquijano\/#\/schema\/person\/e8a4f939e2cb487fe6d0c54042c9d32c","name":"Cecilia Pastrana","image":{"@type":"ImageObject","inLanguage":"es","@id":"https:\/\/nahuelproducciones.com.ar\/radioquijano\/#\/schema\/person\/image\/","url":"https:\/\/secure.gravatar.com\/avatar\/661a3ef63a8488d4f2794ed44af8cf71420f7e106f3072c40125114df5157749?s=96&d=mm&r=g","contentUrl":"https:\/\/secure.gravatar.com\/avatar\/661a3ef63a8488d4f2794ed44af8cf71420f7e106f3072c40125114df5157749?s=96&d=mm&r=g","caption":"Cecilia Pastrana"},"sameAs":["cecy"],"url":"https:\/\/nahuelproducciones.com.ar\/radioquijano\/author\/cecy\/"}]}},"_links":{"self":[{"href":"https:\/\/nahuelproducciones.com.ar\/radioquijano\/wp-json\/wp\/v2\/posts\/9806","targetHints":{"allow":["GET"]}}],"collection":[{"href":"https:\/\/nahuelproducciones.com.ar\/radioquijano\/wp-json\/wp\/v2\/posts"}],"about":[{"href":"https:\/\/nahuelproducciones.com.ar\/radioquijano\/wp-json\/wp\/v2\/types\/post"}],"author":[{"embeddable":true,"href":"https:\/\/nahuelproducciones.com.ar\/radioquijano\/wp-json\/wp\/v2\/users\/8"}],"replies":[{"embeddable":true,"href":"https:\/\/nahuelproducciones.com.ar\/radioquijano\/wp-json\/wp\/v2\/comments?post=9806"}],"version-history":[{"count":1,"href":"https:\/\/nahuelproducciones.com.ar\/radioquijano\/wp-json\/wp\/v2\/posts\/9806\/revisions"}],"predecessor-version":[{"id":9824,"href":"https:\/\/nahuelproducciones.com.ar\/radioquijano\/wp-json\/wp\/v2\/posts\/9806\/revisions\/9824"}],"wp:featuredmedia":[{"embeddable":true,"href":"https:\/\/nahuelproducciones.com.ar\/radioquijano\/wp-json\/wp\/v2\/media\/9822"}],"wp:attachment":[{"href":"https:\/\/nahuelproducciones.com.ar\/radioquijano\/wp-json\/wp\/v2\/media?parent=9806"}],"wp:term":[{"taxonomy":"category","embeddable":true,"href":"https:\/\/nahuelproducciones.com.ar\/radioquijano\/wp-json\/wp\/v2\/categories?post=9806"},{"taxonomy":"post_tag","embeddable":true,"href":"https:\/\/nahuelproducciones.com.ar\/radioquijano\/wp-json\/wp\/v2\/tags?post=9806"}],"curies":[{"name":"wp","href":"https:\/\/api.w.org\/{rel}","templated":true}]}}