{"id":9828,"date":"2025-03-09T11:59:07","date_gmt":"2025-03-09T14:59:07","guid":{"rendered":"https:\/\/nahuelproducciones.com.ar\/radioquijano\/?p=9828"},"modified":"2025-03-09T11:59:08","modified_gmt":"2025-03-09T14:59:08","slug":"chicha-de-la-caldera-en-venta-al-publico","status":"publish","type":"post","link":"https:\/\/nahuelproducciones.com.ar\/radioquijano\/chicha-de-la-caldera-en-venta-al-publico\/","title":{"rendered":"CHICHA DE LA CALDERA EN VENTA AL P\u00daBLICO"},"content":{"rendered":"\n<p>Tras la postergaci\u00f3n de la segunda y tercera noche del Festival Nacional de la Chicha, las familias chicheras de La Caldera ofrecen su chicha para la venta, dado que se han quedado con una producci\u00f3n que no pudo ser vendida en las noches del s\u00e1bado y domingo.<\/p>\n\n\n\n<p>Los interesados en comprar chicha, tambi\u00e9n de manera solidaria, lo pueden hacer en sus tel. de contacto. Su compra ayudar\u00e1 a las familias chicheras a continuar preservando nuestra cultura ancestral.<\/p>\n\n\n\n<p>&#8211; Ethel Calisaya 3872284792<\/p>\n\n\n\n<p>&#8211; Maria Calisaya 3875020264<\/p>\n\n\n\n<p>&#8211; Luis Sarapura 3875321214<\/p>\n\n\n\n<p>&#8211; Azucena Catacata 3876354204<\/p>\n\n\n\n<p>&#8211; Antonia Alancay y Andrea Maidana 3872112511<\/p>\n\n\n\n<p>&#8211; Crusa Gutierrez 3875789872<\/p>\n\n\n\n<p>&#8211; Candelaria Rojas 3872213238<\/p>\n\n\n\n<p>&#8211; Primitiva Sarapura 3874038107<\/p>\n\n\n\n<p>&#8211; Marta Calisaya 3872209490<\/p>\n\n\n\n<p>&#8211; Maria Sarapura 3875910465<\/p>\n\n\n\n<p>&#8211; Alejandra Cruz 387 4664904<\/p>\n\n\n\n<p>Fuente: <strong>Municipalidad de La Caldera<\/strong><\/p>\n","protected":false},"excerpt":{"rendered":"<p>Tras la postergaci\u00f3n de la segunda y tercera noche del Festival Nacional de la Chicha, las familias chicheras de La Caldera ofrecen su chicha para la venta, dado que se han quedado con una producci\u00f3n que no pudo ser vendida en las noches del s\u00e1bado y domingo. Los interesados en comprar chicha, tambi\u00e9n de manera [&hellip;]<\/p>\n","protected":false},"author":8,"featured_media":9829,"comment_status":"open","ping_status":"open","sticky":false,"template":"","format":"standard","meta":{"_monsterinsights_skip_tracking":false,"_monsterinsights_sitenote_active":false,"_monsterinsights_sitenote_note":"","_monsterinsights_sitenote_category":0,"footnotes":""},"categories":[16],"tags":[1743,1742,100],"class_list":["post-9828","post","type-post","status-publish","format-standard","has-post-thumbnail","hentry","category-noticias","tag-chicha","tag-municipalidad-de-la-caldera","tag-municipio-de-campo-quijano"],"yoast_head":"<!-- This site is optimized with the Yoast SEO plugin v20.8 - https:\/\/yoast.com\/wordpress\/plugins\/seo\/ -->\n<title>CHICHA DE LA CALDERA EN VENTA AL P\u00daBLICO - RQ 99.9<\/title>\n<meta name=\"description\" content=\"Los interesados en comprar chicha, tambi\u00e9n de manera solidaria, lo pueden hacer en sus tel. de contacto. Su compra ayudar\u00e1 a las familias chicheras a continuar preservando nuestra cultura ancestral.\" \/>\n<meta name=\"robots\" content=\"index, follow, max-snippet:-1, max-image-preview:large, max-video-preview:-1\" \/>\n<link rel=\"canonical\" href=\"https:\/\/nahuelproducciones.com.ar\/radioquijano\/chicha-de-la-caldera-en-venta-al-publico\/\" \/>\n<meta property=\"og:locale\" content=\"es_ES\" \/>\n<meta property=\"og:type\" content=\"article\" \/>\n<meta property=\"og:title\" content=\"CHICHA DE LA CALDERA EN VENTA AL P\u00daBLICO - RQ 99.9\" \/>\n<meta property=\"og:description\" content=\"Los interesados en comprar chicha, tambi\u00e9n de manera solidaria, lo pueden hacer en sus tel. de contacto. Su compra ayudar\u00e1 a las familias chicheras a continuar preservando nuestra cultura ancestral.\" \/>\n<meta property=\"og:url\" content=\"https:\/\/nahuelproducciones.com.ar\/radioquijano\/chicha-de-la-caldera-en-venta-al-publico\/\" \/>\n<meta property=\"og:site_name\" content=\"RQ 99.9\" \/>\n<meta property=\"article:publisher\" content=\"https:\/\/www.facebook.com\/nahuelproducciones999\/\" \/>\n<meta property=\"article:published_time\" content=\"2025-03-09T14:59:07+00:00\" \/>\n<meta property=\"article:modified_time\" content=\"2025-03-09T14:59:08+00:00\" \/>\n<meta property=\"og:image\" content=\"https:\/\/nahuelproducciones.com.ar\/radioquijano\/wp-content\/uploads\/2025\/03\/482080673_1091194283049616_7422775403923171295_n-e1741532340225.jpg\" \/>\n\t<meta property=\"og:image:width\" content=\"700\" \/>\n\t<meta property=\"og:image:height\" content=\"394\" \/>\n\t<meta property=\"og:image:type\" content=\"image\/jpeg\" \/>\n<meta name=\"author\" content=\"Cecilia Pastrana\" \/>\n<meta name=\"twitter:card\" content=\"summary_large_image\" \/>\n<meta name=\"twitter:creator\" content=\"@nahuproduciones\" \/>\n<meta name=\"twitter:site\" content=\"@nahuproduciones\" \/>\n<meta name=\"twitter:label1\" content=\"Escrito por\" \/>\n\t<meta name=\"twitter:data1\" content=\"Cecilia Pastrana\" \/>\n\t<meta name=\"twitter:label2\" content=\"Tiempo de lectura\" \/>\n\t<meta name=\"twitter:data2\" content=\"1 minuto\" \/>\n<script type=\"application\/ld+json\" class=\"yoast-schema-graph\">{\"@context\":\"https:\/\/schema.org\",\"@graph\":[{\"@type\":\"WebPage\",\"@id\":\"https:\/\/nahuelproducciones.com.ar\/radioquijano\/chicha-de-la-caldera-en-venta-al-publico\/\",\"url\":\"https:\/\/nahuelproducciones.com.ar\/radioquijano\/chicha-de-la-caldera-en-venta-al-publico\/\",\"name\":\"CHICHA DE LA CALDERA EN VENTA AL P\u00daBLICO - RQ 99.9\",\"isPartOf\":{\"@id\":\"https:\/\/nahuelproducciones.com.ar\/radioquijano\/#website\"},\"datePublished\":\"2025-03-09T14:59:07+00:00\",\"dateModified\":\"2025-03-09T14:59:08+00:00\",\"author\":{\"@id\":\"https:\/\/nahuelproducciones.com.ar\/radioquijano\/#\/schema\/person\/e8a4f939e2cb487fe6d0c54042c9d32c\"},\"description\":\"Los interesados en comprar chicha, tambi\u00e9n de manera solidaria, lo pueden hacer en sus tel. de contacto. Su compra ayudar\u00e1 a las familias chicheras a continuar preservando nuestra cultura ancestral.\",\"breadcrumb\":{\"@id\":\"https:\/\/nahuelproducciones.com.ar\/radioquijano\/chicha-de-la-caldera-en-venta-al-publico\/#breadcrumb\"},\"inLanguage\":\"es\",\"potentialAction\":[{\"@type\":\"ReadAction\",\"target\":[\"https:\/\/nahuelproducciones.com.ar\/radioquijano\/chicha-de-la-caldera-en-venta-al-publico\/\"]}]},{\"@type\":\"BreadcrumbList\",\"@id\":\"https:\/\/nahuelproducciones.com.ar\/radioquijano\/chicha-de-la-caldera-en-venta-al-publico\/#breadcrumb\",\"itemListElement\":[{\"@type\":\"ListItem\",\"position\":1,\"name\":\"Portada\",\"item\":\"https:\/\/nahuelproducciones.com.ar\/radioquijano\/\"},{\"@type\":\"ListItem\",\"position\":2,\"name\":\"CHICHA DE LA CALDERA EN VENTA AL P\u00daBLICO\"}]},{\"@type\":\"WebSite\",\"@id\":\"https:\/\/nahuelproducciones.com.ar\/radioquijano\/#website\",\"url\":\"https:\/\/nahuelproducciones.com.ar\/radioquijano\/\",\"name\":\"RQ 99.9\",\"description\":\"Radio Quijano 99.9 MHz\",\"potentialAction\":[{\"@type\":\"SearchAction\",\"target\":{\"@type\":\"EntryPoint\",\"urlTemplate\":\"https:\/\/nahuelproducciones.com.ar\/radioquijano\/?s={search_term_string}\"},\"query-input\":\"required name=search_term_string\"}],\"inLanguage\":\"es\"},{\"@type\":\"Person\",\"@id\":\"https:\/\/nahuelproducciones.com.ar\/radioquijano\/#\/schema\/person\/e8a4f939e2cb487fe6d0c54042c9d32c\",\"name\":\"Cecilia Pastrana\",\"image\":{\"@type\":\"ImageObject\",\"inLanguage\":\"es\",\"@id\":\"https:\/\/nahuelproducciones.com.ar\/radioquijano\/#\/schema\/person\/image\/\",\"url\":\"https:\/\/secure.gravatar.com\/avatar\/661a3ef63a8488d4f2794ed44af8cf71420f7e106f3072c40125114df5157749?s=96&d=mm&r=g\",\"contentUrl\":\"https:\/\/secure.gravatar.com\/avatar\/661a3ef63a8488d4f2794ed44af8cf71420f7e106f3072c40125114df5157749?s=96&d=mm&r=g\",\"caption\":\"Cecilia Pastrana\"},\"sameAs\":[\"cecy\"],\"url\":\"https:\/\/nahuelproducciones.com.ar\/radioquijano\/author\/cecy\/\"}]}<\/script>\n<!-- \/ Yoast SEO plugin. -->","yoast_head_json":{"title":"CHICHA DE LA CALDERA EN VENTA AL P\u00daBLICO - RQ 99.9","description":"Los interesados en comprar chicha, tambi\u00e9n de manera solidaria, lo pueden hacer en sus tel. de contacto. Su compra ayudar\u00e1 a las familias chicheras a continuar preservando nuestra cultura ancestral.","robots":{"index":"index","follow":"follow","max-snippet":"max-snippet:-1","max-image-preview":"max-image-preview:large","max-video-preview":"max-video-preview:-1"},"canonical":"https:\/\/nahuelproducciones.com.ar\/radioquijano\/chicha-de-la-caldera-en-venta-al-publico\/","og_locale":"es_ES","og_type":"article","og_title":"CHICHA DE LA CALDERA EN VENTA AL P\u00daBLICO - RQ 99.9","og_description":"Los interesados en comprar chicha, tambi\u00e9n de manera solidaria, lo pueden hacer en sus tel. de contacto. Su compra ayudar\u00e1 a las familias chicheras a continuar preservando nuestra cultura ancestral.","og_url":"https:\/\/nahuelproducciones.com.ar\/radioquijano\/chicha-de-la-caldera-en-venta-al-publico\/","og_site_name":"RQ 99.9","article_publisher":"https:\/\/www.facebook.com\/nahuelproducciones999\/","article_published_time":"2025-03-09T14:59:07+00:00","article_modified_time":"2025-03-09T14:59:08+00:00","og_image":[{"width":700,"height":394,"url":"https:\/\/nahuelproducciones.com.ar\/radioquijano\/wp-content\/uploads\/2025\/03\/482080673_1091194283049616_7422775403923171295_n-e1741532340225.jpg","type":"image\/jpeg"}],"author":"Cecilia Pastrana","twitter_card":"summary_large_image","twitter_creator":"@nahuproduciones","twitter_site":"@nahuproduciones","twitter_misc":{"Escrito por":"Cecilia Pastrana","Tiempo de lectura":"1 minuto"},"schema":{"@context":"https:\/\/schema.org","@graph":[{"@type":"WebPage","@id":"https:\/\/nahuelproducciones.com.ar\/radioquijano\/chicha-de-la-caldera-en-venta-al-publico\/","url":"https:\/\/nahuelproducciones.com.ar\/radioquijano\/chicha-de-la-caldera-en-venta-al-publico\/","name":"CHICHA DE LA CALDERA EN VENTA AL P\u00daBLICO - RQ 99.9","isPartOf":{"@id":"https:\/\/nahuelproducciones.com.ar\/radioquijano\/#website"},"datePublished":"2025-03-09T14:59:07+00:00","dateModified":"2025-03-09T14:59:08+00:00","author":{"@id":"https:\/\/nahuelproducciones.com.ar\/radioquijano\/#\/schema\/person\/e8a4f939e2cb487fe6d0c54042c9d32c"},"description":"Los interesados en comprar chicha, tambi\u00e9n de manera solidaria, lo pueden hacer en sus tel. de contacto. Su compra ayudar\u00e1 a las familias chicheras a continuar preservando nuestra cultura ancestral.","breadcrumb":{"@id":"https:\/\/nahuelproducciones.com.ar\/radioquijano\/chicha-de-la-caldera-en-venta-al-publico\/#breadcrumb"},"inLanguage":"es","potentialAction":[{"@type":"ReadAction","target":["https:\/\/nahuelproducciones.com.ar\/radioquijano\/chicha-de-la-caldera-en-venta-al-publico\/"]}]},{"@type":"BreadcrumbList","@id":"https:\/\/nahuelproducciones.com.ar\/radioquijano\/chicha-de-la-caldera-en-venta-al-publico\/#breadcrumb","itemListElement":[{"@type":"ListItem","position":1,"name":"Portada","item":"https:\/\/nahuelproducciones.com.ar\/radioquijano\/"},{"@type":"ListItem","position":2,"name":"CHICHA DE LA CALDERA EN VENTA AL P\u00daBLICO"}]},{"@type":"WebSite","@id":"https:\/\/nahuelproducciones.com.ar\/radioquijano\/#website","url":"https:\/\/nahuelproducciones.com.ar\/radioquijano\/","name":"RQ 99.9","description":"Radio Quijano 99.9 MHz","potentialAction":[{"@type":"SearchAction","target":{"@type":"EntryPoint","urlTemplate":"https:\/\/nahuelproducciones.com.ar\/radioquijano\/?s={search_term_string}"},"query-input":"required name=search_term_string"}],"inLanguage":"es"},{"@type":"Person","@id":"https:\/\/nahuelproducciones.com.ar\/radioquijano\/#\/schema\/person\/e8a4f939e2cb487fe6d0c54042c9d32c","name":"Cecilia Pastrana","image":{"@type":"ImageObject","inLanguage":"es","@id":"https:\/\/nahuelproducciones.com.ar\/radioquijano\/#\/schema\/person\/image\/","url":"https:\/\/secure.gravatar.com\/avatar\/661a3ef63a8488d4f2794ed44af8cf71420f7e106f3072c40125114df5157749?s=96&d=mm&r=g","contentUrl":"https:\/\/secure.gravatar.com\/avatar\/661a3ef63a8488d4f2794ed44af8cf71420f7e106f3072c40125114df5157749?s=96&d=mm&r=g","caption":"Cecilia Pastrana"},"sameAs":["cecy"],"url":"https:\/\/nahuelproducciones.com.ar\/radioquijano\/author\/cecy\/"}]}},"_links":{"self":[{"href":"https:\/\/nahuelproducciones.com.ar\/radioquijano\/wp-json\/wp\/v2\/posts\/9828","targetHints":{"allow":["GET"]}}],"collection":[{"href":"https:\/\/nahuelproducciones.com.ar\/radioquijano\/wp-json\/wp\/v2\/posts"}],"about":[{"href":"https:\/\/nahuelproducciones.com.ar\/radioquijano\/wp-json\/wp\/v2\/types\/post"}],"author":[{"embeddable":true,"href":"https:\/\/nahuelproducciones.com.ar\/radioquijano\/wp-json\/wp\/v2\/users\/8"}],"replies":[{"embeddable":true,"href":"https:\/\/nahuelproducciones.com.ar\/radioquijano\/wp-json\/wp\/v2\/comments?post=9828"}],"version-history":[{"count":1,"href":"https:\/\/nahuelproducciones.com.ar\/radioquijano\/wp-json\/wp\/v2\/posts\/9828\/revisions"}],"predecessor-version":[{"id":9830,"href":"https:\/\/nahuelproducciones.com.ar\/radioquijano\/wp-json\/wp\/v2\/posts\/9828\/revisions\/9830"}],"wp:featuredmedia":[{"embeddable":true,"href":"https:\/\/nahuelproducciones.com.ar\/radioquijano\/wp-json\/wp\/v2\/media\/9829"}],"wp:attachment":[{"href":"https:\/\/nahuelproducciones.com.ar\/radioquijano\/wp-json\/wp\/v2\/media?parent=9828"}],"wp:term":[{"taxonomy":"category","embeddable":true,"href":"https:\/\/nahuelproducciones.com.ar\/radioquijano\/wp-json\/wp\/v2\/categories?post=9828"},{"taxonomy":"post_tag","embeddable":true,"href":"https:\/\/nahuelproducciones.com.ar\/radioquijano\/wp-json\/wp\/v2\/tags?post=9828"}],"curies":[{"name":"wp","href":"https:\/\/api.w.org\/{rel}","templated":true}]}}