{"id":9831,"date":"2025-03-09T12:23:15","date_gmt":"2025-03-09T15:23:15","guid":{"rendered":"https:\/\/nahuelproducciones.com.ar\/radioquijano\/?p=9831"},"modified":"2025-03-09T12:23:16","modified_gmt":"2025-03-09T15:23:16","slug":"alerta-en-campo-quijano-por-la-presencia-de-yararas-en-barrios-locales","status":"publish","type":"post","link":"https:\/\/nahuelproducciones.com.ar\/radioquijano\/alerta-en-campo-quijano-por-la-presencia-de-yararas-en-barrios-locales\/","title":{"rendered":"Alerta en Campo Quijano por la presencia de yarar\u00e1s en barrios locales"},"content":{"rendered":"\n<p> Vecinos de los barrios El Progreso y Potreros de Quijano han sido alertados sobre la presencia de v\u00edboras yarar\u00e1s en la zona, lo que representa un riesgo tanto para animales como para personas. La advertencia fue emitida por el Dr. Leone, m\u00e9dico veterinario del pueblo, quien confirm\u00f3 varios casos de ataques a perros.<\/p>\n\n\n\n<p>Las yarar\u00e1s, serpientes venenosas presentes en la regi\u00f3n, suelen habitar en zonas con abundante vegetaci\u00f3n y refugios naturales. Ante esta situaci\u00f3n, se recomienda a los vecinos tomar medidas preventivas, como mantener los espacios limpios, cortar el pasto, retirar maleza y eliminar posibles escondites para evitar encuentros peligrosos.<\/p>\n\n\n\n<p>El Dr. Leone inst\u00f3 a la comunidad a mantenerse alerta y extremar los cuidados, especialmente en horarios de mayor actividad de estos reptiles. Asimismo, en caso de mordedura, se aconseja acudir de inmediato a un centro de salud para recibir atenci\u00f3n m\u00e9dica adecuada.<\/p>\n\n\n\n<p>Se espera que las autoridades locales tomen acciones preventivas para resguardar la seguridad de los habitantes. Se insta a la poblaci\u00f3n a difundir esta informaci\u00f3n y colaborar en la prevenci\u00f3n de incidentes relacionados con la presencia de estas serpientes en la zona.<\/p>\n\n\n\n<p>El mensaje fue publicado por las proteccionistas \u00abPatitas de Amor\u00bb a trav\u00e9s de su perfil de Facebook, alertando a la comunidad sobre esta problem\u00e1tica y promoviendo medidas de prevenci\u00f3n.<\/p>\n\n\n\n<p><\/p>\n\n\n<p><iframe loading=\"lazy\" src=\"https:\/\/www.facebook.com\/plugins\/post.php?href=https%3A%2F%2Fwww.facebook.com%2Fpatitas.deamor.54%2Fposts%2Fpfbid0M8YWWz46MtrDrU9GR3CT9FcWbYpHZ7to2skREfPrsbxkGDMRor1eSCWEs6CDg26il&#038;show_text=true&#038;width=500\" width=\"500\" height=\"877\" style=\"border:none;overflow:hidden\" scrolling=\"no\" frameborder=\"0\" allowfullscreen=\"true\" allow=\"autoplay; clipboard-write; encrypted-media; picture-in-picture; web-share\"><\/iframe><\/p>\n","protected":false},"excerpt":{"rendered":"<p>Vecinos de los barrios El Progreso y Potreros de Quijano han sido alertados sobre la presencia de v\u00edboras yarar\u00e1s en la zona, lo que representa un riesgo tanto para animales como para personas. La advertencia fue emitida por el Dr. Leone, m\u00e9dico veterinario del pueblo, quien confirm\u00f3 varios casos de ataques a perros. Las yarar\u00e1s, [&hellip;]<\/p>\n","protected":false},"author":8,"featured_media":9832,"comment_status":"open","ping_status":"open","sticky":false,"template":"","format":"standard","meta":{"_monsterinsights_skip_tracking":false,"_monsterinsights_sitenote_active":false,"_monsterinsights_sitenote_note":"","_monsterinsights_sitenote_category":0,"footnotes":""},"categories":[16],"tags":[1744,36,100],"class_list":["post-9831","post","type-post","status-publish","format-standard","has-post-thumbnail","hentry","category-noticias","tag-patitas-de-amor","tag-campo-quijano","tag-municipio-de-campo-quijano"],"yoast_head":"<!-- This site is optimized with the Yoast SEO plugin v20.8 - https:\/\/yoast.com\/wordpress\/plugins\/seo\/ -->\n<title>Alerta en Campo Quijano por la presencia de yarar\u00e1s en barrios locales - RQ 99.9<\/title>\n<meta name=\"description\" content=\"El mensaje fue publicado por las proteccionistas &quot;Patitas de Amor&quot; a trav\u00e9s de su perfil de Facebook, alertando a la comunidad sobre esta problem\u00e1tica y promoviendo medidas de prevenci\u00f3n.\" \/>\n<meta name=\"robots\" content=\"index, follow, max-snippet:-1, max-image-preview:large, max-video-preview:-1\" \/>\n<link rel=\"canonical\" href=\"https:\/\/nahuelproducciones.com.ar\/radioquijano\/alerta-en-campo-quijano-por-la-presencia-de-yararas-en-barrios-locales\/\" \/>\n<meta property=\"og:locale\" content=\"es_ES\" \/>\n<meta property=\"og:type\" content=\"article\" \/>\n<meta property=\"og:title\" content=\"Alerta en Campo Quijano por la presencia de yarar\u00e1s en barrios locales - RQ 99.9\" \/>\n<meta property=\"og:description\" content=\"El mensaje fue publicado por las proteccionistas &quot;Patitas de Amor&quot; a trav\u00e9s de su perfil de Facebook, alertando a la comunidad sobre esta problem\u00e1tica y promoviendo medidas de prevenci\u00f3n.\" \/>\n<meta property=\"og:url\" content=\"https:\/\/nahuelproducciones.com.ar\/radioquijano\/alerta-en-campo-quijano-por-la-presencia-de-yararas-en-barrios-locales\/\" \/>\n<meta property=\"og:site_name\" content=\"RQ 99.9\" \/>\n<meta property=\"article:publisher\" content=\"https:\/\/www.facebook.com\/nahuelproducciones999\/\" \/>\n<meta property=\"article:published_time\" content=\"2025-03-09T15:23:15+00:00\" \/>\n<meta property=\"article:modified_time\" content=\"2025-03-09T15:23:16+00:00\" \/>\n<meta property=\"og:image\" content=\"https:\/\/nahuelproducciones.com.ar\/radioquijano\/wp-content\/uploads\/2025\/03\/WhatsApp-Image-2025-03-09-at-12.17.20-PM.jpeg\" \/>\n\t<meta property=\"og:image:width\" content=\"394\" \/>\n\t<meta property=\"og:image:height\" content=\"589\" \/>\n\t<meta property=\"og:image:type\" content=\"image\/jpeg\" \/>\n<meta name=\"author\" content=\"Cecilia Pastrana\" \/>\n<meta name=\"twitter:card\" content=\"summary_large_image\" \/>\n<meta name=\"twitter:creator\" content=\"@nahuproduciones\" \/>\n<meta name=\"twitter:site\" content=\"@nahuproduciones\" \/>\n<meta name=\"twitter:label1\" content=\"Escrito por\" \/>\n\t<meta name=\"twitter:data1\" content=\"Cecilia Pastrana\" \/>\n\t<meta name=\"twitter:label2\" content=\"Tiempo de lectura\" \/>\n\t<meta name=\"twitter:data2\" content=\"1 minuto\" \/>\n<script type=\"application\/ld+json\" class=\"yoast-schema-graph\">{\"@context\":\"https:\/\/schema.org\",\"@graph\":[{\"@type\":\"WebPage\",\"@id\":\"https:\/\/nahuelproducciones.com.ar\/radioquijano\/alerta-en-campo-quijano-por-la-presencia-de-yararas-en-barrios-locales\/\",\"url\":\"https:\/\/nahuelproducciones.com.ar\/radioquijano\/alerta-en-campo-quijano-por-la-presencia-de-yararas-en-barrios-locales\/\",\"name\":\"Alerta en Campo Quijano por la presencia de yarar\u00e1s en barrios locales - RQ 99.9\",\"isPartOf\":{\"@id\":\"https:\/\/nahuelproducciones.com.ar\/radioquijano\/#website\"},\"datePublished\":\"2025-03-09T15:23:15+00:00\",\"dateModified\":\"2025-03-09T15:23:16+00:00\",\"author\":{\"@id\":\"https:\/\/nahuelproducciones.com.ar\/radioquijano\/#\/schema\/person\/e8a4f939e2cb487fe6d0c54042c9d32c\"},\"description\":\"El mensaje fue publicado por las proteccionistas \\\"Patitas de Amor\\\" a trav\u00e9s de su perfil de Facebook, alertando a la comunidad sobre esta problem\u00e1tica y promoviendo medidas de prevenci\u00f3n.\",\"breadcrumb\":{\"@id\":\"https:\/\/nahuelproducciones.com.ar\/radioquijano\/alerta-en-campo-quijano-por-la-presencia-de-yararas-en-barrios-locales\/#breadcrumb\"},\"inLanguage\":\"es\",\"potentialAction\":[{\"@type\":\"ReadAction\",\"target\":[\"https:\/\/nahuelproducciones.com.ar\/radioquijano\/alerta-en-campo-quijano-por-la-presencia-de-yararas-en-barrios-locales\/\"]}]},{\"@type\":\"BreadcrumbList\",\"@id\":\"https:\/\/nahuelproducciones.com.ar\/radioquijano\/alerta-en-campo-quijano-por-la-presencia-de-yararas-en-barrios-locales\/#breadcrumb\",\"itemListElement\":[{\"@type\":\"ListItem\",\"position\":1,\"name\":\"Portada\",\"item\":\"https:\/\/nahuelproducciones.com.ar\/radioquijano\/\"},{\"@type\":\"ListItem\",\"position\":2,\"name\":\"Alerta en Campo Quijano por la presencia de yarar\u00e1s en barrios locales\"}]},{\"@type\":\"WebSite\",\"@id\":\"https:\/\/nahuelproducciones.com.ar\/radioquijano\/#website\",\"url\":\"https:\/\/nahuelproducciones.com.ar\/radioquijano\/\",\"name\":\"RQ 99.9\",\"description\":\"Radio Quijano 99.9 MHz\",\"potentialAction\":[{\"@type\":\"SearchAction\",\"target\":{\"@type\":\"EntryPoint\",\"urlTemplate\":\"https:\/\/nahuelproducciones.com.ar\/radioquijano\/?s={search_term_string}\"},\"query-input\":\"required name=search_term_string\"}],\"inLanguage\":\"es\"},{\"@type\":\"Person\",\"@id\":\"https:\/\/nahuelproducciones.com.ar\/radioquijano\/#\/schema\/person\/e8a4f939e2cb487fe6d0c54042c9d32c\",\"name\":\"Cecilia Pastrana\",\"image\":{\"@type\":\"ImageObject\",\"inLanguage\":\"es\",\"@id\":\"https:\/\/nahuelproducciones.com.ar\/radioquijano\/#\/schema\/person\/image\/\",\"url\":\"https:\/\/secure.gravatar.com\/avatar\/661a3ef63a8488d4f2794ed44af8cf71420f7e106f3072c40125114df5157749?s=96&d=mm&r=g\",\"contentUrl\":\"https:\/\/secure.gravatar.com\/avatar\/661a3ef63a8488d4f2794ed44af8cf71420f7e106f3072c40125114df5157749?s=96&d=mm&r=g\",\"caption\":\"Cecilia Pastrana\"},\"sameAs\":[\"cecy\"],\"url\":\"https:\/\/nahuelproducciones.com.ar\/radioquijano\/author\/cecy\/\"}]}<\/script>\n<!-- \/ Yoast SEO plugin. -->","yoast_head_json":{"title":"Alerta en Campo Quijano por la presencia de yarar\u00e1s en barrios locales - RQ 99.9","description":"El mensaje fue publicado por las proteccionistas \"Patitas de Amor\" a trav\u00e9s de su perfil de Facebook, alertando a la comunidad sobre esta problem\u00e1tica y promoviendo medidas de prevenci\u00f3n.","robots":{"index":"index","follow":"follow","max-snippet":"max-snippet:-1","max-image-preview":"max-image-preview:large","max-video-preview":"max-video-preview:-1"},"canonical":"https:\/\/nahuelproducciones.com.ar\/radioquijano\/alerta-en-campo-quijano-por-la-presencia-de-yararas-en-barrios-locales\/","og_locale":"es_ES","og_type":"article","og_title":"Alerta en Campo Quijano por la presencia de yarar\u00e1s en barrios locales - RQ 99.9","og_description":"El mensaje fue publicado por las proteccionistas \"Patitas de Amor\" a trav\u00e9s de su perfil de Facebook, alertando a la comunidad sobre esta problem\u00e1tica y promoviendo medidas de prevenci\u00f3n.","og_url":"https:\/\/nahuelproducciones.com.ar\/radioquijano\/alerta-en-campo-quijano-por-la-presencia-de-yararas-en-barrios-locales\/","og_site_name":"RQ 99.9","article_publisher":"https:\/\/www.facebook.com\/nahuelproducciones999\/","article_published_time":"2025-03-09T15:23:15+00:00","article_modified_time":"2025-03-09T15:23:16+00:00","og_image":[{"width":394,"height":589,"url":"https:\/\/nahuelproducciones.com.ar\/radioquijano\/wp-content\/uploads\/2025\/03\/WhatsApp-Image-2025-03-09-at-12.17.20-PM.jpeg","type":"image\/jpeg"}],"author":"Cecilia Pastrana","twitter_card":"summary_large_image","twitter_creator":"@nahuproduciones","twitter_site":"@nahuproduciones","twitter_misc":{"Escrito por":"Cecilia Pastrana","Tiempo de lectura":"1 minuto"},"schema":{"@context":"https:\/\/schema.org","@graph":[{"@type":"WebPage","@id":"https:\/\/nahuelproducciones.com.ar\/radioquijano\/alerta-en-campo-quijano-por-la-presencia-de-yararas-en-barrios-locales\/","url":"https:\/\/nahuelproducciones.com.ar\/radioquijano\/alerta-en-campo-quijano-por-la-presencia-de-yararas-en-barrios-locales\/","name":"Alerta en Campo Quijano por la presencia de yarar\u00e1s en barrios locales - RQ 99.9","isPartOf":{"@id":"https:\/\/nahuelproducciones.com.ar\/radioquijano\/#website"},"datePublished":"2025-03-09T15:23:15+00:00","dateModified":"2025-03-09T15:23:16+00:00","author":{"@id":"https:\/\/nahuelproducciones.com.ar\/radioquijano\/#\/schema\/person\/e8a4f939e2cb487fe6d0c54042c9d32c"},"description":"El mensaje fue publicado por las proteccionistas \"Patitas de Amor\" a trav\u00e9s de su perfil de Facebook, alertando a la comunidad sobre esta problem\u00e1tica y promoviendo medidas de prevenci\u00f3n.","breadcrumb":{"@id":"https:\/\/nahuelproducciones.com.ar\/radioquijano\/alerta-en-campo-quijano-por-la-presencia-de-yararas-en-barrios-locales\/#breadcrumb"},"inLanguage":"es","potentialAction":[{"@type":"ReadAction","target":["https:\/\/nahuelproducciones.com.ar\/radioquijano\/alerta-en-campo-quijano-por-la-presencia-de-yararas-en-barrios-locales\/"]}]},{"@type":"BreadcrumbList","@id":"https:\/\/nahuelproducciones.com.ar\/radioquijano\/alerta-en-campo-quijano-por-la-presencia-de-yararas-en-barrios-locales\/#breadcrumb","itemListElement":[{"@type":"ListItem","position":1,"name":"Portada","item":"https:\/\/nahuelproducciones.com.ar\/radioquijano\/"},{"@type":"ListItem","position":2,"name":"Alerta en Campo Quijano por la presencia de yarar\u00e1s en barrios locales"}]},{"@type":"WebSite","@id":"https:\/\/nahuelproducciones.com.ar\/radioquijano\/#website","url":"https:\/\/nahuelproducciones.com.ar\/radioquijano\/","name":"RQ 99.9","description":"Radio Quijano 99.9 MHz","potentialAction":[{"@type":"SearchAction","target":{"@type":"EntryPoint","urlTemplate":"https:\/\/nahuelproducciones.com.ar\/radioquijano\/?s={search_term_string}"},"query-input":"required name=search_term_string"}],"inLanguage":"es"},{"@type":"Person","@id":"https:\/\/nahuelproducciones.com.ar\/radioquijano\/#\/schema\/person\/e8a4f939e2cb487fe6d0c54042c9d32c","name":"Cecilia Pastrana","image":{"@type":"ImageObject","inLanguage":"es","@id":"https:\/\/nahuelproducciones.com.ar\/radioquijano\/#\/schema\/person\/image\/","url":"https:\/\/secure.gravatar.com\/avatar\/661a3ef63a8488d4f2794ed44af8cf71420f7e106f3072c40125114df5157749?s=96&d=mm&r=g","contentUrl":"https:\/\/secure.gravatar.com\/avatar\/661a3ef63a8488d4f2794ed44af8cf71420f7e106f3072c40125114df5157749?s=96&d=mm&r=g","caption":"Cecilia Pastrana"},"sameAs":["cecy"],"url":"https:\/\/nahuelproducciones.com.ar\/radioquijano\/author\/cecy\/"}]}},"_links":{"self":[{"href":"https:\/\/nahuelproducciones.com.ar\/radioquijano\/wp-json\/wp\/v2\/posts\/9831","targetHints":{"allow":["GET"]}}],"collection":[{"href":"https:\/\/nahuelproducciones.com.ar\/radioquijano\/wp-json\/wp\/v2\/posts"}],"about":[{"href":"https:\/\/nahuelproducciones.com.ar\/radioquijano\/wp-json\/wp\/v2\/types\/post"}],"author":[{"embeddable":true,"href":"https:\/\/nahuelproducciones.com.ar\/radioquijano\/wp-json\/wp\/v2\/users\/8"}],"replies":[{"embeddable":true,"href":"https:\/\/nahuelproducciones.com.ar\/radioquijano\/wp-json\/wp\/v2\/comments?post=9831"}],"version-history":[{"count":1,"href":"https:\/\/nahuelproducciones.com.ar\/radioquijano\/wp-json\/wp\/v2\/posts\/9831\/revisions"}],"predecessor-version":[{"id":9833,"href":"https:\/\/nahuelproducciones.com.ar\/radioquijano\/wp-json\/wp\/v2\/posts\/9831\/revisions\/9833"}],"wp:featuredmedia":[{"embeddable":true,"href":"https:\/\/nahuelproducciones.com.ar\/radioquijano\/wp-json\/wp\/v2\/media\/9832"}],"wp:attachment":[{"href":"https:\/\/nahuelproducciones.com.ar\/radioquijano\/wp-json\/wp\/v2\/media?parent=9831"}],"wp:term":[{"taxonomy":"category","embeddable":true,"href":"https:\/\/nahuelproducciones.com.ar\/radioquijano\/wp-json\/wp\/v2\/categories?post=9831"},{"taxonomy":"post_tag","embeddable":true,"href":"https:\/\/nahuelproducciones.com.ar\/radioquijano\/wp-json\/wp\/v2\/tags?post=9831"}],"curies":[{"name":"wp","href":"https:\/\/api.w.org\/{rel}","templated":true}]}}