{"id":9849,"date":"2025-03-09T13:52:53","date_gmt":"2025-03-09T16:52:53","guid":{"rendered":"https:\/\/nahuelproducciones.com.ar\/radioquijano\/?p=9849"},"modified":"2025-03-09T13:52:55","modified_gmt":"2025-03-09T16:52:55","slug":"alerta-en-la-quebrada-buscan-a-una-familia-incomunicada-tras-la-tormenta","status":"publish","type":"post","link":"https:\/\/nahuelproducciones.com.ar\/radioquijano\/alerta-en-la-quebrada-buscan-a-una-familia-incomunicada-tras-la-tormenta\/","title":{"rendered":"Alerta en la Quebrada: Buscan a una familia incomunicada tras la tormenta"},"content":{"rendered":"\n<p>Una fuerte tormenta azot\u00f3 la zona de la Quebrada, dejando a muchas familias afectadas y generando preocupaci\u00f3n por aquellos que se encuentran en \u00e1reas de dif\u00edcil acceso. En este contexto, el pastor evang\u00e9lico Heraldo Ovando se acerc\u00f3 a Radio Quijano para manifestar su inquietud ante la falta de comunicaci\u00f3n con una familia residente en Lari Grande, una zona cercana a El Palomar y Las Cuevas.<\/p>\n\n\n\n<p>Desde que comenz\u00f3 la tormenta, no ha sido posible establecer contacto con la familia, compuesta por tres menores, un joven y la madre, Ubaldina Lamas. Debido a las condiciones del terreno y a las restricciones de acceso desde Campo Quijano, los allegados no han podido llegar hasta el lugar para verificar su estado.<\/p>\n\n\n\n<p>Ante esta situaci\u00f3n, el pastor Ovando dej\u00f3 disponible el n\u00famero de contacto de la hija de la se\u00f1ora Lamas, Marta Lamas, quien puede ser contactada al 3872279063 en caso de obtener informaci\u00f3n sobre el paradero o la situaci\u00f3n de la familia. Asimismo, el propio pastor est\u00e1 coordinando esfuerzos de b\u00fasqueda y habilit\u00f3 su n\u00famero personal, 3875626346, para quienes puedan colaborar en la localizaci\u00f3n de los afectados.<\/p>\n\n\n\n<p>Los allegados se presentar\u00e1n ante las autoridades policiales para solicitar ayuda en la b\u00fasqueda. En este marco, se destaca la colaboraci\u00f3n de Alberto Chala Ramos, quien se ha ofrecido a asistir en las tareas de rastreo y a establecer contacto con personas que puedan aportar datos relevantes.<\/p>\n\n\n\n<p>Se insta a la comunidad a difundir esta informaci\u00f3n y a brindar cualquier dato que ayude a dar con la familia incomunicada. La situaci\u00f3n es cr\u00edtica y cada aporte puede ser clave para garantizar su seguridad.<\/p>\n\n\n\n<figure class=\"wp-block-audio\"><audio controls src=\"https:\/\/nahuelproducciones.com.ar\/radioquijano\/wp-content\/uploads\/2025\/03\/9-03-2025-PASTOR-HERALDO-OVANDO-BUSCA-FAMILIA-LAMAS-EN-LARI-GRANDE-CERCA-DE-LAS-CUEVASmp3.mp3\"><\/audio><\/figure>\n","protected":false},"excerpt":{"rendered":"<p>Una fuerte tormenta azot\u00f3 la zona de la Quebrada, dejando a muchas familias afectadas y generando preocupaci\u00f3n por aquellos que se encuentran en \u00e1reas de dif\u00edcil acceso. En este contexto, el pastor evang\u00e9lico Heraldo Ovando se acerc\u00f3 a Radio Quijano para manifestar su inquietud ante la falta de comunicaci\u00f3n con una familia residente en Lari [&hellip;]<\/p>\n","protected":false},"author":8,"featured_media":9850,"comment_status":"open","ping_status":"open","sticky":false,"template":"","format":"standard","meta":{"_monsterinsights_skip_tracking":false,"_monsterinsights_sitenote_active":false,"_monsterinsights_sitenote_note":"","_monsterinsights_sitenote_category":0,"footnotes":""},"categories":[16],"tags":[1747,1746,100],"class_list":["post-9849","post","type-post","status-publish","format-standard","has-post-thumbnail","hentry","category-noticias","tag-familia-lamas","tag-lari-grande","tag-municipio-de-campo-quijano"],"yoast_head":"<!-- This site is optimized with the Yoast SEO plugin v20.8 - https:\/\/yoast.com\/wordpress\/plugins\/seo\/ -->\n<title>Alerta en la Quebrada: Buscan a una familia incomunicada tras la tormenta - RQ 99.9<\/title>\n<meta name=\"description\" content=\"Desde que comenz\u00f3 la tormenta, no ha sido posible establecer contacto con la familia\" \/>\n<meta name=\"robots\" content=\"index, follow, max-snippet:-1, max-image-preview:large, max-video-preview:-1\" \/>\n<link rel=\"canonical\" href=\"https:\/\/nahuelproducciones.com.ar\/radioquijano\/alerta-en-la-quebrada-buscan-a-una-familia-incomunicada-tras-la-tormenta\/\" \/>\n<meta property=\"og:locale\" content=\"es_ES\" \/>\n<meta property=\"og:type\" content=\"article\" \/>\n<meta property=\"og:title\" content=\"Alerta en la Quebrada: Buscan a una familia incomunicada tras la tormenta - RQ 99.9\" \/>\n<meta property=\"og:description\" content=\"Desde que comenz\u00f3 la tormenta, no ha sido posible establecer contacto con la familia\" \/>\n<meta property=\"og:url\" content=\"https:\/\/nahuelproducciones.com.ar\/radioquijano\/alerta-en-la-quebrada-buscan-a-una-familia-incomunicada-tras-la-tormenta\/\" \/>\n<meta property=\"og:site_name\" content=\"RQ 99.9\" \/>\n<meta property=\"article:publisher\" content=\"https:\/\/www.facebook.com\/nahuelproducciones999\/\" \/>\n<meta property=\"article:published_time\" content=\"2025-03-09T16:52:53+00:00\" \/>\n<meta property=\"article:modified_time\" content=\"2025-03-09T16:52:55+00:00\" \/>\n<meta property=\"og:image\" content=\"https:\/\/nahuelproducciones.com.ar\/radioquijano\/wp-content\/uploads\/2025\/03\/WhatsApp-Image-2025-03-09-at-1.46.03-PM-e1741539076331.jpeg\" \/>\n\t<meta property=\"og:image:width\" content=\"700\" \/>\n\t<meta property=\"og:image:height\" content=\"386\" \/>\n\t<meta property=\"og:image:type\" content=\"image\/jpeg\" \/>\n<meta name=\"author\" content=\"Cecilia Pastrana\" \/>\n<meta name=\"twitter:card\" content=\"summary_large_image\" \/>\n<meta name=\"twitter:creator\" content=\"@nahuproduciones\" \/>\n<meta name=\"twitter:site\" content=\"@nahuproduciones\" \/>\n<meta name=\"twitter:label1\" content=\"Escrito por\" \/>\n\t<meta name=\"twitter:data1\" content=\"Cecilia Pastrana\" \/>\n\t<meta name=\"twitter:label2\" content=\"Tiempo de lectura\" \/>\n\t<meta name=\"twitter:data2\" content=\"2 minutos\" \/>\n<script type=\"application\/ld+json\" class=\"yoast-schema-graph\">{\"@context\":\"https:\/\/schema.org\",\"@graph\":[{\"@type\":\"WebPage\",\"@id\":\"https:\/\/nahuelproducciones.com.ar\/radioquijano\/alerta-en-la-quebrada-buscan-a-una-familia-incomunicada-tras-la-tormenta\/\",\"url\":\"https:\/\/nahuelproducciones.com.ar\/radioquijano\/alerta-en-la-quebrada-buscan-a-una-familia-incomunicada-tras-la-tormenta\/\",\"name\":\"Alerta en la Quebrada: Buscan a una familia incomunicada tras la tormenta - RQ 99.9\",\"isPartOf\":{\"@id\":\"https:\/\/nahuelproducciones.com.ar\/radioquijano\/#website\"},\"datePublished\":\"2025-03-09T16:52:53+00:00\",\"dateModified\":\"2025-03-09T16:52:55+00:00\",\"author\":{\"@id\":\"https:\/\/nahuelproducciones.com.ar\/radioquijano\/#\/schema\/person\/e8a4f939e2cb487fe6d0c54042c9d32c\"},\"description\":\"Desde que comenz\u00f3 la tormenta, no ha sido posible establecer contacto con la familia\",\"breadcrumb\":{\"@id\":\"https:\/\/nahuelproducciones.com.ar\/radioquijano\/alerta-en-la-quebrada-buscan-a-una-familia-incomunicada-tras-la-tormenta\/#breadcrumb\"},\"inLanguage\":\"es\",\"potentialAction\":[{\"@type\":\"ReadAction\",\"target\":[\"https:\/\/nahuelproducciones.com.ar\/radioquijano\/alerta-en-la-quebrada-buscan-a-una-familia-incomunicada-tras-la-tormenta\/\"]}]},{\"@type\":\"BreadcrumbList\",\"@id\":\"https:\/\/nahuelproducciones.com.ar\/radioquijano\/alerta-en-la-quebrada-buscan-a-una-familia-incomunicada-tras-la-tormenta\/#breadcrumb\",\"itemListElement\":[{\"@type\":\"ListItem\",\"position\":1,\"name\":\"Portada\",\"item\":\"https:\/\/nahuelproducciones.com.ar\/radioquijano\/\"},{\"@type\":\"ListItem\",\"position\":2,\"name\":\"Alerta en la Quebrada: Buscan a una familia incomunicada tras la tormenta\"}]},{\"@type\":\"WebSite\",\"@id\":\"https:\/\/nahuelproducciones.com.ar\/radioquijano\/#website\",\"url\":\"https:\/\/nahuelproducciones.com.ar\/radioquijano\/\",\"name\":\"RQ 99.9\",\"description\":\"Radio Quijano 99.9 MHz\",\"potentialAction\":[{\"@type\":\"SearchAction\",\"target\":{\"@type\":\"EntryPoint\",\"urlTemplate\":\"https:\/\/nahuelproducciones.com.ar\/radioquijano\/?s={search_term_string}\"},\"query-input\":\"required name=search_term_string\"}],\"inLanguage\":\"es\"},{\"@type\":\"Person\",\"@id\":\"https:\/\/nahuelproducciones.com.ar\/radioquijano\/#\/schema\/person\/e8a4f939e2cb487fe6d0c54042c9d32c\",\"name\":\"Cecilia Pastrana\",\"image\":{\"@type\":\"ImageObject\",\"inLanguage\":\"es\",\"@id\":\"https:\/\/nahuelproducciones.com.ar\/radioquijano\/#\/schema\/person\/image\/\",\"url\":\"https:\/\/secure.gravatar.com\/avatar\/661a3ef63a8488d4f2794ed44af8cf71420f7e106f3072c40125114df5157749?s=96&d=mm&r=g\",\"contentUrl\":\"https:\/\/secure.gravatar.com\/avatar\/661a3ef63a8488d4f2794ed44af8cf71420f7e106f3072c40125114df5157749?s=96&d=mm&r=g\",\"caption\":\"Cecilia Pastrana\"},\"sameAs\":[\"cecy\"],\"url\":\"https:\/\/nahuelproducciones.com.ar\/radioquijano\/author\/cecy\/\"}]}<\/script>\n<!-- \/ Yoast SEO plugin. -->","yoast_head_json":{"title":"Alerta en la Quebrada: Buscan a una familia incomunicada tras la tormenta - RQ 99.9","description":"Desde que comenz\u00f3 la tormenta, no ha sido posible establecer contacto con la familia","robots":{"index":"index","follow":"follow","max-snippet":"max-snippet:-1","max-image-preview":"max-image-preview:large","max-video-preview":"max-video-preview:-1"},"canonical":"https:\/\/nahuelproducciones.com.ar\/radioquijano\/alerta-en-la-quebrada-buscan-a-una-familia-incomunicada-tras-la-tormenta\/","og_locale":"es_ES","og_type":"article","og_title":"Alerta en la Quebrada: Buscan a una familia incomunicada tras la tormenta - RQ 99.9","og_description":"Desde que comenz\u00f3 la tormenta, no ha sido posible establecer contacto con la familia","og_url":"https:\/\/nahuelproducciones.com.ar\/radioquijano\/alerta-en-la-quebrada-buscan-a-una-familia-incomunicada-tras-la-tormenta\/","og_site_name":"RQ 99.9","article_publisher":"https:\/\/www.facebook.com\/nahuelproducciones999\/","article_published_time":"2025-03-09T16:52:53+00:00","article_modified_time":"2025-03-09T16:52:55+00:00","og_image":[{"width":700,"height":386,"url":"https:\/\/nahuelproducciones.com.ar\/radioquijano\/wp-content\/uploads\/2025\/03\/WhatsApp-Image-2025-03-09-at-1.46.03-PM-e1741539076331.jpeg","type":"image\/jpeg"}],"author":"Cecilia Pastrana","twitter_card":"summary_large_image","twitter_creator":"@nahuproduciones","twitter_site":"@nahuproduciones","twitter_misc":{"Escrito por":"Cecilia Pastrana","Tiempo de lectura":"2 minutos"},"schema":{"@context":"https:\/\/schema.org","@graph":[{"@type":"WebPage","@id":"https:\/\/nahuelproducciones.com.ar\/radioquijano\/alerta-en-la-quebrada-buscan-a-una-familia-incomunicada-tras-la-tormenta\/","url":"https:\/\/nahuelproducciones.com.ar\/radioquijano\/alerta-en-la-quebrada-buscan-a-una-familia-incomunicada-tras-la-tormenta\/","name":"Alerta en la Quebrada: Buscan a una familia incomunicada tras la tormenta - RQ 99.9","isPartOf":{"@id":"https:\/\/nahuelproducciones.com.ar\/radioquijano\/#website"},"datePublished":"2025-03-09T16:52:53+00:00","dateModified":"2025-03-09T16:52:55+00:00","author":{"@id":"https:\/\/nahuelproducciones.com.ar\/radioquijano\/#\/schema\/person\/e8a4f939e2cb487fe6d0c54042c9d32c"},"description":"Desde que comenz\u00f3 la tormenta, no ha sido posible establecer contacto con la familia","breadcrumb":{"@id":"https:\/\/nahuelproducciones.com.ar\/radioquijano\/alerta-en-la-quebrada-buscan-a-una-familia-incomunicada-tras-la-tormenta\/#breadcrumb"},"inLanguage":"es","potentialAction":[{"@type":"ReadAction","target":["https:\/\/nahuelproducciones.com.ar\/radioquijano\/alerta-en-la-quebrada-buscan-a-una-familia-incomunicada-tras-la-tormenta\/"]}]},{"@type":"BreadcrumbList","@id":"https:\/\/nahuelproducciones.com.ar\/radioquijano\/alerta-en-la-quebrada-buscan-a-una-familia-incomunicada-tras-la-tormenta\/#breadcrumb","itemListElement":[{"@type":"ListItem","position":1,"name":"Portada","item":"https:\/\/nahuelproducciones.com.ar\/radioquijano\/"},{"@type":"ListItem","position":2,"name":"Alerta en la Quebrada: Buscan a una familia incomunicada tras la tormenta"}]},{"@type":"WebSite","@id":"https:\/\/nahuelproducciones.com.ar\/radioquijano\/#website","url":"https:\/\/nahuelproducciones.com.ar\/radioquijano\/","name":"RQ 99.9","description":"Radio Quijano 99.9 MHz","potentialAction":[{"@type":"SearchAction","target":{"@type":"EntryPoint","urlTemplate":"https:\/\/nahuelproducciones.com.ar\/radioquijano\/?s={search_term_string}"},"query-input":"required name=search_term_string"}],"inLanguage":"es"},{"@type":"Person","@id":"https:\/\/nahuelproducciones.com.ar\/radioquijano\/#\/schema\/person\/e8a4f939e2cb487fe6d0c54042c9d32c","name":"Cecilia Pastrana","image":{"@type":"ImageObject","inLanguage":"es","@id":"https:\/\/nahuelproducciones.com.ar\/radioquijano\/#\/schema\/person\/image\/","url":"https:\/\/secure.gravatar.com\/avatar\/661a3ef63a8488d4f2794ed44af8cf71420f7e106f3072c40125114df5157749?s=96&d=mm&r=g","contentUrl":"https:\/\/secure.gravatar.com\/avatar\/661a3ef63a8488d4f2794ed44af8cf71420f7e106f3072c40125114df5157749?s=96&d=mm&r=g","caption":"Cecilia Pastrana"},"sameAs":["cecy"],"url":"https:\/\/nahuelproducciones.com.ar\/radioquijano\/author\/cecy\/"}]}},"_links":{"self":[{"href":"https:\/\/nahuelproducciones.com.ar\/radioquijano\/wp-json\/wp\/v2\/posts\/9849","targetHints":{"allow":["GET"]}}],"collection":[{"href":"https:\/\/nahuelproducciones.com.ar\/radioquijano\/wp-json\/wp\/v2\/posts"}],"about":[{"href":"https:\/\/nahuelproducciones.com.ar\/radioquijano\/wp-json\/wp\/v2\/types\/post"}],"author":[{"embeddable":true,"href":"https:\/\/nahuelproducciones.com.ar\/radioquijano\/wp-json\/wp\/v2\/users\/8"}],"replies":[{"embeddable":true,"href":"https:\/\/nahuelproducciones.com.ar\/radioquijano\/wp-json\/wp\/v2\/comments?post=9849"}],"version-history":[{"count":1,"href":"https:\/\/nahuelproducciones.com.ar\/radioquijano\/wp-json\/wp\/v2\/posts\/9849\/revisions"}],"predecessor-version":[{"id":9852,"href":"https:\/\/nahuelproducciones.com.ar\/radioquijano\/wp-json\/wp\/v2\/posts\/9849\/revisions\/9852"}],"wp:featuredmedia":[{"embeddable":true,"href":"https:\/\/nahuelproducciones.com.ar\/radioquijano\/wp-json\/wp\/v2\/media\/9850"}],"wp:attachment":[{"href":"https:\/\/nahuelproducciones.com.ar\/radioquijano\/wp-json\/wp\/v2\/media?parent=9849"}],"wp:term":[{"taxonomy":"category","embeddable":true,"href":"https:\/\/nahuelproducciones.com.ar\/radioquijano\/wp-json\/wp\/v2\/categories?post=9849"},{"taxonomy":"post_tag","embeddable":true,"href":"https:\/\/nahuelproducciones.com.ar\/radioquijano\/wp-json\/wp\/v2\/tags?post=9849"}],"curies":[{"name":"wp","href":"https:\/\/api.w.org\/{rel}","templated":true}]}}