{"id":9853,"date":"2025-03-10T11:46:44","date_gmt":"2025-03-10T14:46:44","guid":{"rendered":"https:\/\/nahuelproducciones.com.ar\/radioquijano\/?p=9853"},"modified":"2025-03-10T11:46:45","modified_gmt":"2025-03-10T14:46:45","slug":"8-anos-de-radio-quijano","status":"publish","type":"post","link":"https:\/\/nahuelproducciones.com.ar\/radioquijano\/8-anos-de-radio-quijano\/","title":{"rendered":"8 A\u00f1os de Radio Quijano."},"content":{"rendered":"\n<p>Hoy celebramos un nuevo aniversario de Radio Quijano. Ocho a\u00f1os atr\u00e1s, este proyecto naci\u00f3 del esfuerzo y la convicci\u00f3n de una familia que crey\u00f3 en la importancia de la comunicaci\u00f3n libre y cercana a la gente. Desde entonces, este espacio se convirti\u00f3 en mucho m\u00e1s que una radio: es un puente entre vecinos, una herramienta para visibilizar problem\u00e1ticas y una plataforma donde la comunidad puede expresar sus ideas, inquietudes y sue\u00f1os.<\/p>\n\n\n\n<p>No ha sido un camino f\u00e1cil. Nos enfrentamos a altibajos, desaf\u00edos y a quienes quisieron silenciar nuestra voz. Pero aqu\u00ed seguimos, convencidos de que la libertad de expresi\u00f3n en democracia es el mejor camino para la convivencia y la paz. Sin tintes partidarios, pero con la firme decisi\u00f3n de se\u00f1alar las falencias de cada gesti\u00f3n, de acompa\u00f1ar a los vecinos en la b\u00fasqueda de soluciones y de ser testigos de cada peque\u00f1a gran victoria comunitaria.<\/p>\n\n\n\n<p>Este aniversario es de todos. Agradecemos a la familia, a los amigos, a los oyentes y a quienes, de una forma u otra, han sido parte de este sue\u00f1o hecho realidad. A los que aportan informaci\u00f3n, fotos, videos, gestiones y su valioso tiempo para que este medio siga de pie. Radio Quijano es suya. Porque cuando una comunidad se une para informarse, ayudar y construir juntos, la voz nunca se apaga.<\/p>\n\n\n\n<p>Sigamos apostando por m\u00e1s a\u00f1os de comunicaci\u00f3n libre, compromiso y crecimiento. Porque Radio Quijano no es solo una emisora, es el reflejo de su gente.<\/p>\n\n\n\n<p>\u00a1Gracias y por muchos a\u00f1os m\u00e1s!<\/p>\n","protected":false},"excerpt":{"rendered":"<p>Hoy celebramos un nuevo aniversario de Radio Quijano. Ocho a\u00f1os atr\u00e1s, este proyecto naci\u00f3 del esfuerzo y la convicci\u00f3n de una familia que crey\u00f3 en la importancia de la comunicaci\u00f3n libre y cercana a la gente. Desde entonces, este espacio se convirti\u00f3 en mucho m\u00e1s que una radio: es un puente entre vecinos, una herramienta [&hellip;]<\/p>\n","protected":false},"author":8,"featured_media":9854,"comment_status":"open","ping_status":"open","sticky":false,"template":"","format":"standard","meta":{"_monsterinsights_skip_tracking":false,"_monsterinsights_sitenote_active":false,"_monsterinsights_sitenote_note":"","_monsterinsights_sitenote_category":0,"footnotes":""},"categories":[6],"tags":[1748,100,174],"class_list":["post-9853","post","type-post","status-publish","format-standard","has-post-thumbnail","hentry","category-editorial","tag-8-anos","tag-municipio-de-campo-quijano","tag-rq99-9mhz"],"yoast_head":"<!-- This site is optimized with the Yoast SEO plugin v20.8 - https:\/\/yoast.com\/wordpress\/plugins\/seo\/ -->\n<title>8 A\u00f1os de Radio Quijano. - RQ 99.9<\/title>\n<meta name=\"description\" content=\"Sigamos apostando por m\u00e1s a\u00f1os de comunicaci\u00f3n libre, compromiso y crecimiento. Porque Radio Quijano no es solo una emisora, es el reflejo de su gente.\" \/>\n<meta name=\"robots\" content=\"index, follow, max-snippet:-1, max-image-preview:large, max-video-preview:-1\" \/>\n<link rel=\"canonical\" href=\"https:\/\/nahuelproducciones.com.ar\/radioquijano\/8-anos-de-radio-quijano\/\" \/>\n<meta property=\"og:locale\" content=\"es_ES\" \/>\n<meta property=\"og:type\" content=\"article\" \/>\n<meta property=\"og:title\" content=\"8 A\u00f1os de Radio Quijano. - RQ 99.9\" \/>\n<meta property=\"og:description\" content=\"Sigamos apostando por m\u00e1s a\u00f1os de comunicaci\u00f3n libre, compromiso y crecimiento. Porque Radio Quijano no es solo una emisora, es el reflejo de su gente.\" \/>\n<meta property=\"og:url\" content=\"https:\/\/nahuelproducciones.com.ar\/radioquijano\/8-anos-de-radio-quijano\/\" \/>\n<meta property=\"og:site_name\" content=\"RQ 99.9\" \/>\n<meta property=\"article:publisher\" content=\"https:\/\/www.facebook.com\/nahuelproducciones999\/\" \/>\n<meta property=\"article:published_time\" content=\"2025-03-10T14:46:44+00:00\" \/>\n<meta property=\"article:modified_time\" content=\"2025-03-10T14:46:45+00:00\" \/>\n<meta property=\"og:image\" content=\"https:\/\/nahuelproducciones.com.ar\/radioquijano\/wp-content\/uploads\/2025\/03\/Post-para-Instagram-Feliz-Cumpleanos-Divertido-Rosa-y-Celeste.png\" \/>\n\t<meta property=\"og:image:width\" content=\"1080\" \/>\n\t<meta property=\"og:image:height\" content=\"1080\" \/>\n\t<meta property=\"og:image:type\" content=\"image\/png\" \/>\n<meta name=\"author\" content=\"Cecilia Pastrana\" \/>\n<meta name=\"twitter:card\" content=\"summary_large_image\" \/>\n<meta name=\"twitter:creator\" content=\"@nahuproduciones\" \/>\n<meta name=\"twitter:site\" content=\"@nahuproduciones\" \/>\n<meta name=\"twitter:label1\" content=\"Escrito por\" \/>\n\t<meta name=\"twitter:data1\" content=\"Cecilia Pastrana\" \/>\n\t<meta name=\"twitter:label2\" content=\"Tiempo de lectura\" \/>\n\t<meta name=\"twitter:data2\" content=\"2 minutos\" \/>\n<script type=\"application\/ld+json\" class=\"yoast-schema-graph\">{\"@context\":\"https:\/\/schema.org\",\"@graph\":[{\"@type\":\"WebPage\",\"@id\":\"https:\/\/nahuelproducciones.com.ar\/radioquijano\/8-anos-de-radio-quijano\/\",\"url\":\"https:\/\/nahuelproducciones.com.ar\/radioquijano\/8-anos-de-radio-quijano\/\",\"name\":\"8 A\u00f1os de Radio Quijano. - RQ 99.9\",\"isPartOf\":{\"@id\":\"https:\/\/nahuelproducciones.com.ar\/radioquijano\/#website\"},\"datePublished\":\"2025-03-10T14:46:44+00:00\",\"dateModified\":\"2025-03-10T14:46:45+00:00\",\"author\":{\"@id\":\"https:\/\/nahuelproducciones.com.ar\/radioquijano\/#\/schema\/person\/e8a4f939e2cb487fe6d0c54042c9d32c\"},\"description\":\"Sigamos apostando por m\u00e1s a\u00f1os de comunicaci\u00f3n libre, compromiso y crecimiento. Porque Radio Quijano no es solo una emisora, es el reflejo de su gente.\",\"breadcrumb\":{\"@id\":\"https:\/\/nahuelproducciones.com.ar\/radioquijano\/8-anos-de-radio-quijano\/#breadcrumb\"},\"inLanguage\":\"es\",\"potentialAction\":[{\"@type\":\"ReadAction\",\"target\":[\"https:\/\/nahuelproducciones.com.ar\/radioquijano\/8-anos-de-radio-quijano\/\"]}]},{\"@type\":\"BreadcrumbList\",\"@id\":\"https:\/\/nahuelproducciones.com.ar\/radioquijano\/8-anos-de-radio-quijano\/#breadcrumb\",\"itemListElement\":[{\"@type\":\"ListItem\",\"position\":1,\"name\":\"Portada\",\"item\":\"https:\/\/nahuelproducciones.com.ar\/radioquijano\/\"},{\"@type\":\"ListItem\",\"position\":2,\"name\":\"8 A\u00f1os de Radio Quijano.\"}]},{\"@type\":\"WebSite\",\"@id\":\"https:\/\/nahuelproducciones.com.ar\/radioquijano\/#website\",\"url\":\"https:\/\/nahuelproducciones.com.ar\/radioquijano\/\",\"name\":\"RQ 99.9\",\"description\":\"Radio Quijano 99.9 MHz\",\"potentialAction\":[{\"@type\":\"SearchAction\",\"target\":{\"@type\":\"EntryPoint\",\"urlTemplate\":\"https:\/\/nahuelproducciones.com.ar\/radioquijano\/?s={search_term_string}\"},\"query-input\":\"required name=search_term_string\"}],\"inLanguage\":\"es\"},{\"@type\":\"Person\",\"@id\":\"https:\/\/nahuelproducciones.com.ar\/radioquijano\/#\/schema\/person\/e8a4f939e2cb487fe6d0c54042c9d32c\",\"name\":\"Cecilia Pastrana\",\"image\":{\"@type\":\"ImageObject\",\"inLanguage\":\"es\",\"@id\":\"https:\/\/nahuelproducciones.com.ar\/radioquijano\/#\/schema\/person\/image\/\",\"url\":\"https:\/\/secure.gravatar.com\/avatar\/661a3ef63a8488d4f2794ed44af8cf71420f7e106f3072c40125114df5157749?s=96&d=mm&r=g\",\"contentUrl\":\"https:\/\/secure.gravatar.com\/avatar\/661a3ef63a8488d4f2794ed44af8cf71420f7e106f3072c40125114df5157749?s=96&d=mm&r=g\",\"caption\":\"Cecilia Pastrana\"},\"sameAs\":[\"cecy\"],\"url\":\"https:\/\/nahuelproducciones.com.ar\/radioquijano\/author\/cecy\/\"}]}<\/script>\n<!-- \/ Yoast SEO plugin. -->","yoast_head_json":{"title":"8 A\u00f1os de Radio Quijano. - RQ 99.9","description":"Sigamos apostando por m\u00e1s a\u00f1os de comunicaci\u00f3n libre, compromiso y crecimiento. Porque Radio Quijano no es solo una emisora, es el reflejo de su gente.","robots":{"index":"index","follow":"follow","max-snippet":"max-snippet:-1","max-image-preview":"max-image-preview:large","max-video-preview":"max-video-preview:-1"},"canonical":"https:\/\/nahuelproducciones.com.ar\/radioquijano\/8-anos-de-radio-quijano\/","og_locale":"es_ES","og_type":"article","og_title":"8 A\u00f1os de Radio Quijano. - RQ 99.9","og_description":"Sigamos apostando por m\u00e1s a\u00f1os de comunicaci\u00f3n libre, compromiso y crecimiento. Porque Radio Quijano no es solo una emisora, es el reflejo de su gente.","og_url":"https:\/\/nahuelproducciones.com.ar\/radioquijano\/8-anos-de-radio-quijano\/","og_site_name":"RQ 99.9","article_publisher":"https:\/\/www.facebook.com\/nahuelproducciones999\/","article_published_time":"2025-03-10T14:46:44+00:00","article_modified_time":"2025-03-10T14:46:45+00:00","og_image":[{"width":1080,"height":1080,"url":"https:\/\/nahuelproducciones.com.ar\/radioquijano\/wp-content\/uploads\/2025\/03\/Post-para-Instagram-Feliz-Cumpleanos-Divertido-Rosa-y-Celeste.png","type":"image\/png"}],"author":"Cecilia Pastrana","twitter_card":"summary_large_image","twitter_creator":"@nahuproduciones","twitter_site":"@nahuproduciones","twitter_misc":{"Escrito por":"Cecilia Pastrana","Tiempo de lectura":"2 minutos"},"schema":{"@context":"https:\/\/schema.org","@graph":[{"@type":"WebPage","@id":"https:\/\/nahuelproducciones.com.ar\/radioquijano\/8-anos-de-radio-quijano\/","url":"https:\/\/nahuelproducciones.com.ar\/radioquijano\/8-anos-de-radio-quijano\/","name":"8 A\u00f1os de Radio Quijano. - RQ 99.9","isPartOf":{"@id":"https:\/\/nahuelproducciones.com.ar\/radioquijano\/#website"},"datePublished":"2025-03-10T14:46:44+00:00","dateModified":"2025-03-10T14:46:45+00:00","author":{"@id":"https:\/\/nahuelproducciones.com.ar\/radioquijano\/#\/schema\/person\/e8a4f939e2cb487fe6d0c54042c9d32c"},"description":"Sigamos apostando por m\u00e1s a\u00f1os de comunicaci\u00f3n libre, compromiso y crecimiento. Porque Radio Quijano no es solo una emisora, es el reflejo de su gente.","breadcrumb":{"@id":"https:\/\/nahuelproducciones.com.ar\/radioquijano\/8-anos-de-radio-quijano\/#breadcrumb"},"inLanguage":"es","potentialAction":[{"@type":"ReadAction","target":["https:\/\/nahuelproducciones.com.ar\/radioquijano\/8-anos-de-radio-quijano\/"]}]},{"@type":"BreadcrumbList","@id":"https:\/\/nahuelproducciones.com.ar\/radioquijano\/8-anos-de-radio-quijano\/#breadcrumb","itemListElement":[{"@type":"ListItem","position":1,"name":"Portada","item":"https:\/\/nahuelproducciones.com.ar\/radioquijano\/"},{"@type":"ListItem","position":2,"name":"8 A\u00f1os de Radio Quijano."}]},{"@type":"WebSite","@id":"https:\/\/nahuelproducciones.com.ar\/radioquijano\/#website","url":"https:\/\/nahuelproducciones.com.ar\/radioquijano\/","name":"RQ 99.9","description":"Radio Quijano 99.9 MHz","potentialAction":[{"@type":"SearchAction","target":{"@type":"EntryPoint","urlTemplate":"https:\/\/nahuelproducciones.com.ar\/radioquijano\/?s={search_term_string}"},"query-input":"required name=search_term_string"}],"inLanguage":"es"},{"@type":"Person","@id":"https:\/\/nahuelproducciones.com.ar\/radioquijano\/#\/schema\/person\/e8a4f939e2cb487fe6d0c54042c9d32c","name":"Cecilia Pastrana","image":{"@type":"ImageObject","inLanguage":"es","@id":"https:\/\/nahuelproducciones.com.ar\/radioquijano\/#\/schema\/person\/image\/","url":"https:\/\/secure.gravatar.com\/avatar\/661a3ef63a8488d4f2794ed44af8cf71420f7e106f3072c40125114df5157749?s=96&d=mm&r=g","contentUrl":"https:\/\/secure.gravatar.com\/avatar\/661a3ef63a8488d4f2794ed44af8cf71420f7e106f3072c40125114df5157749?s=96&d=mm&r=g","caption":"Cecilia Pastrana"},"sameAs":["cecy"],"url":"https:\/\/nahuelproducciones.com.ar\/radioquijano\/author\/cecy\/"}]}},"_links":{"self":[{"href":"https:\/\/nahuelproducciones.com.ar\/radioquijano\/wp-json\/wp\/v2\/posts\/9853","targetHints":{"allow":["GET"]}}],"collection":[{"href":"https:\/\/nahuelproducciones.com.ar\/radioquijano\/wp-json\/wp\/v2\/posts"}],"about":[{"href":"https:\/\/nahuelproducciones.com.ar\/radioquijano\/wp-json\/wp\/v2\/types\/post"}],"author":[{"embeddable":true,"href":"https:\/\/nahuelproducciones.com.ar\/radioquijano\/wp-json\/wp\/v2\/users\/8"}],"replies":[{"embeddable":true,"href":"https:\/\/nahuelproducciones.com.ar\/radioquijano\/wp-json\/wp\/v2\/comments?post=9853"}],"version-history":[{"count":1,"href":"https:\/\/nahuelproducciones.com.ar\/radioquijano\/wp-json\/wp\/v2\/posts\/9853\/revisions"}],"predecessor-version":[{"id":9855,"href":"https:\/\/nahuelproducciones.com.ar\/radioquijano\/wp-json\/wp\/v2\/posts\/9853\/revisions\/9855"}],"wp:featuredmedia":[{"embeddable":true,"href":"https:\/\/nahuelproducciones.com.ar\/radioquijano\/wp-json\/wp\/v2\/media\/9854"}],"wp:attachment":[{"href":"https:\/\/nahuelproducciones.com.ar\/radioquijano\/wp-json\/wp\/v2\/media?parent=9853"}],"wp:term":[{"taxonomy":"category","embeddable":true,"href":"https:\/\/nahuelproducciones.com.ar\/radioquijano\/wp-json\/wp\/v2\/categories?post=9853"},{"taxonomy":"post_tag","embeddable":true,"href":"https:\/\/nahuelproducciones.com.ar\/radioquijano\/wp-json\/wp\/v2\/tags?post=9853"}],"curies":[{"name":"wp","href":"https:\/\/api.w.org\/{rel}","templated":true}]}}