{"id":9864,"date":"2025-03-13T01:52:51","date_gmt":"2025-03-13T04:52:51","guid":{"rendered":"https:\/\/nahuelproducciones.com.ar\/radioquijano\/?p=9864"},"modified":"2025-03-13T10:47:35","modified_gmt":"2025-03-13T13:47:35","slug":"padres-del-colegio-usandivaras-solicitan-que-lenguas-extranjeras-sea-solo-ingles","status":"publish","type":"post","link":"https:\/\/nahuelproducciones.com.ar\/radioquijano\/padres-del-colegio-usandivaras-solicitan-que-lenguas-extranjeras-sea-solo-ingles\/","title":{"rendered":"Padres del Colegio Usandivaras solicitan que Lenguas Extranjeras sea solo Ingl\u00e9s"},"content":{"rendered":"\n<p> Un grupo de padres de alumnos del Colegio Secundario Jovanovic Usandivaras est\u00e1 impulsando una iniciativa para que la asignatura Lenguas Extranjeras se dicte exclusivamente en ingl\u00e9s. Para ello, presentaran una nota formal solicitando la autorizaci\u00f3n correspondiente al Ministerio de Educaci\u00f3n.<\/p>\n\n\n\n<p>La comunidad educativa ha iniciado una campa\u00f1a de recolecci\u00f3n de firmas para respaldar el pedido y solicitar el apoyo de los vecinos de Campo Quijano. Seg\u00fan informaci\u00f3n, la entrega oficial del documento se realizar\u00e1 el jueves 13 de marzo a las 7 de la ma\u00f1ana en el Ministerio de Educaci\u00f3n.<\/p>\n\n\n\n<p>Los padres destacan la importancia del ingl\u00e9s como idioma universal y herramienta fundamental para la formaci\u00f3n acad\u00e9mica y profesional de los estudiantes. Por ello, instan a la comunidad a acompa\u00f1arlos en esta gesti\u00f3n para garantizar mejores oportunidades educativas para los j\u00f3venes de Quijano.<\/p>\n\n\n\n<p><\/p>\n","protected":false},"excerpt":{"rendered":"<p>Un grupo de padres de alumnos del Colegio Secundario Jovanovic Usandivaras est\u00e1 impulsando una iniciativa para que la asignatura Lenguas Extranjeras se dicte exclusivamente en ingl\u00e9s. Para ello, presentaran una nota formal solicitando la autorizaci\u00f3n correspondiente al Ministerio de Educaci\u00f3n. La comunidad educativa ha iniciado una campa\u00f1a de recolecci\u00f3n de firmas para respaldar el pedido [&hellip;]<\/p>\n","protected":false},"author":8,"featured_media":9865,"comment_status":"open","ping_status":"open","sticky":false,"template":"","format":"standard","meta":{"_monsterinsights_skip_tracking":false,"_monsterinsights_sitenote_active":false,"_monsterinsights_sitenote_note":"","_monsterinsights_sitenote_category":0,"footnotes":""},"categories":[2,16],"tags":[686,100],"class_list":["post-9864","post","type-post","status-publish","format-standard","has-post-thumbnail","hentry","category-cultura","category-noticias","tag-colegio","tag-municipio-de-campo-quijano"],"yoast_head":"<!-- This site is optimized with the Yoast SEO plugin v20.8 - https:\/\/yoast.com\/wordpress\/plugins\/seo\/ -->\n<title>Padres del Colegio Usandivaras solicitan que Lenguas Extranjeras sea solo Ingl\u00e9s - RQ 99.9<\/title>\n<meta name=\"description\" content=\"Seg\u00fan informaci\u00f3n, la entrega oficial del documento se realizar\u00e1 el jueves 13 de marzo a las 7 de la ma\u00f1ana en el Ministerio de Educaci\u00f3n.\" \/>\n<meta name=\"robots\" content=\"index, follow, max-snippet:-1, max-image-preview:large, max-video-preview:-1\" \/>\n<link rel=\"canonical\" href=\"https:\/\/nahuelproducciones.com.ar\/radioquijano\/padres-del-colegio-usandivaras-solicitan-que-lenguas-extranjeras-sea-solo-ingles\/\" \/>\n<meta property=\"og:locale\" content=\"es_ES\" \/>\n<meta property=\"og:type\" content=\"article\" \/>\n<meta property=\"og:title\" content=\"Padres del Colegio Usandivaras solicitan que Lenguas Extranjeras sea solo Ingl\u00e9s - RQ 99.9\" \/>\n<meta property=\"og:description\" content=\"Seg\u00fan informaci\u00f3n, la entrega oficial del documento se realizar\u00e1 el jueves 13 de marzo a las 7 de la ma\u00f1ana en el Ministerio de Educaci\u00f3n.\" \/>\n<meta property=\"og:url\" content=\"https:\/\/nahuelproducciones.com.ar\/radioquijano\/padres-del-colegio-usandivaras-solicitan-que-lenguas-extranjeras-sea-solo-ingles\/\" \/>\n<meta property=\"og:site_name\" content=\"RQ 99.9\" \/>\n<meta property=\"article:publisher\" content=\"https:\/\/www.facebook.com\/nahuelproducciones999\/\" \/>\n<meta property=\"article:published_time\" content=\"2025-03-13T04:52:51+00:00\" \/>\n<meta property=\"article:modified_time\" content=\"2025-03-13T13:47:35+00:00\" \/>\n<meta property=\"og:image\" content=\"https:\/\/nahuelproducciones.com.ar\/radioquijano\/wp-content\/uploads\/2025\/03\/Diseno-sin-titulo.png\" \/>\n\t<meta property=\"og:image:width\" content=\"1240\" \/>\n\t<meta property=\"og:image:height\" content=\"1748\" \/>\n\t<meta property=\"og:image:type\" content=\"image\/png\" \/>\n<meta name=\"author\" content=\"Cecilia Pastrana\" \/>\n<meta name=\"twitter:card\" content=\"summary_large_image\" \/>\n<meta name=\"twitter:creator\" content=\"@nahuproduciones\" \/>\n<meta name=\"twitter:site\" content=\"@nahuproduciones\" \/>\n<meta name=\"twitter:label1\" content=\"Escrito por\" \/>\n\t<meta name=\"twitter:data1\" content=\"Cecilia Pastrana\" \/>\n\t<meta name=\"twitter:label2\" content=\"Tiempo de lectura\" \/>\n\t<meta name=\"twitter:data2\" content=\"1 minuto\" \/>\n<script type=\"application\/ld+json\" class=\"yoast-schema-graph\">{\"@context\":\"https:\/\/schema.org\",\"@graph\":[{\"@type\":\"WebPage\",\"@id\":\"https:\/\/nahuelproducciones.com.ar\/radioquijano\/padres-del-colegio-usandivaras-solicitan-que-lenguas-extranjeras-sea-solo-ingles\/\",\"url\":\"https:\/\/nahuelproducciones.com.ar\/radioquijano\/padres-del-colegio-usandivaras-solicitan-que-lenguas-extranjeras-sea-solo-ingles\/\",\"name\":\"Padres del Colegio Usandivaras solicitan que Lenguas Extranjeras sea solo Ingl\u00e9s - RQ 99.9\",\"isPartOf\":{\"@id\":\"https:\/\/nahuelproducciones.com.ar\/radioquijano\/#website\"},\"datePublished\":\"2025-03-13T04:52:51+00:00\",\"dateModified\":\"2025-03-13T13:47:35+00:00\",\"author\":{\"@id\":\"https:\/\/nahuelproducciones.com.ar\/radioquijano\/#\/schema\/person\/e8a4f939e2cb487fe6d0c54042c9d32c\"},\"description\":\"Seg\u00fan informaci\u00f3n, la entrega oficial del documento se realizar\u00e1 el jueves 13 de marzo a las 7 de la ma\u00f1ana en el Ministerio de Educaci\u00f3n.\",\"breadcrumb\":{\"@id\":\"https:\/\/nahuelproducciones.com.ar\/radioquijano\/padres-del-colegio-usandivaras-solicitan-que-lenguas-extranjeras-sea-solo-ingles\/#breadcrumb\"},\"inLanguage\":\"es\",\"potentialAction\":[{\"@type\":\"ReadAction\",\"target\":[\"https:\/\/nahuelproducciones.com.ar\/radioquijano\/padres-del-colegio-usandivaras-solicitan-que-lenguas-extranjeras-sea-solo-ingles\/\"]}]},{\"@type\":\"BreadcrumbList\",\"@id\":\"https:\/\/nahuelproducciones.com.ar\/radioquijano\/padres-del-colegio-usandivaras-solicitan-que-lenguas-extranjeras-sea-solo-ingles\/#breadcrumb\",\"itemListElement\":[{\"@type\":\"ListItem\",\"position\":1,\"name\":\"Portada\",\"item\":\"https:\/\/nahuelproducciones.com.ar\/radioquijano\/\"},{\"@type\":\"ListItem\",\"position\":2,\"name\":\"Padres del Colegio Usandivaras solicitan que Lenguas Extranjeras sea solo Ingl\u00e9s\"}]},{\"@type\":\"WebSite\",\"@id\":\"https:\/\/nahuelproducciones.com.ar\/radioquijano\/#website\",\"url\":\"https:\/\/nahuelproducciones.com.ar\/radioquijano\/\",\"name\":\"RQ 99.9\",\"description\":\"Radio Quijano 99.9 MHz\",\"potentialAction\":[{\"@type\":\"SearchAction\",\"target\":{\"@type\":\"EntryPoint\",\"urlTemplate\":\"https:\/\/nahuelproducciones.com.ar\/radioquijano\/?s={search_term_string}\"},\"query-input\":\"required name=search_term_string\"}],\"inLanguage\":\"es\"},{\"@type\":\"Person\",\"@id\":\"https:\/\/nahuelproducciones.com.ar\/radioquijano\/#\/schema\/person\/e8a4f939e2cb487fe6d0c54042c9d32c\",\"name\":\"Cecilia Pastrana\",\"image\":{\"@type\":\"ImageObject\",\"inLanguage\":\"es\",\"@id\":\"https:\/\/nahuelproducciones.com.ar\/radioquijano\/#\/schema\/person\/image\/\",\"url\":\"https:\/\/secure.gravatar.com\/avatar\/661a3ef63a8488d4f2794ed44af8cf71420f7e106f3072c40125114df5157749?s=96&d=mm&r=g\",\"contentUrl\":\"https:\/\/secure.gravatar.com\/avatar\/661a3ef63a8488d4f2794ed44af8cf71420f7e106f3072c40125114df5157749?s=96&d=mm&r=g\",\"caption\":\"Cecilia Pastrana\"},\"sameAs\":[\"cecy\"],\"url\":\"https:\/\/nahuelproducciones.com.ar\/radioquijano\/author\/cecy\/\"}]}<\/script>\n<!-- \/ Yoast SEO plugin. -->","yoast_head_json":{"title":"Padres del Colegio Usandivaras solicitan que Lenguas Extranjeras sea solo Ingl\u00e9s - RQ 99.9","description":"Seg\u00fan informaci\u00f3n, la entrega oficial del documento se realizar\u00e1 el jueves 13 de marzo a las 7 de la ma\u00f1ana en el Ministerio de Educaci\u00f3n.","robots":{"index":"index","follow":"follow","max-snippet":"max-snippet:-1","max-image-preview":"max-image-preview:large","max-video-preview":"max-video-preview:-1"},"canonical":"https:\/\/nahuelproducciones.com.ar\/radioquijano\/padres-del-colegio-usandivaras-solicitan-que-lenguas-extranjeras-sea-solo-ingles\/","og_locale":"es_ES","og_type":"article","og_title":"Padres del Colegio Usandivaras solicitan que Lenguas Extranjeras sea solo Ingl\u00e9s - RQ 99.9","og_description":"Seg\u00fan informaci\u00f3n, la entrega oficial del documento se realizar\u00e1 el jueves 13 de marzo a las 7 de la ma\u00f1ana en el Ministerio de Educaci\u00f3n.","og_url":"https:\/\/nahuelproducciones.com.ar\/radioquijano\/padres-del-colegio-usandivaras-solicitan-que-lenguas-extranjeras-sea-solo-ingles\/","og_site_name":"RQ 99.9","article_publisher":"https:\/\/www.facebook.com\/nahuelproducciones999\/","article_published_time":"2025-03-13T04:52:51+00:00","article_modified_time":"2025-03-13T13:47:35+00:00","og_image":[{"width":1240,"height":1748,"url":"https:\/\/nahuelproducciones.com.ar\/radioquijano\/wp-content\/uploads\/2025\/03\/Diseno-sin-titulo.png","type":"image\/png"}],"author":"Cecilia Pastrana","twitter_card":"summary_large_image","twitter_creator":"@nahuproduciones","twitter_site":"@nahuproduciones","twitter_misc":{"Escrito por":"Cecilia Pastrana","Tiempo de lectura":"1 minuto"},"schema":{"@context":"https:\/\/schema.org","@graph":[{"@type":"WebPage","@id":"https:\/\/nahuelproducciones.com.ar\/radioquijano\/padres-del-colegio-usandivaras-solicitan-que-lenguas-extranjeras-sea-solo-ingles\/","url":"https:\/\/nahuelproducciones.com.ar\/radioquijano\/padres-del-colegio-usandivaras-solicitan-que-lenguas-extranjeras-sea-solo-ingles\/","name":"Padres del Colegio Usandivaras solicitan que Lenguas Extranjeras sea solo Ingl\u00e9s - RQ 99.9","isPartOf":{"@id":"https:\/\/nahuelproducciones.com.ar\/radioquijano\/#website"},"datePublished":"2025-03-13T04:52:51+00:00","dateModified":"2025-03-13T13:47:35+00:00","author":{"@id":"https:\/\/nahuelproducciones.com.ar\/radioquijano\/#\/schema\/person\/e8a4f939e2cb487fe6d0c54042c9d32c"},"description":"Seg\u00fan informaci\u00f3n, la entrega oficial del documento se realizar\u00e1 el jueves 13 de marzo a las 7 de la ma\u00f1ana en el Ministerio de Educaci\u00f3n.","breadcrumb":{"@id":"https:\/\/nahuelproducciones.com.ar\/radioquijano\/padres-del-colegio-usandivaras-solicitan-que-lenguas-extranjeras-sea-solo-ingles\/#breadcrumb"},"inLanguage":"es","potentialAction":[{"@type":"ReadAction","target":["https:\/\/nahuelproducciones.com.ar\/radioquijano\/padres-del-colegio-usandivaras-solicitan-que-lenguas-extranjeras-sea-solo-ingles\/"]}]},{"@type":"BreadcrumbList","@id":"https:\/\/nahuelproducciones.com.ar\/radioquijano\/padres-del-colegio-usandivaras-solicitan-que-lenguas-extranjeras-sea-solo-ingles\/#breadcrumb","itemListElement":[{"@type":"ListItem","position":1,"name":"Portada","item":"https:\/\/nahuelproducciones.com.ar\/radioquijano\/"},{"@type":"ListItem","position":2,"name":"Padres del Colegio Usandivaras solicitan que Lenguas Extranjeras sea solo Ingl\u00e9s"}]},{"@type":"WebSite","@id":"https:\/\/nahuelproducciones.com.ar\/radioquijano\/#website","url":"https:\/\/nahuelproducciones.com.ar\/radioquijano\/","name":"RQ 99.9","description":"Radio Quijano 99.9 MHz","potentialAction":[{"@type":"SearchAction","target":{"@type":"EntryPoint","urlTemplate":"https:\/\/nahuelproducciones.com.ar\/radioquijano\/?s={search_term_string}"},"query-input":"required name=search_term_string"}],"inLanguage":"es"},{"@type":"Person","@id":"https:\/\/nahuelproducciones.com.ar\/radioquijano\/#\/schema\/person\/e8a4f939e2cb487fe6d0c54042c9d32c","name":"Cecilia Pastrana","image":{"@type":"ImageObject","inLanguage":"es","@id":"https:\/\/nahuelproducciones.com.ar\/radioquijano\/#\/schema\/person\/image\/","url":"https:\/\/secure.gravatar.com\/avatar\/661a3ef63a8488d4f2794ed44af8cf71420f7e106f3072c40125114df5157749?s=96&d=mm&r=g","contentUrl":"https:\/\/secure.gravatar.com\/avatar\/661a3ef63a8488d4f2794ed44af8cf71420f7e106f3072c40125114df5157749?s=96&d=mm&r=g","caption":"Cecilia Pastrana"},"sameAs":["cecy"],"url":"https:\/\/nahuelproducciones.com.ar\/radioquijano\/author\/cecy\/"}]}},"_links":{"self":[{"href":"https:\/\/nahuelproducciones.com.ar\/radioquijano\/wp-json\/wp\/v2\/posts\/9864","targetHints":{"allow":["GET"]}}],"collection":[{"href":"https:\/\/nahuelproducciones.com.ar\/radioquijano\/wp-json\/wp\/v2\/posts"}],"about":[{"href":"https:\/\/nahuelproducciones.com.ar\/radioquijano\/wp-json\/wp\/v2\/types\/post"}],"author":[{"embeddable":true,"href":"https:\/\/nahuelproducciones.com.ar\/radioquijano\/wp-json\/wp\/v2\/users\/8"}],"replies":[{"embeddable":true,"href":"https:\/\/nahuelproducciones.com.ar\/radioquijano\/wp-json\/wp\/v2\/comments?post=9864"}],"version-history":[{"count":2,"href":"https:\/\/nahuelproducciones.com.ar\/radioquijano\/wp-json\/wp\/v2\/posts\/9864\/revisions"}],"predecessor-version":[{"id":9870,"href":"https:\/\/nahuelproducciones.com.ar\/radioquijano\/wp-json\/wp\/v2\/posts\/9864\/revisions\/9870"}],"wp:featuredmedia":[{"embeddable":true,"href":"https:\/\/nahuelproducciones.com.ar\/radioquijano\/wp-json\/wp\/v2\/media\/9865"}],"wp:attachment":[{"href":"https:\/\/nahuelproducciones.com.ar\/radioquijano\/wp-json\/wp\/v2\/media?parent=9864"}],"wp:term":[{"taxonomy":"category","embeddable":true,"href":"https:\/\/nahuelproducciones.com.ar\/radioquijano\/wp-json\/wp\/v2\/categories?post=9864"},{"taxonomy":"post_tag","embeddable":true,"href":"https:\/\/nahuelproducciones.com.ar\/radioquijano\/wp-json\/wp\/v2\/tags?post=9864"}],"curies":[{"name":"wp","href":"https:\/\/api.w.org\/{rel}","templated":true}]}}